{"id":2769,"date":"2019-04-29T11:44:30","date_gmt":"2019-04-29T09:44:30","guid":{"rendered":"http:\/\/cepronda.com\/blog\/?p=2769"},"modified":"2019-04-29T11:44:38","modified_gmt":"2019-04-29T09:44:38","slug":"vi-jornadas-de-divulgacion-cientifica-diego-perez-de-mesa-50-aniversario-de-la-llegada-del-ser-humano-a-la-luna","status":"publish","type":"post","link":"https:\/\/cepronda.com\/blog\/vi-jornadas-de-divulgacion-cientifica-diego-perez-de-mesa-50-aniversario-de-la-llegada-del-ser-humano-a-la-luna\/","title":{"rendered":"VI JORNADAS DE DIVULGACI\u00d3N CIENT\u00cdFICA \u00bbDIEGO P\u00c9REZ DE MESA\u00bb: 50 ANIVERSARIO DE LA LLEGADA DEL SER HUMANO A LA LUNA."},"content":{"rendered":"\n<p class=\"wp-block-paragraph\">Como ya va siendo habitual, junto con la llegada del calor y el buen tiempo aparecen en escena las VI Jornada de divulgaci\u00f3n cient\u00edfica Diego P\u00e9rez de Mesa. En esta ocasi\u00f3n est\u00e1n muy relacionadas con el aniversario de la llegada del ser humano a la Luna.<\/p>\n\n\n\n<p class=\"wp-block-paragraph\"> <br>El contenido de estas jornadas comprende tres sesiones con una serie de conferencias relacionadas con la divulgaci\u00f3n cient\u00edfica, especialmente relacionadas con el quincuag\u00e9simo aniversario de la llegada del ser humano a la Luna. El programa es el siguiente: <\/p>\n\n\n\n<p class=\"wp-block-paragraph\"><strong>Martes 14 de mayo de 2019<\/strong>: &#8211; 17:00 h a 18:30 h: La Tabla Peri\u00f3dica: unos elementos de cuidado (Ponente: D\u00aa Mar\u00eda Rosa L\u00f3pez Ram\u00edrez; Profesora Titular del Departamento de Qu\u00edmica F\u00edsica de la Universidad de M\u00e1laga):  &#8211; 18:30 h a 20:00 h: La Luna: origen, geolog\u00eda y habitabilidad humana: (Ponente D. Jes\u00fas Mart\u00ednez Fr\u00edas; Doctor en Ciencias Geol\u00f3gicas investigador del Instituto de Geociencias, CSIC y Universidad Complutense de Madrid) <\/p>\n\n\n\n<p class=\"wp-block-paragraph\"><strong>Jueves 23 de mayo de 2019<\/strong>: &#8211; 17:00 h a 18:30 h: La conspiraci\u00f3n lunar (Ponente: D. Jos\u00e9 Antonio Jim\u00e9nez Jim\u00e9nez. Astrolab) &#8211; V\u00eddeoconferencia con D. Juan Antonio P\u00e9rez Mercader (Fundador) &#8211; Proyecci\u00f3n de un documental  <\/p>\n\n\n\n<p class=\"wp-block-paragraph\"><strong>Martes 28 de mayo de 2019<\/strong>: &#8211; 17:00 h a 18:30 h: Pasado, presente y futuro de la exploraci\u00f3n lunar (Ponente: D. \u00d3scar Augusto Rodr\u00edguez Baquero; Proyecto Museo Espa\u00f1ol del Espacio) &#8211; 18:30 h a 20:00 h: El Programa Apollo de NASA: experiencias y logros (D. Valeriano Claros Guerra; Ingeniero Superior de Telecomunicaciones. Acad\u00e9mico de la Real Academia Hispano Americana (RAHA) de Ciencias, Artes y Letras.   <\/p>\n\n\n\n<p class=\"wp-block-paragraph\">Os dejamos con el <a href=\"https:\/\/www.juntadeandalucia.es\/educacion\/secretariavirtual\/consultaCEP\/actividad\/192924GE038\/\" target=\"_blank\" rel=\"noreferrer noopener\" aria-label=\"enlace a la actividad (opens in a new tab)\">enlace a la actividad<\/a> por si quer\u00e9is ver los detalles de la misma, as\u00ed como inscribiros. Adem\u00e1s deciros que todas estas conferencias se encuentran abiertas al p\u00fablico en general, as\u00ed que no dud\u00e9is en compartirlas con todas aquellas personas que cre\u00e1is puedan estar interesadas.  <\/p>\n\n\n\n<figure class=\"wp-block-image\"><a href=\"https:\/\/www.juntadeandalucia.es\/educacion\/secretariavirtual\/consultaCEP\/actividad\/192924GE038\/\" target=\"_blank\" rel=\"noreferrer noopener\"><img loading=\"lazy\" decoding=\"async\" width=\"2454\" height=\"3503\" src=\"https:\/\/i0.wp.com\/cepronda.com\/blog\/wp-content\/uploads\/2019\/04\/50-a\u00f1os-luna-Humano-logos-1.jpg?fit=717%2C1024\" alt=\"\" class=\"wp-image-2770\" srcset=\"https:\/\/i0.wp.com\/cepronda.com\/blog\/wp-content\/uploads\/2019\/04\/50-a%C3%B1os-luna-Humano-logos-1.jpg?w=2454&amp;ssl=1 2454w, https:\/\/i0.wp.com\/cepronda.com\/blog\/wp-content\/uploads\/2019\/04\/50-a%C3%B1os-luna-Humano-logos-1.jpg?resize=210%2C300&amp;ssl=1 210w, https:\/\/i0.wp.com\/cepronda.com\/blog\/wp-content\/uploads\/2019\/04\/50-a%C3%B1os-luna-Humano-logos-1.jpg?resize=768%2C1096&amp;ssl=1 768w, https:\/\/i0.wp.com\/cepronda.com\/blog\/wp-content\/uploads\/2019\/04\/50-a%C3%B1os-luna-Humano-logos-1.jpg?resize=717%2C1024&amp;ssl=1 717w, https:\/\/i0.wp.com\/cepronda.com\/blog\/wp-content\/uploads\/2019\/04\/50-a%C3%B1os-luna-Humano-logos-1.jpg?w=2340&amp;ssl=1 2340w\" sizes=\"auto, (max-width: 1170px) 100vw, 1170px\" \/><\/a><\/figure>\n","protected":false},"excerpt":{"rendered":"<p>Como ya va siendo habitual, junto con la llegada del calor y el buen tiempo aparecen en escena las VI Jornada de divulgaci\u00f3n cient\u00edfica Diego P\u00e9rez de Mesa. En esta ocasi\u00f3n est\u00e1n muy relacionadas con el aniversario de la llegada del ser humano a la Luna. El contenido de estas jornadas comprende tres sesiones con [&hellip;]<\/p>\n","protected":false},"author":3,"featured_media":2770,"comment_status":"open","ping_status":"open","sticky":false,"template":"","format":"standard","meta":{"_crdt_document":"","advanced_seo_description":"","jetpack_seo_html_title":"","jetpack_seo_noindex":false,"jetpack_post_was_ever_published":false,"_jetpack_newsletter_access":"","_jetpack_dont_email_post_to_subs":false,"_jetpack_newsletter_tier_id":0,"_jetpack_memberships_contains_paywalled_content":false,"_jetpack_memberships_contains_paid_content":false,"footnotes":"","jetpack_publicize_message":"","jetpack_publicize_feature_enabled":true,"jetpack_social_post_already_shared":true,"jetpack_social_options":{"image_generator_settings":{"template":"highway","default_image_id":0,"font":"","enabled":false},"version":2}},"categories":[3],"tags":[149,162],"class_list":{"0":"post-2769","1":"post","2":"type-post","3":"status-publish","4":"format-standard","5":"has-post-thumbnail","7":"category-formaciones","8":"tag-astronomia","9":"tag-ciencia","10":"czr-hentry"},"jetpack_publicize_connections":[],"jetpack_featured_media_url":"https:\/\/i0.wp.com\/cepronda.com\/blog\/wp-content\/uploads\/2019\/04\/50-a%C3%B1os-luna-Humano-logos-1.jpg?fit=2454%2C3503&ssl=1","jetpack_shortlink":"https:\/\/wp.me\/p8M4X7-IF","jetpack-related-posts":[{"id":7324,"url":"https:\/\/cepronda.com\/blog\/vii-jornadas-de-divulgacion-cientifica-diego-perez-de-mesa-la-ciencia-no-entiende-de-genero-2\/","url_meta":{"origin":2769,"position":0},"title":"VII JORNADAS DE DIVULGACI\u00d3N CIENT\u00cdFICA \u00bbDIEGO P\u00c9REZ DE MESA\u00bb. LA CIENCIA NO ENTIENDE DE G\u00c9NERO","author":"Mamen Moreno","date":"11 enero, 2024","format":false,"excerpt":"Se encuentra abierto el plazo de inscripci\u00f3n de las VII JORNADAS DE DIVULGACI\u00d3N CIENT\u00cdFICA ''DIEGO P\u00c9REZ DE MESA'' con c\u00f3digo 242924GE030. En esta ocasi\u00f3n relacionadas con la Ciencia no entiende de g\u00e9nero. El contenido de estas jornadas comprende tres sesiones con una serie de conferencias relacionadas con la divulgaci\u00f3n cient\u00edfica,\u2026","rel":"","context":"En \u00abFormaciones\u00bb","block_context":{"text":"Formaciones","link":"https:\/\/cepronda.com\/blog\/category\/formaciones\/"},"img":{"alt_text":"","src":"https:\/\/i0.wp.com\/cepronda.com\/blog\/wp-content\/uploads\/2024\/01\/Poster-Contratacion-de-la-Universidad-Foto-en-Escala-de-Grises-y-Azul.png?fit=848%2C1200&ssl=1&resize=350%2C200","width":350,"height":200,"srcset":"https:\/\/i0.wp.com\/cepronda.com\/blog\/wp-content\/uploads\/2024\/01\/Poster-Contratacion-de-la-Universidad-Foto-en-Escala-de-Grises-y-Azul.png?fit=848%2C1200&ssl=1&resize=350%2C200 1x, https:\/\/i0.wp.com\/cepronda.com\/blog\/wp-content\/uploads\/2024\/01\/Poster-Contratacion-de-la-Universidad-Foto-en-Escala-de-Grises-y-Azul.png?fit=848%2C1200&ssl=1&resize=525%2C300 1.5x, https:\/\/i0.wp.com\/cepronda.com\/blog\/wp-content\/uploads\/2024\/01\/Poster-Contratacion-de-la-Universidad-Foto-en-Escala-de-Grises-y-Azul.png?fit=848%2C1200&ssl=1&resize=700%2C400 2x"},"classes":[]},{"id":5940,"url":"https:\/\/cepronda.com\/blog\/vii-jornadas-de-divulgacion-cientifica-diego-perez-de-mesa-la-ciencia-no-entiende-de-genero\/","url_meta":{"origin":2769,"position":1},"title":"VII JORNADAS DE DIVULGACI\u00d3N CIENT\u00cdFICA \u00bbDIEGO P\u00c9REZ DE MESA\u00bb. LA CIENCIA NO ENTIENDE DE G\u00c9NERO","author":"Mamen Moreno","date":"18 abril, 2023","format":false,"excerpt":"Volvemos a retomar para el mes de mayo con las VII Jornadas de Divulgaci\u00f3n Cient\u00edfica Diego P\u00e9rez de Mesa. En esta ocasi\u00f3n relacionadas con la Ciencia no entiende g\u00e9nero. El contenido de estas jornadas comprende tres sesiones con una serie de conferencias relacionadas con la divulgaci\u00f3n cient\u00edfica: Jueves 4 de\u2026","rel":"","context":"En \u00abFormaciones\u00bb","block_context":{"text":"Formaciones","link":"https:\/\/cepronda.com\/blog\/category\/formaciones\/"},"img":{"alt_text":"","src":"https:\/\/i0.wp.com\/cepronda.com\/blog\/wp-content\/uploads\/2023\/04\/CARTEL-JORNADAS-DE-DIVULGACION-CIENTIFICA.jpg?fit=848%2C1200&ssl=1&resize=350%2C200","width":350,"height":200,"srcset":"https:\/\/i0.wp.com\/cepronda.com\/blog\/wp-content\/uploads\/2023\/04\/CARTEL-JORNADAS-DE-DIVULGACION-CIENTIFICA.jpg?fit=848%2C1200&ssl=1&resize=350%2C200 1x, https:\/\/i0.wp.com\/cepronda.com\/blog\/wp-content\/uploads\/2023\/04\/CARTEL-JORNADAS-DE-DIVULGACION-CIENTIFICA.jpg?fit=848%2C1200&ssl=1&resize=525%2C300 1.5x, https:\/\/i0.wp.com\/cepronda.com\/blog\/wp-content\/uploads\/2023\/04\/CARTEL-JORNADAS-DE-DIVULGACION-CIENTIFICA.jpg?fit=848%2C1200&ssl=1&resize=700%2C400 2x"},"classes":[]},{"id":822,"url":"https:\/\/cepronda.com\/blog\/iv-ciclo-de-conferencias-de-divulgacion-cientifica-diego-perez-de-mesa\/","url_meta":{"origin":2769,"position":2},"title":"IV CICLO DE CONFERENCIAS DE DIVULGACI\u00d3N CIENT\u00cdFICA \u00bbDIEGO P\u00c9REZ DE MESA\u00bb","author":"V\u00edctor Caballero","date":"12 mayo, 2017","format":false,"excerpt":"Muy buenas, \u00a1Terminamos la semana con energ\u00eda! A partir de hoy pod\u00e9is inscribiros en las jornadas de divulgaci\u00f3n cient\u00edfica que tendr\u00e1n lugar los pr\u00f3ximos 17 y 18 de mayo en la biblioteca del CEP de Ronda.\u00a0Con estas conferencias pretendemos dar un paso m\u00e1s en la divulgaci\u00f3n de la ciencia, aprovechando\u2026","rel":"","context":"En \u00abNoticias\u00bb","block_context":{"text":"Noticias","link":"https:\/\/cepronda.com\/blog\/category\/noticias\/"},"img":{"alt_text":"","src":"https:\/\/i0.wp.com\/cepronda.com\/blog\/wp-content\/uploads\/2017\/05\/beakers-309864_640.png?fit=607%2C640&ssl=1&resize=350%2C200","width":350,"height":200,"srcset":"https:\/\/i0.wp.com\/cepronda.com\/blog\/wp-content\/uploads\/2017\/05\/beakers-309864_640.png?fit=607%2C640&ssl=1&resize=350%2C200 1x, https:\/\/i0.wp.com\/cepronda.com\/blog\/wp-content\/uploads\/2017\/05\/beakers-309864_640.png?fit=607%2C640&ssl=1&resize=525%2C300 1.5x"},"classes":[]},{"id":1688,"url":"https:\/\/cepronda.com\/blog\/v-jornadas-de-divulgacion-cientifica-diego-perez-de-mesa\/","url_meta":{"origin":2769,"position":3},"title":"V Jornadas de divulgaci\u00f3n cient\u00edfica \u00abDiego P\u00e9rez de Mesa\u00bb","author":"V\u00edctor Caballero","date":"13 abril, 2018","format":false,"excerpt":"Muy buenas, Como se viene haciendo en los \u00faltimos a\u00f1os desde el CEP de Ronda, en colaboraci\u00f3n con la Asociaci\u00f3n Astron\u00f3mica Abb\u00e1s Ibn Firn\u00e1s, se han preparado las V Jornadas de Divulgaci\u00f3n Cient\u00edfica \"Diego P\u00e9rez de Mesa\". Este a\u00f1o se ha cambiado un poco el formato de las mismas, y\u2026","rel":"","context":"En \u00abNoticias\u00bb","block_context":{"text":"Noticias","link":"https:\/\/cepronda.com\/blog\/category\/noticias\/"},"img":{"alt_text":"","src":"https:\/\/i0.wp.com\/cepronda.com\/blog\/wp-content\/uploads\/2018\/04\/jornadas_ciencias.png?fit=1200%2C347&ssl=1&resize=350%2C200","width":350,"height":200,"srcset":"https:\/\/i0.wp.com\/cepronda.com\/blog\/wp-content\/uploads\/2018\/04\/jornadas_ciencias.png?fit=1200%2C347&ssl=1&resize=350%2C200 1x, https:\/\/i0.wp.com\/cepronda.com\/blog\/wp-content\/uploads\/2018\/04\/jornadas_ciencias.png?fit=1200%2C347&ssl=1&resize=525%2C300 1.5x, https:\/\/i0.wp.com\/cepronda.com\/blog\/wp-content\/uploads\/2018\/04\/jornadas_ciencias.png?fit=1200%2C347&ssl=1&resize=700%2C400 2x, https:\/\/i0.wp.com\/cepronda.com\/blog\/wp-content\/uploads\/2018\/04\/jornadas_ciencias.png?fit=1200%2C347&ssl=1&resize=1050%2C600 3x"},"classes":[]},{"id":5410,"url":"https:\/\/cepronda.com\/blog\/curso-el-museo-unicaja-joaquin-peinado-en-su-xx-aniversario-undecimo-curso-de-formacion\/","url_meta":{"origin":2769,"position":4},"title":"CURSO: EL MUSEO UNICAJA JOAQU\u00cdN PEINADO EN SU XX ANIVERSARIO. UND\u00c9CIMO CURSO DE FORMACI\u00d3N","author":"Antonio Montes","date":"8 septiembre, 2022","format":false,"excerpt":"Os informamos que se ha abierto el plazo de inscripci\u00f3n en el curso: EL MUSEO UNICAJA JOAQU\u00cdN PEINADO EN SU XX ANIVERSARIO. UND\u00c9CIMO CURSO DE FORMACI\u00d3N (C\u00f3digo: 232924GE004) Fechas de realizaci\u00f3n: del 20 de septiembre al 6 de octubre del 2022, en horario de 18:30 h a 20:00 h. Todas\u2026","rel":"","context":"En \u00abFormaciones\u00bb","block_context":{"text":"Formaciones","link":"https:\/\/cepronda.com\/blog\/category\/formaciones\/"},"img":{"alt_text":"","src":"https:\/\/i0.wp.com\/cepronda.com\/blog\/wp-content\/uploads\/2022\/09\/232924GE004-MUSEO-JOAQUIN-PEINADO.png?fit=848%2C1200&ssl=1&resize=350%2C200","width":350,"height":200,"srcset":"https:\/\/i0.wp.com\/cepronda.com\/blog\/wp-content\/uploads\/2022\/09\/232924GE004-MUSEO-JOAQUIN-PEINADO.png?fit=848%2C1200&ssl=1&resize=350%2C200 1x, https:\/\/i0.wp.com\/cepronda.com\/blog\/wp-content\/uploads\/2022\/09\/232924GE004-MUSEO-JOAQUIN-PEINADO.png?fit=848%2C1200&ssl=1&resize=525%2C300 1.5x, https:\/\/i0.wp.com\/cepronda.com\/blog\/wp-content\/uploads\/2022\/09\/232924GE004-MUSEO-JOAQUIN-PEINADO.png?fit=848%2C1200&ssl=1&resize=700%2C400 2x"},"classes":[]},{"id":8809,"url":"https:\/\/cepronda.com\/blog\/jornadas-pct-para-equipos-directivos\/","url_meta":{"origin":2769,"position":5},"title":"JORNADAS PCT PARA EQUIPOS DIRECTIVOS.","author":"Inmaculada Garc\u00eda","date":"18 septiembre, 2025","format":false,"excerpt":"Hoy participamos en una jornada \u00fanica donde hemos abordado la mejora de las competencias matem\u00e1tica y lectora de la mano de expertos de primer nivel. \u00a0 En la mesa inaugural han participado D\u00aa. Almudena Garc\u00eda Rosado(D.G. de Participaci\u00f3n e Inclusi\u00f3n Educativa), D. Manuel Jes\u00fas S\u00e1nchez Hermosilla (D.G. de Ordenaci\u00f3n y\u2026","rel":"","context":"En \u00abNoticias\u00bb","block_context":{"text":"Noticias","link":"https:\/\/cepronda.com\/blog\/category\/noticias\/"},"img":{"alt_text":"","src":"https:\/\/i0.wp.com\/cepronda.com\/blog\/wp-content\/uploads\/2025\/09\/WhatsApp-Image-2025-09-18-at-10.40.02.jpeg?fit=1200%2C900&ssl=1&resize=350%2C200","width":350,"height":200,"srcset":"https:\/\/i0.wp.com\/cepronda.com\/blog\/wp-content\/uploads\/2025\/09\/WhatsApp-Image-2025-09-18-at-10.40.02.jpeg?fit=1200%2C900&ssl=1&resize=350%2C200 1x, https:\/\/i0.wp.com\/cepronda.com\/blog\/wp-content\/uploads\/2025\/09\/WhatsApp-Image-2025-09-18-at-10.40.02.jpeg?fit=1200%2C900&ssl=1&resize=525%2C300 1.5x, https:\/\/i0.wp.com\/cepronda.com\/blog\/wp-content\/uploads\/2025\/09\/WhatsApp-Image-2025-09-18-at-10.40.02.jpeg?fit=1200%2C900&ssl=1&resize=700%2C400 2x, https:\/\/i0.wp.com\/cepronda.com\/blog\/wp-content\/uploads\/2025\/09\/WhatsApp-Image-2025-09-18-at-10.40.02.jpeg?fit=1200%2C900&ssl=1&resize=1050%2C600 3x"},"classes":[]}],"jetpack_sharing_enabled":true,"_links":{"self":[{"href":"https:\/\/cepronda.com\/blog\/wp-json\/wp\/v2\/posts\/2769","targetHints":{"allow":["GET"]}}],"collection":[{"href":"https:\/\/cepronda.com\/blog\/wp-json\/wp\/v2\/posts"}],"about":[{"href":"https:\/\/cepronda.com\/blog\/wp-json\/wp\/v2\/types\/post"}],"author":[{"embeddable":true,"href":"https:\/\/cepronda.com\/blog\/wp-json\/wp\/v2\/users\/3"}],"replies":[{"embeddable":true,"href":"https:\/\/cepronda.com\/blog\/wp-json\/wp\/v2\/comments?post=2769"}],"version-history":[{"count":1,"href":"https:\/\/cepronda.com\/blog\/wp-json\/wp\/v2\/posts\/2769\/revisions"}],"predecessor-version":[{"id":2771,"href":"https:\/\/cepronda.com\/blog\/wp-json\/wp\/v2\/posts\/2769\/revisions\/2771"}],"wp:featuredmedia":[{"embeddable":true,"href":"https:\/\/cepronda.com\/blog\/wp-json\/wp\/v2\/media\/2770"}],"wp:attachment":[{"href":"https:\/\/cepronda.com\/blog\/wp-json\/wp\/v2\/media?parent=2769"}],"wp:term":[{"taxonomy":"category","embeddable":true,"href":"https:\/\/cepronda.com\/blog\/wp-json\/wp\/v2\/categories?post=2769"},{"taxonomy":"post_tag","embeddable":true,"href":"https:\/\/cepronda.com\/blog\/wp-json\/wp\/v2\/tags?post=2769"}],"curies":[{"name":"wp","href":"https:\/\/api.w.org\/{rel}","templated":true}]}}