{"id":2764,"date":"2019-04-26T12:33:46","date_gmt":"2019-04-26T10:33:46","guid":{"rendered":"http:\/\/cepronda.com\/blog\/?p=2764"},"modified":"2019-04-26T23:14:45","modified_gmt":"2019-04-26T21:14:45","slug":"el-misterio-resuelto-en-el-ceip-virgen-de-la-cabeza","status":"publish","type":"post","link":"https:\/\/cepronda.com\/blog\/el-misterio-resuelto-en-el-ceip-virgen-de-la-cabeza\/","title":{"rendered":"El misterio resuelto en el CEIP Virgen de la Cabeza&#8230;"},"content":{"rendered":"\n<p class=\"wp-block-paragraph\">Comenz\u00f3 la ma\u00f1ana del jueves lluviosa, esa lluvia de Londres que moja sin mojar&#8230;preludio de los misterios a resolver por el alumnado del CEIP Virgen de la Cabeza y preparados con mucho trabajo y cari\u00f1o por el grupo de apoyo a la biblioteca del centro. <\/p>\n\n\n\n<p class=\"wp-block-paragraph\">Tuve la gran suerte de poder ver de primera mano los nervios, la emoci\u00f3n, y la ilusi\u00f3n tanto de alumnado como de profesorado, y fue muy gratificante. Desde el CEP queremos dar la enhorabuena a todo el profesorado del CEIP Virgen de la Cabeza, y muy especialmente al equipo de apoyo a la biblioteca,  Inma, Elena, To\u00f1i y Mar\u00eda Jos\u00e9, brutal vuestro trabajo y esfuerzo, todo nuestro reconocimiento&#8230;<\/p>\n\n\n\n<p class=\"wp-block-paragraph\">Os dejamos con algunas fotos y v\u00eddeos a la espera de que podamos ver el v\u00eddeo final de la actividad. <\/p>\n\n\n\n[ngg src=\u00bbgalleries\u00bb ids=\u00bb20&#8243; display=\u00bbbasic_slideshow\u00bb]\n\n\n\n<figure class=\"wp-block-embed-youtube wp-block-embed is-type-video is-provider-youtube wp-embed-aspect-16-9 wp-has-aspect-ratio\"><div class=\"wp-block-embed__wrapper\">\n<span class=\"embed-youtube\" style=\"text-align:center; display: block;\"><iframe loading=\"lazy\" class=\"youtube-player\" width=\"1170\" height=\"659\" src=\"https:\/\/www.youtube.com\/embed\/3T4qd5nz4J8?version=3&#038;rel=1&#038;showsearch=0&#038;showinfo=1&#038;iv_load_policy=1&#038;fs=1&#038;hl=es-ES&#038;autohide=2&#038;wmode=transparent\" allowfullscreen=\"true\" style=\"border:0;\" sandbox=\"allow-scripts allow-same-origin allow-popups allow-presentation allow-popups-to-escape-sandbox\"><\/iframe><\/span>\n<\/div><\/figure>\n\n\n\n<figure class=\"wp-block-embed-youtube wp-block-embed is-type-video is-provider-youtube wp-embed-aspect-16-9 wp-has-aspect-ratio\"><div class=\"wp-block-embed__wrapper\">\n<span class=\"embed-youtube\" style=\"text-align:center; display: block;\"><iframe loading=\"lazy\" class=\"youtube-player\" width=\"1170\" height=\"659\" src=\"https:\/\/www.youtube.com\/embed\/bRsUTSBdiX0?version=3&#038;rel=1&#038;showsearch=0&#038;showinfo=1&#038;iv_load_policy=1&#038;fs=1&#038;hl=es-ES&#038;autohide=2&#038;wmode=transparent\" allowfullscreen=\"true\" style=\"border:0;\" sandbox=\"allow-scripts allow-same-origin allow-popups allow-presentation allow-popups-to-escape-sandbox\"><\/iframe><\/span>\n<\/div><\/figure>\n","protected":false},"excerpt":{"rendered":"<p>Comenz\u00f3 la ma\u00f1ana del jueves lluviosa, esa lluvia de Londres que moja sin mojar&#8230;preludio de los misterios a resolver por el alumnado del CEIP Virgen de la Cabeza y preparados con mucho trabajo y cari\u00f1o por el grupo de apoyo a la biblioteca del centro. Tuve la gran suerte de poder ver de primera mano [&hellip;]<\/p>\n","protected":false},"author":3,"featured_media":2740,"comment_status":"open","ping_status":"open","sticky":false,"template":"","format":"standard","meta":{"_crdt_document":"","advanced_seo_description":"","jetpack_seo_html_title":"","jetpack_seo_noindex":false,"jetpack_post_was_ever_published":false,"_jetpack_newsletter_access":"","_jetpack_dont_email_post_to_subs":false,"_jetpack_newsletter_tier_id":0,"_jetpack_memberships_contains_paywalled_content":false,"_jetpack_memberships_contains_paid_content":false,"footnotes":"","jetpack_publicize_message":"","jetpack_publicize_feature_enabled":true,"jetpack_social_post_already_shared":true,"jetpack_social_options":{"image_generator_settings":{"template":"highway","default_image_id":0,"font":"","enabled":false},"version":2}},"categories":[5],"tags":[11,161,74],"class_list":{"0":"post-2764","1":"post","2":"type-post","3":"status-publish","4":"format-standard","5":"has-post-thumbnail","7":"category-noticias","8":"tag-biblioteca","9":"tag-escaperoom","10":"tag-lectura","11":"czr-hentry"},"jetpack_publicize_connections":[],"jetpack_featured_media_url":"https:\/\/i0.wp.com\/cepronda.com\/blog\/wp-content\/uploads\/2019\/04\/D%C3%ADa-del-libro-Virgen-de-la-Cabeza.jpeg?fit=1600%2C1200&ssl=1","jetpack_shortlink":"https:\/\/wp.me\/p8M4X7-IA","jetpack-related-posts":[{"id":1785,"url":"https:\/\/cepronda.com\/blog\/video-final-de-las-actividades-del-dia-del-libro-en-el-ceip-virgen-de-la-cabeza\/","url_meta":{"origin":2764,"position":0},"title":"V\u00eddeo final de las actividades del D\u00eda del Libro en el CEIP Virgen de la Cabeza","author":"V\u00edctor Caballero","date":"7 mayo, 2018","format":false,"excerpt":"Muy buenas,\u00a0 Como os cont\u00e1bamos hace un par de semanas en el CEIP Virgen de la Cabeza\u00a0 estaban realizando un trabajo magn\u00edfico entre el profesorado y el alumnado, tomando como eje el libro de \"La vuelta al mundo en 80 d\u00edas\". Me acaban de pasar el enlace al v\u00eddeo que\u2026","rel":"","context":"En \u00abNoticias\u00bb","block_context":{"text":"Noticias","link":"https:\/\/cepronda.com\/blog\/category\/noticias\/"},"img":{"alt_text":"","src":"https:\/\/i0.wp.com\/cepronda.com\/blog\/wp-content\/uploads\/2018\/04\/002Lisa-mascota-biblio7.jpg?fit=247%2C270&ssl=1&resize=350%2C200","width":350,"height":200},"classes":[]},{"id":2540,"url":"https:\/\/cepronda.com\/blog\/algunos-proyectos-del-ceip-virgen-de-la-cabeza\/","url_meta":{"origin":2764,"position":1},"title":"Algunos proyectos del CEIP Virgen de la Cabeza","author":"V\u00edctor Caballero","date":"14 diciembre, 2018","format":false,"excerpt":"Muy buenas familia, Una de las mayores recompensas que podemos tener de nuestras iniciativas formativas, es ver como va llegando a los centros y a su comunidad educativa lo trabajado en estas formaciones. El CEIP Virgen de la Cabeza se ha estado formando en este primer trimestre en el Aprendizaje\u2026","rel":"","context":"En \u00abNoticias\u00bb","block_context":{"text":"Noticias","link":"https:\/\/cepronda.com\/blog\/category\/noticias\/"},"img":{"alt_text":"","src":"https:\/\/i0.wp.com\/cepronda.com\/blog\/wp-content\/uploads\/2018\/09\/puzzle-210785_640.jpg?fit=640%2C480&ssl=1&resize=350%2C200","width":350,"height":200,"srcset":"https:\/\/i0.wp.com\/cepronda.com\/blog\/wp-content\/uploads\/2018\/09\/puzzle-210785_640.jpg?fit=640%2C480&ssl=1&resize=350%2C200 1x, https:\/\/i0.wp.com\/cepronda.com\/blog\/wp-content\/uploads\/2018\/09\/puzzle-210785_640.jpg?fit=640%2C480&ssl=1&resize=525%2C300 1.5x"},"classes":[]},{"id":2468,"url":"https:\/\/cepronda.com\/blog\/video-contra-la-violencia-de-genero-del-ceip-virgen-de-la-cabeza\/","url_meta":{"origin":2764,"position":2},"title":"V\u00eddeo contra la violencia de g\u00e9nero del CEIP Virgen de la Cabeza","author":"V\u00edctor Caballero","date":"26 noviembre, 2018","format":false,"excerpt":"\u00a1Hola! El viernes tarde recib\u00ed unos de esos regalos que te alegran la tarde. Y es que desde el CEIP Virgen de la Cabeza me hicieron llegar el v\u00eddeo que han preparado con su alumnado como reivindicaci\u00f3n en el 25 de noviembre. Os dejo que disfrut\u00e9is con \u00e9l, y desde\u2026","rel":"","context":"En \u00abNoticias\u00bb","block_context":{"text":"Noticias","link":"https:\/\/cepronda.com\/blog\/category\/noticias\/"},"img":{"alt_text":"","src":"https:\/\/i0.wp.com\/cepronda.com\/blog\/wp-content\/uploads\/2018\/11\/man-101001_1920.jpg?fit=1200%2C848&ssl=1&resize=350%2C200","width":350,"height":200,"srcset":"https:\/\/i0.wp.com\/cepronda.com\/blog\/wp-content\/uploads\/2018\/11\/man-101001_1920.jpg?fit=1200%2C848&ssl=1&resize=350%2C200 1x, https:\/\/i0.wp.com\/cepronda.com\/blog\/wp-content\/uploads\/2018\/11\/man-101001_1920.jpg?fit=1200%2C848&ssl=1&resize=525%2C300 1.5x, https:\/\/i0.wp.com\/cepronda.com\/blog\/wp-content\/uploads\/2018\/11\/man-101001_1920.jpg?fit=1200%2C848&ssl=1&resize=700%2C400 2x, https:\/\/i0.wp.com\/cepronda.com\/blog\/wp-content\/uploads\/2018\/11\/man-101001_1920.jpg?fit=1200%2C848&ssl=1&resize=1050%2C600 3x"},"classes":[]},{"id":1675,"url":"https:\/\/cepronda.com\/blog\/experiencia-del-ceip-virgen-de-la-cabeza\/","url_meta":{"origin":2764,"position":3},"title":"Experiencia del CEIP Virgen de la Cabeza","author":"V\u00edctor Caballero","date":"9 abril, 2018","format":false,"excerpt":"Hola familia, Desde el equipo de trabajo de la biblioteca del CEIP Virgen de la Cabeza quieren compartir con todos y todas nosotras el trabajo que han estado realizando en estas \u00faltimas semanas. Ya desde el curso pasado dieron un giro en el trabajo alrededor del d\u00eda de Andaluc\u00eda, y\u2026","rel":"","context":"En \u00abNoticias\u00bb","block_context":{"text":"Noticias","link":"https:\/\/cepronda.com\/blog\/category\/noticias\/"},"img":{"alt_text":"","src":"https:\/\/i0.wp.com\/cepronda.com\/blog\/wp-content\/uploads\/2018\/04\/Foto-de-Helena-Gonzalez-1-e1523264588222-283x300.jpg?resize=350%2C200","width":350,"height":200},"classes":[]},{"id":2550,"url":"https:\/\/cepronda.com\/blog\/trabajando-el-dia-de-la-lectura-en-nuestros-centros\/","url_meta":{"origin":2764,"position":4},"title":"Trabajando el d\u00eda de la lectura en nuestros centros","author":"V\u00edctor Caballero","date":"20 diciembre, 2018","format":false,"excerpt":"Muy buenas familia, nos est\u00e1n llegando algunos ejemplos de las actividades que hab\u00e9is trabajado en vuestros centros con motivo del D\u00eda de la Lectura. En este caso se trata de una actividad del CEIP Juan Mart\u00edn Pinz\u00f3n donde decidieron homenajear a las Misiones Pedag\u00f3gicas, y por otro lado el CEIP\u2026","rel":"","context":"En \u00abNoticias\u00bb","block_context":{"text":"Noticias","link":"https:\/\/cepronda.com\/blog\/category\/noticias\/"},"img":{"alt_text":"","src":"https:\/\/i0.wp.com\/cepronda.com\/blog\/wp-content\/uploads\/2018\/12\/girl-160172_1280.png?fit=600%2C1200&ssl=1&resize=350%2C200","width":350,"height":200,"srcset":"https:\/\/i0.wp.com\/cepronda.com\/blog\/wp-content\/uploads\/2018\/12\/girl-160172_1280.png?fit=600%2C1200&ssl=1&resize=350%2C200 1x, https:\/\/i0.wp.com\/cepronda.com\/blog\/wp-content\/uploads\/2018\/12\/girl-160172_1280.png?fit=600%2C1200&ssl=1&resize=525%2C300 1.5x"},"classes":[]},{"id":2130,"url":"https:\/\/cepronda.com\/blog\/el-dia-de-la-bicicleta-en-el-ceip-virgen-de-la-cabeza\/","url_meta":{"origin":2764,"position":5},"title":"El d\u00eda de la bicicleta en el CEIP Virgen de la Cabeza","author":"V\u00edctor Caballero","date":"11 junio, 2018","format":false,"excerpt":"Muy buenas,\u00a0 Os seguimos contando experiencias magn\u00edficas que est\u00e1is realizando. En este caso volvemos al CEIP Virgen de la Cabeza de Ronda, donde el pasado viernes d\u00eda 8 de junio pudieron disfrutar de su D\u00eda de la Bicicleta. Para ello prepararon actividades de Educaci\u00f3n Vial en un circuito dibujado en\u2026","rel":"","context":"En \u00abNoticias\u00bb","block_context":{"text":"Noticias","link":"https:\/\/cepronda.com\/blog\/category\/noticias\/"},"img":{"alt_text":"","src":"https:\/\/i0.wp.com\/cepronda.com\/blog\/wp-content\/uploads\/2018\/06\/IMG-20180611-WA0001.jpg?fit=1200%2C900&ssl=1&resize=350%2C200","width":350,"height":200,"srcset":"https:\/\/i0.wp.com\/cepronda.com\/blog\/wp-content\/uploads\/2018\/06\/IMG-20180611-WA0001.jpg?fit=1200%2C900&ssl=1&resize=350%2C200 1x, https:\/\/i0.wp.com\/cepronda.com\/blog\/wp-content\/uploads\/2018\/06\/IMG-20180611-WA0001.jpg?fit=1200%2C900&ssl=1&resize=525%2C300 1.5x, https:\/\/i0.wp.com\/cepronda.com\/blog\/wp-content\/uploads\/2018\/06\/IMG-20180611-WA0001.jpg?fit=1200%2C900&ssl=1&resize=700%2C400 2x, https:\/\/i0.wp.com\/cepronda.com\/blog\/wp-content\/uploads\/2018\/06\/IMG-20180611-WA0001.jpg?fit=1200%2C900&ssl=1&resize=1050%2C600 3x"},"classes":[]}],"jetpack_sharing_enabled":true,"_links":{"self":[{"href":"https:\/\/cepronda.com\/blog\/wp-json\/wp\/v2\/posts\/2764","targetHints":{"allow":["GET"]}}],"collection":[{"href":"https:\/\/cepronda.com\/blog\/wp-json\/wp\/v2\/posts"}],"about":[{"href":"https:\/\/cepronda.com\/blog\/wp-json\/wp\/v2\/types\/post"}],"author":[{"embeddable":true,"href":"https:\/\/cepronda.com\/blog\/wp-json\/wp\/v2\/users\/3"}],"replies":[{"embeddable":true,"href":"https:\/\/cepronda.com\/blog\/wp-json\/wp\/v2\/comments?post=2764"}],"version-history":[{"count":4,"href":"https:\/\/cepronda.com\/blog\/wp-json\/wp\/v2\/posts\/2764\/revisions"}],"predecessor-version":[{"id":2768,"href":"https:\/\/cepronda.com\/blog\/wp-json\/wp\/v2\/posts\/2764\/revisions\/2768"}],"wp:featuredmedia":[{"embeddable":true,"href":"https:\/\/cepronda.com\/blog\/wp-json\/wp\/v2\/media\/2740"}],"wp:attachment":[{"href":"https:\/\/cepronda.com\/blog\/wp-json\/wp\/v2\/media?parent=2764"}],"wp:term":[{"taxonomy":"category","embeddable":true,"href":"https:\/\/cepronda.com\/blog\/wp-json\/wp\/v2\/categories?post=2764"},{"taxonomy":"post_tag","embeddable":true,"href":"https:\/\/cepronda.com\/blog\/wp-json\/wp\/v2\/tags?post=2764"}],"curies":[{"name":"wp","href":"https:\/\/api.w.org\/{rel}","templated":true}]}}