{"id":2735,"date":"2019-04-09T12:52:24","date_gmt":"2019-04-09T10:52:24","guid":{"rendered":"http:\/\/cepronda.com\/blog\/?p=2735"},"modified":"2019-04-09T12:52:32","modified_gmt":"2019-04-09T10:52:32","slug":"cursos-de-verano-para-la-formacion-permanente-del-profesorado","status":"publish","type":"post","link":"https:\/\/cepronda.com\/blog\/cursos-de-verano-para-la-formacion-permanente-del-profesorado\/","title":{"rendered":"Cursos de verano para la formaci\u00f3n permanente del profesorado"},"content":{"rendered":"\n<p class=\"wp-block-paragraph\">\u00a1Hola de nuevo!<\/p>\n\n\n\n<p class=\"wp-block-paragraph\">Ha salido la convocatoria de los cursos de verano en convenio con la Universidad Men\u00e9ndez Pelayo. Esta convocatoria incluye las ayudas para la realizaci\u00f3n y asistencia a estos cursos, con alojamiento y pensi\u00f3n completa. <\/p>\n\n\n\n<p class=\"wp-block-paragraph\">Los cursos tienen una duraci\u00f3n de una semana y se imparten en las Sedes de la UIMP situadas en Madrid, Santander, A Coru\u00f1a, Cuenca, Valencia, Huesca, Sevilla y Santa Cruz de Tenerife.<\/p>\n\n\n\n<p class=\"wp-block-paragraph\">Para ver los detalles y los cursos ofertados s\u00f3lo ten\u00e9is que <a rel=\"noreferrer noopener\" aria-label=\"seguir este enlace. (opens in a new tab)\" href=\"http:\/\/www.educacionyfp.gob.es\/servicios-al-ciudadano-mecd\/catalogo\/educacion\/profesorado\/profesorado-no-universitario\/cursos-y-jornadas\/cursos-verano-profesorado.html\" target=\"_blank\">seguir este enlace.<\/a><\/p>\n\n\n\n<figure class=\"wp-block-image\"><a href=\"http:\/\/www.educacionyfp.gob.es\/servicios-al-ciudadano-mecd\/catalogo\/educacion\/profesorado\/profesorado-no-universitario\/cursos-y-jornadas\/cursos-verano-profesorado.html\" target=\"_blank\" rel=\"noreferrer noopener\"><img data-recalc-dims=\"1\" loading=\"lazy\" decoding=\"async\" width=\"538\" height=\"369\" src=\"https:\/\/i0.wp.com\/cepronda.com\/blog\/wp-content\/uploads\/2019\/04\/cursosdeverano2019.jpg?resize=538%2C369\" alt=\"\" class=\"wp-image-2736\" srcset=\"https:\/\/i0.wp.com\/cepronda.com\/blog\/wp-content\/uploads\/2019\/04\/cursosdeverano2019.jpg?w=538&amp;ssl=1 538w, https:\/\/i0.wp.com\/cepronda.com\/blog\/wp-content\/uploads\/2019\/04\/cursosdeverano2019.jpg?resize=300%2C206&amp;ssl=1 300w\" sizes=\"auto, (max-width: 538px) 100vw, 538px\" \/><\/a><\/figure>\n\n\n\n<p class=\"wp-block-paragraph\"> <\/p>\n","protected":false},"excerpt":{"rendered":"<p>\u00a1Hola de nuevo! Ha salido la convocatoria de los cursos de verano en convenio con la Universidad Men\u00e9ndez Pelayo. Esta convocatoria incluye las ayudas para la realizaci\u00f3n y asistencia a estos cursos, con alojamiento y pensi\u00f3n completa. Los cursos tienen una duraci\u00f3n de una semana y se imparten en las Sedes de la UIMP situadas [&hellip;]<\/p>\n","protected":false},"author":3,"featured_media":2736,"comment_status":"open","ping_status":"open","sticky":false,"template":"","format":"standard","meta":{"_crdt_document":"","advanced_seo_description":"","jetpack_seo_html_title":"","jetpack_seo_noindex":false,"jetpack_post_was_ever_published":false,"_jetpack_newsletter_access":"","_jetpack_dont_email_post_to_subs":false,"_jetpack_newsletter_tier_id":0,"_jetpack_memberships_contains_paywalled_content":false,"_jetpack_memberships_contains_paid_content":false,"footnotes":"","jetpack_publicize_message":"","jetpack_publicize_feature_enabled":true,"jetpack_social_post_already_shared":true,"jetpack_social_options":{"image_generator_settings":{"template":"highway","default_image_id":0,"font":"","enabled":false},"version":2}},"categories":[5],"tags":[160],"class_list":{"0":"post-2735","1":"post","2":"type-post","3":"status-publish","4":"format-standard","5":"has-post-thumbnail","7":"category-noticias","8":"tag-cursos-de-verano","9":"czr-hentry"},"jetpack_publicize_connections":[],"jetpack_featured_media_url":"https:\/\/i0.wp.com\/cepronda.com\/blog\/wp-content\/uploads\/2019\/04\/cursosdeverano2019.jpg?fit=538%2C369&ssl=1","jetpack_shortlink":"https:\/\/wp.me\/p8M4X7-I7","jetpack-related-posts":[{"id":8304,"url":"https:\/\/cepronda.com\/blog\/%e2%9a%a1%e2%9a%a1nueva-convocatoria-regional-de-cursos%e2%9a%a1%e2%9a%a1\/","url_meta":{"origin":2735,"position":0},"title":"\u26a1\u26a1NUEVA CONVOCATORIA REGIONAL DE CURSOS\u26a1\u26a1","author":"Inmaculada Garc\u00eda","date":"7 marzo, 2025","format":false,"excerpt":"\u26a1\u26a1NUEVA CONVOCATORIA REGIONAL DE CURSOS\u26a1\u26a1 \u00a0 \u00a1A\u00fan puedes certificar un nivel en Competencia Digital Docente! Pincha en el enlace y accede a la nueva oferta formativa regional. Plazos de inscripci\u00f3n: 10\/03\/2025 hasta 17\/03\/2025. A desarrollar en el Aula Virtual de Formaci\u00f3n al Profesorado. INFORMACI\u00d3N E INSCRIPCIONES: https:\/\/bit.ly\/41JycpE","rel":"","context":"En \u00abFormaciones\u00bb","block_context":{"text":"Formaciones","link":"https:\/\/cepronda.com\/blog\/category\/formaciones\/"},"img":{"alt_text":"","src":"https:\/\/i0.wp.com\/cepronda.com\/blog\/wp-content\/uploads\/2025\/03\/Captura-de-pantalla-2025-03-07-132914.png?fit=1200%2C735&ssl=1&resize=350%2C200","width":350,"height":200,"srcset":"https:\/\/i0.wp.com\/cepronda.com\/blog\/wp-content\/uploads\/2025\/03\/Captura-de-pantalla-2025-03-07-132914.png?fit=1200%2C735&ssl=1&resize=350%2C200 1x, https:\/\/i0.wp.com\/cepronda.com\/blog\/wp-content\/uploads\/2025\/03\/Captura-de-pantalla-2025-03-07-132914.png?fit=1200%2C735&ssl=1&resize=525%2C300 1.5x, https:\/\/i0.wp.com\/cepronda.com\/blog\/wp-content\/uploads\/2025\/03\/Captura-de-pantalla-2025-03-07-132914.png?fit=1200%2C735&ssl=1&resize=700%2C400 2x, https:\/\/i0.wp.com\/cepronda.com\/blog\/wp-content\/uploads\/2025\/03\/Captura-de-pantalla-2025-03-07-132914.png?fit=1200%2C735&ssl=1&resize=1050%2C600 3x"},"classes":[]},{"id":368,"url":"https:\/\/cepronda.com\/blog\/1a-convocatoria-de-cursos-de-teleformacion-regional-2016-17\/","url_meta":{"origin":2735,"position":1},"title":"1\u00aa convocatoria de cursos de teleformaci\u00f3n regional 2016-17","author":"V\u00edctor Caballero","date":"18 noviembre, 2016","format":false,"excerpt":"Terminamos la semana con la noticia de que ya se ha publicado la 1\u00aa convocatoria de cursos de teleformaci\u00f3n regional del presente curso. Para esta convocatoria se ofertan 26 cursos de distintas modalidades, y seguro que alguno de ellos cuadra con vuestras inquietudes y\/o necesidades. Si quer\u00e9is acceder al listado,\u2026","rel":"","context":"En \u00abFormaciones\u00bb","block_context":{"text":"Formaciones","link":"https:\/\/cepronda.com\/blog\/category\/formaciones\/"},"img":{"alt_text":"internet-42584_150","src":"https:\/\/i0.wp.com\/cepronda.com\/blog\/wp-content\/uploads\/2016\/11\/internet-42584_150.png?resize=350%2C200","width":350,"height":200},"classes":[]},{"id":4738,"url":"https:\/\/cepronda.com\/blog\/primera-convocatoria-regional-de-cursos-de-formacion-a-distancia-2021-22\/","url_meta":{"origin":2735,"position":2},"title":"Primera Convocatoria Regional de cursos de formaci\u00f3n a distancia 2021-22","author":"Inmaculada Garc\u00eda","date":"11 octubre, 2021","format":false,"excerpt":"Dentro del plan de formaci\u00f3n del profesorado de la Consejer\u00eda de Educaci\u00f3n se ofertan 50 cursos en la modalidad de a distancia. Las condiciones de la oferta son las siguientes: Plazo de inscripci\u00f3n: Desde el lunes 18 de octubre de 2021 a las 15:00 hasta las 15:00 horas del jueves\u2026","rel":"","context":"En \u00abFormaciones\u00bb","block_context":{"text":"Formaciones","link":"https:\/\/cepronda.com\/blog\/category\/formaciones\/"},"img":{"alt_text":"","src":"","width":0,"height":0},"classes":[]},{"id":5085,"url":"https:\/\/cepronda.com\/blog\/segunda-convocatoria-regional-de-cursos-de-formacion-a-distancia-2021-22\/","url_meta":{"origin":2735,"position":3},"title":"SEGUNDA CONVOCATORIA REGIONAL DE CURSOS DE FORMACI\u00d3N A DISTANCIA 2021-22","author":"Maribel Mu\u00f1oz","date":"4 febrero, 2022","format":false,"excerpt":"Buenas tardes compa\u00f1eras y compa\u00f1eros, Os informamos que dentro del plan de formaci\u00f3n del profesorado andaluz de la Consejer\u00eda de Educaci\u00f3n y Deporte de la Junta de Andaluc\u00eda se ofertan 31 cursos en la modalidad on-line, para esta segunda convocatoria, cuyos plazos son los siguientes: Plazo de inscripci\u00f3n: Desde el\u2026","rel":"","context":"En \u00abFormaciones\u00bb","block_context":{"text":"Formaciones","link":"https:\/\/cepronda.com\/blog\/category\/formaciones\/"},"img":{"alt_text":"","src":"https:\/\/i0.wp.com\/cepronda.com\/blog\/wp-content\/uploads\/2022\/02\/Aula-virtual.jpg?fit=728%2C419&ssl=1&resize=350%2C200","width":350,"height":200,"srcset":"https:\/\/i0.wp.com\/cepronda.com\/blog\/wp-content\/uploads\/2022\/02\/Aula-virtual.jpg?fit=728%2C419&ssl=1&resize=350%2C200 1x, https:\/\/i0.wp.com\/cepronda.com\/blog\/wp-content\/uploads\/2022\/02\/Aula-virtual.jpg?fit=728%2C419&ssl=1&resize=525%2C300 1.5x, https:\/\/i0.wp.com\/cepronda.com\/blog\/wp-content\/uploads\/2022\/02\/Aula-virtual.jpg?fit=728%2C419&ssl=1&resize=700%2C400 2x"},"classes":[]},{"id":4228,"url":"https:\/\/cepronda.com\/blog\/adjudicacion-de-plazas-de-la-2a-convocatoria-regional\/","url_meta":{"origin":2735,"position":4},"title":"Adjudicaci\u00f3n de plazas de la 2\u00aa convocatoria regional","author":"Maribel Mu\u00f1oz","date":"2 marzo, 2021","format":false,"excerpt":"Buenas tardes campa\u00f1eras y compa\u00f1eros, Os hacemos llegar estos dos enlaces con publidad sobre la adjudicaci\u00f3n de plazas de los cursos de la 2\u00aa convocatoria regional . https:\/\/view.genial.ly\/6038a3342e75ae0d0934bfb4\/presentation-convocatoria https:\/\/twitter.com\/FormacProfAnd\/status\/1365216663113789440?s=20 Deseamos que sea de vuestro inter\u00e9s. Saludos.","rel":"","context":"En \u00abFormaciones\u00bb","block_context":{"text":"Formaciones","link":"https:\/\/cepronda.com\/blog\/category\/formaciones\/"},"img":{"alt_text":"","src":"https:\/\/i0.wp.com\/cepronda.com\/blog\/wp-content\/uploads\/2020\/09\/Logo-progamas-de-formacion-oficial.jpg?resize=350%2C200","width":350,"height":200},"classes":[]},{"id":831,"url":"https:\/\/cepronda.com\/blog\/cursos-de-verano-2017\/","url_meta":{"origin":2735,"position":5},"title":"Cursos de verano 2017","author":"V\u00edctor Caballero","date":"18 mayo, 2017","format":false,"excerpt":"\u00a1Hola familia! Creemos que esta informaci\u00f3n os puede resultar \u00a0interesante, y es por ello por lo que lo compartimos a trav\u00e9s de este blog... El Ministerio de Educaci\u00f3n, Cultura y Deporte en colaboraci\u00f3n con la Universidad Internacional Men\u00e9ndez Pelayo convoca los cursos de verano 2017. Los cursos se celebrar\u00e1n en\u2026","rel":"","context":"En \u00abNoticias\u00bb","block_context":{"text":"Noticias","link":"https:\/\/cepronda.com\/blog\/category\/noticias\/"},"img":{"alt_text":"","src":"https:\/\/i0.wp.com\/cepronda.com\/blog\/wp-content\/uploads\/2017\/05\/book-1549589_640-e1495712924552.jpg?fit=640%2C428&ssl=1&resize=350%2C200","width":350,"height":200,"srcset":"https:\/\/i0.wp.com\/cepronda.com\/blog\/wp-content\/uploads\/2017\/05\/book-1549589_640-e1495712924552.jpg?fit=640%2C428&ssl=1&resize=350%2C200 1x, https:\/\/i0.wp.com\/cepronda.com\/blog\/wp-content\/uploads\/2017\/05\/book-1549589_640-e1495712924552.jpg?fit=640%2C428&ssl=1&resize=525%2C300 1.5x"},"classes":[]}],"jetpack_sharing_enabled":true,"_links":{"self":[{"href":"https:\/\/cepronda.com\/blog\/wp-json\/wp\/v2\/posts\/2735","targetHints":{"allow":["GET"]}}],"collection":[{"href":"https:\/\/cepronda.com\/blog\/wp-json\/wp\/v2\/posts"}],"about":[{"href":"https:\/\/cepronda.com\/blog\/wp-json\/wp\/v2\/types\/post"}],"author":[{"embeddable":true,"href":"https:\/\/cepronda.com\/blog\/wp-json\/wp\/v2\/users\/3"}],"replies":[{"embeddable":true,"href":"https:\/\/cepronda.com\/blog\/wp-json\/wp\/v2\/comments?post=2735"}],"version-history":[{"count":1,"href":"https:\/\/cepronda.com\/blog\/wp-json\/wp\/v2\/posts\/2735\/revisions"}],"predecessor-version":[{"id":2737,"href":"https:\/\/cepronda.com\/blog\/wp-json\/wp\/v2\/posts\/2735\/revisions\/2737"}],"wp:featuredmedia":[{"embeddable":true,"href":"https:\/\/cepronda.com\/blog\/wp-json\/wp\/v2\/media\/2736"}],"wp:attachment":[{"href":"https:\/\/cepronda.com\/blog\/wp-json\/wp\/v2\/media?parent=2735"}],"wp:term":[{"taxonomy":"category","embeddable":true,"href":"https:\/\/cepronda.com\/blog\/wp-json\/wp\/v2\/categories?post=2735"},{"taxonomy":"post_tag","embeddable":true,"href":"https:\/\/cepronda.com\/blog\/wp-json\/wp\/v2\/tags?post=2735"}],"curies":[{"name":"wp","href":"https:\/\/api.w.org\/{rel}","templated":true}]}}