{"id":2729,"date":"2019-04-09T11:20:53","date_gmt":"2019-04-09T09:20:53","guid":{"rendered":"http:\/\/cepronda.com\/blog\/?p=2729"},"modified":"2025-04-28T12:09:10","modified_gmt":"2025-04-28T10:09:10","slug":"aplazada-actividad-del-teatro-del-oprimido-y-las-oprimidas","status":"publish","type":"post","link":"https:\/\/cepronda.com\/blog\/aplazada-actividad-del-teatro-del-oprimido-y-las-oprimidas\/","title":{"rendered":"Aplazada actividad del Teatro del oprimido y las oprimidas"},"content":{"rendered":"\n<p class=\"wp-block-paragraph\">Os informamos que, por razones de fuerza mayor, se aplaza la actividad \u00abTeatro del oprimido y las oprimidas\u00bb . Confiamos en poder realizarla a comienzos del pr\u00f3ximo curso. Rogamos disculp\u00e9is las molestias.<\/p>\n\n\n\n<p class=\"wp-block-paragraph\">Un saludo<\/p>\n","protected":false},"excerpt":{"rendered":"<p>Os informamos que, por razones de fuerza mayor, se aplaza la actividad \u00abTeatro del oprimido y las oprimidas\u00bb . Confiamos en poder realizarla a comienzos del pr\u00f3ximo curso. Rogamos disculp\u00e9is las molestias. Un saludo<\/p>\n","protected":false},"author":3,"featured_media":0,"comment_status":"open","ping_status":"open","sticky":false,"template":"","format":"aside","meta":{"_crdt_document":"","advanced_seo_description":"","jetpack_seo_html_title":"","jetpack_seo_noindex":false,"jetpack_post_was_ever_published":false,"_jetpack_newsletter_access":"","_jetpack_dont_email_post_to_subs":false,"_jetpack_newsletter_tier_id":0,"_jetpack_memberships_contains_paywalled_content":false,"_jetpack_memberships_contains_paid_content":false,"footnotes":"","jetpack_publicize_message":"","jetpack_publicize_feature_enabled":true,"jetpack_social_post_already_shared":true,"jetpack_social_options":{"image_generator_settings":{"template":"highway","default_image_id":0,"font":"","enabled":false},"version":2}},"categories":[5],"tags":[],"class_list":{"0":"post-2729","1":"post","2":"type-post","3":"status-publish","4":"format-aside","6":"category-noticias","7":"post_format-post-format-aside","8":"czr-hentry"},"jetpack_publicize_connections":[],"jetpack_featured_media_url":"","jetpack_shortlink":"https:\/\/wp.me\/p8M4X7-I1","jetpack-related-posts":[{"id":2659,"url":"https:\/\/cepronda.com\/blog\/teatro-del-oprimido-y-las-oprimidas\/","url_meta":{"origin":2729,"position":0},"title":"TEATRO DEL OPRIMIDO Y LAS OPRIMIDAS","author":"V\u00edctor Caballero","date":"4 marzo, 2019","format":false,"excerpt":"A lo largo de esta formaci\u00f3n trabajaremos desde la confianza y contacto con el grupo, pasando por las t\u00e9cnicas b\u00e1sicas de teatro aplicadas a la consciencia de nuestro cuerpo, uso de la voz y el movimiento, hasta las conflictivas sociales de nuestro entorno, trabajando a trav\u00e9s del teatro del oprimido\u2026","rel":"","context":"En \u00abFormaciones\u00bb","block_context":{"text":"Formaciones","link":"https:\/\/cepronda.com\/blog\/category\/formaciones\/"},"img":{"alt_text":"","src":"https:\/\/i0.wp.com\/cepronda.com\/blog\/wp-content\/uploads\/2017\/11\/mask-1636121_960_720.jpg?fit=960%2C638&ssl=1&resize=350%2C200","width":350,"height":200,"srcset":"https:\/\/i0.wp.com\/cepronda.com\/blog\/wp-content\/uploads\/2017\/11\/mask-1636121_960_720.jpg?fit=960%2C638&ssl=1&resize=350%2C200 1x, https:\/\/i0.wp.com\/cepronda.com\/blog\/wp-content\/uploads\/2017\/11\/mask-1636121_960_720.jpg?fit=960%2C638&ssl=1&resize=525%2C300 1.5x, https:\/\/i0.wp.com\/cepronda.com\/blog\/wp-content\/uploads\/2017\/11\/mask-1636121_960_720.jpg?fit=960%2C638&ssl=1&resize=700%2C400 2x"},"classes":[]},{"id":3260,"url":"https:\/\/cepronda.com\/blog\/teatro-del-oprimido-y-la-oprimida\/","url_meta":{"origin":2729,"position":1},"title":"TEATRO DEL OPRIMIDO Y LA OPRIMIDA","author":"V\u00edctor Caballero","date":"16 diciembre, 2019","format":false,"excerpt":"Muy buenas de nuevo familia, Compartimos con todas y todos vosotros una nueva actividad que comenzar\u00e1 a la vuelta de las vacaciones. En esta ocasi\u00f3n se trata del teatro del oprimido y la oprimida, con las siguientes caracter\u00edsticas: A lo largo de esta formaci\u00f3n trabajaremos desde la confianza y contacto\u2026","rel":"","context":"En \u00abFormaciones\u00bb","block_context":{"text":"Formaciones","link":"https:\/\/cepronda.com\/blog\/category\/formaciones\/"},"img":{"alt_text":"","src":"https:\/\/i0.wp.com\/cepronda.com\/blog\/wp-content\/uploads\/2019\/12\/comedy-tragedy-masks-1715466_1920.jpg?fit=1200%2C675&ssl=1&resize=350%2C200","width":350,"height":200,"srcset":"https:\/\/i0.wp.com\/cepronda.com\/blog\/wp-content\/uploads\/2019\/12\/comedy-tragedy-masks-1715466_1920.jpg?fit=1200%2C675&ssl=1&resize=350%2C200 1x, https:\/\/i0.wp.com\/cepronda.com\/blog\/wp-content\/uploads\/2019\/12\/comedy-tragedy-masks-1715466_1920.jpg?fit=1200%2C675&ssl=1&resize=525%2C300 1.5x, https:\/\/i0.wp.com\/cepronda.com\/blog\/wp-content\/uploads\/2019\/12\/comedy-tragedy-masks-1715466_1920.jpg?fit=1200%2C675&ssl=1&resize=700%2C400 2x, https:\/\/i0.wp.com\/cepronda.com\/blog\/wp-content\/uploads\/2019\/12\/comedy-tragedy-masks-1715466_1920.jpg?fit=1200%2C675&ssl=1&resize=1050%2C600 3x"},"classes":[]},{"id":5895,"url":"https:\/\/cepronda.com\/blog\/curso-el-teatro-de-repertorio-como-recurso-educativo\/","url_meta":{"origin":2729,"position":2},"title":"CURSO \u00abEL TEATRO DE REPERTORIO COMO RECURSO EDUCATIVO\u00bb","author":"Mamen Moreno","date":"10 abril, 2023","format":false,"excerpt":"Os Informamos de que se encuentra abierto el plazo de inscripci\u00f3n del CURSO \"EL TEATRO DE REPERTORIO COMO RECURSO EDUCATIVO\" con c\u00f3digo: 232924GE047 \u00a0 Fecha inscripci\u00f3n: 10\/04\/2023 hasta 03\/05\/2023 Fecha actividad: 04\/05\/2023 hasta 16\/05\/2023 \u00a0 Horas totales: 12 h. Lugar de realizaci\u00f3n: CEP DE RONDA Detalle e inscripci\u00f3n: https:\/\/www.juntadeandalucia.es\/educacion\/secretariavirtual\/consultaCEP\/actividad\/232924GE047\/ \u00a0\u2026","rel":"","context":"En \u00abFormaciones\u00bb","block_context":{"text":"Formaciones","link":"https:\/\/cepronda.com\/blog\/category\/formaciones\/"},"img":{"alt_text":"","src":"https:\/\/i0.wp.com\/cepronda.com\/blog\/wp-content\/uploads\/2023\/04\/curso-teatro-en-el-aula-1.jpg?fit=848%2C1200&ssl=1&resize=350%2C200","width":350,"height":200,"srcset":"https:\/\/i0.wp.com\/cepronda.com\/blog\/wp-content\/uploads\/2023\/04\/curso-teatro-en-el-aula-1.jpg?fit=848%2C1200&ssl=1&resize=350%2C200 1x, https:\/\/i0.wp.com\/cepronda.com\/blog\/wp-content\/uploads\/2023\/04\/curso-teatro-en-el-aula-1.jpg?fit=848%2C1200&ssl=1&resize=525%2C300 1.5x, https:\/\/i0.wp.com\/cepronda.com\/blog\/wp-content\/uploads\/2023\/04\/curso-teatro-en-el-aula-1.jpg?fit=848%2C1200&ssl=1&resize=700%2C400 2x"},"classes":[]},{"id":808,"url":"https:\/\/cepronda.com\/blog\/retransmision-del-espectaculo-el-sueno-de-una-noche-de-verano-sobre-la-obra-de-william-shakespeare\/","url_meta":{"origin":2729,"position":3},"title":"Retransmisi\u00f3n del espect\u00e1culo \u00abEl sue\u00f1o de una noche de verano\u00bb, sobre la obra de William Shakespeare","author":"V\u00edctor Caballero","date":"5 mayo, 2017","format":false,"excerpt":"Muy buenas familia, Esta vez os queremos informar de una actividad que creemos puede resultaros muy interesante y es la \"asistencia virtual\" a un espect\u00e1culo del Teatro Real. La Consejer\u00eda de Educaci\u00f3n, entre los compromisos adquiridos dentro del convenio firmado con el Teatro Real y la Consejer\u00eda de Cultura de\u2026","rel":"","context":"En \u00abNoticias\u00bb","block_context":{"text":"Noticias","link":"https:\/\/cepronda.com\/blog\/category\/noticias\/"},"img":{"alt_text":"","src":"https:\/\/i0.wp.com\/cepronda.com\/blog\/wp-content\/uploads\/2017\/05\/film-147137_640.png?fit=595%2C640&ssl=1&resize=350%2C200","width":350,"height":200,"srcset":"https:\/\/i0.wp.com\/cepronda.com\/blog\/wp-content\/uploads\/2017\/05\/film-147137_640.png?fit=595%2C640&ssl=1&resize=350%2C200 1x, https:\/\/i0.wp.com\/cepronda.com\/blog\/wp-content\/uploads\/2017\/05\/film-147137_640.png?fit=595%2C640&ssl=1&resize=525%2C300 1.5x"},"classes":[]},{"id":311,"url":"https:\/\/cepronda.com\/blog\/la-pequena-cerillera\/","url_meta":{"origin":2729,"position":4},"title":"La peque\u00f1a cerillera","author":"V\u00edctor Caballero","date":"11 noviembre, 2016","format":false,"excerpt":"Hola de nuevo, Queremos compartir con todos los centros esta informaci\u00f3n que nos ha llegado desde la Consejer\u00eda de Educaci\u00f3n: \"Retransmisi\u00f3n del espect\u00e1culo infantil \"La peque\u00f1a cerillera\", basado en un cuento de Hans Christian Andersen. La Consejer\u00eda de Educaci\u00f3n, entre los compromisos adquiridos dentro del convenio firmado con el Teatro\u2026","rel":"","context":"En \u00abNoticias\u00bb","block_context":{"text":"Noticias","link":"https:\/\/cepronda.com\/blog\/category\/noticias\/"},"img":{"alt_text":"","src":"","width":0,"height":0},"classes":[]},{"id":225,"url":"https:\/\/cepronda.com\/blog\/formulario-teatro-juana-la-loca\/","url_meta":{"origin":2729,"position":5},"title":"Formulario teatro \u00abJuana la loca\u00bb","author":"V\u00edctor Caballero","date":"18 octubre, 2016","format":false,"excerpt":"Si quer\u00e9is asistir con vuestro alumnado a esta magn\u00edfica obra de teatro, necesitamos que cumpliment\u00e9is el siguiente formulario para as\u00ed poder organizar los distintos pases. Cargando...","rel":"","context":"En \u00abNoticias\u00bb","block_context":{"text":"Noticias","link":"https:\/\/cepronda.com\/blog\/category\/noticias\/"},"img":{"alt_text":"","src":"","width":0,"height":0},"classes":[]}],"jetpack_sharing_enabled":true,"_links":{"self":[{"href":"https:\/\/cepronda.com\/blog\/wp-json\/wp\/v2\/posts\/2729","targetHints":{"allow":["GET"]}}],"collection":[{"href":"https:\/\/cepronda.com\/blog\/wp-json\/wp\/v2\/posts"}],"about":[{"href":"https:\/\/cepronda.com\/blog\/wp-json\/wp\/v2\/types\/post"}],"author":[{"embeddable":true,"href":"https:\/\/cepronda.com\/blog\/wp-json\/wp\/v2\/users\/3"}],"replies":[{"embeddable":true,"href":"https:\/\/cepronda.com\/blog\/wp-json\/wp\/v2\/comments?post=2729"}],"version-history":[{"count":1,"href":"https:\/\/cepronda.com\/blog\/wp-json\/wp\/v2\/posts\/2729\/revisions"}],"predecessor-version":[{"id":2730,"href":"https:\/\/cepronda.com\/blog\/wp-json\/wp\/v2\/posts\/2729\/revisions\/2730"}],"wp:attachment":[{"href":"https:\/\/cepronda.com\/blog\/wp-json\/wp\/v2\/media?parent=2729"}],"wp:term":[{"taxonomy":"category","embeddable":true,"href":"https:\/\/cepronda.com\/blog\/wp-json\/wp\/v2\/categories?post=2729"},{"taxonomy":"post_tag","embeddable":true,"href":"https:\/\/cepronda.com\/blog\/wp-json\/wp\/v2\/tags?post=2729"}],"curies":[{"name":"wp","href":"https:\/\/api.w.org\/{rel}","templated":true}]}}