{"id":2718,"date":"2019-04-05T13:59:47","date_gmt":"2019-04-05T11:59:47","guid":{"rendered":"http:\/\/cepronda.com\/blog\/?p=2718"},"modified":"2019-04-09T09:16:52","modified_gmt":"2019-04-09T07:16:52","slug":"como-se-cuenta-un-cuento-escritura-creativa-en-la-elaboracion-de-guiones","status":"publish","type":"post","link":"https:\/\/cepronda.com\/blog\/como-se-cuenta-un-cuento-escritura-creativa-en-la-elaboracion-de-guiones\/","title":{"rendered":"COMO SE CUENTA UN CUENTO: ESCRITURA CREATIVA EN LA ELABORACI\u00d3N DE GUIONES"},"content":{"rendered":"\n<p class=\"wp-block-paragraph\">Os dejamos tambi\u00e9n con el enlace a esta actividad que tiene como objetivos  <br>fomentar la creaci\u00f3n de guiones en distintas asignaturas, para el desarrollo de las competencias b\u00e1sicas y compartir experiencias relacionadas con la escritura. <\/p>\n\n\n\n<p class=\"wp-block-paragraph\">Para mas detalles s\u00f3lo ten\u00e9is que<a href=\"https:\/\/www.juntadeandalucia.es\/educacion\/secretariavirtual\/consultaCEP\/actividad\/192924GE035\/\" target=\"_blank\" rel=\"noreferrer noopener\" aria-label=\" seguir este enlace (opens in a new tab)\"> seguir este enlace<\/a>.<\/p>\n\n\n\n<figure class=\"wp-block-image\"><a href=\"https:\/\/www.juntadeandalucia.es\/educacion\/secretariavirtual\/consultaCEP\/actividad\/192924GE035\/\" target=\"_blank\" rel=\"noreferrer noopener\"><img loading=\"lazy\" decoding=\"async\" width=\"2454\" height=\"3503\" src=\"https:\/\/i1.wp.com\/cepronda.com\/blog\/wp-content\/uploads\/2019\/04\/C\u00f3mo-se-cuenta-un-cuento-AA-1.jpg?fit=717%2C1024\" alt=\"\" class=\"wp-image-2719\" srcset=\"https:\/\/i0.wp.com\/cepronda.com\/blog\/wp-content\/uploads\/2019\/04\/C%C3%B3mo-se-cuenta-un-cuento-AA-1.jpg?w=2454&amp;ssl=1 2454w, https:\/\/i0.wp.com\/cepronda.com\/blog\/wp-content\/uploads\/2019\/04\/C%C3%B3mo-se-cuenta-un-cuento-AA-1.jpg?resize=210%2C300&amp;ssl=1 210w, https:\/\/i0.wp.com\/cepronda.com\/blog\/wp-content\/uploads\/2019\/04\/C%C3%B3mo-se-cuenta-un-cuento-AA-1.jpg?resize=768%2C1096&amp;ssl=1 768w, https:\/\/i0.wp.com\/cepronda.com\/blog\/wp-content\/uploads\/2019\/04\/C%C3%B3mo-se-cuenta-un-cuento-AA-1.jpg?resize=717%2C1024&amp;ssl=1 717w, https:\/\/i0.wp.com\/cepronda.com\/blog\/wp-content\/uploads\/2019\/04\/C%C3%B3mo-se-cuenta-un-cuento-AA-1.jpg?w=2340&amp;ssl=1 2340w\" sizes=\"auto, (max-width: 1170px) 100vw, 1170px\" \/><\/a><\/figure>\n","protected":false},"excerpt":{"rendered":"<p>Os dejamos tambi\u00e9n con el enlace a esta actividad que tiene como objetivos fomentar la creaci\u00f3n de guiones en distintas asignaturas, para el desarrollo de las competencias b\u00e1sicas y compartir experiencias relacionadas con la escritura. Para mas detalles s\u00f3lo ten\u00e9is que seguir este enlace.<\/p>\n","protected":false},"author":3,"featured_media":2719,"comment_status":"open","ping_status":"open","sticky":false,"template":"","format":"standard","meta":{"_crdt_document":"","advanced_seo_description":"","jetpack_seo_html_title":"","jetpack_seo_noindex":false,"jetpack_post_was_ever_published":false,"_jetpack_newsletter_access":"","_jetpack_dont_email_post_to_subs":false,"_jetpack_newsletter_tier_id":0,"_jetpack_memberships_contains_paywalled_content":false,"_jetpack_memberships_contains_paid_content":false,"footnotes":"","jetpack_publicize_message":"","jetpack_publicize_feature_enabled":true,"jetpack_social_post_already_shared":true,"jetpack_social_options":{"image_generator_settings":{"template":"highway","default_image_id":0,"font":"","enabled":false},"version":2}},"categories":[3],"tags":[44],"class_list":{"0":"post-2718","1":"post","2":"type-post","3":"status-publish","4":"format-standard","5":"has-post-thumbnail","7":"category-formaciones","8":"tag-lengua","9":"czr-hentry"},"jetpack_publicize_connections":[],"jetpack_featured_media_url":"https:\/\/i0.wp.com\/cepronda.com\/blog\/wp-content\/uploads\/2019\/04\/C%C3%B3mo-se-cuenta-un-cuento-AA-1.jpg?fit=2454%2C3503&ssl=1","jetpack_shortlink":"https:\/\/wp.me\/p8M4X7-HQ","jetpack-related-posts":[{"id":8408,"url":"https:\/\/cepronda.com\/blog\/aplicacion-dramaturgica-de-la-escritura-a-la-puesta-en-escena\/","url_meta":{"origin":2718,"position":0},"title":"APLICACI\u00d3N DRAMAT\u00daRGICA: DE LA ESCRITURA A LA PUESTA EN ESCENA","author":"Mamen Moreno","date":"31 marzo, 2025","format":false,"excerpt":"Se abre el plazo de inscripci\u00f3n para la formaci\u00f3n Aplicaci\u00f3n dramat\u00fargica: de la escritura a la puesta en escena con c\u00f3digo 252924GE053 Fechas: 21, 22, 28 y 29 de abril de 2025 Lugar: Sal\u00f3n de actos del CEP, Ronda (M\u00e1laga) Horario: 16:30 - 19:30 Ponente: Eva Romero Molina Inscripci\u00f3n disponible\u2026","rel":"","context":"En \u00abFormaciones\u00bb","block_context":{"text":"Formaciones","link":"https:\/\/cepronda.com\/blog\/category\/formaciones\/"},"img":{"alt_text":"","src":"https:\/\/i0.wp.com\/cepronda.com\/blog\/wp-content\/uploads\/2025\/03\/WhatsApp-Image-2025-03-31-at-10.00.15.jpeg?fit=1080%2C1080&ssl=1&resize=350%2C200","width":350,"height":200,"srcset":"https:\/\/i0.wp.com\/cepronda.com\/blog\/wp-content\/uploads\/2025\/03\/WhatsApp-Image-2025-03-31-at-10.00.15.jpeg?fit=1080%2C1080&ssl=1&resize=350%2C200 1x, https:\/\/i0.wp.com\/cepronda.com\/blog\/wp-content\/uploads\/2025\/03\/WhatsApp-Image-2025-03-31-at-10.00.15.jpeg?fit=1080%2C1080&ssl=1&resize=525%2C300 1.5x, https:\/\/i0.wp.com\/cepronda.com\/blog\/wp-content\/uploads\/2025\/03\/WhatsApp-Image-2025-03-31-at-10.00.15.jpeg?fit=1080%2C1080&ssl=1&resize=700%2C400 2x, https:\/\/i0.wp.com\/cepronda.com\/blog\/wp-content\/uploads\/2025\/03\/WhatsApp-Image-2025-03-31-at-10.00.15.jpeg?fit=1080%2C1080&ssl=1&resize=1050%2C600 3x"},"classes":[]},{"id":7214,"url":"https:\/\/cepronda.com\/blog\/lectura-y-escritura-creativa-herramientas-para-generar-conocimiento\/","url_meta":{"origin":2718,"position":1},"title":"LECTURA Y ESCRITURA CREATIVA. HERRAMIENTAS PARA GENERAR CONOCIMIENTO.","author":"Maribel Mu\u00f1oz","date":"17 noviembre, 2023","format":false,"excerpt":"Abierto el plazo de inscripci\u00f3n para la formaci\u00f3n\u00a0\u201cLECTURA Y ESCRITURA CREATIVA. HERRAMIENTAS PARA GENERAR CONOCIMIENTO\". C\u00d3DIGO 242924GE021. Duraci\u00f3n de la actividad 10 horas: 6 horas presenciales , 3 horas videoconferencia y 1 hora no presencial. Lugar de realizaci\u00f3n: Aula del CEP de Ronda y plataforma de videoconferencias. Fecha inscripci\u00f3n: 17\/11\/2023\u2026","rel":"","context":"En \u00abFormaciones\u00bb","block_context":{"text":"Formaciones","link":"https:\/\/cepronda.com\/blog\/category\/formaciones\/"},"img":{"alt_text":"","src":"https:\/\/i0.wp.com\/cepronda.com\/blog\/wp-content\/uploads\/2023\/11\/WhatsApp-Image-2023-11-16-at-13.08.24.jpeg?fit=650%2C652&ssl=1&resize=350%2C200","width":350,"height":200,"srcset":"https:\/\/i0.wp.com\/cepronda.com\/blog\/wp-content\/uploads\/2023\/11\/WhatsApp-Image-2023-11-16-at-13.08.24.jpeg?fit=650%2C652&ssl=1&resize=350%2C200 1x, https:\/\/i0.wp.com\/cepronda.com\/blog\/wp-content\/uploads\/2023\/11\/WhatsApp-Image-2023-11-16-at-13.08.24.jpeg?fit=650%2C652&ssl=1&resize=525%2C300 1.5x"},"classes":[]},{"id":8154,"url":"https:\/\/cepronda.com\/blog\/comprension-lectora-ortografia-y-escritura-estrategias-claves-para-potenciar-la-competencia-linguistica\/","url_meta":{"origin":2718,"position":2},"title":"COMPRENSI\u00d3N LECTORA, ORTOGRAF\u00cdA Y ESCRITURA: ESTRATEGIAS CLAVES PARA POTENCIAR LA COMPETENCIA LING\u00dc\u00cdSTICA","author":"Maribel Mu\u00f1oz","date":"7 febrero, 2025","format":false,"excerpt":"Desde hoy, viernes 7 de febrero y hasta el d\u00eda 21 marzo, estar\u00e1 abierto el plazo de solicitudes para la actividad COMPRENSI\u00d3N LECTORA, ORTOGRAF\u00cdA Y ESCRITURA: ESTRATEGIAS CLAVES PARA POTENCIAR LA COMPETENCIA LING\u00dc\u00cdSTICA , c\u00f3digo 252924GE025. \u00a0 INSCRIPCIONES: del 7 de febrero al 21 de marzo de 2025, ambos inclusive\u2026","rel":"","context":"En \u00abFormaciones\u00bb","block_context":{"text":"Formaciones","link":"https:\/\/cepronda.com\/blog\/category\/formaciones\/"},"img":{"alt_text":"","src":"https:\/\/i0.wp.com\/cepronda.com\/blog\/wp-content\/uploads\/2025\/02\/COMPRENSION-LECTORA-ORTOGRAFIA-Y-ESCRITURA-2.jpg?fit=1080%2C1080&ssl=1&resize=350%2C200","width":350,"height":200,"srcset":"https:\/\/i0.wp.com\/cepronda.com\/blog\/wp-content\/uploads\/2025\/02\/COMPRENSION-LECTORA-ORTOGRAFIA-Y-ESCRITURA-2.jpg?fit=1080%2C1080&ssl=1&resize=350%2C200 1x, https:\/\/i0.wp.com\/cepronda.com\/blog\/wp-content\/uploads\/2025\/02\/COMPRENSION-LECTORA-ORTOGRAFIA-Y-ESCRITURA-2.jpg?fit=1080%2C1080&ssl=1&resize=525%2C300 1.5x, https:\/\/i0.wp.com\/cepronda.com\/blog\/wp-content\/uploads\/2025\/02\/COMPRENSION-LECTORA-ORTOGRAFIA-Y-ESCRITURA-2.jpg?fit=1080%2C1080&ssl=1&resize=700%2C400 2x, https:\/\/i0.wp.com\/cepronda.com\/blog\/wp-content\/uploads\/2025\/02\/COMPRENSION-LECTORA-ORTOGRAFIA-Y-ESCRITURA-2.jpg?fit=1080%2C1080&ssl=1&resize=1050%2C600 3x"},"classes":[]},{"id":3583,"url":"https:\/\/cepronda.com\/blog\/radio-escolar-del-ceip-virgen-de-la-aurora\/","url_meta":{"origin":2718,"position":3},"title":"Radio escolar del CEIP Virgen de la Aurora","author":"V\u00edctor Caballero","date":"14 mayo, 2020","format":false,"excerpt":"\u00a1Buenos d\u00edas! El alumnado de 4\u00ba A del CEIP Virgen de la Aurora de Arriate, junto con su maestro Juan Antonio Moreno, inicia un proyecto de\u00a0 RADIO ESCOLAR durante este confinamiento para seguir trabajando de manera competencial bajo la metodolog\u00eda de\u00a0 Aprendizaje Basado en Proyectos, con el objetivo de afianzar\u2026","rel":"","context":"En \u00abNoticias\u00bb","block_context":{"text":"Noticias","link":"https:\/\/cepronda.com\/blog\/category\/noticias\/"},"img":{"alt_text":"","src":"https:\/\/i0.wp.com\/cepronda.com\/blog\/wp-content\/uploads\/2020\/05\/radio-4333412_1920.jpg?fit=1200%2C800&ssl=1&resize=350%2C200","width":350,"height":200,"srcset":"https:\/\/i0.wp.com\/cepronda.com\/blog\/wp-content\/uploads\/2020\/05\/radio-4333412_1920.jpg?fit=1200%2C800&ssl=1&resize=350%2C200 1x, https:\/\/i0.wp.com\/cepronda.com\/blog\/wp-content\/uploads\/2020\/05\/radio-4333412_1920.jpg?fit=1200%2C800&ssl=1&resize=525%2C300 1.5x, https:\/\/i0.wp.com\/cepronda.com\/blog\/wp-content\/uploads\/2020\/05\/radio-4333412_1920.jpg?fit=1200%2C800&ssl=1&resize=700%2C400 2x, https:\/\/i0.wp.com\/cepronda.com\/blog\/wp-content\/uploads\/2020\/05\/radio-4333412_1920.jpg?fit=1200%2C800&ssl=1&resize=1050%2C600 3x"},"classes":[]},{"id":3107,"url":"https:\/\/cepronda.com\/blog\/fomentamos-la-lectura-con-inteligencia-emocional\/","url_meta":{"origin":2718,"position":4},"title":"FOMENTAMOS LA LECTURA CON INTELIGENCIA EMOCIONAL","author":"V\u00edctor Caballero","date":"28 octubre, 2019","format":false,"excerpt":"En todas las etapas de la Educaci\u00f3n, debemos aprovechar todos los recursos posibles para que cada actividad que hagamos sea lo m\u00e1s completa posible y ayude a la formaci\u00f3n y educaci\u00f3n de nuestro alumnado. El desarrollo de la competencia ling\u00fc\u00edstica es fundamental en la etapa de Educaci\u00f3n Infantil y Primaria\u2026","rel":"","context":"En \u00abFormaciones\u00bb","block_context":{"text":"Formaciones","link":"https:\/\/cepronda.com\/blog\/category\/formaciones\/"},"img":{"alt_text":"","src":"https:\/\/i0.wp.com\/cepronda.com\/blog\/wp-content\/uploads\/2019\/10\/Lectura_int_emocional.png?fit=644%2C908&ssl=1&resize=350%2C200","width":350,"height":200,"srcset":"https:\/\/i0.wp.com\/cepronda.com\/blog\/wp-content\/uploads\/2019\/10\/Lectura_int_emocional.png?fit=644%2C908&ssl=1&resize=350%2C200 1x, https:\/\/i0.wp.com\/cepronda.com\/blog\/wp-content\/uploads\/2019\/10\/Lectura_int_emocional.png?fit=644%2C908&ssl=1&resize=525%2C300 1.5x"},"classes":[]},{"id":1946,"url":"https:\/\/cepronda.com\/blog\/presentacion-de-las-jornadas-el-papel-de-las-tutorias-en-la-atencion-a-la-diversidad\/","url_meta":{"origin":2718,"position":5},"title":"Presentaci\u00f3n de las Jornadas  \u00abEl papel de las tutor\u00edas en la atenci\u00f3n a la diversidad\u00bb","author":"V\u00edctor Caballero","date":"25 mayo, 2018","format":false,"excerpt":"\u00a1Hola de nuevo! Compartimos la presentaci\u00f3n usada por el Equipo de Lecto-escritura de la Delegaci\u00f3n de M\u00e1laga en las jornadas que han tenido lugar estos dos mi\u00e9rcoles pasados, y que consideramos muy interesantes. Desde el CEP queremos dar las gracias a Yolanda Parra y Juan Manuel Fern\u00e1ndez por su profesionalidad\u2026","rel":"","context":"En \u00abFormaciones\u00bb","block_context":{"text":"Formaciones","link":"https:\/\/cepronda.com\/blog\/category\/formaciones\/"},"img":{"alt_text":"","src":"https:\/\/i0.wp.com\/cepronda.com\/blog\/wp-content\/uploads\/2018\/04\/crayon-215873_640.jpg?fit=640%2C480&ssl=1&resize=350%2C200","width":350,"height":200,"srcset":"https:\/\/i0.wp.com\/cepronda.com\/blog\/wp-content\/uploads\/2018\/04\/crayon-215873_640.jpg?fit=640%2C480&ssl=1&resize=350%2C200 1x, https:\/\/i0.wp.com\/cepronda.com\/blog\/wp-content\/uploads\/2018\/04\/crayon-215873_640.jpg?fit=640%2C480&ssl=1&resize=525%2C300 1.5x"},"classes":[]}],"jetpack_sharing_enabled":true,"_links":{"self":[{"href":"https:\/\/cepronda.com\/blog\/wp-json\/wp\/v2\/posts\/2718","targetHints":{"allow":["GET"]}}],"collection":[{"href":"https:\/\/cepronda.com\/blog\/wp-json\/wp\/v2\/posts"}],"about":[{"href":"https:\/\/cepronda.com\/blog\/wp-json\/wp\/v2\/types\/post"}],"author":[{"embeddable":true,"href":"https:\/\/cepronda.com\/blog\/wp-json\/wp\/v2\/users\/3"}],"replies":[{"embeddable":true,"href":"https:\/\/cepronda.com\/blog\/wp-json\/wp\/v2\/comments?post=2718"}],"version-history":[{"count":2,"href":"https:\/\/cepronda.com\/blog\/wp-json\/wp\/v2\/posts\/2718\/revisions"}],"predecessor-version":[{"id":2723,"href":"https:\/\/cepronda.com\/blog\/wp-json\/wp\/v2\/posts\/2718\/revisions\/2723"}],"wp:featuredmedia":[{"embeddable":true,"href":"https:\/\/cepronda.com\/blog\/wp-json\/wp\/v2\/media\/2719"}],"wp:attachment":[{"href":"https:\/\/cepronda.com\/blog\/wp-json\/wp\/v2\/media?parent=2718"}],"wp:term":[{"taxonomy":"category","embeddable":true,"href":"https:\/\/cepronda.com\/blog\/wp-json\/wp\/v2\/categories?post=2718"},{"taxonomy":"post_tag","embeddable":true,"href":"https:\/\/cepronda.com\/blog\/wp-json\/wp\/v2\/tags?post=2718"}],"curies":[{"name":"wp","href":"https:\/\/api.w.org\/{rel}","templated":true}]}}