{"id":2714,"date":"2019-04-05T13:08:02","date_gmt":"2019-04-05T11:08:02","guid":{"rendered":"http:\/\/cepronda.com\/blog\/?p=2714"},"modified":"2019-04-05T13:08:10","modified_gmt":"2019-04-05T11:08:10","slug":"inteligencia-emocional-y-altas-capacidades-areas-esenciales-en-la-actividad-docente","status":"publish","type":"post","link":"https:\/\/cepronda.com\/blog\/inteligencia-emocional-y-altas-capacidades-areas-esenciales-en-la-actividad-docente\/","title":{"rendered":"INTELIGENCIA EMOCIONAL Y ALTAS CAPACIDADES. \u00c1REAS ESENCIALES EN LA ACTIVIDAD DOCENTE."},"content":{"rendered":"\n<p class=\"wp-block-paragraph\">Hola de nuevo,<\/p>\n\n\n\n<p class=\"wp-block-paragraph\">Abrimos tambi\u00e9n el plazo de inscripci\u00f3n para esta actividad formativa est\u00e1 especialmente dirigida al profesorado de ense\u00f1anzas de R\u00e9gimen Especial(M\u00fasica), aunque queda abierta a todos los docentes interesados en la tem\u00e1tica a tratar. Busca realizar un acercamiento a la Inteligencia Emocional como elemento fundamental para la motivaci\u00f3n del alumnado; as\u00ed como realizar un acercamiento y aportar recursos para trabajar con alumnado de altas capacidades. <\/p>\n\n\n\n<p class=\"wp-block-paragraph\">Para ver los detalles de la misma s\u00f3lo ten\u00e9is que <a href=\"https:\/\/www.juntadeandalucia.es\/educacion\/secretariavirtual\/consultaCEP\/actividad\/192924GE053\/\" target=\"_blank\" rel=\"noreferrer noopener\" aria-label=\"seguir este enlace (opens in a new tab)\">seguir este enlace<\/a>.<\/p>\n\n\n\n<figure class=\"wp-block-image\"><a href=\"https:\/\/www.juntadeandalucia.es\/educacion\/secretariavirtual\/consultaCEP\/actividad\/192924GE053\/\" target=\"_blank\" rel=\"noreferrer noopener\"><img data-recalc-dims=\"1\" loading=\"lazy\" decoding=\"async\" width=\"911\" height=\"813\" src=\"https:\/\/i0.wp.com\/cepronda.com\/blog\/wp-content\/uploads\/2019\/04\/IE_y_AACC.png?resize=911%2C813\" alt=\"\" class=\"wp-image-2715\" srcset=\"https:\/\/i0.wp.com\/cepronda.com\/blog\/wp-content\/uploads\/2019\/04\/IE_y_AACC.png?w=911&amp;ssl=1 911w, https:\/\/i0.wp.com\/cepronda.com\/blog\/wp-content\/uploads\/2019\/04\/IE_y_AACC.png?resize=300%2C268&amp;ssl=1 300w, https:\/\/i0.wp.com\/cepronda.com\/blog\/wp-content\/uploads\/2019\/04\/IE_y_AACC.png?resize=768%2C685&amp;ssl=1 768w\" sizes=\"auto, (max-width: 911px) 100vw, 911px\" \/><\/a><\/figure>\n","protected":false},"excerpt":{"rendered":"<p>Hola de nuevo, Abrimos tambi\u00e9n el plazo de inscripci\u00f3n para esta actividad formativa est\u00e1 especialmente dirigida al profesorado de ense\u00f1anzas de R\u00e9gimen Especial(M\u00fasica), aunque queda abierta a todos los docentes interesados en la tem\u00e1tica a tratar. Busca realizar un acercamiento a la Inteligencia Emocional como elemento fundamental para la motivaci\u00f3n del alumnado; as\u00ed como realizar [&hellip;]<\/p>\n","protected":false},"author":3,"featured_media":2715,"comment_status":"open","ping_status":"open","sticky":false,"template":"","format":"standard","meta":{"_crdt_document":"","advanced_seo_description":"","jetpack_seo_html_title":"","jetpack_seo_noindex":false,"jetpack_post_was_ever_published":false,"_jetpack_newsletter_access":"","_jetpack_dont_email_post_to_subs":false,"_jetpack_newsletter_tier_id":0,"_jetpack_memberships_contains_paywalled_content":false,"_jetpack_memberships_contains_paid_content":false,"footnotes":"","jetpack_publicize_message":"","jetpack_publicize_feature_enabled":true,"jetpack_social_post_already_shared":true,"jetpack_social_options":{"image_generator_settings":{"template":"highway","default_image_id":0,"font":"","enabled":false},"version":2}},"categories":[3],"tags":[159,97],"class_list":{"0":"post-2714","1":"post","2":"type-post","3":"status-publish","4":"format-standard","5":"has-post-thumbnail","7":"category-formaciones","8":"tag-ensenanzas-de-regimen-especial","9":"tag-inteligencia-emocional","10":"czr-hentry"},"jetpack_publicize_connections":[],"jetpack_featured_media_url":"https:\/\/i0.wp.com\/cepronda.com\/blog\/wp-content\/uploads\/2019\/04\/IE_y_AACC.png?fit=911%2C813&ssl=1","jetpack_shortlink":"https:\/\/wp.me\/p8M4X7-HM","jetpack-related-posts":[{"id":4195,"url":"https:\/\/cepronda.com\/blog\/educacion-emocional-herramientas-de-autogestion-y-apoyo-al-alumnado\/","url_meta":{"origin":2714,"position":0},"title":"EDUCACI\u00d3N EMOCIONAL: HERRAMIENTAS DE AUTOGESTI\u00d3N Y APOYO AL ALUMNADO.","author":"Inmaculada Garc\u00eda","date":"15 febrero, 2021","format":false,"excerpt":"Buenos d\u00edas compa\u00f1eros y compa\u00f1eras. Os informamos que est\u00e1 abierto el plazo de inscripci\u00f3n para la actividad formativa \"EDUCACI\u00d3N EMOCIONAL: HERRAMIENTAS DE AUTOGESTI\u00d3N Y APOYO AL ALUMNADO\", con ALBERTO ORTEGA\u00a0 como ponente, experto en Inteligencia Emocional y Coaching Personal. Esperamos que sea de vuestro inter\u00e9s, un saludo. PINCHA EN ESTE\u2026","rel":"","context":"En \u00abNoticias\u00bb","block_context":{"text":"Noticias","link":"https:\/\/cepronda.com\/blog\/category\/noticias\/"},"img":{"alt_text":"","src":"https:\/\/i0.wp.com\/cepronda.com\/blog\/wp-content\/uploads\/2021\/02\/EDUCACION-EMOCIONAL_-HERRAMIENTAS-DE-AUTOGESTION-Y-APOYO-AL-ALUMNADO..jpg?fit=848%2C1200&ssl=1&resize=350%2C200","width":350,"height":200,"srcset":"https:\/\/i0.wp.com\/cepronda.com\/blog\/wp-content\/uploads\/2021\/02\/EDUCACION-EMOCIONAL_-HERRAMIENTAS-DE-AUTOGESTION-Y-APOYO-AL-ALUMNADO..jpg?fit=848%2C1200&ssl=1&resize=350%2C200 1x, https:\/\/i0.wp.com\/cepronda.com\/blog\/wp-content\/uploads\/2021\/02\/EDUCACION-EMOCIONAL_-HERRAMIENTAS-DE-AUTOGESTION-Y-APOYO-AL-ALUMNADO..jpg?fit=848%2C1200&ssl=1&resize=525%2C300 1.5x, https:\/\/i0.wp.com\/cepronda.com\/blog\/wp-content\/uploads\/2021\/02\/EDUCACION-EMOCIONAL_-HERRAMIENTAS-DE-AUTOGESTION-Y-APOYO-AL-ALUMNADO..jpg?fit=848%2C1200&ssl=1&resize=700%2C400 2x"},"classes":[]},{"id":4235,"url":"https:\/\/cepronda.com\/blog\/educacion-emocional-herramientas-de-autogestion-y-apoyo-al-alumnado-2\/","url_meta":{"origin":2714,"position":1},"title":"EDUCACI\u00d3N EMOCIONAL: HERRAMIENTAS DE AUTOGESTI\u00d3N Y APOYO AL ALUMNADO.","author":"Inmaculada Garc\u00eda","date":"4 marzo, 2021","format":false,"excerpt":"Hola compa\u00f1eros y compa\u00f1eras, os recordamos que estamos en los \u00faltimos d\u00edas para realizar vuestra inscripci\u00f3n en la actividad formativa \"EDUCACI\u00d3N EMOCIONAL: HERRAMIENTAS DE AUTOGESTI\u00d3N Y APOYO AL ALUMNADO\", con ALBERTO ORTEGA C\u00c1MARA.\u00a0 Esperamos que sea de vuestro inter\u00e9s. PARA REALIZAR TU INSCRIPCI\u00d3N PINCHA AQU\u00cd.","rel":"","context":"En \u00abNoticias\u00bb","block_context":{"text":"Noticias","link":"https:\/\/cepronda.com\/blog\/category\/noticias\/"},"img":{"alt_text":"","src":"https:\/\/i0.wp.com\/cepronda.com\/blog\/wp-content\/uploads\/2021\/02\/EDUCACION-EMOCIONAL_-HERRAMIENTAS-DE-AUTOGESTION-Y-APOYO-AL-ALUMNADO..jpg?fit=848%2C1200&ssl=1&resize=350%2C200","width":350,"height":200,"srcset":"https:\/\/i0.wp.com\/cepronda.com\/blog\/wp-content\/uploads\/2021\/02\/EDUCACION-EMOCIONAL_-HERRAMIENTAS-DE-AUTOGESTION-Y-APOYO-AL-ALUMNADO..jpg?fit=848%2C1200&ssl=1&resize=350%2C200 1x, https:\/\/i0.wp.com\/cepronda.com\/blog\/wp-content\/uploads\/2021\/02\/EDUCACION-EMOCIONAL_-HERRAMIENTAS-DE-AUTOGESTION-Y-APOYO-AL-ALUMNADO..jpg?fit=848%2C1200&ssl=1&resize=525%2C300 1.5x, https:\/\/i0.wp.com\/cepronda.com\/blog\/wp-content\/uploads\/2021\/02\/EDUCACION-EMOCIONAL_-HERRAMIENTAS-DE-AUTOGESTION-Y-APOYO-AL-ALUMNADO..jpg?fit=848%2C1200&ssl=1&resize=700%2C400 2x"},"classes":[]},{"id":4378,"url":"https:\/\/cepronda.com\/blog\/atencion-educativa-al-alumnado-de-altas-capacidades\/","url_meta":{"origin":2714,"position":2},"title":"Atenci\u00f3n Educativa al Alumnado de Altas Capacidades","author":"Inmaculada Garc\u00eda","date":"7 abril, 2021","format":false,"excerpt":"La pr\u00f3xima semana dar\u00e1 comienzo la formaci\u00f3n \"Atenci\u00f3n Educativa al Alumnado de Altas Capacidades\". En esta ocasi\u00f3n contamos con la Asociaci\u00f3n ASA- M\u00e1laga para impartirla. Entre nuestros ponentes vamos a tener a: Laura D\u00edaz (responsable de formaci\u00f3n de ASA- M\u00e1laga) Laura Caparr\u00f3s\u00a0 (especialista en atenci\u00f3n educativa a alumnado de AACC)\u2026","rel":"","context":"En \u00abFormaciones\u00bb","block_context":{"text":"Formaciones","link":"https:\/\/cepronda.com\/blog\/category\/formaciones\/"},"img":{"alt_text":"","src":"https:\/\/i0.wp.com\/cepronda.com\/blog\/wp-content\/uploads\/2021\/04\/212924GE025-CARTEL-ALTAS-CAPACIDADES.jpg?fit=848%2C1200&ssl=1&resize=350%2C200","width":350,"height":200,"srcset":"https:\/\/i0.wp.com\/cepronda.com\/blog\/wp-content\/uploads\/2021\/04\/212924GE025-CARTEL-ALTAS-CAPACIDADES.jpg?fit=848%2C1200&ssl=1&resize=350%2C200 1x, https:\/\/i0.wp.com\/cepronda.com\/blog\/wp-content\/uploads\/2021\/04\/212924GE025-CARTEL-ALTAS-CAPACIDADES.jpg?fit=848%2C1200&ssl=1&resize=525%2C300 1.5x, https:\/\/i0.wp.com\/cepronda.com\/blog\/wp-content\/uploads\/2021\/04\/212924GE025-CARTEL-ALTAS-CAPACIDADES.jpg?fit=848%2C1200&ssl=1&resize=700%2C400 2x"},"classes":[]},{"id":4415,"url":"https:\/\/cepronda.com\/blog\/atencion-al-alumnado-con-altas-capacidades-intelectuales-aaccii\/","url_meta":{"origin":2714,"position":3},"title":"ATENCI\u00d3N AL ALUMNADO CON ALTAS CAPACIDADES INTELECTUALES (AACCII)","author":"Inmaculada Garc\u00eda","date":"15 abril, 2021","format":false,"excerpt":"Os informamos que est\u00e1 abierto el plazo de inscripci\u00f3n (hasta el 26 de abril) de la formaci\u00f3n \u201cATENCI\u00d3N AL ALUMNADO CON ALTAS CAPACIDADES INTELECTUALES (AACCII)(219908KOE278)\u201d. Es un curso a distancia que se desarrollar\u00e1 en el Aula Virtual de Formaci\u00f3n del Profesorado, de car\u00e1cter regional y gestionada por el CEP de\u2026","rel":"","context":"En \u00abFormaciones\u00bb","block_context":{"text":"Formaciones","link":"https:\/\/cepronda.com\/blog\/category\/formaciones\/"},"img":{"alt_text":"","src":"https:\/\/i0.wp.com\/cepronda.com\/blog\/wp-content\/uploads\/2021\/04\/article.jpg?resize=350%2C200","width":350,"height":200},"classes":[]},{"id":4700,"url":"https:\/\/cepronda.com\/blog\/inteligencia-emocional-n-ii-y-n-iii-desarrollo-e-implementacion\/","url_meta":{"origin":2714,"position":4},"title":"INTELIGENCIA EMOCIONAL N.II Y N.III. DESARROLLO E IMPLEMENTACI\u00d3N.","author":"Inmaculada Garc\u00eda","date":"29 septiembre, 2021","format":false,"excerpt":"Buenos d\u00edas compa\u00f1eros y compa\u00f1eras, hoy se abre el plazo de inscripci\u00f3n para la actividad formativa INTELIGENCIA EMOCIONAL N.II Y N.III. DESARROLLO E IMPLEMENTACI\u00d3N, con Alberto Ortega, Manuel Deco, Mar\u00eda Valencia, Marisa Ben\u00edtez y Jos\u00e9 Eduardo Faya. Esperamos que sea de vuestro inter\u00e9s. Un saludo. \u00a0 \u00a0 PINCHA EN EL\u2026","rel":"","context":"En \u00abNoticias\u00bb","block_context":{"text":"Noticias","link":"https:\/\/cepronda.com\/blog\/category\/noticias\/"},"img":{"alt_text":"","src":"https:\/\/i0.wp.com\/cepronda.com\/blog\/wp-content\/uploads\/2021\/09\/ITINERARIO-FORMATIVO-DE-INTELIGENCIA-EMOCIONAL-1.png?fit=848%2C1200&ssl=1&resize=350%2C200","width":350,"height":200,"srcset":"https:\/\/i0.wp.com\/cepronda.com\/blog\/wp-content\/uploads\/2021\/09\/ITINERARIO-FORMATIVO-DE-INTELIGENCIA-EMOCIONAL-1.png?fit=848%2C1200&ssl=1&resize=350%2C200 1x, https:\/\/i0.wp.com\/cepronda.com\/blog\/wp-content\/uploads\/2021\/09\/ITINERARIO-FORMATIVO-DE-INTELIGENCIA-EMOCIONAL-1.png?fit=848%2C1200&ssl=1&resize=525%2C300 1.5x, https:\/\/i0.wp.com\/cepronda.com\/blog\/wp-content\/uploads\/2021\/09\/ITINERARIO-FORMATIVO-DE-INTELIGENCIA-EMOCIONAL-1.png?fit=848%2C1200&ssl=1&resize=700%2C400 2x"},"classes":[]},{"id":3107,"url":"https:\/\/cepronda.com\/blog\/fomentamos-la-lectura-con-inteligencia-emocional\/","url_meta":{"origin":2714,"position":5},"title":"FOMENTAMOS LA LECTURA CON INTELIGENCIA EMOCIONAL","author":"V\u00edctor Caballero","date":"28 octubre, 2019","format":false,"excerpt":"En todas las etapas de la Educaci\u00f3n, debemos aprovechar todos los recursos posibles para que cada actividad que hagamos sea lo m\u00e1s completa posible y ayude a la formaci\u00f3n y educaci\u00f3n de nuestro alumnado. El desarrollo de la competencia ling\u00fc\u00edstica es fundamental en la etapa de Educaci\u00f3n Infantil y Primaria\u2026","rel":"","context":"En \u00abFormaciones\u00bb","block_context":{"text":"Formaciones","link":"https:\/\/cepronda.com\/blog\/category\/formaciones\/"},"img":{"alt_text":"","src":"https:\/\/i0.wp.com\/cepronda.com\/blog\/wp-content\/uploads\/2019\/10\/Lectura_int_emocional.png?fit=644%2C908&ssl=1&resize=350%2C200","width":350,"height":200,"srcset":"https:\/\/i0.wp.com\/cepronda.com\/blog\/wp-content\/uploads\/2019\/10\/Lectura_int_emocional.png?fit=644%2C908&ssl=1&resize=350%2C200 1x, https:\/\/i0.wp.com\/cepronda.com\/blog\/wp-content\/uploads\/2019\/10\/Lectura_int_emocional.png?fit=644%2C908&ssl=1&resize=525%2C300 1.5x"},"classes":[]}],"jetpack_sharing_enabled":true,"_links":{"self":[{"href":"https:\/\/cepronda.com\/blog\/wp-json\/wp\/v2\/posts\/2714","targetHints":{"allow":["GET"]}}],"collection":[{"href":"https:\/\/cepronda.com\/blog\/wp-json\/wp\/v2\/posts"}],"about":[{"href":"https:\/\/cepronda.com\/blog\/wp-json\/wp\/v2\/types\/post"}],"author":[{"embeddable":true,"href":"https:\/\/cepronda.com\/blog\/wp-json\/wp\/v2\/users\/3"}],"replies":[{"embeddable":true,"href":"https:\/\/cepronda.com\/blog\/wp-json\/wp\/v2\/comments?post=2714"}],"version-history":[{"count":1,"href":"https:\/\/cepronda.com\/blog\/wp-json\/wp\/v2\/posts\/2714\/revisions"}],"predecessor-version":[{"id":2716,"href":"https:\/\/cepronda.com\/blog\/wp-json\/wp\/v2\/posts\/2714\/revisions\/2716"}],"wp:featuredmedia":[{"embeddable":true,"href":"https:\/\/cepronda.com\/blog\/wp-json\/wp\/v2\/media\/2715"}],"wp:attachment":[{"href":"https:\/\/cepronda.com\/blog\/wp-json\/wp\/v2\/media?parent=2714"}],"wp:term":[{"taxonomy":"category","embeddable":true,"href":"https:\/\/cepronda.com\/blog\/wp-json\/wp\/v2\/categories?post=2714"},{"taxonomy":"post_tag","embeddable":true,"href":"https:\/\/cepronda.com\/blog\/wp-json\/wp\/v2\/tags?post=2714"}],"curies":[{"name":"wp","href":"https:\/\/api.w.org\/{rel}","templated":true}]}}