{"id":2708,"date":"2019-04-05T12:55:36","date_gmt":"2019-04-05T10:55:36","guid":{"rendered":"http:\/\/cepronda.com\/blog\/?p=2708"},"modified":"2019-04-05T12:55:44","modified_gmt":"2019-04-05T10:55:44","slug":"aprender-ciencia-desde-la-indagacion","status":"publish","type":"post","link":"https:\/\/cepronda.com\/blog\/aprender-ciencia-desde-la-indagacion\/","title":{"rendered":"APRENDER CIENCIA DESDE LA INDAGACI\u00d3N"},"content":{"rendered":"\n<p class=\"wp-block-paragraph\">Muy buenas familia, desde el CEP de Granada se oferta un curso a distancia de \u00c1mbito Regional: APRENDER CIENCIA DESDE LA INDAGACI\u00d3N y queremos compartirlo con todos y todas aquellas que os interese. <br><br>Est\u00e1 dirigido a profesorado interesado en conocer, comprender y aplicar en sus clases los elementos que involucra el aprendizaje de las ciencias basadas en la indagaci\u00f3n. Se dar\u00e1n a conocer los fundamentos que sustentan la metodolog\u00eda indagatoria, sus objetivos y las estrategias pedag\u00f3gicas para su aplicaci\u00f3n en el aula.<br><br>La actividad formativa culminar\u00e1 con la realizaci\u00f3n de un experimento o experiencia cient\u00edfica que ser\u00e1 expuesto, el d\u00eda 11 de mayo, en la Feria de la Ciencia que se celebrar\u00e1 en el Parque de las Ciencias de Granada, o en las Ferias de la Ciencia que se van a celebrar en diferentes localidades andaluzas. <\/p>\n\n\n\n<p class=\"wp-block-paragraph\"> M\u00e1s informaci\u00f3n y solicitudes:<br><br><a href=\"https:\/\/www.juntadeandalucia.es\/educacion\/secretariavirtual\/consultaCEP\/actividad\/191811GE234\/\">https:\/\/www.juntadeandalucia.es\/educacion\/secretariavirtual\/consultaCEP\/actividad\/191811GE234\/<\/a><\/p>\n\n\n\n<figure class=\"wp-block-image\"><a href=\"https:\/\/www.juntadeandalucia.es\/educacion\/secretariavirtual\/consultaCEP\/actividad\/191811GE234\/\"><img loading=\"lazy\" decoding=\"async\" width=\"1920\" height=\"960\" src=\"https:\/\/i2.wp.com\/cepronda.com\/blog\/wp-content\/uploads\/2019\/04\/dna-1811955_1920.jpg?fit=1024%2C512\" alt=\"\" class=\"wp-image-2709\" srcset=\"https:\/\/i0.wp.com\/cepronda.com\/blog\/wp-content\/uploads\/2019\/04\/dna-1811955_1920.jpg?w=1920&amp;ssl=1 1920w, https:\/\/i0.wp.com\/cepronda.com\/blog\/wp-content\/uploads\/2019\/04\/dna-1811955_1920.jpg?resize=300%2C150&amp;ssl=1 300w, https:\/\/i0.wp.com\/cepronda.com\/blog\/wp-content\/uploads\/2019\/04\/dna-1811955_1920.jpg?resize=768%2C384&amp;ssl=1 768w, https:\/\/i0.wp.com\/cepronda.com\/blog\/wp-content\/uploads\/2019\/04\/dna-1811955_1920.jpg?resize=1024%2C512&amp;ssl=1 1024w\" sizes=\"auto, (max-width: 1170px) 100vw, 1170px\" \/><\/a><\/figure>\n","protected":false},"excerpt":{"rendered":"<p>Muy buenas familia, desde el CEP de Granada se oferta un curso a distancia de \u00c1mbito Regional: APRENDER CIENCIA DESDE LA INDAGACI\u00d3N y queremos compartirlo con todos y todas aquellas que os interese. Est\u00e1 dirigido a profesorado interesado en conocer, comprender y aplicar en sus clases los elementos que involucra el aprendizaje de las ciencias [&hellip;]<\/p>\n","protected":false},"author":3,"featured_media":2709,"comment_status":"open","ping_status":"open","sticky":false,"template":"","format":"standard","meta":{"_crdt_document":"","advanced_seo_description":"","jetpack_seo_html_title":"","jetpack_seo_noindex":false,"jetpack_post_was_ever_published":false,"_jetpack_newsletter_access":"","_jetpack_dont_email_post_to_subs":false,"_jetpack_newsletter_tier_id":0,"_jetpack_memberships_contains_paywalled_content":false,"_jetpack_memberships_contains_paid_content":false,"footnotes":"","jetpack_publicize_message":"","jetpack_publicize_feature_enabled":true,"jetpack_social_post_already_shared":true,"jetpack_social_options":{"image_generator_settings":{"template":"highway","default_image_id":0,"font":"","enabled":false},"version":2}},"categories":[5],"tags":[14],"class_list":{"0":"post-2708","1":"post","2":"type-post","3":"status-publish","4":"format-standard","5":"has-post-thumbnail","7":"category-noticias","8":"tag-ciencias","9":"czr-hentry"},"jetpack_publicize_connections":[],"jetpack_featured_media_url":"https:\/\/i0.wp.com\/cepronda.com\/blog\/wp-content\/uploads\/2019\/04\/dna-1811955_1920.jpg?fit=1920%2C960&ssl=1","jetpack_shortlink":"https:\/\/wp.me\/p8M4X7-HG","jetpack-related-posts":[{"id":1586,"url":"https:\/\/cepronda.com\/blog\/21a-feria-de-la-ciencia-en-el-parque-de-las-ciencias-de-granada\/","url_meta":{"origin":2708,"position":0},"title":"21\u00aa FERIA DE LA CIENCIA en el Parque de las Ciencias de Granada","author":"V\u00edctor Caballero","date":"2 febrero, 2018","format":false,"excerpt":"\u00a1Muy buenas de nuevo! El s\u00e1bado 12 de mayo el PARQUE DE LAS CIENCIAS celebrar\u00e1 su 21\u00aa FERIA DE LA CIENCIA para la participaci\u00f3n de centros educativos de toda Andaluc\u00eda. Si quer\u00e9is participar en la misma con vuestro alumnado, abrid el documento pdf que ten\u00e9is mas abajo y podr\u00e9is encontrar\u2026","rel":"","context":"En \u00abNoticias\u00bb","block_context":{"text":"Noticias","link":"https:\/\/cepronda.com\/blog\/category\/noticias\/"},"img":{"alt_text":"","src":"https:\/\/i0.wp.com\/cepronda.com\/blog\/wp-content\/uploads\/2018\/02\/ParqueCiencias_Macroscopio.jpg?fit=1024%2C538&ssl=1&resize=350%2C200","width":350,"height":200,"srcset":"https:\/\/i0.wp.com\/cepronda.com\/blog\/wp-content\/uploads\/2018\/02\/ParqueCiencias_Macroscopio.jpg?fit=1024%2C538&ssl=1&resize=350%2C200 1x, https:\/\/i0.wp.com\/cepronda.com\/blog\/wp-content\/uploads\/2018\/02\/ParqueCiencias_Macroscopio.jpg?fit=1024%2C538&ssl=1&resize=525%2C300 1.5x, https:\/\/i0.wp.com\/cepronda.com\/blog\/wp-content\/uploads\/2018\/02\/ParqueCiencias_Macroscopio.jpg?fit=1024%2C538&ssl=1&resize=700%2C400 2x"},"classes":[]},{"id":2602,"url":"https:\/\/cepronda.com\/blog\/una-llamada-de-auxilio-desde-el-cep-marbella-coin\/","url_meta":{"origin":2708,"position":1},"title":"Una llamada de auxilio desde el CEP Marbella- Co\u00edn","author":"V\u00edctor Caballero","date":"21 enero, 2019","format":false,"excerpt":"\u00a1Atenci\u00f3n al siguiente v\u00eddeo compa\u00f1eros\/as! Algo grave va a suceder pr\u00f3ximamente y es necesario actuar. Todo el profesorado de la provincia debe de estar preparado para lo que se avecina. \u00a1Os necesitamos! https:\/\/www.youtube.com\/watch?v=F7pZuzJOoWg Sigue todos los detalles por aqu\u00ed, y en las siguientes redes y perfiles: Instagram: @ferialbaytarTwitter: @ferialbaytarCanal Telegram:\u2026","rel":"","context":"En \u00abNoticias\u00bb","block_context":{"text":"Noticias","link":"https:\/\/cepronda.com\/blog\/category\/noticias\/"},"img":{"alt_text":"","src":"https:\/\/i0.wp.com\/cepronda.com\/blog\/wp-content\/uploads\/2019\/01\/help-153094_1280.png?fit=1200%2C1007&ssl=1&resize=350%2C200","width":350,"height":200,"srcset":"https:\/\/i0.wp.com\/cepronda.com\/blog\/wp-content\/uploads\/2019\/01\/help-153094_1280.png?fit=1200%2C1007&ssl=1&resize=350%2C200 1x, https:\/\/i0.wp.com\/cepronda.com\/blog\/wp-content\/uploads\/2019\/01\/help-153094_1280.png?fit=1200%2C1007&ssl=1&resize=525%2C300 1.5x, https:\/\/i0.wp.com\/cepronda.com\/blog\/wp-content\/uploads\/2019\/01\/help-153094_1280.png?fit=1200%2C1007&ssl=1&resize=700%2C400 2x, https:\/\/i0.wp.com\/cepronda.com\/blog\/wp-content\/uploads\/2019\/01\/help-153094_1280.png?fit=1200%2C1007&ssl=1&resize=1050%2C600 3x"},"classes":[]},{"id":2009,"url":"https:\/\/cepronda.com\/blog\/talentos-e-inventos-en-el-ies-martin-rivero\/","url_meta":{"origin":2708,"position":2},"title":"\u00abTalentos e inventos\u00bb en el IES Mart\u00edn Rivero","author":"V\u00edctor Caballero","date":"31 mayo, 2018","format":false,"excerpt":"\u00a1Muy buenas! C\u00f3mo ya hemos comentado en varias ocasiones, en el CEP tenemos la suerte de poder asistir a muchas de vuestras actividades y disfrutarlas. En esta ocasi\u00f3n nos hemos trasladado al IES Mart\u00edn Rivero donde hoy hab\u00edan preparado su jornada de puertas abiertas denominada \"Talentos e inventos\". En las\u2026","rel":"","context":"En \u00abNoticias\u00bb","block_context":{"text":"Noticias","link":"https:\/\/cepronda.com\/blog\/category\/noticias\/"},"img":{"alt_text":"","src":"https:\/\/i0.wp.com\/cepronda.com\/blog\/wp-content\/uploads\/2018\/05\/IMG_20180531_124240.jpg?fit=1200%2C900&ssl=1&resize=350%2C200","width":350,"height":200,"srcset":"https:\/\/i0.wp.com\/cepronda.com\/blog\/wp-content\/uploads\/2018\/05\/IMG_20180531_124240.jpg?fit=1200%2C900&ssl=1&resize=350%2C200 1x, https:\/\/i0.wp.com\/cepronda.com\/blog\/wp-content\/uploads\/2018\/05\/IMG_20180531_124240.jpg?fit=1200%2C900&ssl=1&resize=525%2C300 1.5x, https:\/\/i0.wp.com\/cepronda.com\/blog\/wp-content\/uploads\/2018\/05\/IMG_20180531_124240.jpg?fit=1200%2C900&ssl=1&resize=700%2C400 2x, https:\/\/i0.wp.com\/cepronda.com\/blog\/wp-content\/uploads\/2018\/05\/IMG_20180531_124240.jpg?fit=1200%2C900&ssl=1&resize=1050%2C600 3x"},"classes":[]},{"id":5940,"url":"https:\/\/cepronda.com\/blog\/vii-jornadas-de-divulgacion-cientifica-diego-perez-de-mesa-la-ciencia-no-entiende-de-genero\/","url_meta":{"origin":2708,"position":3},"title":"VII JORNADAS DE DIVULGACI\u00d3N CIENT\u00cdFICA \u00bbDIEGO P\u00c9REZ DE MESA\u00bb. LA CIENCIA NO ENTIENDE DE G\u00c9NERO","author":"Mamen Moreno","date":"18 abril, 2023","format":false,"excerpt":"Volvemos a retomar para el mes de mayo con las VII Jornadas de Divulgaci\u00f3n Cient\u00edfica Diego P\u00e9rez de Mesa. En esta ocasi\u00f3n relacionadas con la Ciencia no entiende g\u00e9nero. El contenido de estas jornadas comprende tres sesiones con una serie de conferencias relacionadas con la divulgaci\u00f3n cient\u00edfica: Jueves 4 de\u2026","rel":"","context":"En \u00abFormaciones\u00bb","block_context":{"text":"Formaciones","link":"https:\/\/cepronda.com\/blog\/category\/formaciones\/"},"img":{"alt_text":"","src":"https:\/\/i0.wp.com\/cepronda.com\/blog\/wp-content\/uploads\/2023\/04\/CARTEL-JORNADAS-DE-DIVULGACION-CIENTIFICA.jpg?fit=848%2C1200&ssl=1&resize=350%2C200","width":350,"height":200,"srcset":"https:\/\/i0.wp.com\/cepronda.com\/blog\/wp-content\/uploads\/2023\/04\/CARTEL-JORNADAS-DE-DIVULGACION-CIENTIFICA.jpg?fit=848%2C1200&ssl=1&resize=350%2C200 1x, https:\/\/i0.wp.com\/cepronda.com\/blog\/wp-content\/uploads\/2023\/04\/CARTEL-JORNADAS-DE-DIVULGACION-CIENTIFICA.jpg?fit=848%2C1200&ssl=1&resize=525%2C300 1.5x, https:\/\/i0.wp.com\/cepronda.com\/blog\/wp-content\/uploads\/2023\/04\/CARTEL-JORNADAS-DE-DIVULGACION-CIENTIFICA.jpg?fit=848%2C1200&ssl=1&resize=700%2C400 2x"},"classes":[]},{"id":2679,"url":"https:\/\/cepronda.com\/blog\/fisica-de-particulas-para-estudiantes-de-bachillerato-en-el-parque-de-las-ciencias\/","url_meta":{"origin":2708,"position":4},"title":"F\u00cdSICA DE PART\u00cdCULAS PARA ESTUDIANTES DE BACHILLERATO EN EL PARQUE DE LAS CIENCIAS","author":"V\u00edctor Caballero","date":"19 marzo, 2019","format":false,"excerpt":"Muy buenas familia, os escribimos hoy para contaros que tenemos hoy a dos estudiantes del IES Mart\u00edn Rivero ( Daniel Montesinos y Adri\u00e1n Fern\u00e1ndez) en el Parque de las Ciencias junto con el Grupo de F\u00edsica de Part\u00edculas Elementales de la UGR, organizan la \"Masterclass Hands on Particle Physics\".Durante toda\u2026","rel":"","context":"En \u00abNoticias\u00bb","block_context":{"text":"Noticias","link":"https:\/\/cepronda.com\/blog\/category\/noticias\/"},"img":{"alt_text":"","src":"https:\/\/i0.wp.com\/cepronda.com\/blog\/wp-content\/uploads\/2019\/03\/IES-Mart%C3%ADn-Rivero-Parque-Ciencias.jpeg?fit=1200%2C900&ssl=1&resize=350%2C200","width":350,"height":200,"srcset":"https:\/\/i0.wp.com\/cepronda.com\/blog\/wp-content\/uploads\/2019\/03\/IES-Mart%C3%ADn-Rivero-Parque-Ciencias.jpeg?fit=1200%2C900&ssl=1&resize=350%2C200 1x, https:\/\/i0.wp.com\/cepronda.com\/blog\/wp-content\/uploads\/2019\/03\/IES-Mart%C3%ADn-Rivero-Parque-Ciencias.jpeg?fit=1200%2C900&ssl=1&resize=525%2C300 1.5x, https:\/\/i0.wp.com\/cepronda.com\/blog\/wp-content\/uploads\/2019\/03\/IES-Mart%C3%ADn-Rivero-Parque-Ciencias.jpeg?fit=1200%2C900&ssl=1&resize=700%2C400 2x, https:\/\/i0.wp.com\/cepronda.com\/blog\/wp-content\/uploads\/2019\/03\/IES-Mart%C3%ADn-Rivero-Parque-Ciencias.jpeg?fit=1200%2C900&ssl=1&resize=1050%2C600 3x"},"classes":[]},{"id":1205,"url":"https:\/\/cepronda.com\/blog\/el-ies-martin-rivero-participa-en-el-certamen-ciencia-en-accion\/","url_meta":{"origin":2708,"position":5},"title":"El IES Mart\u00edn Rivero participa en el Certamen \u00abCiencia en Acci\u00f3n\u00bb","author":"V\u00edctor Caballero","date":"6 septiembre, 2017","format":false,"excerpt":"Un total de seis iniciativas propuestas por centros educativos malague\u00f1os han sido seleccionadas por la Comisi\u00f3n de \u201cCiencia en Acci\u00f3n\u201d para participar en la final de dicho certamen que tendr\u00e1 lugar en la localidad de Ermua el pr\u00f3ximo mes de octubre. En lo que respecta a lo que respecta a\u2026","rel":"","context":"En \u00abNoticias\u00bb","block_context":{"text":"Noticias","link":"https:\/\/cepronda.com\/blog\/category\/noticias\/"},"img":{"alt_text":"","src":"https:\/\/i0.wp.com\/cepronda.com\/blog\/wp-content\/uploads\/2017\/09\/ciencia_en_accion-295x300.jpg?resize=350%2C200","width":350,"height":200},"classes":[]}],"jetpack_sharing_enabled":true,"_links":{"self":[{"href":"https:\/\/cepronda.com\/blog\/wp-json\/wp\/v2\/posts\/2708","targetHints":{"allow":["GET"]}}],"collection":[{"href":"https:\/\/cepronda.com\/blog\/wp-json\/wp\/v2\/posts"}],"about":[{"href":"https:\/\/cepronda.com\/blog\/wp-json\/wp\/v2\/types\/post"}],"author":[{"embeddable":true,"href":"https:\/\/cepronda.com\/blog\/wp-json\/wp\/v2\/users\/3"}],"replies":[{"embeddable":true,"href":"https:\/\/cepronda.com\/blog\/wp-json\/wp\/v2\/comments?post=2708"}],"version-history":[{"count":1,"href":"https:\/\/cepronda.com\/blog\/wp-json\/wp\/v2\/posts\/2708\/revisions"}],"predecessor-version":[{"id":2710,"href":"https:\/\/cepronda.com\/blog\/wp-json\/wp\/v2\/posts\/2708\/revisions\/2710"}],"wp:featuredmedia":[{"embeddable":true,"href":"https:\/\/cepronda.com\/blog\/wp-json\/wp\/v2\/media\/2709"}],"wp:attachment":[{"href":"https:\/\/cepronda.com\/blog\/wp-json\/wp\/v2\/media?parent=2708"}],"wp:term":[{"taxonomy":"category","embeddable":true,"href":"https:\/\/cepronda.com\/blog\/wp-json\/wp\/v2\/categories?post=2708"},{"taxonomy":"post_tag","embeddable":true,"href":"https:\/\/cepronda.com\/blog\/wp-json\/wp\/v2\/tags?post=2708"}],"curies":[{"name":"wp","href":"https:\/\/api.w.org\/{rel}","templated":true}]}}