{"id":2693,"date":"2019-04-01T12:53:24","date_gmt":"2019-04-01T10:53:24","guid":{"rendered":"http:\/\/cepronda.com\/blog\/?p=2693"},"modified":"2019-04-01T12:53:34","modified_gmt":"2019-04-01T10:53:34","slug":"we-love-diversidad-una-actividad-formativa-para-trabajar-la-igualdad-y-la-diversidad","status":"publish","type":"post","link":"https:\/\/cepronda.com\/blog\/we-love-diversidad-una-actividad-formativa-para-trabajar-la-igualdad-y-la-diversidad\/","title":{"rendered":"We Love Diversidad, una actividad formativa para trabajar la igualdad y la diversidad"},"content":{"rendered":"\n<p class=\"wp-block-paragraph\">Hoy en d\u00eda en muchos centros se comienzan a trabajan temas tan necesarios como la resoluci\u00f3n de conflictos, el control de impulsos o los buenos tratos. Pero todo este trabajo puede quedar incompleto si no se aborda desde la perspectiva de g\u00e9nero y de diversidad.<br><\/p>\n\n\n\n<p class=\"wp-block-paragraph\">En este taller veremos como todo est\u00e1 interrelacionado y desde este prisma, luchar por los buenos tratos tanto en el centro, como fuera del mismo y por supuesto para cuando el alumnado salga a la calle, en su futuro trabajo, en casa, en su entorno de iguales, etc.<br><\/p>\n\n\n\n<p class=\"wp-block-paragraph\">En definitiva, ofrecerles los recursos al profesorado para que los puedan transmitir en sus centros haciendo que su alumnado pueda ser agente de cambio, que puedan aclarar dudas entre sus amistades o incluso familias y no sigan perpetuando mitos y violencias disfrazadas de \u00abnormalidad\u00bb.<br><\/p>\n\n\n\n<p class=\"wp-block-paragraph\">Apostamos por una educaci\u00f3n integral que aborde todos los aspectos de la sexualidad, m\u00e1s all\u00e1 de la mera prevenci\u00f3n sanitaria. Una educaci\u00f3n temprana que permita naturalizar la sexualidad y eliminar los tab\u00faes. Una educaci\u00f3n que contemple el derecho a la diversidad de las personas, a las distintas maneras de vivir la sexualidad fomentando la igualdad y el respeto entre todos y todas.<\/p>\n\n\n\n<p class=\"wp-block-paragraph\">Los contenidos a trabajar ser\u00e1n los siguientes:<\/p>\n\n\n\n<ul class=\"wp-block-list\"><li>La diversidad de g\u00e9nero.<\/li><li> La diversidad de familias.<\/li><li> Salud sexual y educaci\u00f3n afectivo sexual.<\/li><li> Lenguaje inclusivo.<\/li><\/ul>\n\n\n\n<p class=\"wp-block-paragraph\">Para inscribiros y ver los detalles de la actividad s\u00f3lo ten\u00e9is que <a href=\"https:\/\/www.juntadeandalucia.es\/educacion\/secretariavirtual\/consultaCEP\/actividad\/192924GE045\/\" target=\"_blank\" rel=\"noreferrer noopener\" aria-label=\"seguir este enlace (opens in a new tab)\">seguir este enlace<\/a>. No dej\u00e9is pasar esta oportunidad de conocer como podemos trabajar la diversidad y la educaci\u00f3n afectivo sexual en nuestras aulas, desde Infantil y Secundaria.<\/p>\n\n\n\n<figure class=\"wp-block-image\"><a href=\"https:\/\/www.juntadeandalucia.es\/educacion\/secretariavirtual\/consultaCEP\/actividad\/192924GE045\/\"><img loading=\"lazy\" decoding=\"async\" width=\"1280\" height=\"640\" src=\"https:\/\/i0.wp.com\/cepronda.com\/blog\/wp-content\/uploads\/2019\/04\/family-2112266_1280.png?fit=1024%2C512\" alt=\"\" class=\"wp-image-2694\" srcset=\"https:\/\/i0.wp.com\/cepronda.com\/blog\/wp-content\/uploads\/2019\/04\/family-2112266_1280.png?w=1280&amp;ssl=1 1280w, https:\/\/i0.wp.com\/cepronda.com\/blog\/wp-content\/uploads\/2019\/04\/family-2112266_1280.png?resize=300%2C150&amp;ssl=1 300w, https:\/\/i0.wp.com\/cepronda.com\/blog\/wp-content\/uploads\/2019\/04\/family-2112266_1280.png?resize=768%2C384&amp;ssl=1 768w, https:\/\/i0.wp.com\/cepronda.com\/blog\/wp-content\/uploads\/2019\/04\/family-2112266_1280.png?resize=1024%2C512&amp;ssl=1 1024w\" sizes=\"auto, (max-width: 1170px) 100vw, 1170px\" \/><\/a><\/figure>\n","protected":false},"excerpt":{"rendered":"<p>Hoy en d\u00eda en muchos centros se comienzan a trabajan temas tan necesarios como la resoluci\u00f3n de conflictos, el control de impulsos o los buenos tratos. Pero todo este trabajo puede quedar incompleto si no se aborda desde la perspectiva de g\u00e9nero y de diversidad. En este taller veremos como todo est\u00e1 interrelacionado y desde [&hellip;]<\/p>\n","protected":false},"author":3,"featured_media":2694,"comment_status":"open","ping_status":"open","sticky":false,"template":"","format":"standard","meta":{"_crdt_document":"","advanced_seo_description":"","jetpack_seo_html_title":"","jetpack_seo_noindex":false,"jetpack_post_was_ever_published":false,"_jetpack_newsletter_access":"","_jetpack_dont_email_post_to_subs":false,"_jetpack_newsletter_tier_id":0,"_jetpack_memberships_contains_paywalled_content":false,"_jetpack_memberships_contains_paid_content":false,"footnotes":"","jetpack_publicize_message":"We love diversidad, una actividad formativa para trabajar la igualdad y la diversidad con @Apoyopositivo\nNo dejes pasar esta oportunidad","jetpack_publicize_feature_enabled":true,"jetpack_social_post_already_shared":true,"jetpack_social_options":{"image_generator_settings":{"template":"highway","default_image_id":0,"font":"","enabled":false},"version":2}},"categories":[3],"tags":[37],"class_list":{"0":"post-2693","1":"post","2":"type-post","3":"status-publish","4":"format-standard","5":"has-post-thumbnail","7":"category-formaciones","8":"tag-igualdad","9":"czr-hentry"},"jetpack_publicize_connections":[],"jetpack_featured_media_url":"https:\/\/i0.wp.com\/cepronda.com\/blog\/wp-content\/uploads\/2019\/04\/family-2112266_1280.png?fit=1280%2C640&ssl=1","jetpack_shortlink":"https:\/\/wp.me\/p8M4X7-Hr","jetpack-related-posts":[{"id":2486,"url":"https:\/\/cepronda.com\/blog\/otro-nuevo-ejemplo-del-trabajo-en-los-centros-contra-la-violencia-de-genero\/","url_meta":{"origin":2693,"position":0},"title":"Otro nuevo ejemplo del trabajo en los centros contra la violencia de g\u00e9nero","author":"V\u00edctor Caballero","date":"27 noviembre, 2018","format":false,"excerpt":"Muy buenas de nuevo,\u00a0 Me llegan nuevos ejemplos de como han trabajado con el alumnado y la comunidad educativa en distintos centros de nuestra zona con motivo del 25 de noviembre. En este caso me llega el v\u00eddeo elaborado por el CEIP Hermanos Aguilera, en el que han usado dibujos\u2026","rel":"","context":"En \u00abNoticias\u00bb","block_context":{"text":"Noticias","link":"https:\/\/cepronda.com\/blog\/category\/noticias\/"},"img":{"alt_text":"","src":"https:\/\/i0.wp.com\/cepronda.com\/blog\/wp-content\/uploads\/2017\/09\/man-2660414_640.jpg?fit=640%2C640&ssl=1&resize=350%2C200","width":350,"height":200,"srcset":"https:\/\/i0.wp.com\/cepronda.com\/blog\/wp-content\/uploads\/2017\/09\/man-2660414_640.jpg?fit=640%2C640&ssl=1&resize=350%2C200 1x, https:\/\/i0.wp.com\/cepronda.com\/blog\/wp-content\/uploads\/2017\/09\/man-2660414_640.jpg?fit=640%2C640&ssl=1&resize=525%2C300 1.5x"},"classes":[]},{"id":1175,"url":"https:\/\/cepronda.com\/blog\/nuestra-enhorabuena\/","url_meta":{"origin":2693,"position":1},"title":"Nuestra enhorabuena","author":"V\u00edctor Caballero","date":"29 junio, 2017","format":false,"excerpt":"\u00a1Hola! Pensaba yo esta ma\u00f1ana...\"tengo que escribir una entrada para desear un feliz verano al profesorado...\" y de pronto me encuentro con una magn\u00edfica noticia, y no quiero dejar pasar la oportunidad de compartirlo con todas y todos vosotros. Se trata de los premios al concurso \"Cu\u00e9ntanos una historia\", donde\u2026","rel":"","context":"En \u00abNoticias\u00bb","block_context":{"text":"Noticias","link":"https:\/\/cepronda.com\/blog\/category\/noticias\/"},"img":{"alt_text":"","src":"https:\/\/i0.wp.com\/cepronda.com\/blog\/wp-content\/uploads\/2017\/06\/premio-microrrelatos-750x500.jpg?fit=750%2C500&ssl=1&resize=350%2C200","width":350,"height":200,"srcset":"https:\/\/i0.wp.com\/cepronda.com\/blog\/wp-content\/uploads\/2017\/06\/premio-microrrelatos-750x500.jpg?fit=750%2C500&ssl=1&resize=350%2C200 1x, https:\/\/i0.wp.com\/cepronda.com\/blog\/wp-content\/uploads\/2017\/06\/premio-microrrelatos-750x500.jpg?fit=750%2C500&ssl=1&resize=525%2C300 1.5x, https:\/\/i0.wp.com\/cepronda.com\/blog\/wp-content\/uploads\/2017\/06\/premio-microrrelatos-750x500.jpg?fit=750%2C500&ssl=1&resize=700%2C400 2x"},"classes":[]},{"id":2474,"url":"https:\/\/cepronda.com\/blog\/video-contra-la-violencia-de-genero-del-ies-profesor-goznalo-huesa\/","url_meta":{"origin":2693,"position":2},"title":"V\u00eddeo contra la violencia de g\u00e9nero del IES Profesor Goznalo Huesa","author":"V\u00edctor Caballero","date":"27 noviembre, 2018","format":false,"excerpt":"Hola de nuevo, Desde el IES Profesor Gonzalo Huesa nos mandan este v\u00eddeo donde podemos ver como el alumnado se pronuncia contra la violencia de g\u00e9nero. Desde el CEP queremos dar la enhorabuena a todo el profesorado y alumnado participante, ya que han hecho un trabajo excelente.\u00a0 Enlace al v\u00eddeo","rel":"","context":"En \u00abNoticias\u00bb","block_context":{"text":"Noticias","link":"https:\/\/cepronda.com\/blog\/category\/noticias\/"},"img":{"alt_text":"","src":"https:\/\/i0.wp.com\/cepronda.com\/blog\/wp-content\/uploads\/2018\/11\/man-101001_1920.jpg?fit=1200%2C848&ssl=1&resize=350%2C200","width":350,"height":200,"srcset":"https:\/\/i0.wp.com\/cepronda.com\/blog\/wp-content\/uploads\/2018\/11\/man-101001_1920.jpg?fit=1200%2C848&ssl=1&resize=350%2C200 1x, https:\/\/i0.wp.com\/cepronda.com\/blog\/wp-content\/uploads\/2018\/11\/man-101001_1920.jpg?fit=1200%2C848&ssl=1&resize=525%2C300 1.5x, https:\/\/i0.wp.com\/cepronda.com\/blog\/wp-content\/uploads\/2018\/11\/man-101001_1920.jpg?fit=1200%2C848&ssl=1&resize=700%2C400 2x, https:\/\/i0.wp.com\/cepronda.com\/blog\/wp-content\/uploads\/2018\/11\/man-101001_1920.jpg?fit=1200%2C848&ssl=1&resize=1050%2C600 3x"},"classes":[]},{"id":1694,"url":"https:\/\/cepronda.com\/blog\/el-papel-de-la-tutoria-en-la-atencion-a-la-diversidad-marco-normativo-y-evaluacion\/","url_meta":{"origin":2693,"position":3},"title":"EL PAPEL DE LA TUTOR\u00cdA EN LA ATENCI\u00d3N A LA DIVERSIDAD: MARCO NORMATIVO Y EVALUACI\u00d3N","author":"V\u00edctor Caballero","date":"17 abril, 2018","format":false,"excerpt":"\u00a1Hola! Desde principios de curso uno de nuestros objetivos era centrarnos en el \u00e1mbito de la atenci\u00f3n a la diversidad, y no tanto desde la perspectiva de las personas especialistas de PT y AL, y los equipos de orientaci\u00f3n, sino desde las tutor\u00edas y el d\u00eda a d\u00eda en el\u2026","rel":"","context":"En \u00abNoticias\u00bb","block_context":{"text":"Noticias","link":"https:\/\/cepronda.com\/blog\/category\/noticias\/"},"img":{"alt_text":"","src":"https:\/\/i0.wp.com\/cepronda.com\/blog\/wp-content\/uploads\/2018\/04\/crayon-215873_640.jpg?fit=640%2C480&ssl=1&resize=350%2C200","width":350,"height":200,"srcset":"https:\/\/i0.wp.com\/cepronda.com\/blog\/wp-content\/uploads\/2018\/04\/crayon-215873_640.jpg?fit=640%2C480&ssl=1&resize=350%2C200 1x, https:\/\/i0.wp.com\/cepronda.com\/blog\/wp-content\/uploads\/2018\/04\/crayon-215873_640.jpg?fit=640%2C480&ssl=1&resize=525%2C300 1.5x"},"classes":[]},{"id":5106,"url":"https:\/\/cepronda.com\/blog\/atencion-al-alumnado-con-discapacidad-fisica-enfermedades-raras-y-neuromusculares-en-el-aula-ordinaria\/","url_meta":{"origin":2693,"position":4},"title":"ATENCI\u00d3N AL ALUMNADO CON DISCAPACIDAD F\u00cdSICA, ENFERMEDADES RARAS Y NEUROMUSCULARES EN EL AULA ORDINARIA.","author":"Maribel Mu\u00f1oz","date":"15 febrero, 2022","format":false,"excerpt":"Buenos d\u00edas compa\u00f1eras y compa\u00f1eros Os informamos que se encuentra abierta la inscripci\u00f3n del Curso online provincial con videoconferencia en directo organizado por el CEP de V\u00e9lez-M\u00e1laga: ATENCI\u00d3N AL ALUMNADO CON DISCAPACIDAD F\u00cdSICA, ENFERMEDADES RARAS Y NEUROMUSCULARES EN EL AULA ORDINARIA. C\u00f3digo: 222926GE408 Inscripciones: desde el 14\/02\/2022 AL 28\/02\/2022 Comienzo\u2026","rel":"","context":"En \u00abFormaciones\u00bb","block_context":{"text":"Formaciones","link":"https:\/\/cepronda.com\/blog\/category\/formaciones\/"},"img":{"alt_text":"","src":"https:\/\/i0.wp.com\/cepronda.com\/blog\/wp-content\/uploads\/2022\/02\/WhatsApp-Image-2022-02-15-at-08.29.24.jpeg?fit=849%2C1200&ssl=1&resize=350%2C200","width":350,"height":200,"srcset":"https:\/\/i0.wp.com\/cepronda.com\/blog\/wp-content\/uploads\/2022\/02\/WhatsApp-Image-2022-02-15-at-08.29.24.jpeg?fit=849%2C1200&ssl=1&resize=350%2C200 1x, https:\/\/i0.wp.com\/cepronda.com\/blog\/wp-content\/uploads\/2022\/02\/WhatsApp-Image-2022-02-15-at-08.29.24.jpeg?fit=849%2C1200&ssl=1&resize=525%2C300 1.5x, https:\/\/i0.wp.com\/cepronda.com\/blog\/wp-content\/uploads\/2022\/02\/WhatsApp-Image-2022-02-15-at-08.29.24.jpeg?fit=849%2C1200&ssl=1&resize=700%2C400 2x"},"classes":[]},{"id":4113,"url":"https:\/\/cepronda.com\/blog\/dua-y-ensenanza-multinivel-en-centros-rurales\/","url_meta":{"origin":2693,"position":5},"title":"DUA Y ENSE\u00d1ANZA MULTINIVEL EN CENTROS RURALES.","author":"Inmaculada Garc\u00eda","date":"19 enero, 2021","format":false,"excerpt":"Hola compa\u00f1eros y compa\u00f1eras, os informamos que son los \u00faltimos d\u00edas para realizar vuestra inscripci\u00f3n en la actividad formativa \"DUA Y ENSE\u00d1ANZA MULTINIVEL PARA CENTROS RURALES\". Esta actividad forma parte de nuestro I ITINERARIO FORMATIVO PARA CENTROS RURALES y nos acercar\u00e1 a una metodolog\u00eda id\u00f3nea tanto para grupos multinivel como\u2026","rel":"","context":"En \u00abNoticias\u00bb","block_context":{"text":"Noticias","link":"https:\/\/cepronda.com\/blog\/category\/noticias\/"},"img":{"alt_text":"","src":"https:\/\/i0.wp.com\/cepronda.com\/blog\/wp-content\/uploads\/2021\/01\/dua-y-ens-multinivel.jpg?fit=848%2C1200&ssl=1&resize=350%2C200","width":350,"height":200,"srcset":"https:\/\/i0.wp.com\/cepronda.com\/blog\/wp-content\/uploads\/2021\/01\/dua-y-ens-multinivel.jpg?fit=848%2C1200&ssl=1&resize=350%2C200 1x, https:\/\/i0.wp.com\/cepronda.com\/blog\/wp-content\/uploads\/2021\/01\/dua-y-ens-multinivel.jpg?fit=848%2C1200&ssl=1&resize=525%2C300 1.5x, https:\/\/i0.wp.com\/cepronda.com\/blog\/wp-content\/uploads\/2021\/01\/dua-y-ens-multinivel.jpg?fit=848%2C1200&ssl=1&resize=700%2C400 2x"},"classes":[]}],"jetpack_sharing_enabled":true,"_links":{"self":[{"href":"https:\/\/cepronda.com\/blog\/wp-json\/wp\/v2\/posts\/2693","targetHints":{"allow":["GET"]}}],"collection":[{"href":"https:\/\/cepronda.com\/blog\/wp-json\/wp\/v2\/posts"}],"about":[{"href":"https:\/\/cepronda.com\/blog\/wp-json\/wp\/v2\/types\/post"}],"author":[{"embeddable":true,"href":"https:\/\/cepronda.com\/blog\/wp-json\/wp\/v2\/users\/3"}],"replies":[{"embeddable":true,"href":"https:\/\/cepronda.com\/blog\/wp-json\/wp\/v2\/comments?post=2693"}],"version-history":[{"count":1,"href":"https:\/\/cepronda.com\/blog\/wp-json\/wp\/v2\/posts\/2693\/revisions"}],"predecessor-version":[{"id":2695,"href":"https:\/\/cepronda.com\/blog\/wp-json\/wp\/v2\/posts\/2693\/revisions\/2695"}],"wp:featuredmedia":[{"embeddable":true,"href":"https:\/\/cepronda.com\/blog\/wp-json\/wp\/v2\/media\/2694"}],"wp:attachment":[{"href":"https:\/\/cepronda.com\/blog\/wp-json\/wp\/v2\/media?parent=2693"}],"wp:term":[{"taxonomy":"category","embeddable":true,"href":"https:\/\/cepronda.com\/blog\/wp-json\/wp\/v2\/categories?post=2693"},{"taxonomy":"post_tag","embeddable":true,"href":"https:\/\/cepronda.com\/blog\/wp-json\/wp\/v2\/tags?post=2693"}],"curies":[{"name":"wp","href":"https:\/\/api.w.org\/{rel}","templated":true}]}}