{"id":2691,"date":"2019-04-01T11:05:38","date_gmt":"2019-04-01T09:05:38","guid":{"rendered":"http:\/\/cepronda.com\/blog\/?p=2691"},"modified":"2019-04-01T11:05:46","modified_gmt":"2019-04-01T09:05:46","slug":"visitas-17a-feria-de-la-ciencia-de-sevilla","status":"publish","type":"post","link":"https:\/\/cepronda.com\/blog\/visitas-17a-feria-de-la-ciencia-de-sevilla\/","title":{"rendered":"Visitas 17\u00aa Feria de la Ciencia de Sevilla"},"content":{"rendered":"\n<p class=\"wp-block-paragraph\">Muy buenas familia, <\/p>\n\n\n\n<p class=\"wp-block-paragraph\">Compartimos con todos y todas vosotras que se ha abierto el plazo de inscripci\u00f3n para acudir con vuestro centro educativo a visitar la Feria de la Ciencia de Sevilla. Todas aquellas personas que otros a\u00f1os han acudido hablan maravillas de esta experiencia, y creemos que puede ser una gran oportunidad y una gran idea para acudir con vuestro alumnado. <\/p>\n\n\n\n<p class=\"wp-block-paragraph\">Os pongo la informaci\u00f3n de la web, as\u00ed como el <a href=\"http:\/\/www.feriadelaciencia.org\/\" target=\"_blank\" rel=\"noreferrer noopener\" aria-label=\"enlace a la misma. (opens in a new tab)\">enlace a la misma.<\/a> <\/p>\n\n\n\n<h1 class=\"wp-block-heading\"><br>Visitas 17\u00aa Feria de la Ciencia<\/h1>\n\n\n\n<p class=\"wp-block-paragraph\"><strong>Las personas que vengan a nivel particular o en familia, no necesitan realizar una reserva previa y podr\u00e1n entrar siempre que el aforo no est\u00e9 completo.<br><\/strong><\/p>\n\n\n\n<h3 class=\"wp-block-heading\"><strong>* Visitas centros educativos y grupos organizados<\/strong><\/h3>\n\n\n\n<div class=\"wp-block-image\"><figure class=\"aligncenter\"><img data-recalc-dims=\"1\" decoding=\"async\" src=\"https:\/\/i0.wp.com\/www.feriadelaciencia.org\/wp-content\/uploads\/sites\/2\/2014\/04\/sam_1165.jpg?w=1170\" alt=\"SAM_1165\" class=\"wp-image-183\"\/><\/figure><\/div>\n\n\n\n<p class=\"wp-block-paragraph\">Los centros educativos y grupos organizados que quieran visitar la 16\u00aa&nbsp;Feria de la Ciencia tienen que completar un formulario de inscripci\u00f3n previa y atender a las siguientes normas generales:<\/p>\n\n\n\n<p class=\"wp-block-paragraph\">\u2013 Para las visitas de grupos en s\u00e1bado no ser\u00e1 necesaria reserva previa.<\/p>\n\n\n\n<p class=\"wp-block-paragraph\">\u2013 Cada centro podr\u00e1 realizar una \u00fanica reserva en horario de ma\u00f1ana, siendo posible realizar m\u00e1s reservas en horario de tarde.<\/p>\n\n\n\n<p class=\"wp-block-paragraph\">\u2013 Cada reserva es para un m\u00e1ximo de 55 personas y durar\u00e1 un m\u00e1ximo de una hora y media.<\/p>\n\n\n\n<p class=\"wp-block-paragraph\">\u2013 El plazo de recepci\u00f3n de inscripciones comenzar\u00e1 el 1 de abril y finalizar\u00e1 el 10 de mayo de 2019.<\/p>\n\n\n\n<p class=\"wp-block-paragraph\">\u2013 No se aceptar\u00e1n las visitas que no presenten en la entrada el documento de confirmaci\u00f3n, que se recibir\u00e1 en el correo electr\u00f3nico indicado en el formulario (puede tardar varios d\u00edas).<\/p>\n\n\n\n<p class=\"wp-block-paragraph\">\u2013&nbsp;Para cualquier informaci\u00f3n adicional puede dirigirse al tel\u00e9fono 648560830, de lunes a viernes, de 9:00 a 14:00 horas, o al correo electr\u00f3nico&nbsp;<a href=\"mailto:reservasferiadelaciencia@gmail.com\">reservasferiadelaciencia@gmail.com<\/a>.<\/p>\n\n\n\n<p class=\"wp-block-paragraph\">\u2013 Coste de la entrada: 2 \u20ac por persona (profesorado incluido).<\/p>\n\n\n\n<p class=\"wp-block-paragraph\"><a href=\"https:\/\/forms.gle\/WXsiYQ7tqPMPbKn67\">Pincha aqu\u00ed para acceder al formulario de reserva.<\/a><\/p>\n","protected":false},"excerpt":{"rendered":"<p>Muy buenas familia, Compartimos con todos y todas vosotras que se ha abierto el plazo de inscripci\u00f3n para acudir con vuestro centro educativo a visitar la Feria de la Ciencia de Sevilla. Todas aquellas personas que otros a\u00f1os han acudido hablan maravillas de esta experiencia, y creemos que puede ser una gran oportunidad y una [&hellip;]<\/p>\n","protected":false},"author":3,"featured_media":0,"comment_status":"open","ping_status":"open","sticky":false,"template":"","format":"standard","meta":{"_crdt_document":"","advanced_seo_description":"","jetpack_seo_html_title":"","jetpack_seo_noindex":false,"jetpack_post_was_ever_published":false,"_jetpack_newsletter_access":"","_jetpack_dont_email_post_to_subs":false,"_jetpack_newsletter_tier_id":0,"_jetpack_memberships_contains_paywalled_content":false,"_jetpack_memberships_contains_paid_content":false,"footnotes":"","jetpack_publicize_message":"","jetpack_publicize_feature_enabled":true,"jetpack_social_post_already_shared":true,"jetpack_social_options":{"image_generator_settings":{"template":"highway","default_image_id":0,"font":"","enabled":false},"version":2}},"categories":[5],"tags":[14],"class_list":{"0":"post-2691","1":"post","2":"type-post","3":"status-publish","4":"format-standard","6":"category-noticias","7":"tag-ciencias","8":"czr-hentry"},"jetpack_publicize_connections":[],"jetpack_featured_media_url":"","jetpack_shortlink":"https:\/\/wp.me\/p8M4X7-Hp","jetpack-related-posts":[{"id":1586,"url":"https:\/\/cepronda.com\/blog\/21a-feria-de-la-ciencia-en-el-parque-de-las-ciencias-de-granada\/","url_meta":{"origin":2691,"position":0},"title":"21\u00aa FERIA DE LA CIENCIA en el Parque de las Ciencias de Granada","author":"V\u00edctor Caballero","date":"2 febrero, 2018","format":false,"excerpt":"\u00a1Muy buenas de nuevo! El s\u00e1bado 12 de mayo el PARQUE DE LAS CIENCIAS celebrar\u00e1 su 21\u00aa FERIA DE LA CIENCIA para la participaci\u00f3n de centros educativos de toda Andaluc\u00eda. Si quer\u00e9is participar en la misma con vuestro alumnado, abrid el documento pdf que ten\u00e9is mas abajo y podr\u00e9is encontrar\u2026","rel":"","context":"En \u00abNoticias\u00bb","block_context":{"text":"Noticias","link":"https:\/\/cepronda.com\/blog\/category\/noticias\/"},"img":{"alt_text":"","src":"https:\/\/i0.wp.com\/cepronda.com\/blog\/wp-content\/uploads\/2018\/02\/ParqueCiencias_Macroscopio.jpg?fit=1024%2C538&ssl=1&resize=350%2C200","width":350,"height":200,"srcset":"https:\/\/i0.wp.com\/cepronda.com\/blog\/wp-content\/uploads\/2018\/02\/ParqueCiencias_Macroscopio.jpg?fit=1024%2C538&ssl=1&resize=350%2C200 1x, https:\/\/i0.wp.com\/cepronda.com\/blog\/wp-content\/uploads\/2018\/02\/ParqueCiencias_Macroscopio.jpg?fit=1024%2C538&ssl=1&resize=525%2C300 1.5x, https:\/\/i0.wp.com\/cepronda.com\/blog\/wp-content\/uploads\/2018\/02\/ParqueCiencias_Macroscopio.jpg?fit=1024%2C538&ssl=1&resize=700%2C400 2x"},"classes":[]},{"id":2992,"url":"https:\/\/cepronda.com\/blog\/convocatoria-para-la-participacion-de-los-centros-en-la-feria-de-la-ciencia-2020\/","url_meta":{"origin":2691,"position":1},"title":"Convocatoria para la participaci\u00f3n de los centros en la Feria de la Ciencia 2020","author":"V\u00edctor Caballero","date":"10 septiembre, 2019","format":false,"excerpt":"\u00a1Hola! Os comunicamos a todos y a todas que os pod\u00e9is inscribir para participar en la pr\u00f3xima Feria de la Ciencia de Sevilla. Sabemos que algunos de nuestros centros ya hab\u00e9is asistido, y creemos que puede resultar de gran inter\u00e9s que los dem\u00e1s centros tambi\u00e9n participen. Os dejamos con toda\u2026","rel":"","context":"En \u00abNoticias\u00bb","block_context":{"text":"Noticias","link":"https:\/\/cepronda.com\/blog\/category\/noticias\/"},"img":{"alt_text":"","src":"https:\/\/i0.wp.com\/cepronda.com\/blog\/wp-content\/uploads\/2019\/09\/alien-1905155_1920.png?fit=1181%2C1200&ssl=1&resize=350%2C200","width":350,"height":200,"srcset":"https:\/\/i0.wp.com\/cepronda.com\/blog\/wp-content\/uploads\/2019\/09\/alien-1905155_1920.png?fit=1181%2C1200&ssl=1&resize=350%2C200 1x, https:\/\/i0.wp.com\/cepronda.com\/blog\/wp-content\/uploads\/2019\/09\/alien-1905155_1920.png?fit=1181%2C1200&ssl=1&resize=525%2C300 1.5x, https:\/\/i0.wp.com\/cepronda.com\/blog\/wp-content\/uploads\/2019\/09\/alien-1905155_1920.png?fit=1181%2C1200&ssl=1&resize=700%2C400 2x, https:\/\/i0.wp.com\/cepronda.com\/blog\/wp-content\/uploads\/2019\/09\/alien-1905155_1920.png?fit=1181%2C1200&ssl=1&resize=1050%2C600 3x"},"classes":[]},{"id":6001,"url":"https:\/\/cepronda.com\/blog\/el-ies-gran-capitan-de-cordoba-y-martin-rivero-de-ronda-logran-el-primer-premio-ciccartuja-futuros-investigadores\/","url_meta":{"origin":2691,"position":2},"title":"El IES Gran Capit\u00e1n de C\u00f3rdoba y Mart\u00edn Rivero de Ronda, logran el primer Premio CicCartuja \u201cfuturos investigadores\u201d","author":"Inmaculada Garc\u00eda","date":"17 mayo, 2023","format":false,"excerpt":"Desde el CEP de Ronda queremos dar la enhorabuena al alumnado y al profesorado del I.E.S. MArt\u00edn Rivero (Ronda) por su premio. \u201cDocumentales y Youtube: En busca de ideas para nuevas investigaciones\u201d es el t\u00edtulo del trabajo realizado de manera simult\u00e1nea durante este curso escolar en los IES Gran Capit\u00e1n\u2026","rel":"","context":"En \u00abNoticias\u00bb","block_context":{"text":"Noticias","link":"https:\/\/cepronda.com\/blog\/category\/noticias\/"},"img":{"alt_text":"","src":"https:\/\/i0.wp.com\/cepronda.com\/blog\/wp-content\/uploads\/2023\/05\/Entrega-premio-total.jpg?fit=853%2C841&ssl=1&resize=350%2C200","width":350,"height":200,"srcset":"https:\/\/i0.wp.com\/cepronda.com\/blog\/wp-content\/uploads\/2023\/05\/Entrega-premio-total.jpg?fit=853%2C841&ssl=1&resize=350%2C200 1x, https:\/\/i0.wp.com\/cepronda.com\/blog\/wp-content\/uploads\/2023\/05\/Entrega-premio-total.jpg?fit=853%2C841&ssl=1&resize=525%2C300 1.5x, https:\/\/i0.wp.com\/cepronda.com\/blog\/wp-content\/uploads\/2023\/05\/Entrega-premio-total.jpg?fit=853%2C841&ssl=1&resize=700%2C400 2x"},"classes":[]},{"id":3018,"url":"https:\/\/cepronda.com\/blog\/rondatec-primera-feria-de-las-tecnologias-de-ronda-y-su-serrania\/","url_meta":{"origin":2691,"position":3},"title":"RONDATEC: primera feria de las tecnolog\u00edas de Ronda y su Serran\u00eda","author":"V\u00edctor Caballero","date":"23 septiembre, 2019","format":false,"excerpt":"Muy buenas familia, Comienza su andadura uno de los proyectos nuevos de este curso escolar, y que creemos que a muchos y muchas de vosotras os puede interesar e implicar a vuestro alumnado. La idea es participar con vuestro alumnado en RONDATEC, mostrando al resto de participantes y p\u00fablico en\u2026","rel":"","context":"En \u00abFormaciones\u00bb","block_context":{"text":"Formaciones","link":"https:\/\/cepronda.com\/blog\/category\/formaciones\/"},"img":{"alt_text":"","src":"https:\/\/i0.wp.com\/cepronda.com\/blog\/wp-content\/uploads\/2019\/09\/rondatec_cartel.png?fit=644%2C915&ssl=1&resize=350%2C200","width":350,"height":200,"srcset":"https:\/\/i0.wp.com\/cepronda.com\/blog\/wp-content\/uploads\/2019\/09\/rondatec_cartel.png?fit=644%2C915&ssl=1&resize=350%2C200 1x, https:\/\/i0.wp.com\/cepronda.com\/blog\/wp-content\/uploads\/2019\/09\/rondatec_cartel.png?fit=644%2C915&ssl=1&resize=525%2C300 1.5x"},"classes":[]},{"id":2708,"url":"https:\/\/cepronda.com\/blog\/aprender-ciencia-desde-la-indagacion\/","url_meta":{"origin":2691,"position":4},"title":"APRENDER CIENCIA DESDE LA INDAGACI\u00d3N","author":"V\u00edctor Caballero","date":"5 abril, 2019","format":false,"excerpt":"Muy buenas familia, desde el CEP de Granada se oferta un curso a distancia de \u00c1mbito Regional: APRENDER CIENCIA DESDE LA INDAGACI\u00d3N y queremos compartirlo con todos y todas aquellas que os interese. Est\u00e1 dirigido a profesorado interesado en conocer, comprender y aplicar en sus clases los elementos que involucra\u2026","rel":"","context":"En \u00abNoticias\u00bb","block_context":{"text":"Noticias","link":"https:\/\/cepronda.com\/blog\/category\/noticias\/"},"img":{"alt_text":"","src":"https:\/\/i0.wp.com\/cepronda.com\/blog\/wp-content\/uploads\/2019\/04\/dna-1811955_1920.jpg?fit=1200%2C600&ssl=1&resize=350%2C200","width":350,"height":200,"srcset":"https:\/\/i0.wp.com\/cepronda.com\/blog\/wp-content\/uploads\/2019\/04\/dna-1811955_1920.jpg?fit=1200%2C600&ssl=1&resize=350%2C200 1x, https:\/\/i0.wp.com\/cepronda.com\/blog\/wp-content\/uploads\/2019\/04\/dna-1811955_1920.jpg?fit=1200%2C600&ssl=1&resize=525%2C300 1.5x, https:\/\/i0.wp.com\/cepronda.com\/blog\/wp-content\/uploads\/2019\/04\/dna-1811955_1920.jpg?fit=1200%2C600&ssl=1&resize=700%2C400 2x, https:\/\/i0.wp.com\/cepronda.com\/blog\/wp-content\/uploads\/2019\/04\/dna-1811955_1920.jpg?fit=1200%2C600&ssl=1&resize=1050%2C600 3x"},"classes":[]},{"id":2602,"url":"https:\/\/cepronda.com\/blog\/una-llamada-de-auxilio-desde-el-cep-marbella-coin\/","url_meta":{"origin":2691,"position":5},"title":"Una llamada de auxilio desde el CEP Marbella- Co\u00edn","author":"V\u00edctor Caballero","date":"21 enero, 2019","format":false,"excerpt":"\u00a1Atenci\u00f3n al siguiente v\u00eddeo compa\u00f1eros\/as! Algo grave va a suceder pr\u00f3ximamente y es necesario actuar. Todo el profesorado de la provincia debe de estar preparado para lo que se avecina. \u00a1Os necesitamos! https:\/\/www.youtube.com\/watch?v=F7pZuzJOoWg Sigue todos los detalles por aqu\u00ed, y en las siguientes redes y perfiles: Instagram: @ferialbaytarTwitter: @ferialbaytarCanal Telegram:\u2026","rel":"","context":"En \u00abNoticias\u00bb","block_context":{"text":"Noticias","link":"https:\/\/cepronda.com\/blog\/category\/noticias\/"},"img":{"alt_text":"","src":"https:\/\/i0.wp.com\/cepronda.com\/blog\/wp-content\/uploads\/2019\/01\/help-153094_1280.png?fit=1200%2C1007&ssl=1&resize=350%2C200","width":350,"height":200,"srcset":"https:\/\/i0.wp.com\/cepronda.com\/blog\/wp-content\/uploads\/2019\/01\/help-153094_1280.png?fit=1200%2C1007&ssl=1&resize=350%2C200 1x, https:\/\/i0.wp.com\/cepronda.com\/blog\/wp-content\/uploads\/2019\/01\/help-153094_1280.png?fit=1200%2C1007&ssl=1&resize=525%2C300 1.5x, https:\/\/i0.wp.com\/cepronda.com\/blog\/wp-content\/uploads\/2019\/01\/help-153094_1280.png?fit=1200%2C1007&ssl=1&resize=700%2C400 2x, https:\/\/i0.wp.com\/cepronda.com\/blog\/wp-content\/uploads\/2019\/01\/help-153094_1280.png?fit=1200%2C1007&ssl=1&resize=1050%2C600 3x"},"classes":[]}],"jetpack_sharing_enabled":true,"_links":{"self":[{"href":"https:\/\/cepronda.com\/blog\/wp-json\/wp\/v2\/posts\/2691","targetHints":{"allow":["GET"]}}],"collection":[{"href":"https:\/\/cepronda.com\/blog\/wp-json\/wp\/v2\/posts"}],"about":[{"href":"https:\/\/cepronda.com\/blog\/wp-json\/wp\/v2\/types\/post"}],"author":[{"embeddable":true,"href":"https:\/\/cepronda.com\/blog\/wp-json\/wp\/v2\/users\/3"}],"replies":[{"embeddable":true,"href":"https:\/\/cepronda.com\/blog\/wp-json\/wp\/v2\/comments?post=2691"}],"version-history":[{"count":1,"href":"https:\/\/cepronda.com\/blog\/wp-json\/wp\/v2\/posts\/2691\/revisions"}],"predecessor-version":[{"id":2692,"href":"https:\/\/cepronda.com\/blog\/wp-json\/wp\/v2\/posts\/2691\/revisions\/2692"}],"wp:attachment":[{"href":"https:\/\/cepronda.com\/blog\/wp-json\/wp\/v2\/media?parent=2691"}],"wp:term":[{"taxonomy":"category","embeddable":true,"href":"https:\/\/cepronda.com\/blog\/wp-json\/wp\/v2\/categories?post=2691"},{"taxonomy":"post_tag","embeddable":true,"href":"https:\/\/cepronda.com\/blog\/wp-json\/wp\/v2\/tags?post=2691"}],"curies":[{"name":"wp","href":"https:\/\/api.w.org\/{rel}","templated":true}]}}