{"id":2679,"date":"2019-03-19T09:41:47","date_gmt":"2019-03-19T08:41:47","guid":{"rendered":"http:\/\/cepronda.com\/blog\/?p=2679"},"modified":"2019-03-19T09:41:53","modified_gmt":"2019-03-19T08:41:53","slug":"fisica-de-particulas-para-estudiantes-de-bachillerato-en-el-parque-de-las-ciencias","status":"publish","type":"post","link":"https:\/\/cepronda.com\/blog\/fisica-de-particulas-para-estudiantes-de-bachillerato-en-el-parque-de-las-ciencias\/","title":{"rendered":"F\u00cdSICA DE PART\u00cdCULAS PARA ESTUDIANTES DE BACHILLERATO EN EL PARQUE DE LAS CIENCIAS"},"content":{"rendered":"\n<p class=\"wp-block-paragraph\">Muy buenas familia, os escribimos hoy para contaros que tenemos hoy a dos estudiantes del IES Mart\u00edn Rivero ( Daniel Montesinos y Adri\u00e1n Fern\u00e1ndez) en  el Parque de las Ciencias junto con el Grupo de F\u00edsica de Part\u00edculas Elementales de la UGR, organizan la \u00abMasterclass Hands on Particle Physics\u00bb.<br>Durante toda la jornada estudiantes de 2\u00ba de Bachillerato de toda Andaluc\u00eda, trabajar\u00e1n, junto con estudiantes de Italia, Estados Unidos, y Francia con datos experimentales proporcionados por el CERN. <\/p>\n\n\n\n<p class=\"wp-block-paragraph\"><br><\/p>\n\n\n\n[ngg src=\u00bbgalleries\u00bb ids=\u00bb19&#8243; display=\u00bbbasic_slideshow\u00bb]\n\n\n\n<p class=\"wp-block-paragraph\"> El Grupo Europeo para la Difusi\u00f3n de la F\u00edsica de Part\u00edculas (EPPOG) organiza desde el a\u00f1o 2005 unas jornadas europeas para estudiantes de bachillerato. Su objetivo es dar a conocer el mundo de los componentes elementales de la materia trabajando con datos obtenidos en experimentos reales de f\u00edsica de part\u00edculas. Estas jornadas se convirtieron en mundiales a partir de 2010, pasando el grupo EPPOG a denominarse IPPOG <\/p>\n\n\n\n<p class=\"wp-block-paragraph\">El Parque de las Ciencias de Andaluc\u00eda-Granada y el grupo de F\u00edsica de Part\u00edculas Elementales del Departamento de F\u00edsica Te\u00f3rica y del Cosmos de la Universidad de Granada, bajo la coordinaci\u00f3n del profesor Antonio Bueno, organizan de nuevo esta actividad que tendr\u00e1 lugar el martes 19 de marzo, a partir de las 8:45 de la ma\u00f1ana, en el Parque de las Ciencias. <\/p>\n\n\n\n<p class=\"wp-block-paragraph\">La finalizaci\u00f3n de la actividad est\u00e1 prevista para las 18,30 horas. Tras unas charlas para introducir el tema de la f\u00edsica de part\u00edculas y los estudios de F\u00edsica en la Universidad de Granada, habr\u00e1 una sesi\u00f3n de resoluci\u00f3n de ejercicios donde los estudiantes, trabajando por parejas con ordenadores port\u00e1tiles, analizar\u00e1n sucesos reales registrados en el detector ATLAS del Gran Colisionador Hadr\u00f3nico (LHC) del CERN en Ginebra. <\/p>\n\n\n\n<p class=\"wp-block-paragraph\">Podr\u00e1n identificar part\u00edculas elementales producidas por colisi\u00f3n prot\u00f3n-prot\u00f3n en el LHC, identificar al bos\u00f3n Z y buscar el bos\u00f3n de Higgs de forma similar a c\u00f3mo lo han hecho los f\u00edsicos en ATLAS. La jornada concluir\u00e1 con una videoconferencia, por la tarde, en la que nuestros estudiantes comentar\u00e1n y debatir\u00e1n sobre sus resultados con los cient\u00edficos o cient\u00edficas del CERN que coordinen la sesi\u00f3n, as\u00ed como con estudiantes concentrados en Udine (Italia), Riverside (Estados Unidos), Aubi\u00e8re y Strasbourg (Francia), que durante ese d\u00eda habr\u00e1n analizado los mismos eventos que en Granada.  <\/p>\n","protected":false},"excerpt":{"rendered":"<p>Muy buenas familia, os escribimos hoy para contaros que tenemos hoy a dos estudiantes del IES Mart\u00edn Rivero ( Daniel Montesinos y Adri\u00e1n Fern\u00e1ndez) en el Parque de las Ciencias junto con el Grupo de F\u00edsica de Part\u00edculas Elementales de la UGR, organizan la \u00abMasterclass Hands on Particle Physics\u00bb.Durante toda la jornada estudiantes de 2\u00ba [&hellip;]<\/p>\n","protected":false},"author":3,"featured_media":2687,"comment_status":"open","ping_status":"open","sticky":false,"template":"","format":"standard","meta":{"_crdt_document":"","advanced_seo_description":"","jetpack_seo_html_title":"","jetpack_seo_noindex":false,"jetpack_post_was_ever_published":false,"_jetpack_newsletter_access":"","_jetpack_dont_email_post_to_subs":false,"_jetpack_newsletter_tier_id":0,"_jetpack_memberships_contains_paywalled_content":false,"_jetpack_memberships_contains_paid_content":false,"footnotes":"","jetpack_publicize_message":"","jetpack_publicize_feature_enabled":true,"jetpack_social_post_already_shared":true,"jetpack_social_options":{"image_generator_settings":{"template":"highway","default_image_id":0,"font":"","enabled":false},"version":2}},"categories":[5],"tags":[14],"class_list":{"0":"post-2679","1":"post","2":"type-post","3":"status-publish","4":"format-standard","5":"has-post-thumbnail","7":"category-noticias","8":"tag-ciencias","9":"czr-hentry"},"jetpack_publicize_connections":[],"jetpack_featured_media_url":"https:\/\/i0.wp.com\/cepronda.com\/blog\/wp-content\/uploads\/2019\/03\/IES-Mart%C3%ADn-Rivero-Parque-Ciencias.jpeg?fit=1600%2C1200&ssl=1","jetpack_shortlink":"https:\/\/wp.me\/p8M4X7-Hd","jetpack-related-posts":[{"id":1586,"url":"https:\/\/cepronda.com\/blog\/21a-feria-de-la-ciencia-en-el-parque-de-las-ciencias-de-granada\/","url_meta":{"origin":2679,"position":0},"title":"21\u00aa FERIA DE LA CIENCIA en el Parque de las Ciencias de Granada","author":"V\u00edctor Caballero","date":"2 febrero, 2018","format":false,"excerpt":"\u00a1Muy buenas de nuevo! El s\u00e1bado 12 de mayo el PARQUE DE LAS CIENCIAS celebrar\u00e1 su 21\u00aa FERIA DE LA CIENCIA para la participaci\u00f3n de centros educativos de toda Andaluc\u00eda. Si quer\u00e9is participar en la misma con vuestro alumnado, abrid el documento pdf que ten\u00e9is mas abajo y podr\u00e9is encontrar\u2026","rel":"","context":"En \u00abNoticias\u00bb","block_context":{"text":"Noticias","link":"https:\/\/cepronda.com\/blog\/category\/noticias\/"},"img":{"alt_text":"","src":"https:\/\/i0.wp.com\/cepronda.com\/blog\/wp-content\/uploads\/2018\/02\/ParqueCiencias_Macroscopio.jpg?fit=1024%2C538&ssl=1&resize=350%2C200","width":350,"height":200,"srcset":"https:\/\/i0.wp.com\/cepronda.com\/blog\/wp-content\/uploads\/2018\/02\/ParqueCiencias_Macroscopio.jpg?fit=1024%2C538&ssl=1&resize=350%2C200 1x, https:\/\/i0.wp.com\/cepronda.com\/blog\/wp-content\/uploads\/2018\/02\/ParqueCiencias_Macroscopio.jpg?fit=1024%2C538&ssl=1&resize=525%2C300 1.5x, https:\/\/i0.wp.com\/cepronda.com\/blog\/wp-content\/uploads\/2018\/02\/ParqueCiencias_Macroscopio.jpg?fit=1024%2C538&ssl=1&resize=700%2C400 2x"},"classes":[]},{"id":9322,"url":"https:\/\/cepronda.com\/blog\/concurso-cartel-anunciador-its-ronda-2025-26\/","url_meta":{"origin":2679,"position":1},"title":"CONCURSO CARTEL ANUNCIADOR.  IT\u2019s Ronda 2025\/26","author":"Inmaculada Garc\u00eda","date":"29 enero, 2026","format":false,"excerpt":"\u00bfVives en la Serran\u00eda de Ronda y te apasiona crear? Entonces, el Concurso de Cartel Anunciador para la V Feria de Inventos y Talentos, IT's Ronda 2026, es tu oportunidad para brillar. \u00bfQui\u00e9n puede participar? Este concurso est\u00e1 abierto para estudiantes de educaci\u00f3n infantil, primaria, secundaria, bachillerato y FP de\u2026","rel":"","context":"En \u00abNoticias\u00bb","block_context":{"text":"Noticias","link":"https:\/\/cepronda.com\/blog\/category\/noticias\/"},"img":{"alt_text":"","src":"https:\/\/i0.wp.com\/cepronda.com\/blog\/wp-content\/uploads\/2026\/01\/de.jpg?fit=1080%2C1080&ssl=1&resize=350%2C200","width":350,"height":200,"srcset":"https:\/\/i0.wp.com\/cepronda.com\/blog\/wp-content\/uploads\/2026\/01\/de.jpg?fit=1080%2C1080&ssl=1&resize=350%2C200 1x, https:\/\/i0.wp.com\/cepronda.com\/blog\/wp-content\/uploads\/2026\/01\/de.jpg?fit=1080%2C1080&ssl=1&resize=525%2C300 1.5x, https:\/\/i0.wp.com\/cepronda.com\/blog\/wp-content\/uploads\/2026\/01\/de.jpg?fit=1080%2C1080&ssl=1&resize=700%2C400 2x, https:\/\/i0.wp.com\/cepronda.com\/blog\/wp-content\/uploads\/2026\/01\/de.jpg?fit=1080%2C1080&ssl=1&resize=1050%2C600 3x"},"classes":[]},{"id":5464,"url":"https:\/\/cepronda.com\/blog\/aproximacion-al-marco-general-de-la-lomloe-educacion-secundaria-y-bachillerato\/","url_meta":{"origin":2679,"position":2},"title":"APROXIMACI\u00d3N AL MARCO GENERAL DE LA LOMLOE.EDUCACI\u00d3N SECUNDARIA Y BACHILLERATO.","author":"Maribel Mu\u00f1oz","date":"16 septiembre, 2022","format":false,"excerpt":"Buenas tardes compa\u00f1eras y compa\u00f1eros, Os\u00a0 informamos que est\u00e1 abierto el plazo de inscripci\u00f3n en el curso a distancia APROXIMACI\u00d3N AL MARCO GENERAL DE LA LOMLOE. EDUCACI\u00d3N SECUNDARIA Y BACHILLERATO con c\u00f3digo\u00a0232924PF405. Fechas de inscripci\u00f3n : del 16\/09\/2022 al 03\/10\/2022 Fecha de inicio: 10\/10\/2022 Fecha finalizaci\u00f3n: 10\/11\/2022 Horas: 15\u00a0 (\u2026","rel":"","context":"En \u00abFormaciones\u00bb","block_context":{"text":"Formaciones","link":"https:\/\/cepronda.com\/blog\/category\/formaciones\/"},"img":{"alt_text":"","src":"https:\/\/i0.wp.com\/cepronda.com\/blog\/wp-content\/uploads\/2022\/09\/WhatsApp-Image-2022-09-16-at-11.25.31.jpeg?fit=1200%2C675&ssl=1&resize=350%2C200","width":350,"height":200,"srcset":"https:\/\/i0.wp.com\/cepronda.com\/blog\/wp-content\/uploads\/2022\/09\/WhatsApp-Image-2022-09-16-at-11.25.31.jpeg?fit=1200%2C675&ssl=1&resize=350%2C200 1x, https:\/\/i0.wp.com\/cepronda.com\/blog\/wp-content\/uploads\/2022\/09\/WhatsApp-Image-2022-09-16-at-11.25.31.jpeg?fit=1200%2C675&ssl=1&resize=525%2C300 1.5x, https:\/\/i0.wp.com\/cepronda.com\/blog\/wp-content\/uploads\/2022\/09\/WhatsApp-Image-2022-09-16-at-11.25.31.jpeg?fit=1200%2C675&ssl=1&resize=700%2C400 2x, https:\/\/i0.wp.com\/cepronda.com\/blog\/wp-content\/uploads\/2022\/09\/WhatsApp-Image-2022-09-16-at-11.25.31.jpeg?fit=1200%2C675&ssl=1&resize=1050%2C600 3x"},"classes":[]},{"id":5343,"url":"https:\/\/cepronda.com\/blog\/aproximacion-al-marco-general-de-la-lomloe-educacion-secundaria-obligatoria-y-bachillerato-229922kpf405\/","url_meta":{"origin":2679,"position":3},"title":"APROXIMACI\u00d3N AL MARCO GENERAL DE LA LOMLOE. EDUCACI\u00d3N SECUNDARIA OBLIGATORIA Y BACHILLERATO (229922KPF405).","author":"Inmaculada Garc\u00eda","date":"26 mayo, 2022","format":false,"excerpt":"Se encuentra abierto el plazo de inscripci\u00f3n (del 26 al 30 de mayo) del curso a distancia: APROXIMACI\u00d3N AL MARCO GENERAL DE LA LOMLOE. EDUCACI\u00d3N SECUNDARIA OBLIGATORIA Y BACHILLERATO (229922KPF405). Duraci\u00f3n: 15 horas en el AVFP (desde el 01\/06\/2022 a 21\/06\/2022) Dirigido a: Profesorado de Educaci\u00f3n Secundaria Obligatoria y Bachillerato.\u2026","rel":"","context":"En \u00abFormaciones\u00bb","block_context":{"text":"Formaciones","link":"https:\/\/cepronda.com\/blog\/category\/formaciones\/"},"img":{"alt_text":"","src":"https:\/\/i0.wp.com\/cepronda.com\/blog\/wp-content\/uploads\/2022\/05\/WhatsApp-Image-2022-05-26-at-10.56.24-AM.jpeg?fit=1080%2C1080&ssl=1&resize=350%2C200","width":350,"height":200,"srcset":"https:\/\/i0.wp.com\/cepronda.com\/blog\/wp-content\/uploads\/2022\/05\/WhatsApp-Image-2022-05-26-at-10.56.24-AM.jpeg?fit=1080%2C1080&ssl=1&resize=350%2C200 1x, https:\/\/i0.wp.com\/cepronda.com\/blog\/wp-content\/uploads\/2022\/05\/WhatsApp-Image-2022-05-26-at-10.56.24-AM.jpeg?fit=1080%2C1080&ssl=1&resize=525%2C300 1.5x, https:\/\/i0.wp.com\/cepronda.com\/blog\/wp-content\/uploads\/2022\/05\/WhatsApp-Image-2022-05-26-at-10.56.24-AM.jpeg?fit=1080%2C1080&ssl=1&resize=700%2C400 2x, https:\/\/i0.wp.com\/cepronda.com\/blog\/wp-content\/uploads\/2022\/05\/WhatsApp-Image-2022-05-26-at-10.56.24-AM.jpeg?fit=1080%2C1080&ssl=1&resize=1050%2C600 3x"},"classes":[]},{"id":2459,"url":"https:\/\/cepronda.com\/blog\/premios-fundacion-endesa-a-la-ecoinnovacion-educativa-2018-2019\/","url_meta":{"origin":2679,"position":4},"title":"Premios Fundaci\u00f3n Endesa a la Ecoinnovaci\u00f3n Educativa 2018-2019","author":"V\u00edctor Caballero","date":"19 noviembre, 2018","format":false,"excerpt":"Seguimos compartiendo, en este caso, con los centros de Educaci\u00f3n Secundaria, su profesorado y alumnado, la convocatoria de la III edici\u00f3n de los premios de ecoinnovaci\u00f3n educativa. Fundaci\u00f3n Endesa convoca la tercera edici\u00f3n de los Premios a la Ecoinnovaci\u00f3n Educativa 2018-2019, dirigidos no s\u00f3lo a los estudiantes de Secundaria, Bachillerato\u2026","rel":"","context":"En \u00abNoticias\u00bb","block_context":{"text":"Noticias","link":"https:\/\/cepronda.com\/blog\/category\/noticias\/"},"img":{"alt_text":"","src":"https:\/\/i0.wp.com\/cepronda.com\/blog\/wp-content\/uploads\/2018\/11\/recycle-29227_1280.png?fit=1154%2C1200&ssl=1&resize=350%2C200","width":350,"height":200,"srcset":"https:\/\/i0.wp.com\/cepronda.com\/blog\/wp-content\/uploads\/2018\/11\/recycle-29227_1280.png?fit=1154%2C1200&ssl=1&resize=350%2C200 1x, https:\/\/i0.wp.com\/cepronda.com\/blog\/wp-content\/uploads\/2018\/11\/recycle-29227_1280.png?fit=1154%2C1200&ssl=1&resize=525%2C300 1.5x, https:\/\/i0.wp.com\/cepronda.com\/blog\/wp-content\/uploads\/2018\/11\/recycle-29227_1280.png?fit=1154%2C1200&ssl=1&resize=700%2C400 2x, https:\/\/i0.wp.com\/cepronda.com\/blog\/wp-content\/uploads\/2018\/11\/recycle-29227_1280.png?fit=1154%2C1200&ssl=1&resize=1050%2C600 3x"},"classes":[]},{"id":7921,"url":"https:\/\/cepronda.com\/blog\/concurso-cartel-anunciador-its-ronda-2024-25\/","url_meta":{"origin":2679,"position":5},"title":"CONCURSO CARTEL ANUNCIADOR   IT\u2019s Ronda 2024\/25","author":"Inmaculada Garc\u00eda","date":"5 diciembre, 2024","format":false,"excerpt":"CONCURSO CARTEL ANUNCIADOR. \u00a0 Se convoca concurso para elegir el cartel que representar\u00e1 a la IV Feria de Inventos y Talentos, IT's Ronda 2025. \u00a0 \u00bfEres un joven talento de la Serran\u00eda de Ronda con pasi\u00f3n por el arte y la ciencia? Entonces, el Concurso de Cartel Anunciador para la\u2026","rel":"","context":"En \u00abNoticias\u00bb","block_context":{"text":"Noticias","link":"https:\/\/cepronda.com\/blog\/category\/noticias\/"},"img":{"alt_text":"","src":"https:\/\/i0.wp.com\/cepronda.com\/blog\/wp-content\/uploads\/2024\/12\/de-2.jpg?fit=1080%2C1080&ssl=1&resize=350%2C200","width":350,"height":200,"srcset":"https:\/\/i0.wp.com\/cepronda.com\/blog\/wp-content\/uploads\/2024\/12\/de-2.jpg?fit=1080%2C1080&ssl=1&resize=350%2C200 1x, https:\/\/i0.wp.com\/cepronda.com\/blog\/wp-content\/uploads\/2024\/12\/de-2.jpg?fit=1080%2C1080&ssl=1&resize=525%2C300 1.5x, https:\/\/i0.wp.com\/cepronda.com\/blog\/wp-content\/uploads\/2024\/12\/de-2.jpg?fit=1080%2C1080&ssl=1&resize=700%2C400 2x, https:\/\/i0.wp.com\/cepronda.com\/blog\/wp-content\/uploads\/2024\/12\/de-2.jpg?fit=1080%2C1080&ssl=1&resize=1050%2C600 3x"},"classes":[]}],"jetpack_sharing_enabled":true,"_links":{"self":[{"href":"https:\/\/cepronda.com\/blog\/wp-json\/wp\/v2\/posts\/2679","targetHints":{"allow":["GET"]}}],"collection":[{"href":"https:\/\/cepronda.com\/blog\/wp-json\/wp\/v2\/posts"}],"about":[{"href":"https:\/\/cepronda.com\/blog\/wp-json\/wp\/v2\/types\/post"}],"author":[{"embeddable":true,"href":"https:\/\/cepronda.com\/blog\/wp-json\/wp\/v2\/users\/3"}],"replies":[{"embeddable":true,"href":"https:\/\/cepronda.com\/blog\/wp-json\/wp\/v2\/comments?post=2679"}],"version-history":[{"count":2,"href":"https:\/\/cepronda.com\/blog\/wp-json\/wp\/v2\/posts\/2679\/revisions"}],"predecessor-version":[{"id":2688,"href":"https:\/\/cepronda.com\/blog\/wp-json\/wp\/v2\/posts\/2679\/revisions\/2688"}],"wp:featuredmedia":[{"embeddable":true,"href":"https:\/\/cepronda.com\/blog\/wp-json\/wp\/v2\/media\/2687"}],"wp:attachment":[{"href":"https:\/\/cepronda.com\/blog\/wp-json\/wp\/v2\/media?parent=2679"}],"wp:term":[{"taxonomy":"category","embeddable":true,"href":"https:\/\/cepronda.com\/blog\/wp-json\/wp\/v2\/categories?post=2679"},{"taxonomy":"post_tag","embeddable":true,"href":"https:\/\/cepronda.com\/blog\/wp-json\/wp\/v2\/tags?post=2679"}],"curies":[{"name":"wp","href":"https:\/\/api.w.org\/{rel}","templated":true}]}}