{"id":2657,"date":"2019-03-04T10:32:19","date_gmt":"2019-03-04T09:32:19","guid":{"rendered":"http:\/\/cepronda.com\/blog\/?p=2657"},"modified":"2019-03-04T10:32:28","modified_gmt":"2019-03-04T09:32:28","slug":"jornadas-redes-provinciales-de-bibliotecas-escolares-2","status":"publish","type":"post","link":"https:\/\/cepronda.com\/blog\/jornadas-redes-provinciales-de-bibliotecas-escolares-2\/","title":{"rendered":"JORNADAS REDES PROVINCIALES DE BIBLIOTECAS ESCOLARES"},"content":{"rendered":"\n<p class=\"wp-block-paragraph\">Hola de nuevo, <\/p>\n\n\n\n<p class=\"wp-block-paragraph\">Compartimos con todas y todos vosotros la informaci\u00f3n sobre las jornadas provinciales de Bibliotecas Escolares que se van a llevar a cabo el pr\u00f3ximo 26 de marzo en horario de 16 a 20 horas en el CEP de M\u00e1laga.<\/p>\n\n\n\n<p class=\"wp-block-paragraph\"> Jornada en relaci\u00f3n con la rede de bibliotecas escolares de M\u00e1laga y el fomento de la lectura (aprendizaje, fomento, estrategias, etc.) Los talleres a los que se alude en el programa son simult\u00e1neos, as\u00ed que se debe elegir uno de cada horario. Para ello ten\u00e9is que marcar la opci\u00f3n que m\u00e1s os interese accediendo al siguiente cuestionario: <a href=\"https:\/\/docs.google.com\/forms\/d\/e\/1FAIpQLScdolWVas9aQL5TRjJHhC7DmqKVQ1lvOfQaULuPwChhxBcCgQ\/viewform?usp=sf_link\" target=\"_blank\" rel=\"noreferrer noopener\" aria-label=\" (opens in a new tab)\">https:\/\/docs.google.com\/forms\/d\/e\/1FAIpQLScdolWVas9aQL5TRjJHhC7DmqKVQ1lvOfQaULuPwChhxBcCgQ\/viewform?usp=sf_link<\/a><\/p>\n\n\n\n<p class=\"wp-block-paragraph\">Se ir\u00e1 completando el aforo de los talleres por estricto orden de inscripci\u00f3n en el cuestionario. <\/p>\n\n\n\n<p class=\"wp-block-paragraph\">Para acceder a la informaci\u00f3n e inscribiros s\u00f3lo ten\u00e9is que <a href=\"https:\/\/www.juntadeandalucia.es\/educacion\/secretariavirtual\/consultaCEP\/actividad\/199922BE001\/\" target=\"_blank\" rel=\"noreferrer noopener\" aria-label=\" (opens in a new tab)\">seguir este enlace<\/a>. <\/p>\n","protected":false},"excerpt":{"rendered":"<p>Hola de nuevo, Compartimos con todas y todos vosotros la informaci\u00f3n sobre las jornadas provinciales de Bibliotecas Escolares que se van a llevar a cabo el pr\u00f3ximo 26 de marzo en horario de 16 a 20 horas en el CEP de M\u00e1laga. Jornada en relaci\u00f3n con la rede de bibliotecas escolares de M\u00e1laga y el [&hellip;]<\/p>\n","protected":false},"author":3,"featured_media":873,"comment_status":"open","ping_status":"open","sticky":false,"template":"","format":"standard","meta":{"_crdt_document":"","advanced_seo_description":"","jetpack_seo_html_title":"","jetpack_seo_noindex":false,"jetpack_post_was_ever_published":false,"_jetpack_newsletter_access":"","_jetpack_dont_email_post_to_subs":false,"_jetpack_newsletter_tier_id":0,"_jetpack_memberships_contains_paywalled_content":false,"_jetpack_memberships_contains_paid_content":false,"footnotes":"","jetpack_publicize_message":"","jetpack_publicize_feature_enabled":true,"jetpack_social_post_already_shared":true,"jetpack_social_options":{"image_generator_settings":{"template":"highway","default_image_id":0,"font":"","enabled":false},"version":2}},"categories":[3,5],"tags":[11],"class_list":{"0":"post-2657","1":"post","2":"type-post","3":"status-publish","4":"format-standard","5":"has-post-thumbnail","7":"category-formaciones","8":"category-noticias","9":"tag-biblioteca","10":"czr-hentry"},"jetpack_publicize_connections":[],"jetpack_featured_media_url":"https:\/\/i0.wp.com\/cepronda.com\/blog\/wp-content\/uploads\/2017\/05\/silhouette-1632912_640.jpg?fit=640%2C426&ssl=1","jetpack_shortlink":"https:\/\/wp.me\/p8M4X7-GR","jetpack-related-posts":[{"id":9516,"url":"https:\/\/cepronda.com\/blog\/jornadas-provinciales-de-la-red-profesional-de-bibliotecas-escolares-becrea-malaga\/","url_meta":{"origin":2657,"position":0},"title":"JORNADAS PROVINCIALES DE LA RED PROFESIONAL DE BIBLIOTECAS ESCOLARES- BECREA M\u00c1LAGA","author":"Maribel Mu\u00f1oz","date":"21 abril, 2026","format":false,"excerpt":"Se encuentra abierto el plazo inscripci\u00f3n para las\u00a0 Jornadas Provinciales de la Red Profesional de Bibliotecas Escolares BECREA M\u00c1LAGA. Inscripciones hasta el 24 de abril: https:\/\/lajunta.es\/6dwpw Descarga el programa aqu\u00ed: https:\/\/drive.google.com\/file\/d\/1incEKdE9Ca-EZlq0oPWMsHIyQElE0Ov0\/view?usp=sharing Dirigido a: Internivelar \u00a0 \u00a0 \u00a0 \u00a0","rel":"","context":"En \u00abFormaciones\u00bb","block_context":{"text":"Formaciones","link":"https:\/\/cepronda.com\/blog\/category\/formaciones\/"},"img":{"alt_text":"","src":"https:\/\/i0.wp.com\/cepronda.com\/blog\/wp-content\/uploads\/2026\/04\/WhatsApp-Image-2026-04-20-at-13.25.19-185x300.jpeg?resize=350%2C200&ssl=1","width":350,"height":200},"classes":[]},{"id":687,"url":"https:\/\/cepronda.com\/blog\/jornadas-de-redes-provinciales-de-bibliotecas-escolares\/","url_meta":{"origin":2657,"position":1},"title":"Jornadas de redes provinciales de Bibliotecas Escolares","author":"V\u00edctor Caballero","date":"21 febrero, 2017","format":false,"excerpt":"Hola \u00bfqu\u00e9 tal? Aunque estamos en v\u00edsperas de la Semana Blanca, seguimos poniendo en marcha distintas actividades. En este caso se trata de las Jornadas de redes provinciales de bibliotecas escolares, a celebrar en el CEP de M\u00e1laga el pr\u00f3ximo 23 de marzo, de 16 a 20 horas. Os adjunto\u2026","rel":"","context":"En \u00abNoticias\u00bb","block_context":{"text":"Noticias","link":"https:\/\/cepronda.com\/blog\/category\/noticias\/"},"img":{"alt_text":"","src":"","width":0,"height":0},"classes":[]},{"id":5200,"url":"https:\/\/cepronda.com\/blog\/reunion-informativa-v-premios-bibliotecas-escolares-y-fomento-de-la-lectura-2\/","url_meta":{"origin":2657,"position":2},"title":"JORNADAS REDES PROVINCIALES DE BIBLIOTECAS ESCOLARES","author":"Maribel Mu\u00f1oz","date":"29 marzo, 2022","format":false,"excerpt":"Buenas tardes compa\u00f1eras y compa\u00f1eros Os informamos que est\u00e1 abierto el plazo de inscripci\u00f3n en las JORNADAS REDES PROVINCIALES DE BIBLIOTECAS ESCOLARES, con c\u00f3digo 229922BE001. Estas jornadas est\u00e1n dirigidas al profesorado de los centros docentes p\u00fablicos que imparten Educaci\u00f3n Infantil, Educaci\u00f3n Primaria y Educaci\u00f3n Secundaria. Las fechas son las siguientes:\u2026","rel":"","context":"En \u00abNoticias\u00bb","block_context":{"text":"Noticias","link":"https:\/\/cepronda.com\/blog\/category\/noticias\/"},"img":{"alt_text":"","src":"https:\/\/i0.wp.com\/cepronda.com\/blog\/wp-content\/uploads\/2022\/03\/Jornadas-provinciales-BBEE-19-20-de-abril.jpg?fit=577%2C824&ssl=1&resize=350%2C200","width":350,"height":200,"srcset":"https:\/\/i0.wp.com\/cepronda.com\/blog\/wp-content\/uploads\/2022\/03\/Jornadas-provinciales-BBEE-19-20-de-abril.jpg?fit=577%2C824&ssl=1&resize=350%2C200 1x, https:\/\/i0.wp.com\/cepronda.com\/blog\/wp-content\/uploads\/2022\/03\/Jornadas-provinciales-BBEE-19-20-de-abril.jpg?fit=577%2C824&ssl=1&resize=525%2C300 1.5x"},"classes":[]},{"id":4323,"url":"https:\/\/cepronda.com\/blog\/jornadas-redes-provinciales-de-bibliotecas-escolares-3\/","url_meta":{"origin":2657,"position":3},"title":"JORNADAS REDES PROVINCIALES DE BIBLIOTECAS ESCOLARES","author":"Maribel Mu\u00f1oz","date":"16 marzo, 2021","format":false,"excerpt":"Buenas tardes\u00a0 compa\u00f1eras y compa\u00f1eros, Os informamos que est\u00e1 abierto el plazo de inscripci\u00f3n de las JORNADAS REDES PROVINCIALES DE BIBLIOTECAS ESCOLARES \u00a0219922BE001,\u00a0\u00a0 que comenzar\u00e1n a desarrollarse el pr\u00f3ximo\u00a0 12\/04\/2021.\u00a0 Adjuntamos\u00a0enlace : https:\/\/www.juntadeandalucia.es\/educacion\/secretariavirtual\/consultaCEP\/actividad\/219922BE001\/ El plazo de inscripci\u00f3n finaliza el pr\u00f3ximo 05\/04\/2021. \u00a0 Deseamos que sea de vuestro inter\u00e9s.\u00a0 Saludos.","rel":"","context":"En \u00abFormaciones\u00bb","block_context":{"text":"Formaciones","link":"https:\/\/cepronda.com\/blog\/category\/formaciones\/"},"img":{"alt_text":"","src":"https:\/\/i0.wp.com\/cepronda.com\/blog\/wp-content\/uploads\/2021\/03\/WhatsApp-Image-2021-03-16-at-12.47.02.jpeg?fit=481%2C674&ssl=1&resize=350%2C200","width":350,"height":200},"classes":[]},{"id":4827,"url":"https:\/\/cepronda.com\/blog\/reunion-inicial-responsables-noveles-bibliotecas-escolares-becrea-malaga\/","url_meta":{"origin":2657,"position":4},"title":"REUNI\u00d3N INICIAL. RESPONSABLES NOVELES. BIBLIOTECAS ESCOLARES.BECREA M\u00c1LAGA","author":"Maribel Mu\u00f1oz","date":"26 octubre, 2021","format":false,"excerpt":"Buenas tardes compa\u00f1eras y compa\u00f1eros, Os informamos que el pr\u00f3ximo 3 de noviembre se celebrar\u00e1\u00a0 la REUNI\u00d3N INICIAL DE RESPONSABLES NOVELES\u00a0de Bibliotecas Escolares en horario de 17: 00 a 19:00 horas. La reuni\u00f3n se realizar\u00e1 por videoconferencia\u00a0 en el AVFP, concretamente en la pesta\u00f1a de la Red Profesional \"Sala Virtual\"\u2026","rel":"","context":"En \u00abNoticias\u00bb","block_context":{"text":"Noticias","link":"https:\/\/cepronda.com\/blog\/category\/noticias\/"},"img":{"alt_text":"","src":"https:\/\/i0.wp.com\/cepronda.com\/blog\/wp-content\/uploads\/2021\/10\/Reunion-inicial-BBEE-212x300.jpg?resize=350%2C200","width":350,"height":200},"classes":[]},{"id":5187,"url":"https:\/\/cepronda.com\/blog\/reunion-informativa-v-premios-bibliotecas-escolares-y-fomento-de-la-lectura\/","url_meta":{"origin":2657,"position":5},"title":"REUNI\u00d3N INFORMATIVA V PREMIOS BIBLIOTECAS ESCOLARES Y FOMENTO DE LA LECTURA.","author":"Maribel Mu\u00f1oz","date":"28 marzo, 2022","format":false,"excerpt":"Buenas tardes compa\u00f1eras y compa\u00f1eros Os informamos que el pr\u00f3ximo 6 de abril de 2022 se va a desarrollar una REUNI\u00d3N INFORMATIVA V PREMIOS BIBLIOTECAS ESCOLARES Y FOMENTO DE LA LECTURA.\u00a0 Est\u00e1 dirigida al profesorado responsable de BE y direcciones de centros de Educaci\u00f3n Infantil de 2\u00ba ciclo, Educaci\u00f3n Primaria\u2026","rel":"","context":"En \u00abNoticias\u00bb","block_context":{"text":"Noticias","link":"https:\/\/cepronda.com\/blog\/category\/noticias\/"},"img":{"alt_text":"","src":"https:\/\/i0.wp.com\/cepronda.com\/blog\/wp-content\/uploads\/2022\/03\/BBEE-cartel-reunion-1.jpg?fit=580%2C820&ssl=1&resize=350%2C200","width":350,"height":200,"srcset":"https:\/\/i0.wp.com\/cepronda.com\/blog\/wp-content\/uploads\/2022\/03\/BBEE-cartel-reunion-1.jpg?fit=580%2C820&ssl=1&resize=350%2C200 1x, https:\/\/i0.wp.com\/cepronda.com\/blog\/wp-content\/uploads\/2022\/03\/BBEE-cartel-reunion-1.jpg?fit=580%2C820&ssl=1&resize=525%2C300 1.5x"},"classes":[]}],"jetpack_sharing_enabled":true,"_links":{"self":[{"href":"https:\/\/cepronda.com\/blog\/wp-json\/wp\/v2\/posts\/2657","targetHints":{"allow":["GET"]}}],"collection":[{"href":"https:\/\/cepronda.com\/blog\/wp-json\/wp\/v2\/posts"}],"about":[{"href":"https:\/\/cepronda.com\/blog\/wp-json\/wp\/v2\/types\/post"}],"author":[{"embeddable":true,"href":"https:\/\/cepronda.com\/blog\/wp-json\/wp\/v2\/users\/3"}],"replies":[{"embeddable":true,"href":"https:\/\/cepronda.com\/blog\/wp-json\/wp\/v2\/comments?post=2657"}],"version-history":[{"count":1,"href":"https:\/\/cepronda.com\/blog\/wp-json\/wp\/v2\/posts\/2657\/revisions"}],"predecessor-version":[{"id":2658,"href":"https:\/\/cepronda.com\/blog\/wp-json\/wp\/v2\/posts\/2657\/revisions\/2658"}],"wp:featuredmedia":[{"embeddable":true,"href":"https:\/\/cepronda.com\/blog\/wp-json\/wp\/v2\/media\/873"}],"wp:attachment":[{"href":"https:\/\/cepronda.com\/blog\/wp-json\/wp\/v2\/media?parent=2657"}],"wp:term":[{"taxonomy":"category","embeddable":true,"href":"https:\/\/cepronda.com\/blog\/wp-json\/wp\/v2\/categories?post=2657"},{"taxonomy":"post_tag","embeddable":true,"href":"https:\/\/cepronda.com\/blog\/wp-json\/wp\/v2\/tags?post=2657"}],"curies":[{"name":"wp","href":"https:\/\/api.w.org\/{rel}","templated":true}]}}