{"id":2650,"date":"2019-03-04T10:17:06","date_gmt":"2019-03-04T09:17:06","guid":{"rendered":"http:\/\/cepronda.com\/blog\/?p=2650"},"modified":"2019-03-04T10:17:08","modified_gmt":"2019-03-04T09:17:08","slug":"festival-euro-mediterraneo-de-teatro-en-frances","status":"publish","type":"post","link":"https:\/\/cepronda.com\/blog\/festival-euro-mediterraneo-de-teatro-en-frances\/","title":{"rendered":"Festival euro-mediterr\u00e1neo de teatro en franc\u00e9s"},"content":{"rendered":"\n<p class=\"wp-block-paragraph\">Muy buenas familia,<\/p>\n\n\n\n<p class=\"wp-block-paragraph\">Comenzamos la semana compartiendo este festival a desarrollar en Ronda del 27 al 31 de marzo, durante la cual Ronda se convierte en el punto de encuentro de j\u00f3venes apasionados por el teatro. Lo organizan la Asociaci\u00f3n Habla Franc\u00e9s de Ronda y el IES P\u00e9rez de Guzm\u00e1n. <\/p>\n\n\n\n<p class=\"wp-block-paragraph\">Os dejamos con el cartel del evento, as\u00ed como el programa, donde adem\u00e1s podr\u00e9is encontrar un correo electr\u00f3nico y un n\u00famero de tel\u00e9fono para informaros.  <\/p>\n\n\n\n<figure class=\"wp-block-image\"><img data-recalc-dims=\"1\" loading=\"lazy\" decoding=\"async\" width=\"712\" height=\"967\" src=\"https:\/\/i0.wp.com\/cepronda.com\/blog\/wp-content\/uploads\/2019\/03\/Teatre.png?resize=712%2C967\" alt=\"\" class=\"wp-image-2651\" srcset=\"https:\/\/i0.wp.com\/cepronda.com\/blog\/wp-content\/uploads\/2019\/03\/Teatre.png?w=712&amp;ssl=1 712w, https:\/\/i0.wp.com\/cepronda.com\/blog\/wp-content\/uploads\/2019\/03\/Teatre.png?resize=221%2C300&amp;ssl=1 221w\" sizes=\"auto, (max-width: 712px) 100vw, 712px\" \/><\/figure>\n\n\n\n<div class=\"wp-block-file\"><a href=\"http:\/\/cepronda.com\/blog\/wp-content\/uploads\/2019\/03\/teatre.pdf\">teatre<\/a><a href=\"http:\/\/cepronda.com\/blog\/wp-content\/uploads\/2019\/03\/teatre.pdf\" class=\"wp-block-file__button\" download>Descargar<\/a><\/div>\n","protected":false},"excerpt":{"rendered":"<p>Muy buenas familia, Comenzamos la semana compartiendo este festival a desarrollar en Ronda del 27 al 31 de marzo, durante la cual Ronda se convierte en el punto de encuentro de j\u00f3venes apasionados por el teatro. Lo organizan la Asociaci\u00f3n Habla Franc\u00e9s de Ronda y el IES P\u00e9rez de Guzm\u00e1n. Os dejamos con el cartel [&hellip;]<\/p>\n","protected":false},"author":3,"featured_media":2651,"comment_status":"open","ping_status":"open","sticky":false,"template":"","format":"standard","meta":{"_crdt_document":"","advanced_seo_description":"","jetpack_seo_html_title":"","jetpack_seo_noindex":false,"jetpack_post_was_ever_published":false,"_jetpack_newsletter_access":"","_jetpack_dont_email_post_to_subs":false,"_jetpack_newsletter_tier_id":0,"_jetpack_memberships_contains_paywalled_content":false,"_jetpack_memberships_contains_paid_content":false,"footnotes":"","jetpack_publicize_message":"Festival euro-mediterr\u00e1neo de teatro en franc\u00e9s de Ronda","jetpack_publicize_feature_enabled":true,"jetpack_social_post_already_shared":true,"jetpack_social_options":{"image_generator_settings":{"template":"highway","default_image_id":0,"font":"","enabled":false},"version":2}},"categories":[5],"tags":[86,64],"class_list":{"0":"post-2650","1":"post","2":"type-post","3":"status-publish","4":"format-standard","5":"has-post-thumbnail","7":"category-noticias","8":"tag-frances","9":"tag-teatro","10":"czr-hentry"},"jetpack_publicize_connections":[],"jetpack_featured_media_url":"https:\/\/i0.wp.com\/cepronda.com\/blog\/wp-content\/uploads\/2019\/03\/Teatre.png?fit=712%2C967&ssl=1","jetpack_shortlink":"https:\/\/wp.me\/p8M4X7-GK","jetpack-related-posts":[{"id":5949,"url":"https:\/\/cepronda.com\/blog\/viii-certamen-de-teatro-en-el-aula-ciudad-de-ronda\/","url_meta":{"origin":2650,"position":0},"title":"VIII CERTAMEN DE TEATRO EN EL AULA \u00abCIUDAD DE RONDA\u00bb","author":"Mamen Moreno","date":"18 abril, 2023","format":false,"excerpt":"Os informamos que el pasado lunes 17 de abril se presento el cartel anunciador del VII Certamen de Teatro en el aula Ciudad de Ronda (TACIR) Este certamen se de desarrollara durante el 26 de mayo al 2 de junio Los teatros se realizaran en el Teatro Vicente Espinel de\u2026","rel":"","context":"En \u00abNoticias\u00bb","block_context":{"text":"Noticias","link":"https:\/\/cepronda.com\/blog\/category\/noticias\/"},"img":{"alt_text":"","src":"https:\/\/i0.wp.com\/cepronda.com\/blog\/wp-content\/uploads\/2023\/04\/CARTEL-CERTAMEN-DEFINITIVO.jpg?fit=1200%2C812&ssl=1&resize=350%2C200","width":350,"height":200,"srcset":"https:\/\/i0.wp.com\/cepronda.com\/blog\/wp-content\/uploads\/2023\/04\/CARTEL-CERTAMEN-DEFINITIVO.jpg?fit=1200%2C812&ssl=1&resize=350%2C200 1x, https:\/\/i0.wp.com\/cepronda.com\/blog\/wp-content\/uploads\/2023\/04\/CARTEL-CERTAMEN-DEFINITIVO.jpg?fit=1200%2C812&ssl=1&resize=525%2C300 1.5x, https:\/\/i0.wp.com\/cepronda.com\/blog\/wp-content\/uploads\/2023\/04\/CARTEL-CERTAMEN-DEFINITIVO.jpg?fit=1200%2C812&ssl=1&resize=700%2C400 2x, https:\/\/i0.wp.com\/cepronda.com\/blog\/wp-content\/uploads\/2023\/04\/CARTEL-CERTAMEN-DEFINITIVO.jpg?fit=1200%2C812&ssl=1&resize=1050%2C600 3x"},"classes":[]},{"id":7374,"url":"https:\/\/cepronda.com\/blog\/ix-certamen-de-teatro-en-el-aula-ciudad-de-ronda\/","url_meta":{"origin":2650,"position":1},"title":"IX CERTAMEN DE TEATRO EN EL AULA. CIUDAD DE RONDA.","author":"Mamen Moreno","date":"16 enero, 2024","format":false,"excerpt":"Desde el d\u00eda 02 de enero hasta el 31 de enero los centros educativos de Educaci\u00f3n Secundaria y Bachillerato de Ronda y la Comarca que lo deseen, podr\u00e1n inscribirse en el IX CERTAMEN DE TEATRO EN EL AULA \u201cCIUDAD DE RONDA\u201d para participar con una o dos obras de teatro\u2026","rel":"","context":"En \u00abFormaciones\u00bb","block_context":{"text":"Formaciones","link":"https:\/\/cepronda.com\/blog\/category\/formaciones\/"},"img":{"alt_text":"","src":"https:\/\/i0.wp.com\/cepronda.com\/blog\/wp-content\/uploads\/2024\/01\/Logo-Tacir-768x733-1.jpg?fit=768%2C733&ssl=1&resize=350%2C200","width":350,"height":200,"srcset":"https:\/\/i0.wp.com\/cepronda.com\/blog\/wp-content\/uploads\/2024\/01\/Logo-Tacir-768x733-1.jpg?fit=768%2C733&ssl=1&resize=350%2C200 1x, https:\/\/i0.wp.com\/cepronda.com\/blog\/wp-content\/uploads\/2024\/01\/Logo-Tacir-768x733-1.jpg?fit=768%2C733&ssl=1&resize=525%2C300 1.5x, https:\/\/i0.wp.com\/cepronda.com\/blog\/wp-content\/uploads\/2024\/01\/Logo-Tacir-768x733-1.jpg?fit=768%2C733&ssl=1&resize=700%2C400 2x"},"classes":[]},{"id":5007,"url":"https:\/\/cepronda.com\/blog\/vii-certamen-de-teatro-en-el-aula-ciudad-de-ronda-2\/","url_meta":{"origin":2650,"position":2},"title":"VII CERTAMEN DE TEATRO EN EL AULA \u00abCIUDAD DE RONDA\u00bb","author":"Antonio Montes","date":"18 enero, 2022","format":false,"excerpt":"Buenos d\u00edas, Desde el Centro del Profesorado de Ronda os anunciamos que, desde el 1 de enero al 31 de enero de 2022, est\u00e1 abierto el plazo para inscribirse como participantes en el VII certamen de teatro en el aula \"Ciudad de Ronda\". Esta edici\u00f3n quiere rendir un homenaje a\u2026","rel":"","context":"En \u00abNoticias\u00bb","block_context":{"text":"Noticias","link":"https:\/\/cepronda.com\/blog\/category\/noticias\/"},"img":{"alt_text":"","src":"https:\/\/i0.wp.com\/cepronda.com\/blog\/wp-content\/uploads\/2019\/12\/theatre-430552_1920.jpg?fit=1200%2C821&ssl=1&resize=350%2C200","width":350,"height":200,"srcset":"https:\/\/i0.wp.com\/cepronda.com\/blog\/wp-content\/uploads\/2019\/12\/theatre-430552_1920.jpg?fit=1200%2C821&ssl=1&resize=350%2C200 1x, https:\/\/i0.wp.com\/cepronda.com\/blog\/wp-content\/uploads\/2019\/12\/theatre-430552_1920.jpg?fit=1200%2C821&ssl=1&resize=525%2C300 1.5x, https:\/\/i0.wp.com\/cepronda.com\/blog\/wp-content\/uploads\/2019\/12\/theatre-430552_1920.jpg?fit=1200%2C821&ssl=1&resize=700%2C400 2x, https:\/\/i0.wp.com\/cepronda.com\/blog\/wp-content\/uploads\/2019\/12\/theatre-430552_1920.jpg?fit=1200%2C821&ssl=1&resize=1050%2C600 3x"},"classes":[]},{"id":7514,"url":"https:\/\/cepronda.com\/blog\/enlace-inscripcion-centros-asistir-ix-certamen-de-teatro-en-el-aula-ciudad-de-ronda-tacir\/","url_meta":{"origin":2650,"position":3},"title":"Enlace Inscripci\u00f3n Centros Asistir \u201cIX CERTAMEN DE TEATRO EN EL AULA\u201d CIUDAD DE RONDA (TACIR)","author":"Mamen Moreno","date":"18 marzo, 2024","format":false,"excerpt":"Abierto el plazo para la inscripci\u00f3n como p\u00fablico\u00a0a las obras de teatro que se presentan en el \u201cIX CERTAMEN DE TEATRO EN EL AULA\u201d. ENLACE:\u00a0\u201d Pincha Aqu\u00ed\u201d. NOTA:\u00a0 EL PLAZO PARA LA INSCRIPCI\u00d3N COMO P\u00daBLICO ES DESDE EL 15 DE MARZO HASTA EL 15 DE ABRIL.","rel":"","context":"En \u00abNoticias\u00bb","block_context":{"text":"Noticias","link":"https:\/\/cepronda.com\/blog\/category\/noticias\/"},"img":{"alt_text":"","src":"https:\/\/i0.wp.com\/cepronda.com\/blog\/wp-content\/uploads\/2024\/03\/Logo-Tacir-1024x977-1.jpg?fit=1024%2C977&ssl=1&resize=350%2C200","width":350,"height":200,"srcset":"https:\/\/i0.wp.com\/cepronda.com\/blog\/wp-content\/uploads\/2024\/03\/Logo-Tacir-1024x977-1.jpg?fit=1024%2C977&ssl=1&resize=350%2C200 1x, https:\/\/i0.wp.com\/cepronda.com\/blog\/wp-content\/uploads\/2024\/03\/Logo-Tacir-1024x977-1.jpg?fit=1024%2C977&ssl=1&resize=525%2C300 1.5x, https:\/\/i0.wp.com\/cepronda.com\/blog\/wp-content\/uploads\/2024\/03\/Logo-Tacir-1024x977-1.jpg?fit=1024%2C977&ssl=1&resize=700%2C400 2x"},"classes":[]},{"id":1628,"url":"https:\/\/cepronda.com\/blog\/formularios-para-participar-como-publico-v-certamen-de-teatro-ciudad-de-ronda\/","url_meta":{"origin":2650,"position":4},"title":"FORMULARIOS PARA PARTICIPAR COMO P\u00daBLICO V CERTAMEN DE TEATRO \u00abCIUDAD DE RONDA\u00bb","author":"V\u00edctor Caballero","date":"5 marzo, 2018","format":false,"excerpt":"\u00a1Saludos teatrales compa\u00f1eros\/as!!: Ya ha llegado Marzo y como os prometimos aqu\u00ed os dejamos el enlace para participar gratis como p\u00fablico asistente al\u00a0V CERTAMEN DE TEATRO \"CIUDAD DE RONDA\"\u00a0 Esperamos vuestra presencia un a\u00f1o m\u00e1s en el Teatro Vicente Espinel para disfrutar de la calidad de nuestros actores y actrices.\u2026","rel":"","context":"En \u00abNoticias\u00bb","block_context":{"text":"Noticias","link":"https:\/\/cepronda.com\/blog\/category\/noticias\/"},"img":{"alt_text":"","src":"","width":0,"height":0},"classes":[]},{"id":3235,"url":"https:\/\/cepronda.com\/blog\/vii-certamen-de-teatro-en-el-aula-ciudad-de-ronda\/","url_meta":{"origin":2650,"position":5},"title":"VII CERTAMEN DE TEATRO EN EL AULA \u00abCIUDAD DE RONDA\u00bb","author":"V\u00edctor Caballero","date":"10 diciembre, 2019","format":false,"excerpt":"Muy buenas familia, Os comentamos que est\u00e1 abierto el plazo para inscribirse como participantes desde el 9 de diciembre de 2019 al 31 de enero de 2020 en el VII certamen de teatro en el aula \"Ciudad de Ronda\" El formulario para la inscripci\u00f3n est\u00e1 en el siguiente\u00a0enlace: https:\/\/forms.gle\/xrw7u9h6pUFbdo6r7 Adem\u00e1s\u2026","rel":"","context":"En \u00abNoticias\u00bb","block_context":{"text":"Noticias","link":"https:\/\/cepronda.com\/blog\/category\/noticias\/"},"img":{"alt_text":"","src":"https:\/\/i0.wp.com\/cepronda.com\/blog\/wp-content\/uploads\/2019\/12\/theatre-430552_1920.jpg?fit=1200%2C821&ssl=1&resize=350%2C200","width":350,"height":200,"srcset":"https:\/\/i0.wp.com\/cepronda.com\/blog\/wp-content\/uploads\/2019\/12\/theatre-430552_1920.jpg?fit=1200%2C821&ssl=1&resize=350%2C200 1x, https:\/\/i0.wp.com\/cepronda.com\/blog\/wp-content\/uploads\/2019\/12\/theatre-430552_1920.jpg?fit=1200%2C821&ssl=1&resize=525%2C300 1.5x, https:\/\/i0.wp.com\/cepronda.com\/blog\/wp-content\/uploads\/2019\/12\/theatre-430552_1920.jpg?fit=1200%2C821&ssl=1&resize=700%2C400 2x, https:\/\/i0.wp.com\/cepronda.com\/blog\/wp-content\/uploads\/2019\/12\/theatre-430552_1920.jpg?fit=1200%2C821&ssl=1&resize=1050%2C600 3x"},"classes":[]}],"jetpack_sharing_enabled":true,"_links":{"self":[{"href":"https:\/\/cepronda.com\/blog\/wp-json\/wp\/v2\/posts\/2650","targetHints":{"allow":["GET"]}}],"collection":[{"href":"https:\/\/cepronda.com\/blog\/wp-json\/wp\/v2\/posts"}],"about":[{"href":"https:\/\/cepronda.com\/blog\/wp-json\/wp\/v2\/types\/post"}],"author":[{"embeddable":true,"href":"https:\/\/cepronda.com\/blog\/wp-json\/wp\/v2\/users\/3"}],"replies":[{"embeddable":true,"href":"https:\/\/cepronda.com\/blog\/wp-json\/wp\/v2\/comments?post=2650"}],"version-history":[{"count":1,"href":"https:\/\/cepronda.com\/blog\/wp-json\/wp\/v2\/posts\/2650\/revisions"}],"predecessor-version":[{"id":2653,"href":"https:\/\/cepronda.com\/blog\/wp-json\/wp\/v2\/posts\/2650\/revisions\/2653"}],"wp:featuredmedia":[{"embeddable":true,"href":"https:\/\/cepronda.com\/blog\/wp-json\/wp\/v2\/media\/2651"}],"wp:attachment":[{"href":"https:\/\/cepronda.com\/blog\/wp-json\/wp\/v2\/media?parent=2650"}],"wp:term":[{"taxonomy":"category","embeddable":true,"href":"https:\/\/cepronda.com\/blog\/wp-json\/wp\/v2\/categories?post=2650"},{"taxonomy":"post_tag","embeddable":true,"href":"https:\/\/cepronda.com\/blog\/wp-json\/wp\/v2\/tags?post=2650"}],"curies":[{"name":"wp","href":"https:\/\/api.w.org\/{rel}","templated":true}]}}