{"id":2637,"date":"2019-02-13T12:20:06","date_gmt":"2019-02-13T11:20:06","guid":{"rendered":"http:\/\/cepronda.com\/blog\/?p=2637"},"modified":"2025-04-25T12:07:28","modified_gmt":"2025-04-25T10:07:28","slug":"informacion-sobre-varias-concursos-interesantes","status":"publish","type":"post","link":"https:\/\/cepronda.com\/blog\/informacion-sobre-varias-concursos-interesantes\/","title":{"rendered":"Informaci\u00f3n sobre varias concursos interesantes"},"content":{"rendered":"\n<p class=\"wp-block-paragraph\">Buenas familia,<\/p>\n\n\n\n<p class=\"wp-block-paragraph\">Compartimos con todas y todos vosotros en una misma entrada varias propuestas que nos llegan sobre concursos que pueden resultar interesantes para vuestros centros. Cada uno de ellos os env\u00eda el enlace a la p\u00e1gina informativa sobre las caracter\u00edsticas de cada uno de ellos.<\/p>\n\n\n\n<h2 class=\"wp-block-heading\"><a href=\"http:\/\/www.juntadeandalucia.es\/educacion\/portals\/web\/ced\/contenidos\/-\/contenidos\/detalle\/concurso-magallanes-elcano-y-la-vuelta-al-mundo-con-motivo-de-la-conmemoracion-del-v-centenario-de-la-primera-vuelta-al\">Concurso \u00abMagallanes-Elcano y la vuelta al mundo\u00bb, con motivo de la conmemoraci\u00f3n del V Centenario de la Primera vuelta al mundo<\/a><\/h2>\n\n\n\n<h2 class=\"wp-block-heading\"><a href=\"http:\/\/www.juntadeandalucia.es\/educacion\/portals\/web\/ced\/contenidos\/-\/contenidos\/detalle\/concurso-un-viaje-por-el-patrimonio-de-mi-comunidad\">Concurso \u00abUn Viaje por el Patrimonio de mi Comunidad\u00bb<\/a><\/h2>\n\n\n\n<h2 class=\"wp-block-heading\"><a href=\"http:\/\/www.juntadeandalucia.es\/educacion\/portals\/web\/ced\/contenidos\/-\/contenidos\/detalle\/xxviii-concurso-patrimonio-nacional-de-pintura-infantil-y-juvenil-curso-2018\">XXVIII Concurso Patrimonio Nacional de Pintura Infantil y Juvenil, curso 2018-2019<\/a><\/h2>\n\n\n\n<figure class=\"wp-block-image\"><img data-recalc-dims=\"1\" loading=\"lazy\" decoding=\"async\" width=\"732\" height=\"600\" src=\"https:\/\/i0.wp.com\/cepronda.com\/blog\/wp-content\/uploads\/2017\/05\/logo_ja_ce_mejor.jpg?resize=732%2C600\" alt=\"\" class=\"wp-image-848\" srcset=\"https:\/\/i0.wp.com\/cepronda.com\/blog\/wp-content\/uploads\/2017\/05\/logo_ja_ce_mejor.jpg?w=732&amp;ssl=1 732w, https:\/\/i0.wp.com\/cepronda.com\/blog\/wp-content\/uploads\/2017\/05\/logo_ja_ce_mejor.jpg?resize=300%2C246&amp;ssl=1 300w\" sizes=\"auto, (max-width: 732px) 100vw, 732px\" \/><\/figure>\n","protected":false},"excerpt":{"rendered":"<p>Buenas familia, Compartimos con todas y todos vosotros en una misma entrada varias propuestas que nos llegan sobre concursos que pueden resultar interesantes para vuestros centros. Cada uno de ellos os env\u00eda el enlace a la p\u00e1gina informativa sobre las caracter\u00edsticas de cada uno de ellos. Concurso \u00abMagallanes-Elcano y la vuelta al mundo\u00bb, con motivo [&hellip;]<\/p>\n","protected":false},"author":3,"featured_media":848,"comment_status":"open","ping_status":"open","sticky":false,"template":"","format":"standard","meta":{"_crdt_document":"","advanced_seo_description":"","jetpack_seo_html_title":"","jetpack_seo_noindex":false,"jetpack_post_was_ever_published":false,"_jetpack_newsletter_access":"","_jetpack_dont_email_post_to_subs":false,"_jetpack_newsletter_tier_id":0,"_jetpack_memberships_contains_paywalled_content":false,"_jetpack_memberships_contains_paid_content":false,"footnotes":"","jetpack_publicize_message":"","jetpack_publicize_feature_enabled":true,"jetpack_social_post_already_shared":true,"jetpack_social_options":{"image_generator_settings":{"template":"highway","default_image_id":0,"font":"","enabled":false},"version":2}},"categories":[5],"tags":[231,180],"class_list":{"0":"post-2637","1":"post","2":"type-post","3":"status-publish","4":"format-standard","5":"has-post-thumbnail","7":"category-noticias","8":"tag-certamen","9":"tag-concursos","10":"czr-hentry"},"jetpack_publicize_connections":[],"jetpack_featured_media_url":"https:\/\/i0.wp.com\/cepronda.com\/blog\/wp-content\/uploads\/2017\/05\/logo_ja_ce_mejor.jpg?fit=732%2C600&ssl=1","jetpack_shortlink":"https:\/\/wp.me\/p8M4X7-Gx","jetpack-related-posts":[{"id":3469,"url":"https:\/\/cepronda.com\/blog\/ii-concurso-de-dibujo-y-relato-corto-por-un-mundo-en-igualdad-del-plan-director\/","url_meta":{"origin":2637,"position":0},"title":"II Concurso de dibujo y relato corto \u201cPor un mundo en igualdad\u201d del Plan Director","author":"V\u00edctor Caballero","date":"9 marzo, 2020","format":false,"excerpt":"La Subdelegaci\u00f3n del Gobierno, a trav\u00e9s del\u00a0Plan Director\u00a0y de la Unidad contra la violencia sobre la mujer, organiza, con motivo del 8M, la segunda edici\u00f3n del Concurso de Dibujo y Relato Corto\u00a0\u00abPor un mundo en igualdad\u00bb\u00a0en colaboraci\u00f3n con la Fundaci\u00f3n M\u00e1laga CF, la Fundaci\u00f3n Cueva de Nerja y El Corte\u2026","rel":"","context":"En \u00abNoticias\u00bb","block_context":{"text":"Noticias","link":"https:\/\/cepronda.com\/blog\/category\/noticias\/"},"img":{"alt_text":"","src":"https:\/\/i0.wp.com\/cepronda.com\/blog\/wp-content\/uploads\/2020\/03\/plan-director.png?resize=350%2C200","width":350,"height":200},"classes":[]},{"id":3922,"url":"https:\/\/cepronda.com\/blog\/ii-concurso-fotografia-te-quiero-con-cordura\/","url_meta":{"origin":2637,"position":1},"title":"II Concurso Fotograf\u00eda \u00abTE QUIERO CON CORDURA\u00bb","author":"Maribel Mu\u00f1oz","date":"26 octubre, 2020","format":false,"excerpt":"Buenos d\u00edas compa\u00f1eras y compa\u00f1eros, Os informamos que est\u00e1 abierto el plazo \u00a0de recepci\u00f3n de las fotograf\u00edas\u00a0 para el\u00a0 II Concurso de Fotograf\u00edas \"TE QUIERO CON CORDURA\" organizado por el IES Alfaguar dirigido a toda la provincia de M\u00e1laga. El plazo estar\u00e1 abierto hasta las 23:59 horas del 15 de\u2026","rel":"","context":"En \u00abNoticias\u00bb","block_context":{"text":"Noticias","link":"https:\/\/cepronda.com\/blog\/category\/noticias\/"},"img":{"alt_text":"","src":"https:\/\/i0.wp.com\/cepronda.com\/blog\/wp-content\/uploads\/2020\/10\/cartel-concurso-205x300.png?resize=350%2C200","width":350,"height":200},"classes":[]},{"id":3101,"url":"https:\/\/cepronda.com\/blog\/concurso-escolar-andalucia-en-un-mapa\/","url_meta":{"origin":2637,"position":2},"title":"Concurso escolar \u00abAndaluc\u00eda en un mapa\u00bb","author":"V\u00edctor Caballero","date":"17 octubre, 2019","format":false,"excerpt":"El objeto de este concurso es promover la utilizaci\u00f3n de la cartograf\u00eda y la estad\u00edstica entre la comunidad escolar como herramientas did\u00e1cticas y de representaci\u00f3n creativa del territorio andaluz, con el fin \u00faltimo de aproximar a las personas participantes en el concurso a la importancia que la representaci\u00f3n cartogr\u00e1fica y\u2026","rel":"","context":"En \u00abNoticias\u00bb","block_context":{"text":"Noticias","link":"https:\/\/cepronda.com\/blog\/category\/noticias\/"},"img":{"alt_text":"","src":"","width":0,"height":0},"classes":[]},{"id":5739,"url":"https:\/\/cepronda.com\/blog\/concurso-escolar-2023-demuestra-tus-capacidades-con-europass\/","url_meta":{"origin":2637,"position":3},"title":"CONCURSO ESCOLAR 2023:\u00a0\u201cDEMUESTRA TUS CAPACIDADES CON EUROPASS\u201d","author":"Mamen Moreno","date":"25 enero, 2023","format":false,"excerpt":"En l\u00ednea con la celebraci\u00f3n del\u00a0A\u00f1o Europeo de las Capacidades, el Centro Nacional Europass en Espa\u00f1a ha puesto en marcha la nueva edici\u00f3n del\u00a0Concurso Escolar 2023:\u00a0\u201cDemuestra tus capacidades con Europass\u201d \/ \u201cShowcase your skills with Europass\u201d. El concurso va dirigido a\u00a0estudiantes, de cualquier modalidad educativa, de entre 14 y 18\u2026","rel":"","context":"En \u00abNoticias\u00bb","block_context":{"text":"Noticias","link":"https:\/\/cepronda.com\/blog\/category\/noticias\/"},"img":{"alt_text":"","src":"https:\/\/i0.wp.com\/cepronda.com\/blog\/wp-content\/uploads\/2023\/01\/image002.png?fit=1200%2C673&ssl=1&resize=350%2C200","width":350,"height":200,"srcset":"https:\/\/i0.wp.com\/cepronda.com\/blog\/wp-content\/uploads\/2023\/01\/image002.png?fit=1200%2C673&ssl=1&resize=350%2C200 1x, https:\/\/i0.wp.com\/cepronda.com\/blog\/wp-content\/uploads\/2023\/01\/image002.png?fit=1200%2C673&ssl=1&resize=525%2C300 1.5x, https:\/\/i0.wp.com\/cepronda.com\/blog\/wp-content\/uploads\/2023\/01\/image002.png?fit=1200%2C673&ssl=1&resize=700%2C400 2x, https:\/\/i0.wp.com\/cepronda.com\/blog\/wp-content\/uploads\/2023\/01\/image002.png?fit=1200%2C673&ssl=1&resize=1050%2C600 3x"},"classes":[]},{"id":3119,"url":"https:\/\/cepronda.com\/blog\/concurso-escolar-2019-20-consumopolis15-sobre-consumo-responsable\/","url_meta":{"origin":2637,"position":4},"title":"Concurso escolar 2019-20, Consum\u00f3polis15 sobre consumo responsable","author":"V\u00edctor Caballero","date":"4 noviembre, 2019","format":false,"excerpt":"Muy buenas familia, \u00bfQu\u00e9 tal ese puente? Esperamos que muy bien. Comenzamos la semana compartiendo con todos los centros esta informaci\u00f3n que, creemos, puede ser de vuestro inter\u00e9s. La Direcci\u00f3n General de Consumo de la Consejer\u00eda de Salud y Familias, junto con la Direcci\u00f3n General de Consumo del Ministerio de\u2026","rel":"","context":"En \u00abNoticias\u00bb","block_context":{"text":"Noticias","link":"https:\/\/cepronda.com\/blog\/category\/noticias\/"},"img":{"alt_text":"","src":"https:\/\/i0.wp.com\/cepronda.com\/blog\/wp-content\/uploads\/2019\/11\/logo-consumopolis.png?resize=350%2C200","width":350,"height":200},"classes":[]},{"id":5726,"url":"https:\/\/cepronda.com\/blog\/convocatoria-de-concurso-de-carteles-its-ronda-2023\/","url_meta":{"origin":2637,"position":5},"title":"CONVOCATORIA DE CONCURSO DE CARTELES. IT\u2019S Ronda 2023","author":"Inmaculada Garc\u00eda","date":"10 diciembre, 2022","format":false,"excerpt":"Estamos calentando motores para la segunda edici\u00f3n de la FERIA DE INVENTOS Y TALENTOS. It\u00b4s Ronda 2023, y necesitamos el cartel para dicho evento, por lo que hemos convocado un concurso para el dise\u00f1o de la carteler\u00eda. FECHA L\u00cdMITE DE PRESENTACI\u00d3N: 30 de enero de 2023 a las 23:59 horas.\u2026","rel":"","context":"En \u00abNoticias\u00bb","block_context":{"text":"Noticias","link":"https:\/\/cepronda.com\/blog\/category\/noticias\/"},"img":{"alt_text":"","src":"https:\/\/i0.wp.com\/cepronda.com\/blog\/wp-content\/uploads\/2022\/03\/It%C2%B4s-Ronda.png?fit=848%2C1200&ssl=1&resize=350%2C200","width":350,"height":200,"srcset":"https:\/\/i0.wp.com\/cepronda.com\/blog\/wp-content\/uploads\/2022\/03\/It%C2%B4s-Ronda.png?fit=848%2C1200&ssl=1&resize=350%2C200 1x, https:\/\/i0.wp.com\/cepronda.com\/blog\/wp-content\/uploads\/2022\/03\/It%C2%B4s-Ronda.png?fit=848%2C1200&ssl=1&resize=525%2C300 1.5x, https:\/\/i0.wp.com\/cepronda.com\/blog\/wp-content\/uploads\/2022\/03\/It%C2%B4s-Ronda.png?fit=848%2C1200&ssl=1&resize=700%2C400 2x"},"classes":[]}],"jetpack_sharing_enabled":true,"_links":{"self":[{"href":"https:\/\/cepronda.com\/blog\/wp-json\/wp\/v2\/posts\/2637","targetHints":{"allow":["GET"]}}],"collection":[{"href":"https:\/\/cepronda.com\/blog\/wp-json\/wp\/v2\/posts"}],"about":[{"href":"https:\/\/cepronda.com\/blog\/wp-json\/wp\/v2\/types\/post"}],"author":[{"embeddable":true,"href":"https:\/\/cepronda.com\/blog\/wp-json\/wp\/v2\/users\/3"}],"replies":[{"embeddable":true,"href":"https:\/\/cepronda.com\/blog\/wp-json\/wp\/v2\/comments?post=2637"}],"version-history":[{"count":1,"href":"https:\/\/cepronda.com\/blog\/wp-json\/wp\/v2\/posts\/2637\/revisions"}],"predecessor-version":[{"id":2638,"href":"https:\/\/cepronda.com\/blog\/wp-json\/wp\/v2\/posts\/2637\/revisions\/2638"}],"wp:featuredmedia":[{"embeddable":true,"href":"https:\/\/cepronda.com\/blog\/wp-json\/wp\/v2\/media\/848"}],"wp:attachment":[{"href":"https:\/\/cepronda.com\/blog\/wp-json\/wp\/v2\/media?parent=2637"}],"wp:term":[{"taxonomy":"category","embeddable":true,"href":"https:\/\/cepronda.com\/blog\/wp-json\/wp\/v2\/categories?post=2637"},{"taxonomy":"post_tag","embeddable":true,"href":"https:\/\/cepronda.com\/blog\/wp-json\/wp\/v2\/tags?post=2637"}],"curies":[{"name":"wp","href":"https:\/\/api.w.org\/{rel}","templated":true}]}}