{"id":2632,"date":"2019-02-13T12:11:26","date_gmt":"2019-02-13T11:11:26","guid":{"rendered":"http:\/\/cepronda.com\/blog\/?p=2632"},"modified":"2019-02-13T12:11:34","modified_gmt":"2019-02-13T11:11:34","slug":"ronda-100x100-solidaria","status":"publish","type":"post","link":"https:\/\/cepronda.com\/blog\/ronda-100x100-solidaria\/","title":{"rendered":"Ronda 100&#215;100 solidaria"},"content":{"rendered":"\n<p class=\"wp-block-paragraph\">Muy buenas familia,<\/p>\n\n\n\n<p class=\"wp-block-paragraph\">Queremos compartir con todas y todos vosotros esta actividad solidaria por si es de vuestro inter\u00e9s y quer\u00e9is participar en la misma. Para m\u00e1s informaci\u00f3n en el cartel ten\u00e9is un n\u00famero de tel\u00e9fono de contacto, as\u00ed como la web <a href=\"http:\/\/www.brazadassolidarias.com\">http:\/\/www.brazadassolidarias.com<\/a><\/p>\n\n\n\n<figure class=\"wp-block-image\"><a href=\"www.brazadassolidarias.com\"><img loading=\"lazy\" decoding=\"async\" width=\"1020\" height=\"1384\" src=\"https:\/\/i1.wp.com\/cepronda.com\/blog\/wp-content\/uploads\/2019\/02\/brazadas-solidarias.jpg?fit=755%2C1024\" alt=\"\" class=\"wp-image-2635\" srcset=\"https:\/\/i0.wp.com\/cepronda.com\/blog\/wp-content\/uploads\/2019\/02\/brazadas-solidarias.jpg?w=1020&amp;ssl=1 1020w, https:\/\/i0.wp.com\/cepronda.com\/blog\/wp-content\/uploads\/2019\/02\/brazadas-solidarias.jpg?resize=221%2C300&amp;ssl=1 221w, https:\/\/i0.wp.com\/cepronda.com\/blog\/wp-content\/uploads\/2019\/02\/brazadas-solidarias.jpg?resize=768%2C1042&amp;ssl=1 768w, https:\/\/i0.wp.com\/cepronda.com\/blog\/wp-content\/uploads\/2019\/02\/brazadas-solidarias.jpg?resize=755%2C1024&amp;ssl=1 755w\" sizes=\"auto, (max-width: 1020px) 100vw, 1020px\" \/><\/a><\/figure>\n","protected":false},"excerpt":{"rendered":"<p>Muy buenas familia, Queremos compartir con todas y todos vosotros esta actividad solidaria por si es de vuestro inter\u00e9s y quer\u00e9is participar en la misma. Para m\u00e1s informaci\u00f3n en el cartel ten\u00e9is un n\u00famero de tel\u00e9fono de contacto, as\u00ed como la web http:\/\/www.brazadassolidarias.com<\/p>\n","protected":false},"author":3,"featured_media":2635,"comment_status":"open","ping_status":"open","sticky":false,"template":"","format":"standard","meta":{"_crdt_document":"","advanced_seo_description":"","jetpack_seo_html_title":"","jetpack_seo_noindex":false,"jetpack_post_was_ever_published":false,"_jetpack_newsletter_access":"","_jetpack_dont_email_post_to_subs":false,"_jetpack_newsletter_tier_id":0,"_jetpack_memberships_contains_paywalled_content":false,"_jetpack_memberships_contains_paid_content":false,"footnotes":"","jetpack_publicize_message":"","jetpack_publicize_feature_enabled":true,"jetpack_social_post_already_shared":true,"jetpack_social_options":{"image_generator_settings":{"template":"highway","default_image_id":0,"font":"","enabled":false},"version":2}},"categories":[5],"tags":[22],"class_list":{"0":"post-2632","1":"post","2":"type-post","3":"status-publish","4":"format-standard","5":"has-post-thumbnail","7":"category-noticias","8":"tag-ef","9":"czr-hentry"},"jetpack_publicize_connections":[],"jetpack_featured_media_url":"https:\/\/i0.wp.com\/cepronda.com\/blog\/wp-content\/uploads\/2019\/02\/brazadas-solidarias.jpg?fit=1020%2C1384&ssl=1","jetpack_shortlink":"https:\/\/wp.me\/p8M4X7-Gs","jetpack-related-posts":[{"id":2784,"url":"https:\/\/cepronda.com\/blog\/i-marcha-solidaria-a-favor-de-la-asociacion-de-fenilcetonuria-y-otm-de-andalucia-oriental\/","url_meta":{"origin":2632,"position":0},"title":"I marcha solidaria a favor de la Asociaci\u00f3n de Fenilcetonuria y OTM de Andaluc\u00eda Oriental","author":"V\u00edctor Caballero","date":"7 mayo, 2019","format":false,"excerpt":"Hola muy buenas familia, Desde el AMPA del CEIP MArt\u00edn Pinz\u00f3n de Ronda nos invitan a la I MARCHA SOLIDARIA A FAVOR DE LA ASOCIACI\u00d3N DE FENILCETONURIA Y OTROS TRASTORNOS METAB\u00d3LICOS PARA ANDALUC\u00cdA ORIENTAL - ASPYO METABOLICS- que se celebrar\u00e1 en Ronda el d\u00eda 2\u00a0 de Junio de 2019 Domingo.\u2026","rel":"","context":"En \u00abNoticias\u00bb","block_context":{"text":"Noticias","link":"https:\/\/cepronda.com\/blog\/category\/noticias\/"},"img":{"alt_text":"","src":"https:\/\/i0.wp.com\/cepronda.com\/blog\/wp-content\/uploads\/2019\/05\/Cartel-marcha-1.jpg?resize=350%2C200&ssl=1","width":350,"height":200,"srcset":"https:\/\/i0.wp.com\/cepronda.com\/blog\/wp-content\/uploads\/2019\/05\/Cartel-marcha-1.jpg?resize=350%2C200&ssl=1 1x, https:\/\/i0.wp.com\/cepronda.com\/blog\/wp-content\/uploads\/2019\/05\/Cartel-marcha-1.jpg?resize=525%2C300&ssl=1 1.5x, https:\/\/i0.wp.com\/cepronda.com\/blog\/wp-content\/uploads\/2019\/05\/Cartel-marcha-1.jpg?resize=700%2C400&ssl=1 2x, https:\/\/i0.wp.com\/cepronda.com\/blog\/wp-content\/uploads\/2019\/05\/Cartel-marcha-1.jpg?resize=1050%2C600&ssl=1 3x, https:\/\/i0.wp.com\/cepronda.com\/blog\/wp-content\/uploads\/2019\/05\/Cartel-marcha-1.jpg?resize=1400%2C800&ssl=1 4x"},"classes":[]},{"id":245,"url":"https:\/\/cepronda.com\/blog\/concurso-consumopolis12\/","url_meta":{"origin":2632,"position":1},"title":"Concurso Consum\u00f3polis12","author":"V\u00edctor Caballero","date":"27 octubre, 2016","format":false,"excerpt":"\u00a1Hola de nuevo! Nos acaba de llegar un concurso para tercer ciclo de primaria, y para 1\u00ba,2\u00ba,3\u00ba y 4\u00ba de ESO que creemos puede ser muy interesante. Es un concurso on-line\u00a0sobre consumo responsable con el lema \u201cInternet: \u00bfhaces un uso responsable?\u201d, y tiene como objetivo ofrecer a la comunidad escolar\u2026","rel":"","context":"En \u00abNoticias\u00bb","block_context":{"text":"Noticias","link":"https:\/\/cepronda.com\/blog\/category\/noticias\/"},"img":{"alt_text":"consumopolis","src":"https:\/\/i0.wp.com\/cepronda.com\/blog\/wp-content\/uploads\/2016\/10\/consum%C3%B3polis-300x77.png?resize=350%2C200","width":350,"height":200},"classes":[]},{"id":3525,"url":"https:\/\/cepronda.com\/blog\/una-leccion-al-coronavirus\/","url_meta":{"origin":2632,"position":2},"title":"#Una lecci\u00f3n al coronavirus","author":"V\u00edctor Caballero","date":"1 abril, 2020","format":false,"excerpt":"Muy buenas familia, compartimos con todas y todos vosotros esta iniciativa tan buena, que nos llega a trav\u00e9s de uno de nuestros ponentes, Manuel Ca\u00f1o. Estimado\/a compa\u00f1ero\/a, mi nombre es Manuel Ca\u00f1o Delgado, actualmente orientador en el IES Valdelagrana de El Puerto de Santa Mar\u00eda. Desde nuestro claustro ha\u00a0nacido la\u2026","rel":"","context":"En \u00abNoticias\u00bb","block_context":{"text":"Noticias","link":"https:\/\/cepronda.com\/blog\/category\/noticias\/"},"img":{"alt_text":"","src":"https:\/\/i0.wp.com\/cepronda.com\/blog\/wp-content\/uploads\/2020\/04\/lecci%C3%B3n_al_virus.png?fit=497%2C449&ssl=1&resize=350%2C200","width":350,"height":200},"classes":[]}],"jetpack_sharing_enabled":true,"_links":{"self":[{"href":"https:\/\/cepronda.com\/blog\/wp-json\/wp\/v2\/posts\/2632","targetHints":{"allow":["GET"]}}],"collection":[{"href":"https:\/\/cepronda.com\/blog\/wp-json\/wp\/v2\/posts"}],"about":[{"href":"https:\/\/cepronda.com\/blog\/wp-json\/wp\/v2\/types\/post"}],"author":[{"embeddable":true,"href":"https:\/\/cepronda.com\/blog\/wp-json\/wp\/v2\/users\/3"}],"replies":[{"embeddable":true,"href":"https:\/\/cepronda.com\/blog\/wp-json\/wp\/v2\/comments?post=2632"}],"version-history":[{"count":2,"href":"https:\/\/cepronda.com\/blog\/wp-json\/wp\/v2\/posts\/2632\/revisions"}],"predecessor-version":[{"id":2636,"href":"https:\/\/cepronda.com\/blog\/wp-json\/wp\/v2\/posts\/2632\/revisions\/2636"}],"wp:featuredmedia":[{"embeddable":true,"href":"https:\/\/cepronda.com\/blog\/wp-json\/wp\/v2\/media\/2635"}],"wp:attachment":[{"href":"https:\/\/cepronda.com\/blog\/wp-json\/wp\/v2\/media?parent=2632"}],"wp:term":[{"taxonomy":"category","embeddable":true,"href":"https:\/\/cepronda.com\/blog\/wp-json\/wp\/v2\/categories?post=2632"},{"taxonomy":"post_tag","embeddable":true,"href":"https:\/\/cepronda.com\/blog\/wp-json\/wp\/v2\/tags?post=2632"}],"curies":[{"name":"wp","href":"https:\/\/api.w.org\/{rel}","templated":true}]}}