{"id":2624,"date":"2019-02-04T13:06:45","date_gmt":"2019-02-04T12:06:45","guid":{"rendered":"http:\/\/cepronda.com\/blog\/?p=2624"},"modified":"2025-04-25T12:07:28","modified_gmt":"2025-04-25T10:07:28","slug":"iii-concurso-de-ilustracion-literaria","status":"publish","type":"post","link":"https:\/\/cepronda.com\/blog\/iii-concurso-de-ilustracion-literaria\/","title":{"rendered":"III Concurso de Ilustraci\u00f3n Literaria"},"content":{"rendered":"\n<p class=\"wp-block-paragraph\">El&nbsp;<strong>Gabinete de Bellas Artes<\/strong>&nbsp;de la Delegaci\u00f3n Provincial de Educaci\u00f3n en M\u00e1laga convoca su&nbsp;<strong>III Concurso de Ilustraci\u00f3n Literaria<\/strong>.<\/p>\n\n\n\n<h1 class=\"wp-block-heading\">BASES DEL CONCURSO<\/h1>\n\n\n\n<h5 class=\"wp-block-heading\"><strong>Tema:<\/strong><\/h5>\n\n\n\n<h5 class=\"wp-block-heading\">Este a\u00f1o estar\u00e1 dedicado a la figura y obra de&nbsp;<strong>Federico Garc\u00eda Lorca<\/strong>.&nbsp;En sus poemas y en sus dramas,&nbsp;Lorca&nbsp;se revela como agudo observador del habla, de la m\u00fasica y de las costumbres de la sociedad rural espa\u00f1ola.&nbsp;En ellos&nbsp;se&nbsp;expresan&nbsp;las inquietudes m\u00e1s profundas del coraz\u00f3n humano: el deseo, el amor y la muerte.&nbsp;Como contrapunto, est\u00e1n sus poemas para ni\u00f1os. Pocos poetas han llegado a calar tan hondo en el alma infantil como Federico Garc\u00eda Lorca.<\/h5>\n\n\n\n<h5 class=\"wp-block-heading\"><strong>Objetivos:<\/strong><\/h5>\n\n\n\n<h5 class=\"wp-block-heading\">\u2013 Fomentar la creatividad art\u00edstica del alumnado.<\/h5>\n\n\n\n<h5 class=\"wp-block-heading\">\u2013 Desarrollar la competencia en conciencia y expresiones culturales.<\/h5>\n\n\n\n<h5 class=\"wp-block-heading\">\u2013 Fomentar la investigaci\u00f3n sobre la literatura y sociedad de \u00e9poca.<\/h5>\n\n\n\n<h5 class=\"wp-block-heading\">\u2013 Incentivar la lectura comprensiva y la plasmaci\u00f3n visual de la misma.<\/h5>\n\n\n\n<h5 class=\"wp-block-heading\">\u2013 Favorecer el desarrollo intelectual y las destrezas b\u00e1sicas.<\/h5>\n\n\n\n<h5 class=\"wp-block-heading\"><strong>Participaci\u00f3n:<\/strong><\/h5>\n\n\n\n<h5 class=\"wp-block-heading\">Este concurso va dirigido a todo el alumnado y profesorado de los centros docentes sostenidos con fondos p\u00fablicos de la provincia de M\u00e1laga.<\/h5>\n\n\n\n<h5 class=\"wp-block-heading\"><strong>Formato:<\/strong><\/h5>\n\n\n\n<h5 class=\"wp-block-heading\">Los trabajos podr\u00e1n ser ejecutados mediante cualquier t\u00e9cnica o procedimiento art\u00edstico y se presentar\u00e1 en una foto de calidad suficiente para poder valorar la obra.<\/h5>\n\n\n\n<h5 class=\"wp-block-heading\">Los trabajos presentados han de ser in\u00e9ditos y no se admitir\u00e1n obras de dudosa autor\u00eda. Tampoco pueden suponer, en todo o parte, plagio de obras publicadas o de otros artistas.<\/h5>\n\n\n\n<h5 class=\"wp-block-heading\"><strong>Presentaci\u00f3n:<\/strong><\/h5>\n\n\n\n<h5 class=\"wp-block-heading\">Las obras se enviar\u00e1n en una copia en formato JPG&nbsp;o PDF&nbsp;al correo del Gabinete Pedag\u00f3gico de Bellas Artes de M\u00e1laga junto con el Anexo I debidamente cumplimentado&nbsp;<a href=\"mailto:soe.gbellasartes@gmail.com\"><strong>s<\/strong><\/a><a href=\"mailto:soe.gbellasartes@gmail.com\"><strong>oe.gbellasartes@gmail.com<\/strong><\/a><strong>,<\/strong>&nbsp;poniendo en el&nbsp;<strong>asunto del&nbsp;<\/strong><strong>correo electr\u00f3nico<\/strong>&nbsp;el nombre completo del autor y centro por el que se participa.<\/h5>\n\n\n\n<h5 class=\"wp-block-heading\">Las obras se podr\u00e1n pedir posteriormente en caso de que llegara a hacerse una exposici\u00f3n con las obras originales.<\/h5>\n\n\n\n<h5 class=\"wp-block-heading\"><strong>Derechos de autor:<\/strong><\/h5>\n\n\n\n<h5 class=\"wp-block-heading\">La Delegaci\u00f3n Territorial de Educaci\u00f3n en M\u00e1laga se reserva el derecho de publicar una selecci\u00f3n de los trabajos presentados en formato digital o impreso.<\/h5>\n\n\n\n<h5 class=\"wp-block-heading\">La participaci\u00f3n en el Concurso implicar\u00e1 la cesi\u00f3n de los derechos de reproducci\u00f3n y comunicaci\u00f3n p\u00fablica sobre las obras, que se otorga expresamente a esta Delegaci\u00f3n para editar, distribuir y reproducir, sin fines de lucro, en cualquier medio las obras participantes haciendo constar el nombre del autor respetando sus derechos morales sobre su obra.<\/h5>\n\n\n\n<h5 class=\"wp-block-heading\"><strong>Plazo de presentaci\u00f3n:<\/strong><\/h5>\n\n\n\n<h5 class=\"wp-block-heading\">Los trabajos se podr\u00e1n presentar hasta&nbsp;<strong>el 7 de marzo de 2019<\/strong>&nbsp;inclusive.<\/h5>\n\n\n\n<h5 class=\"wp-block-heading\">Cualquier duda acerca del desarrollo del Concurso se puede realizar a trav\u00e9s del correo&nbsp;electr\u00f3nico&nbsp;<strong>s<\/strong><strong>oe.gbellasartes@gmail.com<\/strong><\/h5>\n\n\n\n<h5 class=\"wp-block-heading\">Categor\u00edas y premios:<\/h5>\n\n\n\n<h5 class=\"wp-block-heading\">Se establecen cuatro categor\u00edas de participaci\u00f3n:<\/h5>\n\n\n\n<h5 class=\"wp-block-heading\"><strong>1\u00aa. Educaci\u00f3n Primaria.<\/strong><\/h5>\n\n\n\n<h5 class=\"wp-block-heading\"><strong>2\u00aa. Educaci\u00f3n Secundaria Obligatoria.<\/strong><\/h5>\n\n\n\n<h5 class=\"wp-block-heading\"><strong>3\u00aa. Bachillerato, Ciclos Formativos, Educaci\u00f3n Permanente y Ense\u00f1anza de R\u00e9gimen Especial.<\/strong><\/h5>\n\n\n\n<h5 class=\"wp-block-heading\"><strong>4\u00aa. Profesorado.<\/strong><\/h5>\n\n\n\n<h5 class=\"wp-block-heading\">La organizaci\u00f3n puede declarar alguna categor\u00eda desierta en caso de no recibir propuestas o que las mismas no tengan suficiente calidad.<\/h5>\n\n\n\n<h5 class=\"wp-block-heading\">Los trabajos participantes y ganadores\u00a0<strong>ser\u00e1n publicados\u00a0<\/strong>el<strong>\u00a021\u00a0de\u00a0marzo\u00a0de 2019, D\u00eda Internacional de la\u00a0Poes\u00eda<\/strong>en la p\u00e1gina web del\u00a0<strong>Gabinete de Bellas Artes.<\/strong><\/h5>\n\n\n\n<h5 class=\"wp-block-heading\"><strong>http:\/\/www.educacionenmalaga.es\/gbellasartes\/<\/strong><\/h5>\n\n\n\n<h5 class=\"wp-block-heading\"><strong>Notas finales:<\/strong><\/h5>\n\n\n\n<h5 class=\"wp-block-heading\">Estas bases pueden ser modificadas por razones organizativas.<\/h5>\n\n\n\n<h5 class=\"wp-block-heading\">El Jurado tendr\u00e1 en cuenta los siguientes criterios de valoraci\u00f3n: el cumplimiento de los objetivos del concurso, la calidad art\u00edstica y la originalidad de la ilustraci\u00f3n.<\/h5>\n\n\n\n<h5 class=\"wp-block-heading\">El premio ser\u00e1 entregado a la persona que figure como autora de la ilustraci\u00f3n en un acto que se organizar\u00e1 al efecto, al cu\u00e1l ser\u00e1n citados previamente. La asistencia a dicho acto ser\u00e1 imprescindible para recibir el premio.<\/h5>\n\n\n\n<h5 class=\"wp-block-heading\">La participaci\u00f3n en el presente concurso implica la aceptaci\u00f3n&nbsp;de lo recogido en las presentes bases.<\/h5>\n\n\n\n<h2 class=\"wp-block-heading\"><strong>Documentos para imprimir<\/strong><\/h2>\n\n\n\n<p class=\"wp-block-paragraph\">A continuaci\u00f3n, dejamos enlaces para descargar el folleto con las bases del Concurso y el Anexo I ( solicitud de participaci\u00f3n ) as\u00ed como el cartel del concurso.<\/p>\n\n\n\n<p class=\"wp-block-paragraph\"><a href=\"http:\/\/www.educacionenmalaga.es\/gbellasartes\/files\/2019\/01\/folleto-y-solicitud-iii-concurso-ilustracion-lieteraria-2019-1.pdf\"><strong>FOLLETO Y SOLICITUD III CONCURSO ILUSTRACI\u00d3N LIETERARIA 2019<\/strong><\/a><\/p>\n\n\n\n<p class=\"wp-block-paragraph\"><a href=\"http:\/\/www.educacionenmalaga.es\/gbellasartes\/files\/2019\/01\/cartel-iii-concurso-ilustracion-literaria-2019.pdf\"><strong>CARTEL III CONCURSO ILUSTRACI\u00d3N LITERARIA 2019<\/strong><\/a><\/p>\n","protected":false},"excerpt":{"rendered":"<p>El&nbsp;Gabinete de Bellas Artes&nbsp;de la Delegaci\u00f3n Provincial de Educaci\u00f3n en M\u00e1laga convoca su&nbsp;III Concurso de Ilustraci\u00f3n Literaria. BASES DEL CONCURSO Tema: Este a\u00f1o estar\u00e1 dedicado a la figura y obra de&nbsp;Federico Garc\u00eda Lorca.&nbsp;En sus poemas y en sus dramas,&nbsp;Lorca&nbsp;se revela como agudo observador del habla, de la m\u00fasica y de las costumbres de la sociedad [&hellip;]<\/p>\n","protected":false},"author":3,"featured_media":2625,"comment_status":"open","ping_status":"open","sticky":false,"template":"","format":"standard","meta":{"_crdt_document":"","advanced_seo_description":"","jetpack_seo_html_title":"","jetpack_seo_noindex":false,"jetpack_post_was_ever_published":false,"_jetpack_newsletter_access":"","_jetpack_dont_email_post_to_subs":false,"_jetpack_newsletter_tier_id":0,"_jetpack_memberships_contains_paywalled_content":false,"_jetpack_memberships_contains_paid_content":false,"footnotes":"","jetpack_publicize_message":"","jetpack_publicize_feature_enabled":true,"jetpack_social_post_already_shared":true,"jetpack_social_options":{"image_generator_settings":{"template":"highway","default_image_id":0,"font":"","enabled":false},"version":2}},"categories":[5],"tags":[231,180,157],"class_list":{"0":"post-2624","1":"post","2":"type-post","3":"status-publish","4":"format-standard","5":"has-post-thumbnail","7":"category-noticias","8":"tag-certamen","9":"tag-concursos","10":"tag-educacion-artistica","11":"czr-hentry"},"jetpack_publicize_connections":[],"jetpack_featured_media_url":"https:\/\/i0.wp.com\/cepronda.com\/blog\/wp-content\/uploads\/2019\/02\/universo-lorca.png?fit=1587%2C2245&ssl=1","jetpack_shortlink":"https:\/\/wp.me\/p8M4X7-Gk","jetpack-related-posts":[{"id":5838,"url":"https:\/\/cepronda.com\/blog\/entrega-de-premios-paraiso-reconocimiento-a-la-labor-bibliotecaria-y-premios-de-ilustracion-literaria\/","url_meta":{"origin":2624,"position":0},"title":"ENTREGA DE PREMIOS PARA\u00cdSO: RECONOCIMIENTO A LA LABOR BIBLIOTECARIA y PREMIOS DE ILUSTRACI\u00d3N LITERARIA.","author":"Inmaculada Garc\u00eda","date":"16 marzo, 2023","format":false,"excerpt":"[ngg src=\"galleries\" ids=\"29\" display=\"basic_slideshow\"]Buenos d\u00edas. Hoy es un d\u00eda especial, ya que se celebra el evento de reconocimiento #PremiosPara\u00edso y \u00a0de los VI Premios Ilustraci\u00f3n Literaria, en el Auditorio Edgar Neville. En esta edici\u00f3n, varios de los premiados son centros de la Serran\u00eda de Ronda: Para\u00edso Fomento de la Lectura:\u2026","rel":"","context":"En \u00abNoticias\u00bb","block_context":{"text":"Noticias","link":"https:\/\/cepronda.com\/blog\/category\/noticias\/"},"img":{"alt_text":"","src":"","width":0,"height":0},"classes":[]},{"id":7455,"url":"https:\/\/cepronda.com\/blog\/ceip-vicente-espinel-concurso-de-poesia\/","url_meta":{"origin":2624,"position":1},"title":"CEIP VICENTE ESPINEL: CONCURSO DE POES\u00cdA","author":"V\u00edctor Caballero","date":"14 febrero, 2024","format":false,"excerpt":"Muy buenas, Desde el CEP de Ronda queremos dar difusi\u00f3n a esta iniciativa del CEIP Vicente Espinel sobre la conmemoraci\u00f3n del 400 aniversario de la muerte de Vicente Espinel a trav\u00e9s de un Concurso de Poes\u00eda\u00a0 MODALIDADES: Hasta 18 a\u00f1os (Cuartetas y\/o Espinelas) Mayores de 18 a\u00f1os (Espinelas) FECHA FINAL\u2026","rel":"","context":"En \u00abFormaciones\u00bb","block_context":{"text":"Formaciones","link":"https:\/\/cepronda.com\/blog\/category\/formaciones\/"},"img":{"alt_text":"","src":"https:\/\/i0.wp.com\/cepronda.com\/blog\/wp-content\/uploads\/2024\/02\/WhatsApp-Image-2024-02-14-at-11.13.56.jpeg?fit=860%2C1200&ssl=1&resize=350%2C200","width":350,"height":200,"srcset":"https:\/\/i0.wp.com\/cepronda.com\/blog\/wp-content\/uploads\/2024\/02\/WhatsApp-Image-2024-02-14-at-11.13.56.jpeg?fit=860%2C1200&ssl=1&resize=350%2C200 1x, https:\/\/i0.wp.com\/cepronda.com\/blog\/wp-content\/uploads\/2024\/02\/WhatsApp-Image-2024-02-14-at-11.13.56.jpeg?fit=860%2C1200&ssl=1&resize=525%2C300 1.5x, https:\/\/i0.wp.com\/cepronda.com\/blog\/wp-content\/uploads\/2024\/02\/WhatsApp-Image-2024-02-14-at-11.13.56.jpeg?fit=860%2C1200&ssl=1&resize=700%2C400 2x"},"classes":[]},{"id":5272,"url":"https:\/\/cepronda.com\/blog\/xxxii-edicion-del-concurso-para-el-fomento-de-la-investigacion-e-innovacion-educativa-joaquin-guichot-y-antonio-dominguez-ortiz\/","url_meta":{"origin":2624,"position":2},"title":"XXXII edici\u00f3n del concurso para el fomento de la investigaci\u00f3n e innovaci\u00f3n educativa \u00abJoaqu\u00edn Guichot\u00bb Y \u00abAntonio Dom\u00ednguez Ortiz\u00bb","author":"Inmaculada Garc\u00eda","date":"5 mayo, 2022","format":false,"excerpt":"Convocados los premios \u00abJoaqu\u00edn Guichot\u00bb y \u00abAntonio Dom\u00ednguez Ortiz\u00bb. Resoluci\u00f3n de 1 de abril de 2022, de la Direcci\u00f3n General de Formaci\u00f3n del Profesorado e Innovaci\u00f3n Educativa, por la que se convoca la XXXII edici\u00f3n del concurso para el fomento de la investigaci\u00f3n e innovaci\u00f3n educativa en sus dos modalidades,\u2026","rel":"","context":"En \u00abNoticias\u00bb","block_context":{"text":"Noticias","link":"https:\/\/cepronda.com\/blog\/category\/noticias\/"},"img":{"alt_text":"","src":"https:\/\/i0.wp.com\/cepronda.com\/blog\/wp-content\/uploads\/2022\/05\/ESTANCIAS-FORMATIVAS-EN-EMPRESAS-PARA-EL-PROFESORADO-DE-FORMACION-PROFESIONAL.png?fit=1080%2C1080&ssl=1&resize=350%2C200","width":350,"height":200,"srcset":"https:\/\/i0.wp.com\/cepronda.com\/blog\/wp-content\/uploads\/2022\/05\/ESTANCIAS-FORMATIVAS-EN-EMPRESAS-PARA-EL-PROFESORADO-DE-FORMACION-PROFESIONAL.png?fit=1080%2C1080&ssl=1&resize=350%2C200 1x, https:\/\/i0.wp.com\/cepronda.com\/blog\/wp-content\/uploads\/2022\/05\/ESTANCIAS-FORMATIVAS-EN-EMPRESAS-PARA-EL-PROFESORADO-DE-FORMACION-PROFESIONAL.png?fit=1080%2C1080&ssl=1&resize=525%2C300 1.5x, https:\/\/i0.wp.com\/cepronda.com\/blog\/wp-content\/uploads\/2022\/05\/ESTANCIAS-FORMATIVAS-EN-EMPRESAS-PARA-EL-PROFESORADO-DE-FORMACION-PROFESIONAL.png?fit=1080%2C1080&ssl=1&resize=700%2C400 2x, https:\/\/i0.wp.com\/cepronda.com\/blog\/wp-content\/uploads\/2022\/05\/ESTANCIAS-FORMATIVAS-EN-EMPRESAS-PARA-EL-PROFESORADO-DE-FORMACION-PROFESIONAL.png?fit=1080%2C1080&ssl=1&resize=1050%2C600 3x"},"classes":[]},{"id":3353,"url":"https:\/\/cepronda.com\/blog\/xxix-concurso-patrimonio-nacional-de-pintura-infantil-y-juvenil-curso-2019-2020\/","url_meta":{"origin":2624,"position":3},"title":"XXIX Concurso Patrimonio Nacional de Pintura Infantil y Juvenil, curso 2019-2020","author":"V\u00edctor Caballero","date":"20 enero, 2020","format":false,"excerpt":"Patrimonio Nacional convoca el XXIX Concurso de Pintura Infantil y Juvenil para Centros Escolares. El prop\u00f3sito de este concurso es divulgar, entre los ni\u00f1os, ni\u00f1as y j\u00f3venes, los monumentos, palacios y monasterios reales que integran Patrimonio Nacional, a trav\u00e9s de su expresi\u00f3n pl\u00e1stica. El concurso tiene dos categor\u00edas: A) Alumnado\u2026","rel":"","context":"En \u00abNoticias\u00bb","block_context":{"text":"Noticias","link":"https:\/\/cepronda.com\/blog\/category\/noticias\/"},"img":{"alt_text":"","src":"","width":0,"height":0},"classes":[]},{"id":1651,"url":"https:\/\/cepronda.com\/blog\/concurso-de-dibujo-y-microrrelatos-esta-es-mi-familia\/","url_meta":{"origin":2624,"position":4},"title":"Concurso de dibujo y microrrelatos \u00abEsta es mi familia\u00bb","author":"V\u00edctor Caballero","date":"23 marzo, 2018","format":false,"excerpt":"\u00a1Muy buenas familia! Hoy viernes, antes de tomarnos nuestra merecida semana de vacaciones, os dejamos con esta informaci\u00f3n que nos ha llegado desde la Delegaci\u00f3n de Educaci\u00f3n de M\u00e1laga. La FELGTB (Federaci\u00f3n Estatal de Lesbianas, Gais, Transexuales y Bisexuales)\u00a0\u00a0convoca la Segunda Edici\u00f3n del Concurso de dibujo y microrrelatos para ni\u00f1as,\u2026","rel":"","context":"En \u00abNoticias\u00bb","block_context":{"text":"Noticias","link":"https:\/\/cepronda.com\/blog\/category\/noticias\/"},"img":{"alt_text":"","src":"https:\/\/i0.wp.com\/cepronda.com\/blog\/wp-content\/uploads\/2018\/03\/concurso-familias-1.jpg?resize=350%2C200","width":350,"height":200},"classes":[]},{"id":3101,"url":"https:\/\/cepronda.com\/blog\/concurso-escolar-andalucia-en-un-mapa\/","url_meta":{"origin":2624,"position":5},"title":"Concurso escolar \u00abAndaluc\u00eda en un mapa\u00bb","author":"V\u00edctor Caballero","date":"17 octubre, 2019","format":false,"excerpt":"El objeto de este concurso es promover la utilizaci\u00f3n de la cartograf\u00eda y la estad\u00edstica entre la comunidad escolar como herramientas did\u00e1cticas y de representaci\u00f3n creativa del territorio andaluz, con el fin \u00faltimo de aproximar a las personas participantes en el concurso a la importancia que la representaci\u00f3n cartogr\u00e1fica y\u2026","rel":"","context":"En \u00abNoticias\u00bb","block_context":{"text":"Noticias","link":"https:\/\/cepronda.com\/blog\/category\/noticias\/"},"img":{"alt_text":"","src":"","width":0,"height":0},"classes":[]}],"jetpack_sharing_enabled":true,"_links":{"self":[{"href":"https:\/\/cepronda.com\/blog\/wp-json\/wp\/v2\/posts\/2624","targetHints":{"allow":["GET"]}}],"collection":[{"href":"https:\/\/cepronda.com\/blog\/wp-json\/wp\/v2\/posts"}],"about":[{"href":"https:\/\/cepronda.com\/blog\/wp-json\/wp\/v2\/types\/post"}],"author":[{"embeddable":true,"href":"https:\/\/cepronda.com\/blog\/wp-json\/wp\/v2\/users\/3"}],"replies":[{"embeddable":true,"href":"https:\/\/cepronda.com\/blog\/wp-json\/wp\/v2\/comments?post=2624"}],"version-history":[{"count":1,"href":"https:\/\/cepronda.com\/blog\/wp-json\/wp\/v2\/posts\/2624\/revisions"}],"predecessor-version":[{"id":2626,"href":"https:\/\/cepronda.com\/blog\/wp-json\/wp\/v2\/posts\/2624\/revisions\/2626"}],"wp:featuredmedia":[{"embeddable":true,"href":"https:\/\/cepronda.com\/blog\/wp-json\/wp\/v2\/media\/2625"}],"wp:attachment":[{"href":"https:\/\/cepronda.com\/blog\/wp-json\/wp\/v2\/media?parent=2624"}],"wp:term":[{"taxonomy":"category","embeddable":true,"href":"https:\/\/cepronda.com\/blog\/wp-json\/wp\/v2\/categories?post=2624"},{"taxonomy":"post_tag","embeddable":true,"href":"https:\/\/cepronda.com\/blog\/wp-json\/wp\/v2\/tags?post=2624"}],"curies":[{"name":"wp","href":"https:\/\/api.w.org\/{rel}","templated":true}]}}