{"id":2621,"date":"2019-01-30T17:00:16","date_gmt":"2019-01-30T16:00:16","guid":{"rendered":"http:\/\/cepronda.com\/blog\/?p=2621"},"modified":"2019-01-30T17:00:26","modified_gmt":"2019-01-30T16:00:26","slug":"2a-convocatoria-de-cursos-de-teleformacion-regional-2018-19","status":"publish","type":"post","link":"https:\/\/cepronda.com\/blog\/2a-convocatoria-de-cursos-de-teleformacion-regional-2018-19\/","title":{"rendered":"2\u00aa Convocatoria de cursos de Teleformaci\u00f3n Regional 2018-19"},"content":{"rendered":"\n<p class=\"wp-block-paragraph\">Dentro&nbsp;del&nbsp;plan de formaci\u00f3n del profesorado de la Consejer\u00eda de Educaci\u00f3n se ofertan 21 cursos&nbsp;en la modalidad de teleformaci\u00f3n. Las condiciones de la oferta son las siguientes:<\/p>\n\n\n\n<ul class=\"wp-block-list\"><li><strong>Plazo de inscripci\u00f3n<\/strong>:&nbsp;Desde el 1 de febrero&nbsp;de 2019&nbsp;a las 10:00 horas al 6 de febrero de 2019 a las 14:00h&nbsp;<br><\/li><li><strong>Publicaci\u00f3n de listas de admisi\u00f3n en los cursos:<\/strong>&nbsp;11 de febrero de 2019<\/li><li><strong>Fechas de realizaci\u00f3n<\/strong>: Los cursos se iniciar\u00e1n el 14 de febrero de 2019. La fecha de finalizaci\u00f3n estar\u00e1 en funci\u00f3n de la duraci\u00f3n de cada curso.<\/li><li><strong>Destinatarios<\/strong>: Profesorado de los centros docentes andaluces no universitarios sostenidos con fondos p\u00fablicos que no est\u00e9n matriculados en un curso de la 1\u00aa Convocatoria Regional de Cursos de Teleformaci\u00f3n 18-19 (a excepci\u00f3n de la Formaci\u00f3n vinculada a Planes y Programas).<\/li><li><strong>Cursos convocados<\/strong><strong>:&nbsp;<\/strong><a href=\"https:\/\/www.juntadeandalucia.es\/educacion\/secretariavirtual\/consultaCEP\/?X_CATMODACT=3&amp;ID=3003&amp;C_EDIACTFOR=19Q99\" target=\"_blank\" rel=\"noreferrer noopener\">Listado de cursos de la Convocatoria<\/a><a target=\"_blank\" href=\"https:\/\/educacionadistancia.juntadeandalucia.es\/profesorado\/mod\/page\/view.php?id=143992\" rel=\"noreferrer noopener\"><\/a><\/li><li><strong>Modalidad y lugar de realizaci\u00f3n<\/strong>: Los cursos se realizar\u00e1n en la modalidad de teleformaci\u00f3n, en el&nbsp;<a href=\"https:\/\/educacionadistancia.juntadeandalucia.es\/profesorado\" target=\"_blank\" rel=\"noreferrer noopener\">Aula Virtual de Formaci\u00f3n del Profesorado<\/a>&nbsp;de la Consejer\u00eda de Educaci\u00f3n. Una vez realizada la adjudicaci\u00f3n de las solicitudes los cursos ser\u00e1n gestionados por los Centros de Profesorado, apareciendo a partir de ese momento en la ficha del curso en S\u00e9neca el CEP correspondiente.<\/li><li><strong>Duraci\u00f3n<\/strong>: Los cursos tendr\u00e1n una duraci\u00f3n variable seg\u00fan las tem\u00e1ticas.<\/li><li><strong>Procedimiento de solicitud<\/strong>: La inscripci\u00f3n en los cursos se realiza a trav\u00e9s de la&nbsp;<a href=\"https:\/\/www.juntadeandalucia.es\/educacion\/secretariavirtual\/consultaCEP\/?X_CATMODACT=3&amp;ID=3003&amp;C_EDIACTFOR=19Q99\" target=\"_blank\" rel=\"noreferrer noopener\">web de Formaci\u00f3n del Profesorado<\/a>&nbsp;o de cada uno de los CEP, debiendo accederse a trav\u00e9s de la \u00abConsulta de Actividades Formativas\u00bb (pendiente de actualizaci\u00f3n). Podr\u00e1n solicitarse hasta 3 cursos simult\u00e1neamente,&nbsp;<strong>se considerar\u00e1 prioridad en la adjudicaci\u00f3n de cursos el ordencronol\u00f3gico en el que han sido realizadas las solicitudes,&nbsp;<\/strong>es decir, una solicitud realizada a las 10:00 tendr\u00e1 prioridad sobre una realizada a las 10:05. Solo se adjudicar\u00e1 un curso por cada solicitante, si bien podr\u00e1 realizarse nuevamente la petici\u00f3n de los cursos no adjudicados en siguientes convocatorias.<\/li><li><strong>Criterios de adjudicaci\u00f3n:&nbsp;Los cursos se adjudicar\u00e1n por estricto orden de entrada de las solicitudes en S\u00e9neca, salvo que se indique lo contrario en las observaciones de la ficha del curso.<\/strong><\/li><li><strong>Criterios de abandono:&nbsp;<\/strong>Si en un plazo de 15 d\u00edas una vez empezado el curso un participante no se ha presentado en el foro de presentaciones, se entender\u00e1 que dicho participante abandona el curso y se cursar\u00e1 su baja en el mismo. Tambi\u00e9n se dar\u00e1 de baja en el curso a aquellas personas que a\u00fan habi\u00e9ndose presentado en el foro, soliciten su baja voluntaria. Las plazas sobrantes producidas por esos abandonos se adjudicar\u00e1n a las siguientes personas de la lista de solicitudes a las que no se les haya adjudicado ning\u00fan otro curso y que verifiquen fehacientemente su intenci\u00f3n de realizarlo previa llamada telef\u00f3nica o correo electr\u00f3nico.&nbsp;Una vez transcurridos estos 15 d\u00edas, no se cubrir\u00e1n las plazas sobrantes producidas por el abandono de participantes.<\/li><\/ul>\n\n\n\n<p class=\"wp-block-paragraph\"><strong><\/strong><strong><\/strong><strong>No podr\u00e1n participar en un curso aquellas personas que ya lo hayan realizado con evaluaci\u00f3n&nbsp; positiva en ediciones anteriores.<\/strong><\/p>\n\n\n\n<p class=\"wp-block-paragraph\"><strong>LISTADO DE CURSOS DE LA CONVOCATORIA (<a href=\"https:\/\/www.juntadeandalucia.es\/educacion\/secretariavirtual\/consultaCEP\/?X_CATMODACT=3&amp;ID=3003&amp;C_EDIACTFOR=19Q99\" target=\"_blank\" rel=\"noreferrer noopener\">Ver detalles en la web<\/a>)<\/strong><\/p>\n\n\n\n<ul class=\"wp-block-list\"><li>ABP. APRENDIZAJE BASADO EN PROYECTOS (INFANTIL Y PRIMARIA)<\/li><li>DALE LA VUELTA A TU CLASE (FLIPPED CLASSROOM)<\/li><li>DISE\u00d1O DE TAREAS COMPETENCIALES POR ESPECIALIDADES EN SECUNDARIA<\/li><li>EDICI\u00d3N DE PARTITURAS CON MUSESCORE<\/li><li>EL APRENDIZAJE COOPERATIVO COMO ESTRATEGIA DE GESTI\u00d3N DEL AULA<\/li><li>GEOGEBRA COMO HERRAMIENTA DID\u00c1CTICA EN EL AULA<\/li><li>INNICIA CULTURA EMPRENDEDORA<\/li><li>INNOVATIVE TEACHING PRACTICES SUPPORTED BY THE FOCUSED USE OF ICT TOOLS IN THE LANGUAGE CLASSROOM<\/li><li>LA EDUCACI\u00d3N INTERCULTURAL: DE LA TEOR\u00cdA A LA PR\u00c1CTICA<\/li><li>LA PR\u00c1CTICA DE LA ESCRITURA CREATIVA EN LAS AULAS: NUEVAS POSIBILIDADES<\/li><li>LAS MATEM\u00c1TICAS QUE NOS RODEAN<\/li><li>LO HICE Y APREND\u00cd: C\u00d3MO USAR MOODLE PARA PARA EL TRABAJO DIARIO EN EL AULA<\/li><li>METODOLOG\u00cdA DEL TRABAJO INVESTIGADOR EN EL CENTRO EDUCATIVO<\/li><li>NUEVAS TENDENCIAS METODOL\u00d3GICAS EN EDUCACI\u00d3N F\u00cdSICA<\/li><li>PENSAMIENTO COMPUTACIONAL SIN DISPOSITIVOS EN INFANTIL Y PRIMARIA<\/li><li>PROGRAMACI\u00d3N DE VIDEOJUEGOS CON SCRATCH 3.0 COMO HERRAMIENTA EDUCATIVA<\/li><li>PROYECTO EDUCAVES<\/li><li>PROYECTO RECAPACICLA<\/li><li>PROYECTO SEMILLA<\/li><li>PROYECTO TERRAL<\/li><li>PROYECTOS STEAM BASADOS EN PENSAMIENTO COMPUTACIONAL Y CULTURA MAKER<\/li><\/ul>\n","protected":false},"excerpt":{"rendered":"<p>Dentro&nbsp;del&nbsp;plan de formaci\u00f3n del profesorado de la Consejer\u00eda de Educaci\u00f3n se ofertan 21 cursos&nbsp;en la modalidad de teleformaci\u00f3n. Las condiciones de la oferta son las siguientes: Plazo de inscripci\u00f3n:&nbsp;Desde el 1 de febrero&nbsp;de 2019&nbsp;a las 10:00 horas al 6 de febrero de 2019 a las 14:00h&nbsp; Publicaci\u00f3n de listas de admisi\u00f3n en los cursos:&nbsp;11 de [&hellip;]<\/p>\n","protected":false},"author":3,"featured_media":0,"comment_status":"open","ping_status":"open","sticky":false,"template":"","format":"standard","meta":{"_crdt_document":"","advanced_seo_description":"","jetpack_seo_html_title":"","jetpack_seo_noindex":false,"jetpack_post_was_ever_published":false,"_jetpack_newsletter_access":"","_jetpack_dont_email_post_to_subs":false,"_jetpack_newsletter_tier_id":0,"_jetpack_memberships_contains_paywalled_content":false,"_jetpack_memberships_contains_paid_content":false,"footnotes":"","jetpack_publicize_message":"","jetpack_publicize_feature_enabled":true,"jetpack_social_post_already_shared":true,"jetpack_social_options":{"image_generator_settings":{"template":"highway","default_image_id":0,"font":"","enabled":false},"version":2}},"categories":[3],"tags":[144],"class_list":{"0":"post-2621","1":"post","2":"type-post","3":"status-publish","4":"format-standard","6":"category-formaciones","7":"tag-aula-virtual-de-formacion-del-profesorado","8":"czr-hentry"},"jetpack_publicize_connections":[],"jetpack_featured_media_url":"","jetpack_shortlink":"https:\/\/wp.me\/p8M4X7-Gh","jetpack-related-posts":[{"id":729,"url":"https:\/\/cepronda.com\/blog\/segunda-convocatoria-de-cursos-de-teleformacion-regional\/","url_meta":{"origin":2621,"position":0},"title":"Segunda convocatoria de Cursos de Teleformaci\u00f3n regional","author":"V\u00edctor Caballero","date":"9 marzo, 2017","format":false,"excerpt":"Hola \u00a1muy buenas! Escribimos esta entrada para comunicaros que se abri\u00f3 hace un par de d\u00edas el plazo de solicitud de inscripci\u00f3n en los cursos de Teleformaci\u00f3n Regional del Aula Virtual de Formaci\u00f3n del Profesorado. Existen bastantes cursos muy interesantes, os dejamos con el enlace con la informaci\u00f3n de los\u2026","rel":"","context":"En \u00abNoticias\u00bb","block_context":{"text":"Noticias","link":"https:\/\/cepronda.com\/blog\/category\/noticias\/"},"img":{"alt_text":"","src":"https:\/\/i0.wp.com\/cepronda.com\/blog\/wp-content\/uploads\/2016\/11\/macbook-336704_640-300x200.jpg?resize=350%2C200","width":350,"height":200},"classes":[]},{"id":1620,"url":"https:\/\/cepronda.com\/blog\/2a-convocatoria-regional-de-cursos-de-teleformacion-actividades-vinculadas-a-planes-y-programas\/","url_meta":{"origin":2621,"position":1},"title":"2\u00aa convocatoria regional de cursos de teleformaci\u00f3n. Actividades vinculadas a Planes y Programas","author":"V\u00edctor Caballero","date":"5 marzo, 2018","format":false,"excerpt":"Muy buenas, \u00bfQu\u00e9 tal esa semana blanca pasada por agua? Esperamos que bien.\u00a0 Empezamos la semana compartiendo con todas y todos vosotros la segunda convocatoria regional de cursos de teleformaci\u00f3n, que en este curso escolar est\u00e1 dedicado de forma exclusiva a actividades vinculadas a los Planes y Programas Educativos.\u00a0 Dentro\u2026","rel":"","context":"En \u00abNoticias\u00bb","block_context":{"text":"Noticias","link":"https:\/\/cepronda.com\/blog\/category\/noticias\/"},"img":{"alt_text":"","src":"https:\/\/i0.wp.com\/cepronda.com\/blog\/wp-content\/uploads\/2017\/05\/macbook-336704_640.jpg?fit=640%2C426&ssl=1&resize=350%2C200","width":350,"height":200,"srcset":"https:\/\/i0.wp.com\/cepronda.com\/blog\/wp-content\/uploads\/2017\/05\/macbook-336704_640.jpg?fit=640%2C426&ssl=1&resize=350%2C200 1x, https:\/\/i0.wp.com\/cepronda.com\/blog\/wp-content\/uploads\/2017\/05\/macbook-336704_640.jpg?fit=640%2C426&ssl=1&resize=525%2C300 1.5x"},"classes":[]},{"id":2496,"url":"https:\/\/cepronda.com\/blog\/primera-convocatoria-regional-de-teleformacion-2018-19\/","url_meta":{"origin":2621,"position":2},"title":"Primera Convocatoria Regional de Teleformaci\u00f3n 2018\/19","author":"V\u00edctor Caballero","date":"29 noviembre, 2018","format":false,"excerpt":"Muy buenas familia,\u00a0 Sabemos que muchas y muchos de vosotros estabais esperando esta convocatoria, y ya la tenemos aqu\u00ed.\u00a0Para m\u00e1s informaci\u00f3n y solicitar la inscripci\u00f3n en alguna de la oferta s\u00f3lo ten\u00e9is que seguir este enlace. El plazo de inscripci\u00f3n se abre ma\u00f1ana 30 de noviembre a las 10:00. Dentro\u2026","rel":"","context":"En \u00abFormaciones\u00bb","block_context":{"text":"Formaciones","link":"https:\/\/cepronda.com\/blog\/category\/formaciones\/"},"img":{"alt_text":"","src":"https:\/\/i0.wp.com\/cepronda.com\/blog\/wp-content\/uploads\/2017\/05\/logo_ja_ce_mejor.jpg?fit=732%2C600&ssl=1&resize=350%2C200","width":350,"height":200,"srcset":"https:\/\/i0.wp.com\/cepronda.com\/blog\/wp-content\/uploads\/2017\/05\/logo_ja_ce_mejor.jpg?fit=732%2C600&ssl=1&resize=350%2C200 1x, https:\/\/i0.wp.com\/cepronda.com\/blog\/wp-content\/uploads\/2017\/05\/logo_ja_ce_mejor.jpg?fit=732%2C600&ssl=1&resize=525%2C300 1.5x, https:\/\/i0.wp.com\/cepronda.com\/blog\/wp-content\/uploads\/2017\/05\/logo_ja_ce_mejor.jpg?fit=732%2C600&ssl=1&resize=700%2C400 2x"},"classes":[]},{"id":368,"url":"https:\/\/cepronda.com\/blog\/1a-convocatoria-de-cursos-de-teleformacion-regional-2016-17\/","url_meta":{"origin":2621,"position":3},"title":"1\u00aa convocatoria de cursos de teleformaci\u00f3n regional 2016-17","author":"V\u00edctor Caballero","date":"18 noviembre, 2016","format":false,"excerpt":"Terminamos la semana con la noticia de que ya se ha publicado la 1\u00aa convocatoria de cursos de teleformaci\u00f3n regional del presente curso. Para esta convocatoria se ofertan 26 cursos de distintas modalidades, y seguro que alguno de ellos cuadra con vuestras inquietudes y\/o necesidades. Si quer\u00e9is acceder al listado,\u2026","rel":"","context":"En \u00abFormaciones\u00bb","block_context":{"text":"Formaciones","link":"https:\/\/cepronda.com\/blog\/category\/formaciones\/"},"img":{"alt_text":"internet-42584_150","src":"https:\/\/i0.wp.com\/cepronda.com\/blog\/wp-content\/uploads\/2016\/11\/internet-42584_150.png?resize=350%2C200","width":350,"height":200},"classes":[]},{"id":3329,"url":"https:\/\/cepronda.com\/blog\/segunda-convocatoria-regional-2019-2020-oferta-formativa-del-aula-virtual-de-formacion-del-profesorado\/","url_meta":{"origin":2621,"position":4},"title":"Segunda convocatoria regional 2019\/2020. Oferta formativa del aula virtual de formaci\u00f3n del profesorado","author":"V\u00edctor Caballero","date":"13 enero, 2020","format":false,"excerpt":"Dentro del plan de formaci\u00f3n del profesorado de la Consejer\u00eda de Educaci\u00f3n se ofertan 23 cursos en la modalidad de cursos a distancia. Las condiciones de la oferta son las siguientes: Plazo de inscripci\u00f3n: Desde el 13 de enero de 2020 a las 15:00 horas al 16 de enero de\u2026","rel":"","context":"En \u00abFormaciones\u00bb","block_context":{"text":"Formaciones","link":"https:\/\/cepronda.com\/blog\/category\/formaciones\/"},"img":{"alt_text":"","src":"https:\/\/i0.wp.com\/cepronda.com\/blog\/wp-content\/uploads\/2019\/05\/logo-nuevo.jpg?fit=531%2C342&ssl=1&resize=350%2C200","width":350,"height":200,"srcset":"https:\/\/i0.wp.com\/cepronda.com\/blog\/wp-content\/uploads\/2019\/05\/logo-nuevo.jpg?fit=531%2C342&ssl=1&resize=350%2C200 1x, https:\/\/i0.wp.com\/cepronda.com\/blog\/wp-content\/uploads\/2019\/05\/logo-nuevo.jpg?fit=531%2C342&ssl=1&resize=525%2C300 1.5x"},"classes":[]},{"id":5085,"url":"https:\/\/cepronda.com\/blog\/segunda-convocatoria-regional-de-cursos-de-formacion-a-distancia-2021-22\/","url_meta":{"origin":2621,"position":5},"title":"SEGUNDA CONVOCATORIA REGIONAL DE CURSOS DE FORMACI\u00d3N A DISTANCIA 2021-22","author":"Maribel Mu\u00f1oz","date":"4 febrero, 2022","format":false,"excerpt":"Buenas tardes compa\u00f1eras y compa\u00f1eros, Os informamos que dentro del plan de formaci\u00f3n del profesorado andaluz de la Consejer\u00eda de Educaci\u00f3n y Deporte de la Junta de Andaluc\u00eda se ofertan 31 cursos en la modalidad on-line, para esta segunda convocatoria, cuyos plazos son los siguientes: Plazo de inscripci\u00f3n: Desde el\u2026","rel":"","context":"En \u00abFormaciones\u00bb","block_context":{"text":"Formaciones","link":"https:\/\/cepronda.com\/blog\/category\/formaciones\/"},"img":{"alt_text":"","src":"https:\/\/i0.wp.com\/cepronda.com\/blog\/wp-content\/uploads\/2022\/02\/Aula-virtual.jpg?fit=728%2C419&ssl=1&resize=350%2C200","width":350,"height":200,"srcset":"https:\/\/i0.wp.com\/cepronda.com\/blog\/wp-content\/uploads\/2022\/02\/Aula-virtual.jpg?fit=728%2C419&ssl=1&resize=350%2C200 1x, https:\/\/i0.wp.com\/cepronda.com\/blog\/wp-content\/uploads\/2022\/02\/Aula-virtual.jpg?fit=728%2C419&ssl=1&resize=525%2C300 1.5x, https:\/\/i0.wp.com\/cepronda.com\/blog\/wp-content\/uploads\/2022\/02\/Aula-virtual.jpg?fit=728%2C419&ssl=1&resize=700%2C400 2x"},"classes":[]}],"jetpack_sharing_enabled":true,"_links":{"self":[{"href":"https:\/\/cepronda.com\/blog\/wp-json\/wp\/v2\/posts\/2621","targetHints":{"allow":["GET"]}}],"collection":[{"href":"https:\/\/cepronda.com\/blog\/wp-json\/wp\/v2\/posts"}],"about":[{"href":"https:\/\/cepronda.com\/blog\/wp-json\/wp\/v2\/types\/post"}],"author":[{"embeddable":true,"href":"https:\/\/cepronda.com\/blog\/wp-json\/wp\/v2\/users\/3"}],"replies":[{"embeddable":true,"href":"https:\/\/cepronda.com\/blog\/wp-json\/wp\/v2\/comments?post=2621"}],"version-history":[{"count":1,"href":"https:\/\/cepronda.com\/blog\/wp-json\/wp\/v2\/posts\/2621\/revisions"}],"predecessor-version":[{"id":2622,"href":"https:\/\/cepronda.com\/blog\/wp-json\/wp\/v2\/posts\/2621\/revisions\/2622"}],"wp:attachment":[{"href":"https:\/\/cepronda.com\/blog\/wp-json\/wp\/v2\/media?parent=2621"}],"wp:term":[{"taxonomy":"category","embeddable":true,"href":"https:\/\/cepronda.com\/blog\/wp-json\/wp\/v2\/categories?post=2621"},{"taxonomy":"post_tag","embeddable":true,"href":"https:\/\/cepronda.com\/blog\/wp-json\/wp\/v2\/tags?post=2621"}],"curies":[{"name":"wp","href":"https:\/\/api.w.org\/{rel}","templated":true}]}}