{"id":2618,"date":"2019-01-29T11:13:36","date_gmt":"2019-01-29T10:13:36","guid":{"rendered":"http:\/\/cepronda.com\/blog\/?p=2618"},"modified":"2019-01-29T11:13:45","modified_gmt":"2019-01-29T10:13:45","slug":"el-cine-en-el-aula-rodar-con-el-movil","status":"publish","type":"post","link":"https:\/\/cepronda.com\/blog\/el-cine-en-el-aula-rodar-con-el-movil\/","title":{"rendered":"El cine en el aula. Rodar con el m\u00f3vil"},"content":{"rendered":"\n<p class=\"wp-block-paragraph\">Hola, desde el CEP hemos organizado una formaci\u00f3n dirigida al profesorado interesado en el uso did\u00e1ctico del tel\u00e9fono m\u00f3vil como herramienta para la creaci\u00f3n de v\u00eddeos y pel\u00edculas. Tendr\u00e1 como objetivos los siguientes:<\/p>\n\n\n\n<ul class=\"wp-block-list\"><li>Conocer el lenguaje y el vocabulario asociado al mundo cinematogr\u00e1fico. Aprender a usar el m\u00f3vil como herramienta para generar contenidos.<\/li><li>Convertir el m\u00f3vil en una herramienta educativa.<\/li><li>Usar el m\u00f3vil para rodar v\u00eddeos o cortometrajes.<\/li><li>Aprender t\u00e9cnicas de montaje y postproducci\u00f3n.<\/li><li>Conocer herramientas para la creaci\u00f3n de v\u00eddeos did\u00e1cticos.<\/li><\/ul>\n\n\n\n<figure class=\"wp-block-image\"><a href=\"https:\/\/www.juntadeandalucia.es\/educacion\/secretariavirtual\/consultaCEP\/actividad\/192924GE034\/\"><img loading=\"lazy\" decoding=\"async\" width=\"2454\" height=\"3503\" src=\"https:\/\/i2.wp.com\/cepronda.com\/blog\/wp-content\/uploads\/2019\/01\/Rodar-con-el-Mo\u0301vil-BB1.jpg?fit=717%2C1024\" alt=\"\" class=\"wp-image-2619\" srcset=\"https:\/\/i0.wp.com\/cepronda.com\/blog\/wp-content\/uploads\/2019\/01\/Rodar-con-el-Mo%CC%81vil-BB1.jpg?w=2454&amp;ssl=1 2454w, https:\/\/i0.wp.com\/cepronda.com\/blog\/wp-content\/uploads\/2019\/01\/Rodar-con-el-Mo%CC%81vil-BB1.jpg?resize=210%2C300&amp;ssl=1 210w, https:\/\/i0.wp.com\/cepronda.com\/blog\/wp-content\/uploads\/2019\/01\/Rodar-con-el-Mo%CC%81vil-BB1.jpg?resize=768%2C1096&amp;ssl=1 768w, https:\/\/i0.wp.com\/cepronda.com\/blog\/wp-content\/uploads\/2019\/01\/Rodar-con-el-Mo%CC%81vil-BB1.jpg?resize=717%2C1024&amp;ssl=1 717w, https:\/\/i0.wp.com\/cepronda.com\/blog\/wp-content\/uploads\/2019\/01\/Rodar-con-el-Mo%CC%81vil-BB1.jpg?w=2340&amp;ssl=1 2340w\" sizes=\"auto, (max-width: 1170px) 100vw, 1170px\" \/><\/a><\/figure>\n\n\n\n<p class=\"wp-block-paragraph\">Para ver los detalles e inscribiros s\u00f3lo ten\u00e9is que <a href=\"https:\/\/www.juntadeandalucia.es\/educacion\/secretariavirtual\/consultaCEP\/actividad\/192924GE034\/\" target=\"_blank\" rel=\"noreferrer noopener\" aria-label=\" (opens in a new tab)\">seguir este enlace.<\/a> <\/p>\n\n\n\n<p class=\"wp-block-paragraph\">Un saludo y nos seguimos viendo. <\/p>\n","protected":false},"excerpt":{"rendered":"<p>Hola, desde el CEP hemos organizado una formaci\u00f3n dirigida al profesorado interesado en el uso did\u00e1ctico del tel\u00e9fono m\u00f3vil como herramienta para la creaci\u00f3n de v\u00eddeos y pel\u00edculas. Tendr\u00e1 como objetivos los siguientes: Conocer el lenguaje y el vocabulario asociado al mundo cinematogr\u00e1fico. Aprender a usar el m\u00f3vil como herramienta para generar contenidos. Convertir el [&hellip;]<\/p>\n","protected":false},"author":3,"featured_media":2619,"comment_status":"open","ping_status":"open","sticky":false,"template":"","format":"standard","meta":{"_crdt_document":"","advanced_seo_description":"","jetpack_seo_html_title":"","jetpack_seo_noindex":false,"jetpack_post_was_ever_published":false,"_jetpack_newsletter_access":"","_jetpack_dont_email_post_to_subs":false,"_jetpack_newsletter_tier_id":0,"_jetpack_memberships_contains_paywalled_content":false,"_jetpack_memberships_contains_paid_content":false,"footnotes":"","jetpack_publicize_message":"","jetpack_publicize_feature_enabled":true,"jetpack_social_post_already_shared":true,"jetpack_social_options":{"image_generator_settings":{"template":"highway","default_image_id":0,"font":"","enabled":false},"version":2}},"categories":[3],"tags":[95],"class_list":{"0":"post-2618","1":"post","2":"type-post","3":"status-publish","4":"format-standard","5":"has-post-thumbnail","7":"category-formaciones","8":"tag-cine","9":"czr-hentry"},"jetpack_publicize_connections":[],"jetpack_featured_media_url":"https:\/\/i0.wp.com\/cepronda.com\/blog\/wp-content\/uploads\/2019\/01\/Rodar-con-el-Mo%CC%81vil-BB1.jpg?fit=2454%2C3503&ssl=1","jetpack_shortlink":"https:\/\/wp.me\/p8M4X7-Ge","jetpack-related-posts":[{"id":596,"url":"https:\/\/cepronda.com\/blog\/curso-el-cuaderno-del-profesor-i-seneca\/","url_meta":{"origin":2618,"position":0},"title":"Curso \u00abEl cuaderno del profesor: I-Seneca\u00bb","author":"V\u00edctor Caballero","date":"10 enero, 2017","format":false,"excerpt":"\u00a1Hola de nuevo! Seguimos con nuestra propuesta de cursos. En este caso queremos ayudaros a conocer y manejar la herramienta que SENECA pone a nuestra disposici\u00f3n para poder hacer un seguimiento real, diario, r\u00e1pido y c\u00f3modo de nuestro alumnado a trav\u00e9s de nuestros dispositivos m\u00f3viles. Se trata de tener nuestro\u2026","rel":"","context":"En \u00abFormaciones\u00bb","block_context":{"text":"Formaciones","link":"https:\/\/cepronda.com\/blog\/category\/formaciones\/"},"img":{"alt_text":"","src":"https:\/\/i0.wp.com\/cepronda.com\/blog\/wp-content\/uploads\/2017\/01\/CvIM0y6WcAA7hen.jpg?resize=350%2C200","width":350,"height":200,"srcset":"https:\/\/i0.wp.com\/cepronda.com\/blog\/wp-content\/uploads\/2017\/01\/CvIM0y6WcAA7hen.jpg?resize=350%2C200 1x, https:\/\/i0.wp.com\/cepronda.com\/blog\/wp-content\/uploads\/2017\/01\/CvIM0y6WcAA7hen.jpg?resize=525%2C300 1.5x"},"classes":[]},{"id":8821,"url":"https:\/\/cepronda.com\/blog\/coeducar-como-herramienta-de-transformacion-social\/","url_meta":{"origin":2618,"position":1},"title":"COEDUCAR COMO HERRAMIENTA DE TRANSFORMACI\u00d3N SOCIAL","author":"Mamen Moreno","date":"19 septiembre, 2025","format":false,"excerpt":"Abierto el plazo de inscripci\u00f3n para el curso \"COEDUCAR COMO HERRAMIENTA DE TRANSFORMACI\u00d3N SOCIAL\" c\u00f3digo 262924GE252 Este curso semipresencial te ofrece 15 horas de formaci\u00f3n para dotarte de herramientas y estrategias que te permitir\u00e1n incorporar la perspectiva de igualdad en el aula. Aprender\u00e1s a reflexionar sobre estereotipos de g\u00e9nero y\u2026","rel":"","context":"En \u00abFormaciones\u00bb","block_context":{"text":"Formaciones","link":"https:\/\/cepronda.com\/blog\/category\/formaciones\/"},"img":{"alt_text":"","src":"https:\/\/i0.wp.com\/cepronda.com\/blog\/wp-content\/uploads\/2025\/09\/Post-de-Instagram-Evento-de-Networking-Relaciones-Publicas-Corporativo-Geometrico-2.png?fit=960%2C1200&ssl=1&resize=350%2C200","width":350,"height":200,"srcset":"https:\/\/i0.wp.com\/cepronda.com\/blog\/wp-content\/uploads\/2025\/09\/Post-de-Instagram-Evento-de-Networking-Relaciones-Publicas-Corporativo-Geometrico-2.png?fit=960%2C1200&ssl=1&resize=350%2C200 1x, https:\/\/i0.wp.com\/cepronda.com\/blog\/wp-content\/uploads\/2025\/09\/Post-de-Instagram-Evento-de-Networking-Relaciones-Publicas-Corporativo-Geometrico-2.png?fit=960%2C1200&ssl=1&resize=525%2C300 1.5x, https:\/\/i0.wp.com\/cepronda.com\/blog\/wp-content\/uploads\/2025\/09\/Post-de-Instagram-Evento-de-Networking-Relaciones-Publicas-Corporativo-Geometrico-2.png?fit=960%2C1200&ssl=1&resize=700%2C400 2x"},"classes":[]},{"id":670,"url":"https:\/\/cepronda.com\/blog\/edupills\/","url_meta":{"origin":2618,"position":2},"title":"EduPills","author":"V\u00edctor Caballero","date":"13 febrero, 2017","format":false,"excerpt":"Hola familia, Desde el INTEF han creado una aplicaci\u00f3n de microformaci\u00f3n on-line super interesante, y quer\u00edamos compartirla.\u00a0EduPills es una app de microformaci\u00f3n para docentes, enfocada a que el profesorado adquiera y\/o desarrolle habilidades, destrezas y competencias digitales de una forma sencilla y r\u00e1pida. Se trata de una aplicaci\u00f3n que os\u2026","rel":"","context":"En \u00abNoticias\u00bb","block_context":{"text":"Noticias","link":"https:\/\/cepronda.com\/blog\/category\/noticias\/"},"img":{"alt_text":"","src":"https:\/\/i0.wp.com\/cepronda.com\/blog\/wp-content\/uploads\/2017\/02\/logo_edupills.png?resize=350%2C200","width":350,"height":200},"classes":[]},{"id":4305,"url":"https:\/\/cepronda.com\/blog\/la-escuela-como-herramienta-de-transformacion-para-lograr-la-igualdad-entre-hombres-y-mujeres\/","url_meta":{"origin":2618,"position":3},"title":"LA ESCUELA COMO HERRAMIENTA DE TRANSFORMACI\u00d3N PARA LOGRAR LA IGUALDAD ENTRE HOMBRES Y MUJERES","author":"Maribel Mu\u00f1oz","date":"12 marzo, 2021","format":false,"excerpt":"Buenas tardes compa\u00f1eras y compa\u00f1eros, Os informamos que est\u00e1 abierto el plazo de inscripci\u00f3n de la formaci\u00f3n LA ESCUELA COMO HERRAMIENTA DE TRANSFORMACI\u00d3N PARA LOGRAR LA IGUALDAD ENTRE HOMBRES Y MUJERES. PROVINCIAL\u00a0 219925KPF283,\u00a0\u00a0 que comenzar\u00e1 a desarrollarse el pr\u00f3ximo\u00a0 05\/04\/2021. Adjuntamos enlace : https:\/\/www.juntadeandalucia.es\/educacion\/secretariavirtual\/consultaCEP\/actividad\/219925KPF283\/ El plazo de inscripci\u00f3n finaliza el\u2026","rel":"","context":"En \u00abFormaciones\u00bb","block_context":{"text":"Formaciones","link":"https:\/\/cepronda.com\/blog\/category\/formaciones\/"},"img":{"alt_text":"","src":"https:\/\/i0.wp.com\/cepronda.com\/blog\/wp-content\/uploads\/2021\/03\/WhatsApp-Image-2021-03-12-at-14.02.49.jpeg?fit=607%2C843&ssl=1&resize=350%2C200","width":350,"height":200,"srcset":"https:\/\/i0.wp.com\/cepronda.com\/blog\/wp-content\/uploads\/2021\/03\/WhatsApp-Image-2021-03-12-at-14.02.49.jpeg?fit=607%2C843&ssl=1&resize=350%2C200 1x, https:\/\/i0.wp.com\/cepronda.com\/blog\/wp-content\/uploads\/2021\/03\/WhatsApp-Image-2021-03-12-at-14.02.49.jpeg?fit=607%2C843&ssl=1&resize=525%2C300 1.5x"},"classes":[]},{"id":2659,"url":"https:\/\/cepronda.com\/blog\/teatro-del-oprimido-y-las-oprimidas\/","url_meta":{"origin":2618,"position":4},"title":"TEATRO DEL OPRIMIDO Y LAS OPRIMIDAS","author":"V\u00edctor Caballero","date":"4 marzo, 2019","format":false,"excerpt":"A lo largo de esta formaci\u00f3n trabajaremos desde la confianza y contacto con el grupo, pasando por las t\u00e9cnicas b\u00e1sicas de teatro aplicadas a la consciencia de nuestro cuerpo, uso de la voz y el movimiento, hasta las conflictivas sociales de nuestro entorno, trabajando a trav\u00e9s del teatro del oprimido\u2026","rel":"","context":"En \u00abFormaciones\u00bb","block_context":{"text":"Formaciones","link":"https:\/\/cepronda.com\/blog\/category\/formaciones\/"},"img":{"alt_text":"","src":"https:\/\/i0.wp.com\/cepronda.com\/blog\/wp-content\/uploads\/2017\/11\/mask-1636121_960_720.jpg?fit=960%2C638&ssl=1&resize=350%2C200","width":350,"height":200,"srcset":"https:\/\/i0.wp.com\/cepronda.com\/blog\/wp-content\/uploads\/2017\/11\/mask-1636121_960_720.jpg?fit=960%2C638&ssl=1&resize=350%2C200 1x, https:\/\/i0.wp.com\/cepronda.com\/blog\/wp-content\/uploads\/2017\/11\/mask-1636121_960_720.jpg?fit=960%2C638&ssl=1&resize=525%2C300 1.5x, https:\/\/i0.wp.com\/cepronda.com\/blog\/wp-content\/uploads\/2017\/11\/mask-1636121_960_720.jpg?fit=960%2C638&ssl=1&resize=700%2C400 2x"},"classes":[]},{"id":2392,"url":"https:\/\/cepronda.com\/blog\/curso-cuaderno-seneca-para-primaria\/","url_meta":{"origin":2618,"position":5},"title":"Curso \u00abCuaderno S\u00e9neca para Primaria\u00bb","author":"V\u00edctor Caballero","date":"19 octubre, 2018","format":false,"excerpt":"\u00a1Hola de nuevo! Terminamos la semana abriendo el plazo de inscripci\u00f3n para un curso que creemos va a resultaros de gran inter\u00e9s. Es un curso con seguimiento dirigido al profesorado de primaria donde aprenderemos a configurar nuestro cuaderno S\u00e9neca, a hacer un seguimiento del d\u00eda a d\u00eda con nuestro alumnado,\u2026","rel":"","context":"En \u00abFormaciones\u00bb","block_context":{"text":"Formaciones","link":"https:\/\/cepronda.com\/blog\/category\/formaciones\/"},"img":{"alt_text":"","src":"https:\/\/i0.wp.com\/cepronda.com\/blog\/wp-content\/uploads\/2017\/05\/CvIM0y6WcAA7hen.jpg?fit=673%2C305&ssl=1&resize=350%2C200","width":350,"height":200,"srcset":"https:\/\/i0.wp.com\/cepronda.com\/blog\/wp-content\/uploads\/2017\/05\/CvIM0y6WcAA7hen.jpg?fit=673%2C305&ssl=1&resize=350%2C200 1x, https:\/\/i0.wp.com\/cepronda.com\/blog\/wp-content\/uploads\/2017\/05\/CvIM0y6WcAA7hen.jpg?fit=673%2C305&ssl=1&resize=525%2C300 1.5x"},"classes":[]}],"jetpack_sharing_enabled":true,"_links":{"self":[{"href":"https:\/\/cepronda.com\/blog\/wp-json\/wp\/v2\/posts\/2618","targetHints":{"allow":["GET"]}}],"collection":[{"href":"https:\/\/cepronda.com\/blog\/wp-json\/wp\/v2\/posts"}],"about":[{"href":"https:\/\/cepronda.com\/blog\/wp-json\/wp\/v2\/types\/post"}],"author":[{"embeddable":true,"href":"https:\/\/cepronda.com\/blog\/wp-json\/wp\/v2\/users\/3"}],"replies":[{"embeddable":true,"href":"https:\/\/cepronda.com\/blog\/wp-json\/wp\/v2\/comments?post=2618"}],"version-history":[{"count":1,"href":"https:\/\/cepronda.com\/blog\/wp-json\/wp\/v2\/posts\/2618\/revisions"}],"predecessor-version":[{"id":2620,"href":"https:\/\/cepronda.com\/blog\/wp-json\/wp\/v2\/posts\/2618\/revisions\/2620"}],"wp:featuredmedia":[{"embeddable":true,"href":"https:\/\/cepronda.com\/blog\/wp-json\/wp\/v2\/media\/2619"}],"wp:attachment":[{"href":"https:\/\/cepronda.com\/blog\/wp-json\/wp\/v2\/media?parent=2618"}],"wp:term":[{"taxonomy":"category","embeddable":true,"href":"https:\/\/cepronda.com\/blog\/wp-json\/wp\/v2\/categories?post=2618"},{"taxonomy":"post_tag","embeddable":true,"href":"https:\/\/cepronda.com\/blog\/wp-json\/wp\/v2\/tags?post=2618"}],"curies":[{"name":"wp","href":"https:\/\/api.w.org\/{rel}","templated":true}]}}