{"id":2607,"date":"2019-01-25T11:06:09","date_gmt":"2019-01-25T10:06:09","guid":{"rendered":"http:\/\/cepronda.com\/blog\/?p=2607"},"modified":"2019-01-25T11:06:18","modified_gmt":"2019-01-25T10:06:18","slug":"vii-encuentro-de-andalucia-sobre-geogebra-en-el-aula","status":"publish","type":"post","link":"https:\/\/cepronda.com\/blog\/vii-encuentro-de-andalucia-sobre-geogebra-en-el-aula\/","title":{"rendered":"VII Encuentro de Andaluc\u00eda sobre Geogebra en el aula"},"content":{"rendered":"\n<p class=\"wp-block-paragraph\">Muy buenas, os informamos que est\u00e1 abierto el plazo para presentar comunicaciones y talleres en el\u00a0<strong>VII Encuentro de Andaluc\u00eda sobre GeoGebra en el aula<\/strong>\u00a0que se celebrar\u00e1 en el CEP de Jerez los d\u00edas\u00a0<strong>5 y 6 de abril\u00a0<\/strong>de 2019.Este encuentro regional est\u00e1 organizado por la SAEM Thales, el Instituto de GeoGebra de Andaluc\u00eda y el CEP de Jerez.<\/p>\n\n\n\n<p class=\"wp-block-paragraph\">El plazo de inscripci\u00f3n se abrir\u00e1 el 10 de febrero y permanecer\u00e1 abierto hasta el 10 de marzo de 2019.<\/p>\n\n\n\n<p class=\"wp-block-paragraph\"><strong><a rel=\"noreferrer noopener\" href=\"https:\/\/geogebraandalucia.es\/geogebra\/sites\/thales.cica.es.geogebra\/files\/comunicaciones19.pdf\" target=\"_blank\">Normas para la presentaci\u00f3n de comunicaciones<\/a> El plazo para la presentaci\u00f3n de comunicaciones finaliza el 27 de febrero de 2019.<\/strong><\/p>\n\n\n\n<p class=\"wp-block-paragraph\"><a rel=\"noreferrer noopener\" href=\"https:\/\/geogebraandalucia.es\/geogebra\/sites\/thales.cica.es.geogebra\/files\/talleres119.pdf\" target=\"_blank\"><strong>Normas para la presentaci\u00f3n de talleres\u00a0<\/strong><\/a><strong>El plazo para la presentaci\u00f3n de talleres\u00a0 finaliza el 15 de febrero de 2019.<\/strong><\/p>\n\n\n\n<p class=\"wp-block-paragraph\">Para m\u00e1s informaci\u00f3n:<a rel=\"noreferrer noopener\" href=\"https:\/\/geogebraandalucia.es\/geogebra\/sites\/thales.cica.es.geogebra\/files\/anuncio119.pdf\" target=\"_blank\"><strong>\u00a0Primer anuncio<\/strong><\/a>\u00a0(se adjunta).<\/p>\n\n\n\n<div class=\"wp-block-image\"><figure class=\"aligncenter\"><img data-recalc-dims=\"1\" loading=\"lazy\" decoding=\"async\" width=\"225\" height=\"225\" src=\"https:\/\/i0.wp.com\/cepronda.com\/blog\/wp-content\/uploads\/2019\/01\/geogebra.png?resize=225%2C225\" alt=\"\" class=\"wp-image-2608\" srcset=\"https:\/\/i0.wp.com\/cepronda.com\/blog\/wp-content\/uploads\/2019\/01\/geogebra.png?w=225&amp;ssl=1 225w, https:\/\/i0.wp.com\/cepronda.com\/blog\/wp-content\/uploads\/2019\/01\/geogebra.png?resize=150%2C150&amp;ssl=1 150w, https:\/\/i0.wp.com\/cepronda.com\/blog\/wp-content\/uploads\/2019\/01\/geogebra.png?resize=50%2C50&amp;ssl=1 50w\" sizes=\"auto, (max-width: 225px) 100vw, 225px\" \/><\/figure><\/div>\n","protected":false},"excerpt":{"rendered":"<p>Muy buenas, os informamos que est\u00e1 abierto el plazo para presentar comunicaciones y talleres en el\u00a0VII Encuentro de Andaluc\u00eda sobre GeoGebra en el aula\u00a0que se celebrar\u00e1 en el CEP de Jerez los d\u00edas\u00a05 y 6 de abril\u00a0de 2019.Este encuentro regional est\u00e1 organizado por la SAEM Thales, el Instituto de GeoGebra de Andaluc\u00eda y el CEP [&hellip;]<\/p>\n","protected":false},"author":3,"featured_media":2608,"comment_status":"open","ping_status":"open","sticky":false,"template":"","format":"standard","meta":{"_crdt_document":"","advanced_seo_description":"","jetpack_seo_html_title":"","jetpack_seo_noindex":false,"jetpack_post_was_ever_published":false,"_jetpack_newsletter_access":"","_jetpack_dont_email_post_to_subs":false,"_jetpack_newsletter_tier_id":0,"_jetpack_memberships_contains_paywalled_content":false,"_jetpack_memberships_contains_paid_content":false,"footnotes":"","jetpack_publicize_message":"","jetpack_publicize_feature_enabled":true,"jetpack_social_post_already_shared":true,"jetpack_social_options":{"image_generator_settings":{"template":"highway","default_image_id":0,"font":"","enabled":false},"version":2}},"categories":[5],"tags":[155],"class_list":{"0":"post-2607","1":"post","2":"type-post","3":"status-publish","4":"format-standard","5":"has-post-thumbnail","7":"category-noticias","8":"tag-geogebra","9":"czr-hentry"},"jetpack_publicize_connections":[],"jetpack_featured_media_url":"https:\/\/i0.wp.com\/cepronda.com\/blog\/wp-content\/uploads\/2019\/01\/geogebra.png?fit=225%2C225&ssl=1","jetpack_shortlink":"https:\/\/wp.me\/p8M4X7-G3","jetpack-related-posts":[{"id":5149,"url":"https:\/\/cepronda.com\/blog\/liderazgo-pedagogico-en-andalucia-plan-de-mejora\/","url_meta":{"origin":2607,"position":0},"title":"LIDERAZGO PEDAG\u00d3GICO EN ANDALUC\u00cdA: PLAN DE MEJORA","author":"Maribel Mu\u00f1oz","date":"23 febrero, 2022","format":false,"excerpt":"Buenas tardes compa\u00f1eras y compa\u00f1eros Os informamos que est\u00e1 abierto el plazo de\u00a0 inscripci\u00f3n del curso a distancia provincial gestionado por el CEP de V\u00e9lez-M\u00e1laga: \u201cLIDERAZGO PEDAG\u00d3GICO EN ANDALUC\u00cdA: PLAN DE MEJORA\u201d. El curso est\u00e1 dirigido a: Directores, directoras, FEIE, coordinaci\u00f3n de \u00e1rea y ciclo, profesorado general. C\u00f3digo: 222926GE512. Las\u2026","rel":"","context":"En \u00abFormaciones\u00bb","block_context":{"text":"Formaciones","link":"https:\/\/cepronda.com\/blog\/category\/formaciones\/"},"img":{"alt_text":"","src":"https:\/\/i0.wp.com\/cepronda.com\/blog\/wp-content\/uploads\/2022\/02\/WhatsApp-Image-2022-02-23-at-16.29.46.jpeg?fit=848%2C1200&ssl=1&resize=350%2C200","width":350,"height":200,"srcset":"https:\/\/i0.wp.com\/cepronda.com\/blog\/wp-content\/uploads\/2022\/02\/WhatsApp-Image-2022-02-23-at-16.29.46.jpeg?fit=848%2C1200&ssl=1&resize=350%2C200 1x, https:\/\/i0.wp.com\/cepronda.com\/blog\/wp-content\/uploads\/2022\/02\/WhatsApp-Image-2022-02-23-at-16.29.46.jpeg?fit=848%2C1200&ssl=1&resize=525%2C300 1.5x, https:\/\/i0.wp.com\/cepronda.com\/blog\/wp-content\/uploads\/2022\/02\/WhatsApp-Image-2022-02-23-at-16.29.46.jpeg?fit=848%2C1200&ssl=1&resize=700%2C400 2x"},"classes":[]},{"id":7932,"url":"https:\/\/cepronda.com\/blog\/actividad-regional-proceso-de-admision-ensenanzas-de-regimen-general-andalucia-oriental-y-occidental\/","url_meta":{"origin":2607,"position":1},"title":"ACTIVIDAD REGIONAL: PROCESO DE ADMISI\u00d3N ENSE\u00d1ANZAS DE R\u00c9GIMEN GENERAL (ANDALUC\u00cdA ORIENTAL y OCCIDENTAL)","author":"Mamen Moreno","date":"13 diciembre, 2024","format":false,"excerpt":"Abierto el plazo de solicitudes para la\u00a0 ACTIVIDAD REGIONAL:\u00a0 PROCESO DE ADMISI\u00d3N ENSE\u00d1ANZAS DE R\u00c9GIMEN GENERAL (ANDALUC\u00cdA ORIENTAL y OCCIDENTAL) DIRIGIDO A: Destinado a equipos directivos, as\u00ed como aquel personal docente encargado de la gesti\u00f3n del proceso de admisi\u00f3n desde el 2\u00ba ciclo de E. Infantil a Bachillerato y Educaci\u00f3n\u2026","rel":"","context":"En \u00abFormaciones\u00bb","block_context":{"text":"Formaciones","link":"https:\/\/cepronda.com\/blog\/category\/formaciones\/"},"img":{"alt_text":"","src":"https:\/\/i0.wp.com\/cepronda.com\/blog\/wp-content\/uploads\/2024\/12\/PROCESO-DE-ADMISION-ENSENANZAS-DE-REGIMEN-GENERAL-Andalucia-GENERAL-1.jpg?fit=1200%2C675&ssl=1&resize=350%2C200","width":350,"height":200,"srcset":"https:\/\/i0.wp.com\/cepronda.com\/blog\/wp-content\/uploads\/2024\/12\/PROCESO-DE-ADMISION-ENSENANZAS-DE-REGIMEN-GENERAL-Andalucia-GENERAL-1.jpg?fit=1200%2C675&ssl=1&resize=350%2C200 1x, https:\/\/i0.wp.com\/cepronda.com\/blog\/wp-content\/uploads\/2024\/12\/PROCESO-DE-ADMISION-ENSENANZAS-DE-REGIMEN-GENERAL-Andalucia-GENERAL-1.jpg?fit=1200%2C675&ssl=1&resize=525%2C300 1.5x, https:\/\/i0.wp.com\/cepronda.com\/blog\/wp-content\/uploads\/2024\/12\/PROCESO-DE-ADMISION-ENSENANZAS-DE-REGIMEN-GENERAL-Andalucia-GENERAL-1.jpg?fit=1200%2C675&ssl=1&resize=700%2C400 2x, https:\/\/i0.wp.com\/cepronda.com\/blog\/wp-content\/uploads\/2024\/12\/PROCESO-DE-ADMISION-ENSENANZAS-DE-REGIMEN-GENERAL-Andalucia-GENERAL-1.jpg?fit=1200%2C675&ssl=1&resize=1050%2C600 3x"},"classes":[]},{"id":5537,"url":"https:\/\/cepronda.com\/blog\/diseno-de-situaciones-de-aprendizaje-en-andalucia\/","url_meta":{"origin":2607,"position":2},"title":"DISE\u00d1O DE SITUACIONES DE APRENDIZAJE EN ANDALUC\u00cdA","author":"Mamen Moreno","date":"19 octubre, 2022","format":false,"excerpt":"Os\u00a0 informamos que est\u00e1 abierto el plazo de inscripci\u00f3n en el curso DISE\u00d1O DE SITUACIONES DE APRENDIZAJE EN ANDALUC\u00cdA con c\u00f3digo\u00a0232924KPF411 Fechas de inscripci\u00f3n : del 19\/10\/2022 al 25\/10\/2022 Fecha de inicio: 03\/11\/2022 Fecha finalizaci\u00f3n: 12\/12\/2022 Horas: 25h no presenciales. Lugar de realizaci\u00f3n:\u00a0AULA VIRTUAL DE FORMACI\u00d3N DEL PROFESORADO (AVFP) Para\u2026","rel":"","context":"En \u00abFormaciones\u00bb","block_context":{"text":"Formaciones","link":"https:\/\/cepronda.com\/blog\/category\/formaciones\/"},"img":{"alt_text":"","src":"https:\/\/i0.wp.com\/cepronda.com\/blog\/wp-content\/uploads\/2022\/10\/Imagen_para_twitter1.jpg?fit=1200%2C675&ssl=1&resize=350%2C200","width":350,"height":200,"srcset":"https:\/\/i0.wp.com\/cepronda.com\/blog\/wp-content\/uploads\/2022\/10\/Imagen_para_twitter1.jpg?fit=1200%2C675&ssl=1&resize=350%2C200 1x, https:\/\/i0.wp.com\/cepronda.com\/blog\/wp-content\/uploads\/2022\/10\/Imagen_para_twitter1.jpg?fit=1200%2C675&ssl=1&resize=525%2C300 1.5x, https:\/\/i0.wp.com\/cepronda.com\/blog\/wp-content\/uploads\/2022\/10\/Imagen_para_twitter1.jpg?fit=1200%2C675&ssl=1&resize=700%2C400 2x, https:\/\/i0.wp.com\/cepronda.com\/blog\/wp-content\/uploads\/2022\/10\/Imagen_para_twitter1.jpg?fit=1200%2C675&ssl=1&resize=1050%2C600 3x"},"classes":[]},{"id":9326,"url":"https:\/\/cepronda.com\/blog\/9326-2\/","url_meta":{"origin":2607,"position":3},"title":"METODOLOG\u00cdA Y EVALUACI\u00d3N DE LA DOCENCIA EN EL PROGRAMA BACHIBAC","author":"Encarni Jim\u00e9nez Rosado","date":"4 febrero, 2026","format":false,"excerpt":"El CEP Castilleja organiza el curso\u201d (c\u00f3digo 264128LINO009), que se desarrollar\u00e1 en modalidad de videoconferencia y tendr\u00e1 una duraci\u00f3n total de 10 horas. El plazo de inscripci\u00f3n estar\u00e1 abierto del 2 al 10 de febrero de 2026. Las solicitudes deber\u00e1n realizarse a trav\u00e9s del siguiente enlace:\ud83d\udc49 https:\/\/lajunta.es\/68t4v Destinatarios Este curso\u2026","rel":"","context":"En \u00abFormaciones\u00bb","block_context":{"text":"Formaciones","link":"https:\/\/cepronda.com\/blog\/category\/formaciones\/"},"img":{"alt_text":"","src":"https:\/\/i0.wp.com\/cepronda.com\/blog\/wp-content\/uploads\/2026\/02\/bachibac.jpg?fit=526%2C526&ssl=1&resize=350%2C200","width":350,"height":200,"srcset":"https:\/\/i0.wp.com\/cepronda.com\/blog\/wp-content\/uploads\/2026\/02\/bachibac.jpg?fit=526%2C526&ssl=1&resize=350%2C200 1x, https:\/\/i0.wp.com\/cepronda.com\/blog\/wp-content\/uploads\/2026\/02\/bachibac.jpg?fit=526%2C526&ssl=1&resize=525%2C300 1.5x"},"classes":[]},{"id":7223,"url":"https:\/\/cepronda.com\/blog\/historia-de-nuestros-simbolos-conmemoracion-del-dia-de-la-bandera-de-andalucia-249919kpf430\/","url_meta":{"origin":2607,"position":4},"title":"HISTORIA DE NUESTROS S\u00cdMBOLOS: CONMEMORACI\u00d3N DEL D\u00cdA DE LA BANDERA DE ANDALUC\u00cdA (249919KPF430)","author":"Inmaculada Garc\u00eda","date":"23 noviembre, 2023","format":false,"excerpt":"Estimado\/a docente: Hasta el pr\u00f3ximo 26 de noviembre de 2023\u00a0se encuentra abierto el plazo de inscripci\u00f3n para la actividad formativa de \u00e1mbito regional\u00a0HISTORIA DE NUESTROS S\u00cdMBOLOS: CONMEMORACI\u00d3N DEL D\u00cdA DE LA BANDERA DE ANDALUC\u00cdA.\u00a0Se trata de un curso a distancia que se realizar\u00e1 a trav\u00e9s del\u00a0Aula Virtual de Formaci\u00f3n del\u2026","rel":"","context":"En \u00abFormaciones\u00bb","block_context":{"text":"Formaciones","link":"https:\/\/cepronda.com\/blog\/category\/formaciones\/"},"img":{"alt_text":"","src":"https:\/\/i0.wp.com\/cepronda.com\/blog\/wp-content\/uploads\/2023\/11\/Post-de-Instagram-Senderismo-Ilustrativo-Verde.png?fit=1200%2C1200&ssl=1&resize=350%2C200","width":350,"height":200,"srcset":"https:\/\/i0.wp.com\/cepronda.com\/blog\/wp-content\/uploads\/2023\/11\/Post-de-Instagram-Senderismo-Ilustrativo-Verde.png?fit=1200%2C1200&ssl=1&resize=350%2C200 1x, https:\/\/i0.wp.com\/cepronda.com\/blog\/wp-content\/uploads\/2023\/11\/Post-de-Instagram-Senderismo-Ilustrativo-Verde.png?fit=1200%2C1200&ssl=1&resize=525%2C300 1.5x, https:\/\/i0.wp.com\/cepronda.com\/blog\/wp-content\/uploads\/2023\/11\/Post-de-Instagram-Senderismo-Ilustrativo-Verde.png?fit=1200%2C1200&ssl=1&resize=700%2C400 2x, https:\/\/i0.wp.com\/cepronda.com\/blog\/wp-content\/uploads\/2023\/11\/Post-de-Instagram-Senderismo-Ilustrativo-Verde.png?fit=1200%2C1200&ssl=1&resize=1050%2C600 3x"},"classes":[]},{"id":9365,"url":"https:\/\/cepronda.com\/blog\/formacion-sobre-riesgos-y-emergencias-de-proteccion-civil\/","url_meta":{"origin":2607,"position":5},"title":"FORMACI\u00d3N SOBRE RIESGOS Y EMERGENCIAS DE PROTECCI\u00d3N CIVIL.","author":"Inmaculada Garc\u00eda","date":"19 febrero, 2026","format":false,"excerpt":"Abierto plazo de inscripci\u00f3n para el curso a distancia: FORMACI\u00d3N SOBRE RIESGOS Y EMERGENCIAS DE PROTECCI\u00d3N CIVIL, dirigido al profesorado de todas las etapas educativas. 2\u00aa Convocatoria. \u00a0 Fecha inscripci\u00f3n: 19\/02\/2026 hasta 03\/03\/2026. Fecha actividad: 09\/03\/2026 hasta 07\/04\/2026. \u00a0 Total horas: 10 horas a desarrollar en el Aula virtual de\u2026","rel":"","context":"En \u00abFormaciones\u00bb","block_context":{"text":"Formaciones","link":"https:\/\/cepronda.com\/blog\/category\/formaciones\/"},"img":{"alt_text":"","src":"https:\/\/i0.wp.com\/cepronda.com\/blog\/wp-content\/uploads\/2026\/02\/FORMACION-SOBRE-RIESGOS-Y-EMERGENCIAS-DE-PROTECCION-CIVIL.jpg?fit=1200%2C1200&ssl=1&resize=350%2C200","width":350,"height":200,"srcset":"https:\/\/i0.wp.com\/cepronda.com\/blog\/wp-content\/uploads\/2026\/02\/FORMACION-SOBRE-RIESGOS-Y-EMERGENCIAS-DE-PROTECCION-CIVIL.jpg?fit=1200%2C1200&ssl=1&resize=350%2C200 1x, https:\/\/i0.wp.com\/cepronda.com\/blog\/wp-content\/uploads\/2026\/02\/FORMACION-SOBRE-RIESGOS-Y-EMERGENCIAS-DE-PROTECCION-CIVIL.jpg?fit=1200%2C1200&ssl=1&resize=525%2C300 1.5x, https:\/\/i0.wp.com\/cepronda.com\/blog\/wp-content\/uploads\/2026\/02\/FORMACION-SOBRE-RIESGOS-Y-EMERGENCIAS-DE-PROTECCION-CIVIL.jpg?fit=1200%2C1200&ssl=1&resize=700%2C400 2x, https:\/\/i0.wp.com\/cepronda.com\/blog\/wp-content\/uploads\/2026\/02\/FORMACION-SOBRE-RIESGOS-Y-EMERGENCIAS-DE-PROTECCION-CIVIL.jpg?fit=1200%2C1200&ssl=1&resize=1050%2C600 3x"},"classes":[]}],"jetpack_sharing_enabled":true,"_links":{"self":[{"href":"https:\/\/cepronda.com\/blog\/wp-json\/wp\/v2\/posts\/2607","targetHints":{"allow":["GET"]}}],"collection":[{"href":"https:\/\/cepronda.com\/blog\/wp-json\/wp\/v2\/posts"}],"about":[{"href":"https:\/\/cepronda.com\/blog\/wp-json\/wp\/v2\/types\/post"}],"author":[{"embeddable":true,"href":"https:\/\/cepronda.com\/blog\/wp-json\/wp\/v2\/users\/3"}],"replies":[{"embeddable":true,"href":"https:\/\/cepronda.com\/blog\/wp-json\/wp\/v2\/comments?post=2607"}],"version-history":[{"count":1,"href":"https:\/\/cepronda.com\/blog\/wp-json\/wp\/v2\/posts\/2607\/revisions"}],"predecessor-version":[{"id":2609,"href":"https:\/\/cepronda.com\/blog\/wp-json\/wp\/v2\/posts\/2607\/revisions\/2609"}],"wp:featuredmedia":[{"embeddable":true,"href":"https:\/\/cepronda.com\/blog\/wp-json\/wp\/v2\/media\/2608"}],"wp:attachment":[{"href":"https:\/\/cepronda.com\/blog\/wp-json\/wp\/v2\/media?parent=2607"}],"wp:term":[{"taxonomy":"category","embeddable":true,"href":"https:\/\/cepronda.com\/blog\/wp-json\/wp\/v2\/categories?post=2607"},{"taxonomy":"post_tag","embeddable":true,"href":"https:\/\/cepronda.com\/blog\/wp-json\/wp\/v2\/tags?post=2607"}],"curies":[{"name":"wp","href":"https:\/\/api.w.org\/{rel}","templated":true}]}}