{"id":2602,"date":"2019-01-21T12:52:17","date_gmt":"2019-01-21T11:52:17","guid":{"rendered":"http:\/\/cepronda.com\/blog\/?p=2602"},"modified":"2019-01-21T12:52:26","modified_gmt":"2019-01-21T11:52:26","slug":"una-llamada-de-auxilio-desde-el-cep-marbella-coin","status":"publish","type":"post","link":"https:\/\/cepronda.com\/blog\/una-llamada-de-auxilio-desde-el-cep-marbella-coin\/","title":{"rendered":"Una llamada de auxilio desde el CEP Marbella- Co\u00edn"},"content":{"rendered":"\n<p class=\"wp-block-paragraph\">\u00a1Atenci\u00f3n al siguiente v\u00eddeo compa\u00f1eros\/as! <\/p>\n\n\n\n<p class=\"wp-block-paragraph\">Algo grave va a suceder pr\u00f3ximamente y es necesario actuar. Todo el profesorado de la provincia debe de estar preparado para lo que se avecina. <\/p>\n\n\n\n<p class=\"wp-block-paragraph\">\u00a1Os necesitamos!<\/p>\n\n\n\n<figure class=\"wp-block-embed-youtube wp-block-embed is-type-video is-provider-youtube wp-embed-aspect-16-9 wp-has-aspect-ratio\"><div class=\"wp-block-embed__wrapper\">\n<span class=\"embed-youtube\" style=\"text-align:center; display: block;\"><iframe loading=\"lazy\" class=\"youtube-player\" width=\"1170\" height=\"659\" src=\"https:\/\/www.youtube.com\/embed\/F7pZuzJOoWg?version=3&#038;rel=1&#038;showsearch=0&#038;showinfo=1&#038;iv_load_policy=1&#038;fs=1&#038;hl=es-ES&#038;autohide=2&#038;wmode=transparent\" allowfullscreen=\"true\" style=\"border:0;\" sandbox=\"allow-scripts allow-same-origin allow-popups allow-presentation allow-popups-to-escape-sandbox\"><\/iframe><\/span>\n<\/div><\/figure>\n\n\n\n<p class=\"wp-block-paragraph\">Sigue todos los detalles por aqu\u00ed, y en las siguientes redes y perfiles:<\/p>\n\n\n\n<ul class=\"wp-block-list\"><li>Instagram:<a href=\"https:\/\/www.instagram.com\/ferialbaytar\/\" target=\"_blank\" rel=\"noreferrer noopener\"> @ferialbaytar<\/a><\/li><li>Twitter: <a href=\"https:\/\/twitter.com\/ferialbaytar\" target=\"_blank\" rel=\"noreferrer noopener\">@ferialbaytar<\/a><\/li><li>Canal Telegram: <a href=\"https:\/\/t.me\/ferialbaytar\" target=\"_blank\" rel=\"noreferrer noopener\">Feria de la Ciencia Al Baytar<\/a><\/li><\/ul>\n\n\n\n<p class=\"wp-block-paragraph\">El tiempo corre en nuestra contra pero tenemos las herramientas para evitar una cat\u00e1strofe&#8230;<\/p>\n\n\n\n<p class=\"wp-block-paragraph\">La clave est\u00e1 en la ciencia\u2026 <\/p>\n\n\n\n<p class=\"wp-block-paragraph\">No olvides de seguir el hashtag #FeriAlbaytar19 en Twitter e Instagram<\/p>\n\n\n\n<p class=\"wp-block-paragraph\">Tendr\u00e1s m\u00e1s noticias en breve<\/p>\n","protected":false},"excerpt":{"rendered":"<p>\u00a1Atenci\u00f3n al siguiente v\u00eddeo compa\u00f1eros\/as! Algo grave va a suceder pr\u00f3ximamente y es necesario actuar. Todo el profesorado de la provincia debe de estar preparado para lo que se avecina. \u00a1Os necesitamos! Sigue todos los detalles por aqu\u00ed, y en las siguientes redes y perfiles: Instagram: @ferialbaytar Twitter: @ferialbaytar Canal Telegram: Feria de la Ciencia [&hellip;]<\/p>\n","protected":false},"author":3,"featured_media":2603,"comment_status":"open","ping_status":"open","sticky":false,"template":"","format":"standard","meta":{"_crdt_document":"","advanced_seo_description":"","jetpack_seo_html_title":"","jetpack_seo_noindex":false,"jetpack_post_was_ever_published":false,"_jetpack_newsletter_access":"","_jetpack_dont_email_post_to_subs":false,"_jetpack_newsletter_tier_id":0,"_jetpack_memberships_contains_paywalled_content":false,"_jetpack_memberships_contains_paid_content":false,"footnotes":"","jetpack_publicize_message":"Una llamada de auxilio desde el CEP Marbella- Co\u00edn @cepmarbellacoin","jetpack_publicize_feature_enabled":true,"jetpack_social_post_already_shared":true,"jetpack_social_options":{"image_generator_settings":{"template":"highway","default_image_id":0,"font":"","enabled":false},"version":2}},"categories":[5],"tags":[14],"class_list":{"0":"post-2602","1":"post","2":"type-post","3":"status-publish","4":"format-standard","5":"has-post-thumbnail","7":"category-noticias","8":"tag-ciencias","9":"czr-hentry"},"jetpack_publicize_connections":[],"jetpack_featured_media_url":"https:\/\/i0.wp.com\/cepronda.com\/blog\/wp-content\/uploads\/2019\/01\/help-153094_1280.png?fit=1280%2C1074&ssl=1","jetpack_shortlink":"https:\/\/wp.me\/p8M4X7-FY","jetpack-related-posts":[],"jetpack_sharing_enabled":true,"_links":{"self":[{"href":"https:\/\/cepronda.com\/blog\/wp-json\/wp\/v2\/posts\/2602","targetHints":{"allow":["GET"]}}],"collection":[{"href":"https:\/\/cepronda.com\/blog\/wp-json\/wp\/v2\/posts"}],"about":[{"href":"https:\/\/cepronda.com\/blog\/wp-json\/wp\/v2\/types\/post"}],"author":[{"embeddable":true,"href":"https:\/\/cepronda.com\/blog\/wp-json\/wp\/v2\/users\/3"}],"replies":[{"embeddable":true,"href":"https:\/\/cepronda.com\/blog\/wp-json\/wp\/v2\/comments?post=2602"}],"version-history":[{"count":1,"href":"https:\/\/cepronda.com\/blog\/wp-json\/wp\/v2\/posts\/2602\/revisions"}],"predecessor-version":[{"id":2604,"href":"https:\/\/cepronda.com\/blog\/wp-json\/wp\/v2\/posts\/2602\/revisions\/2604"}],"wp:featuredmedia":[{"embeddable":true,"href":"https:\/\/cepronda.com\/blog\/wp-json\/wp\/v2\/media\/2603"}],"wp:attachment":[{"href":"https:\/\/cepronda.com\/blog\/wp-json\/wp\/v2\/media?parent=2602"}],"wp:term":[{"taxonomy":"category","embeddable":true,"href":"https:\/\/cepronda.com\/blog\/wp-json\/wp\/v2\/categories?post=2602"},{"taxonomy":"post_tag","embeddable":true,"href":"https:\/\/cepronda.com\/blog\/wp-json\/wp\/v2\/tags?post=2602"}],"curies":[{"name":"wp","href":"https:\/\/api.w.org\/{rel}","templated":true}]}}