{"id":260,"date":"2016-11-07T12:20:52","date_gmt":"2016-11-07T11:20:52","guid":{"rendered":"http:\/\/cepronda.com\/blog\/?p=260"},"modified":"2025-04-28T12:06:22","modified_gmt":"2025-04-28T10:06:22","slug":"proximas-sesiones-informativas-sobre-planes-y-programas","status":"publish","type":"post","link":"https:\/\/cepronda.com\/blog\/proximas-sesiones-informativas-sobre-planes-y-programas\/","title":{"rendered":"Pr\u00f3ximas sesiones informativas sobre Planes y Programas"},"content":{"rendered":"<p>Muy buenas compis,<\/p>\n<p>Escribimos esta entrada para informaros que en las pr\u00f3ximas semanas tendr\u00e1n lugar en el CEP de Ronda las distintas sesiones iniciales informativas sobre los distintos planes y programas ofertados por la Junta de Andaluc\u00eda, y para los que hay\u00e1is sido inscritos en los mismos. Deciros que la convocatoria a estas jornadas se hace desde Sevilla, tiene que haber llegado al correo de vuestros centros o a S\u00e9neca.<\/p>\n<p>El calendario de estas reuniones es el siguiente:<\/p>\n<ul>\n<li>Martes 8 de noviembre: Vivir y sentir el patrimonio.<\/li>\n<li>Mi\u00e9rcoles 8: PLC.<\/li>\n<li>Viernes 11 de noviembre: Plan Innicia.<\/li>\n<li>Lunes 14: Forma Joven.<\/li>\n<li>Mi\u00e9rcoles 16: Programa Aldea (modalidad B).<\/li>\n<li>Mi\u00e9rcoles 30: Creciendo en salud.<\/li>\n<\/ul>\n<p><img data-recalc-dims=\"1\" loading=\"lazy\" decoding=\"async\" class=\"aligncenter size-medium wp-image-261\" src=\"https:\/\/i0.wp.com\/cepronda.com\/blog\/wp-content\/uploads\/2016\/11\/paper-568156_640-300x150.png?resize=300%2C150\" alt=\"paper-568156_640\" width=\"300\" height=\"150\" \/><\/p>\n<p>Nos vemos en el CEP, un saludo.<\/p>\n","protected":false},"excerpt":{"rendered":"<p>Muy buenas compis, Escribimos esta entrada para informaros que en las pr\u00f3ximas semanas tendr\u00e1n lugar en el CEP de Ronda las distintas sesiones iniciales informativas sobre los distintos planes y programas ofertados por la Junta de Andaluc\u00eda, y para los que hay\u00e1is sido inscritos en los mismos. Deciros que la convocatoria a estas jornadas se [&hellip;]<\/p>\n","protected":false},"author":3,"featured_media":261,"comment_status":"open","ping_status":"open","sticky":false,"template":"","format":"standard","meta":{"_crdt_document":"","advanced_seo_description":"","jetpack_seo_html_title":"","jetpack_seo_noindex":false,"jetpack_post_was_ever_published":false,"_jetpack_newsletter_access":"","_jetpack_dont_email_post_to_subs":false,"_jetpack_newsletter_tier_id":0,"_jetpack_memberships_contains_paywalled_content":false,"_jetpack_memberships_contains_paid_content":false,"footnotes":"","jetpack_publicize_message":"","jetpack_publicize_feature_enabled":true,"jetpack_social_post_already_shared":false,"jetpack_social_options":{"image_generator_settings":{"template":"highway","default_image_id":0,"font":"","enabled":false},"version":2}},"categories":[5],"tags":[174,56],"class_list":{"0":"post-260","1":"post","2":"type-post","3":"status-publish","4":"format-standard","5":"has-post-thumbnail","7":"category-noticias","8":"tag-jornadas","9":"tag-planes-y-programas","10":"czr-hentry"},"jetpack_publicize_connections":[],"jetpack_featured_media_url":"","jetpack_shortlink":"https:\/\/wp.me\/p8M4X7-4c","jetpack-related-posts":[{"id":3037,"url":"https:\/\/cepronda.com\/blog\/aplazadas-al-jueves-26-de-septiembre-las-jornadas-informativas-sobre-la-convocatoria-de-grupos-de-trabajo-formacion-en-centros-y-programas-de-innovacion-educativa\/","url_meta":{"origin":260,"position":0},"title":"APLAZADAS AL JUEVES 26 DE SEPTIEMBRE LAS \u00abJORNADAS INFORMATIVAS SOBRE LA CONVOCATORIA DE GRUPOS DE TRABAJO, FORMACI\u00d3N EN CENTROS Y PROGRAMAS DE INNOVACI\u00d3N EDUCATIVA\u00bb","author":"V\u00edctor Caballero","date":"24 septiembre, 2019","format":false,"excerpt":"Buenas tardes, Debido al retraso en la salida de las Instrucciones que regulan las convocatorias para los Grupos de Trabajo, Formaci\u00f3n en Centros y Programas de innovaci\u00f3n Educativa, nos hemos visto obligados a retrasar las jornadas informativas a este jueves 26 de septiembre en horario de 16:30 a 19:30h en\u2026","rel":"","context":"En \u00abNoticias\u00bb","block_context":{"text":"Noticias","link":"https:\/\/cepronda.com\/blog\/category\/noticias\/"},"img":{"alt_text":"","src":"https:\/\/i0.wp.com\/cepronda.com\/blog\/wp-content\/uploads\/2019\/09\/gt.jpeg?fit=849%2C1200&ssl=1&resize=350%2C200","width":350,"height":200,"srcset":"https:\/\/i0.wp.com\/cepronda.com\/blog\/wp-content\/uploads\/2019\/09\/gt.jpeg?fit=849%2C1200&ssl=1&resize=350%2C200 1x, https:\/\/i0.wp.com\/cepronda.com\/blog\/wp-content\/uploads\/2019\/09\/gt.jpeg?fit=849%2C1200&ssl=1&resize=525%2C300 1.5x, https:\/\/i0.wp.com\/cepronda.com\/blog\/wp-content\/uploads\/2019\/09\/gt.jpeg?fit=849%2C1200&ssl=1&resize=700%2C400 2x"},"classes":[]},{"id":2973,"url":"https:\/\/cepronda.com\/blog\/jornadas-informativas-sobre-la-convocatoria-de-grupos-de-trabajo-formacion-en-centros-y-programas-educativos\/","url_meta":{"origin":260,"position":1},"title":"JORNADAS INFORMATIVAS SOBRE LA CONVOCATORIA DE GRUPOS DE TRABAJO, FORMACI\u00d3N EN CENTROS Y PROGRAMAS EDUCATIVOS","author":"V\u00edctor Caballero","date":"6 septiembre, 2019","format":false,"excerpt":"Muy buenas, Abrimos el periodo de inscripci\u00f3n para uno de nuestros cl\u00e1sicos de principios de curso, y son las jornadas de presentaci\u00f3n de las buenas pr\u00e1cticas de los grupos de trabajo y formaciones en centro del curso anterior. Asimismo estas jornadas tienen como objetivo presentaros las instrucciones relativas a los\u2026","rel":"","context":"En \u00abFormaciones\u00bb","block_context":{"text":"Formaciones","link":"https:\/\/cepronda.com\/blog\/category\/formaciones\/"},"img":{"alt_text":"","src":"https:\/\/i0.wp.com\/cepronda.com\/blog\/wp-content\/uploads\/2019\/09\/GT_FC_PyP.png?fit=644%2C907&ssl=1&resize=350%2C200","width":350,"height":200,"srcset":"https:\/\/i0.wp.com\/cepronda.com\/blog\/wp-content\/uploads\/2019\/09\/GT_FC_PyP.png?fit=644%2C907&ssl=1&resize=350%2C200 1x, https:\/\/i0.wp.com\/cepronda.com\/blog\/wp-content\/uploads\/2019\/09\/GT_FC_PyP.png?fit=644%2C907&ssl=1&resize=525%2C300 1.5x"},"classes":[]},{"id":3000,"url":"https:\/\/cepronda.com\/blog\/aplazada-la-jornada-informativa-sobre-las-formaciones-en-centro-y-los-grupos-de-trabajo\/","url_meta":{"origin":260,"position":2},"title":"Aplazada la Jornada informativa sobre las Formaciones en Centro y los Grupos de Trabajo","author":"V\u00edctor Caballero","date":"17 septiembre, 2019","format":false,"excerpt":"Desde el CEP de Ronda, se informa a todos los Centros que se aplaza al jueves 26\/09\/2019 las JORNADAS GRUPOS DE TRABAJO, FORMACI\u00d3N EN CENTROS, PLANES Y PROGRAMAS que ten\u00edan fecha el 19\/09\/2019 por no salir las instrucciones normativas que la regulan. Esperamos a que salgan pronto, pero a\u00fan no\u2026","rel":"","context":"En \u00abFormaciones\u00bb","block_context":{"text":"Formaciones","link":"https:\/\/cepronda.com\/blog\/category\/formaciones\/"},"img":{"alt_text":"","src":"","width":0,"height":0},"classes":[]},{"id":4599,"url":"https:\/\/cepronda.com\/blog\/plc-y-comunica-programas-para-el-desarrollo-de-la-ccl\/","url_meta":{"origin":260,"position":3},"title":"PLC y ComunicA. Programas para el desarrollo de la CCL.","author":"Maribel Mu\u00f1oz","date":"13 septiembre, 2021","format":false,"excerpt":"Buenas tardes compa\u00f1eras y compa\u00f1eros, Os hacemos llegar la siguiente infograf\u00eda\u00a0 sobre los programas para el desarrollo de la Competencia en Comunicaci\u00f3n Ling\u00fc\u00edstica, cuyo plazo de solicitud termina el pr\u00f3ximo 30 de septiembre. Adem\u00e1s, se van a\u00a0 desarrollar unas Jornadas Provinciales Informativas sobre estos programas. En los siguientes d\u00edas conoceremos\u2026","rel":"","context":"En \u00abFormaciones\u00bb","block_context":{"text":"Formaciones","link":"https:\/\/cepronda.com\/blog\/category\/formaciones\/"},"img":{"alt_text":"","src":"https:\/\/i0.wp.com\/cepronda.com\/blog\/wp-content\/uploads\/2021\/09\/Infografia-PLC-ComunicA.png?fit=763%2C1074&ssl=1&resize=350%2C200","width":350,"height":200,"srcset":"https:\/\/i0.wp.com\/cepronda.com\/blog\/wp-content\/uploads\/2021\/09\/Infografia-PLC-ComunicA.png?fit=763%2C1074&ssl=1&resize=350%2C200 1x, https:\/\/i0.wp.com\/cepronda.com\/blog\/wp-content\/uploads\/2021\/09\/Infografia-PLC-ComunicA.png?fit=763%2C1074&ssl=1&resize=525%2C300 1.5x, https:\/\/i0.wp.com\/cepronda.com\/blog\/wp-content\/uploads\/2021\/09\/Infografia-PLC-ComunicA.png?fit=763%2C1074&ssl=1&resize=700%2C400 2x"},"classes":[]},{"id":1486,"url":"https:\/\/cepronda.com\/blog\/jornadas-informativas-sobre-el-procedimiento-para-la-seleccion-de-directores-y-directoras-de-los-centros-docentes-publicos\/","url_meta":{"origin":260,"position":4},"title":"JORNADAS INFORMATIVAS SOBRE EL PROCEDIMIENTO PARA LA SELECCI\u00d3N DE DIRECTORES Y DIRECTORAS DE LOS CENTROS DOCENTES P\u00daBLICOS","author":"V\u00edctor Caballero","date":"15 diciembre, 2017","format":false,"excerpt":"\u00a1Muy buenas familia! Como sab\u00e9is en muchos centros de nuestra zona se ha abierto el proceso selectivo para la elecci\u00f3n de directoras y directores. Sabemos que hay muchas dudas y preguntas alrededor del proceso y de la elaboraci\u00f3n del proyecto. \u00c9sta es la raz\u00f3n por la que hemos preparado una\u2026","rel":"","context":"En \u00abNoticias\u00bb","block_context":{"text":"Noticias","link":"https:\/\/cepronda.com\/blog\/category\/noticias\/"},"img":{"alt_text":"","src":"https:\/\/i0.wp.com\/cepronda.com\/blog\/wp-content\/uploads\/2017\/12\/idea-1876659_640.jpg?resize=350%2C200","width":350,"height":200,"srcset":"https:\/\/i0.wp.com\/cepronda.com\/blog\/wp-content\/uploads\/2017\/12\/idea-1876659_640.jpg?resize=350%2C200 1x, https:\/\/i0.wp.com\/cepronda.com\/blog\/wp-content\/uploads\/2017\/12\/idea-1876659_640.jpg?resize=525%2C300 1.5x"},"classes":[]},{"id":1952,"url":"https:\/\/cepronda.com\/blog\/en-junio-evaluacion-y-certificacion-de-los-programas-educativos\/","url_meta":{"origin":260,"position":5},"title":"En junio, Evaluaci\u00f3n y Certificaci\u00f3n de los Programas Educativos","author":"V\u00edctor Caballero","date":"28 mayo, 2018","format":false,"excerpt":"Muy buenas, comenzamos la semana compartiendo estas instrucciones sobre la evaluaci\u00f3n y certificaci\u00f3n de los programas educativos de este curso escolar. Para acceder a la informaci\u00f3n sigue este enlace \u00a0 \u00a0","rel":"","context":"En \u00abNoticias\u00bb","block_context":{"text":"Noticias","link":"https:\/\/cepronda.com\/blog\/category\/noticias\/"},"img":{"alt_text":"","src":"https:\/\/i0.wp.com\/cepronda.com\/blog\/wp-content\/uploads\/2017\/05\/logo_ja_ce_mejor.jpg?fit=732%2C600&ssl=1&resize=350%2C200","width":350,"height":200,"srcset":"https:\/\/i0.wp.com\/cepronda.com\/blog\/wp-content\/uploads\/2017\/05\/logo_ja_ce_mejor.jpg?fit=732%2C600&ssl=1&resize=350%2C200 1x, https:\/\/i0.wp.com\/cepronda.com\/blog\/wp-content\/uploads\/2017\/05\/logo_ja_ce_mejor.jpg?fit=732%2C600&ssl=1&resize=525%2C300 1.5x, https:\/\/i0.wp.com\/cepronda.com\/blog\/wp-content\/uploads\/2017\/05\/logo_ja_ce_mejor.jpg?fit=732%2C600&ssl=1&resize=700%2C400 2x"},"classes":[]}],"jetpack_sharing_enabled":true,"_links":{"self":[{"href":"https:\/\/cepronda.com\/blog\/wp-json\/wp\/v2\/posts\/260","targetHints":{"allow":["GET"]}}],"collection":[{"href":"https:\/\/cepronda.com\/blog\/wp-json\/wp\/v2\/posts"}],"about":[{"href":"https:\/\/cepronda.com\/blog\/wp-json\/wp\/v2\/types\/post"}],"author":[{"embeddable":true,"href":"https:\/\/cepronda.com\/blog\/wp-json\/wp\/v2\/users\/3"}],"replies":[{"embeddable":true,"href":"https:\/\/cepronda.com\/blog\/wp-json\/wp\/v2\/comments?post=260"}],"version-history":[{"count":1,"href":"https:\/\/cepronda.com\/blog\/wp-json\/wp\/v2\/posts\/260\/revisions"}],"predecessor-version":[{"id":8534,"href":"https:\/\/cepronda.com\/blog\/wp-json\/wp\/v2\/posts\/260\/revisions\/8534"}],"wp:featuredmedia":[{"embeddable":true,"href":"https:\/\/cepronda.com\/blog\/wp-json\/"}],"wp:attachment":[{"href":"https:\/\/cepronda.com\/blog\/wp-json\/wp\/v2\/media?parent=260"}],"wp:term":[{"taxonomy":"category","embeddable":true,"href":"https:\/\/cepronda.com\/blog\/wp-json\/wp\/v2\/categories?post=260"},{"taxonomy":"post_tag","embeddable":true,"href":"https:\/\/cepronda.com\/blog\/wp-json\/wp\/v2\/tags?post=260"}],"curies":[{"name":"wp","href":"https:\/\/api.w.org\/{rel}","templated":true}]}}