{"id":2596,"date":"2019-01-17T11:01:34","date_gmt":"2019-01-17T10:01:34","guid":{"rendered":"http:\/\/cepronda.com\/blog\/?p=2596"},"modified":"2019-09-19T11:34:00","modified_gmt":"2019-09-19T09:34:00","slug":"consejo-de-centro-del-cep","status":"publish","type":"post","link":"https:\/\/cepronda.com\/blog\/consejo-de-centro-del-cep\/","title":{"rendered":"Consejo de Centro del CEP"},"content":{"rendered":"\n<p class=\"wp-block-paragraph\">\u00a1Hola de nuevo! Queremos compartir con todas y todos vosotros esta informaci\u00f3n, relativa a la formaci\u00f3n de los Consejos de Centro de los CEP. Se trata de un \u00f3rgano colegiado de gobierno de los Centros del Profesorado que permiten la participaci\u00f3n de los profesionales de la educaci\u00f3n en el<br>gobierno y gesti\u00f3n de los mismos. <\/p>\n\n\n\n<p class=\"wp-block-paragraph\">En el caso de nuestro CEP se requerir\u00e1 la presencia de 3 personas que ejerzan la jefatura de estudios de los centros de educaci\u00f3n infantil y primaria, 2 docentes que ejerzan la jefatura del FEIE en sus institutos, una persona miembro del EOE y una persona que ejerza la jefatura del departamento de orientaci\u00f3n de su instituto. El plazo para la presentaci\u00f3n de solicitudes ser\u00e1 del 21 de enero al 8 de febrero, a trav\u00e9s del Portal Docente.<\/p>\n\n\n\n<p class=\"wp-block-paragraph\">Desde aqu\u00ed os animamos a participar en la elecci\u00f3n de nuestro Consejo de Centro. Para m\u00e1s informaci\u00f3n s\u00f3lo ten\u00e9is que llamarnos o pasaros por aqu\u00ed. Para poder acceder a toda la informaci\u00f3n s\u00f3lo ten\u00e9is que seguir este enlace<\/p>\n\n\n\n<div class=\"wp-block-file\"><a href=\"http:\/\/cepronda.com\/blog\/wp-content\/uploads\/2019\/01\/ORDEN-9-enero-2019-para-BOJA.pdf\">ORDEN 9 enero 2019 para BOJA<\/a><a href=\"http:\/\/cepronda.com\/blog\/wp-content\/uploads\/2019\/01\/ORDEN-9-enero-2019-para-BOJA.pdf\" class=\"wp-block-file__button\" download>Descargar<\/a><\/div>\n\n\n\n<figure class=\"wp-block-image\"><img data-recalc-dims=\"1\" loading=\"lazy\" decoding=\"async\" width=\"768\" height=\"768\" src=\"https:\/\/i0.wp.com\/cepronda.com\/blog\/wp-content\/uploads\/2018\/05\/CEP-DE-RONDA-Logo.png?resize=768%2C768\" alt=\"\" class=\"wp-image-1766\" srcset=\"https:\/\/i0.wp.com\/cepronda.com\/blog\/wp-content\/uploads\/2018\/05\/CEP-DE-RONDA-Logo.png?w=768&amp;ssl=1 768w, https:\/\/i0.wp.com\/cepronda.com\/blog\/wp-content\/uploads\/2018\/05\/CEP-DE-RONDA-Logo.png?resize=150%2C150&amp;ssl=1 150w, https:\/\/i0.wp.com\/cepronda.com\/blog\/wp-content\/uploads\/2018\/05\/CEP-DE-RONDA-Logo.png?resize=300%2C300&amp;ssl=1 300w, https:\/\/i0.wp.com\/cepronda.com\/blog\/wp-content\/uploads\/2018\/05\/CEP-DE-RONDA-Logo.png?resize=50%2C50&amp;ssl=1 50w\" sizes=\"auto, (max-width: 768px) 100vw, 768px\" \/><\/figure>\n","protected":false},"excerpt":{"rendered":"<p>\u00a1Hola de nuevo! Queremos compartir con todas y todos vosotros esta informaci\u00f3n, relativa a la formaci\u00f3n de los Consejos de Centro de los CEP. Se trata de un \u00f3rgano colegiado de gobierno de los Centros del Profesorado que permiten la participaci\u00f3n de los profesionales de la educaci\u00f3n en elgobierno y gesti\u00f3n de los mismos. En [&hellip;]<\/p>\n","protected":false},"author":3,"featured_media":1766,"comment_status":"open","ping_status":"open","sticky":false,"template":"","format":"standard","meta":{"_crdt_document":"","advanced_seo_description":"","jetpack_seo_html_title":"","jetpack_seo_noindex":false,"jetpack_post_was_ever_published":false,"_jetpack_newsletter_access":"","_jetpack_dont_email_post_to_subs":false,"_jetpack_newsletter_tier_id":0,"_jetpack_memberships_contains_paywalled_content":false,"_jetpack_memberships_contains_paid_content":false,"footnotes":"","jetpack_publicize_message":"Consejo de Centro del CEP, instrucciones para su renovaci\u00f3n","jetpack_publicize_feature_enabled":true,"jetpack_social_post_already_shared":true,"jetpack_social_options":{"image_generator_settings":{"template":"highway","default_image_id":0,"font":"","enabled":false},"version":2}},"categories":[5],"tags":[153],"class_list":{"0":"post-2596","1":"post","2":"type-post","3":"status-publish","4":"format-standard","5":"has-post-thumbnail","7":"category-noticias","8":"tag-cep","9":"czr-hentry"},"jetpack_publicize_connections":[],"jetpack_featured_media_url":"https:\/\/i0.wp.com\/cepronda.com\/blog\/wp-content\/uploads\/2018\/05\/CEP-DE-RONDA-Logo.png?fit=768%2C768&ssl=1","jetpack_shortlink":"https:\/\/wp.me\/p8M4X7-FS","jetpack-related-posts":[{"id":5716,"url":"https:\/\/cepronda.com\/blog\/jefatura-de-estudios-organizacion-y-funcionamiento-de-los-centros-educacion-infantil-y-primaria-232925ge607\/","url_meta":{"origin":2596,"position":0},"title":"JEFATURA DE ESTUDIOS: ORGANIZACI\u00d3N Y FUNCIONAMIENTO DE LOS CENTROS (EDUCACI\u00d3N INFANTIL Y PRIMARIA) (232925GE607)","author":"Inmaculada Garc\u00eda","date":"20 enero, 2023","format":false,"excerpt":"Estimado\/a compa\u00f1ero\/a, Te informo que est\u00e1 abierto el plazo de inscripci\u00f3n del curso provincial, organizado por el CEP de Antequera: \"JEFATURA DE ESTUDIOS: ORGANIZACI\u00d3N Y FUNCIONAMIENTO DE LOS CENTROS (EDUCACI\u00d3N INFANTIL Y PRIMARIA)\" C\u00f3digo: 232925GE607 Inscripciones: desde 20\/01\/2023 al 03\/02\/2023 Fechas de realizaci\u00f3n: del 13 de febrero al 27 de\u2026","rel":"","context":"En \u00abFormaciones\u00bb","block_context":{"text":"Formaciones","link":"https:\/\/cepronda.com\/blog\/category\/formaciones\/"},"img":{"alt_text":"","src":"https:\/\/i0.wp.com\/cepronda.com\/blog\/wp-content\/uploads\/2023\/01\/WhatsApp-Image-2023-01-20-at-13.21.21.jpeg?fit=848%2C1200&ssl=1&resize=350%2C200","width":350,"height":200,"srcset":"https:\/\/i0.wp.com\/cepronda.com\/blog\/wp-content\/uploads\/2023\/01\/WhatsApp-Image-2023-01-20-at-13.21.21.jpeg?fit=848%2C1200&ssl=1&resize=350%2C200 1x, https:\/\/i0.wp.com\/cepronda.com\/blog\/wp-content\/uploads\/2023\/01\/WhatsApp-Image-2023-01-20-at-13.21.21.jpeg?fit=848%2C1200&ssl=1&resize=525%2C300 1.5x, https:\/\/i0.wp.com\/cepronda.com\/blog\/wp-content\/uploads\/2023\/01\/WhatsApp-Image-2023-01-20-at-13.21.21.jpeg?fit=848%2C1200&ssl=1&resize=700%2C400 2x"},"classes":[]},{"id":9088,"url":"https:\/\/cepronda.com\/blog\/la-transformacion-del-cep-de-ronda-es-imparable\/","url_meta":{"origin":2596,"position":1},"title":"\u00a1LA TRANSFORMACI\u00d3N DEL CEP DE RONDA ES IMPARABLE!","author":"Inmaculada Garc\u00eda","date":"4 diciembre, 2025","format":false,"excerpt":"\u00a1GRAN NOTICIA! \ud83c\udf89 La transformaci\u00f3n de nuestro CEP es imparable, \u00a1y ya est\u00e1 dando frutos espectaculares! El esfuerzo de transformaci\u00f3n en nuestro CEP est\u00e1 dando resultados y se nos ha dotado de la pieza que nos faltaba: \u00a1Nuestra embajadora del Aula del Futuro! Una figura clave que llega para \ud83d\ude80\u2026","rel":"","context":"En \u00abNoticias\u00bb","block_context":{"text":"Noticias","link":"https:\/\/cepronda.com\/blog\/category\/noticias\/"},"img":{"alt_text":"","src":"https:\/\/i0.wp.com\/cepronda.com\/blog\/wp-content\/uploads\/2025\/11\/cep.png?fit=866%2C830&ssl=1&resize=350%2C200","width":350,"height":200,"srcset":"https:\/\/i0.wp.com\/cepronda.com\/blog\/wp-content\/uploads\/2025\/11\/cep.png?fit=866%2C830&ssl=1&resize=350%2C200 1x, https:\/\/i0.wp.com\/cepronda.com\/blog\/wp-content\/uploads\/2025\/11\/cep.png?fit=866%2C830&ssl=1&resize=525%2C300 1.5x, https:\/\/i0.wp.com\/cepronda.com\/blog\/wp-content\/uploads\/2025\/11\/cep.png?fit=866%2C830&ssl=1&resize=700%2C400 2x"},"classes":[]},{"id":375,"url":"https:\/\/cepronda.com\/blog\/red-profesional-de-educacion-infantil\/","url_meta":{"origin":2596,"position":2},"title":"Red Profesional de Educaci\u00f3n Infantil","author":"V\u00edctor Caballero","date":"23 noviembre, 2016","format":false,"excerpt":"Hola a todo el mundo, y especialmente a las y los docentes de Educaci\u00f3n Infantil, En el CEP de Ronda hemos convocado una actividad formativa dirigida a constituir una Red Profesional de profesorado de Educaci\u00f3n Infantil perteneciente a los centros del \u00e1mbito de actuaci\u00f3n de nuestro CEP, con la idea\u2026","rel":"","context":"En \u00abFormaciones\u00bb","block_context":{"text":"Formaciones","link":"https:\/\/cepronda.com\/blog\/category\/formaciones\/"},"img":{"alt_text":"","src":"","width":0,"height":0},"classes":[]},{"id":7220,"url":"https:\/\/cepronda.com\/blog\/encuentro-red-profesional-de-educacion-especial-cep-de-ronda-242924ge014\/","url_meta":{"origin":2596,"position":3},"title":"ENCUENTRO COMUNIDAD PROFESIONAL DE EDUCACI\u00d3N ESPECIAL. CEP DE RONDA (242924GE014)","author":"Inmaculada Garc\u00eda","date":"22 noviembre, 2023","format":false,"excerpt":"Ya tenemos fecha para nuestro primer encuentro. Nos vemos el 29 de noviembre a las 17:00 en el CEP de Ronda. No olvides inscribirte a trav\u00e9s de S\u00e9neca.\u00a0 Actualizaremos la informaci\u00f3n sobre legislaci\u00f3n, programas, informaci\u00f3n de la Inspecci\u00f3n y otros temas en los que tengamos dudas sobre nuestro trabajo diario.\u2026","rel":"","context":"En \u00abFormaciones\u00bb","block_context":{"text":"Formaciones","link":"https:\/\/cepronda.com\/blog\/category\/formaciones\/"},"img":{"alt_text":"","src":"https:\/\/i0.wp.com\/cepronda.com\/blog\/wp-content\/uploads\/2023\/11\/ENCUENTRO-RED-EE.png?fit=1200%2C1200&ssl=1&resize=350%2C200","width":350,"height":200,"srcset":"https:\/\/i0.wp.com\/cepronda.com\/blog\/wp-content\/uploads\/2023\/11\/ENCUENTRO-RED-EE.png?fit=1200%2C1200&ssl=1&resize=350%2C200 1x, https:\/\/i0.wp.com\/cepronda.com\/blog\/wp-content\/uploads\/2023\/11\/ENCUENTRO-RED-EE.png?fit=1200%2C1200&ssl=1&resize=525%2C300 1.5x, https:\/\/i0.wp.com\/cepronda.com\/blog\/wp-content\/uploads\/2023\/11\/ENCUENTRO-RED-EE.png?fit=1200%2C1200&ssl=1&resize=700%2C400 2x, https:\/\/i0.wp.com\/cepronda.com\/blog\/wp-content\/uploads\/2023\/11\/ENCUENTRO-RED-EE.png?fit=1200%2C1200&ssl=1&resize=1050%2C600 3x"},"classes":[]},{"id":7337,"url":"https:\/\/cepronda.com\/blog\/jefatura-de-estudios-organizacion-y-funcionamiento-de-los-centros-educacion-infantil-y-primaria-online\/","url_meta":{"origin":2596,"position":4},"title":"JEFATURA\u00a0DE\u00a0ESTUDIOS:\u00a0ORGANIZACI\u00d3N\u00a0Y\u00a0FUNCIONAMIENTO\u00a0DE\u00a0LOS\u00a0CENTROS\u00a0(EDUCACI\u00d3N\u00a0INFANTIL\u00a0Y\u00a0PRIMARIA &#8211; ONLINE)","author":"Mamen Moreno","date":"12 enero, 2024","format":false,"excerpt":"Informamos que se encuentra abierto el plazo de inscripci\u00f3n del curso\u00a0provincial:\u00a0\u00a0\"JEFATURA\u00a0DE\u00a0ESTUDIOS:\u00a0ORGANIZACI\u00d3N\u00a0Y\u00a0FUNCIONAMIENTO\u00a0DE\u00a0LOS\u00a0CENTROS\u00a0(EDUCACI\u00d3N\u00a0INFANTIL\u00a0Y\u00a0PRIMARIA - ONLINE)\"\u00a0\u00a0C\u00f3digo:\u00a0249925KPF372 Inscripciones: del 11\/01\/2024 al 22\/01\/2024 Fechas de realizaci\u00f3n: del 29 de enero al 18 de marzo de 2024 Lugar de realizaci\u00f3n: AULA VIRTUAL DE FORMACI\u00d3N DEL PROFESORADO (Curso\u00a0a distancia) Detalle e inscripci\u00f3n en el siguiente enlace: https:\/\/www.juntadeandalucia.es\/educacion\/secretariavirtual\/consultaCEP\/actividad\/249925KPF372","rel":"","context":"En \u00abFormaciones\u00bb","block_context":{"text":"Formaciones","link":"https:\/\/cepronda.com\/blog\/category\/formaciones\/"},"img":{"alt_text":"","src":"https:\/\/i0.wp.com\/cepronda.com\/blog\/wp-content\/uploads\/2024\/01\/JEFATURA-ESTUDIOS-CEIP-3-1.png?fit=848%2C1200&ssl=1&resize=350%2C200","width":350,"height":200,"srcset":"https:\/\/i0.wp.com\/cepronda.com\/blog\/wp-content\/uploads\/2024\/01\/JEFATURA-ESTUDIOS-CEIP-3-1.png?fit=848%2C1200&ssl=1&resize=350%2C200 1x, https:\/\/i0.wp.com\/cepronda.com\/blog\/wp-content\/uploads\/2024\/01\/JEFATURA-ESTUDIOS-CEIP-3-1.png?fit=848%2C1200&ssl=1&resize=525%2C300 1.5x, https:\/\/i0.wp.com\/cepronda.com\/blog\/wp-content\/uploads\/2024\/01\/JEFATURA-ESTUDIOS-CEIP-3-1.png?fit=848%2C1200&ssl=1&resize=700%2C400 2x"},"classes":[]},{"id":7600,"url":"https:\/\/cepronda.com\/blog\/2o-encuentro-comunidad-de-profesionales-de-educacion-especial-cep-de-ronda-242924ge014\/","url_meta":{"origin":2596,"position":5},"title":"2\u00ba ENCUENTRO COMUNIDAD DE PROFESIONALES DE EDUCACI\u00d3N ESPECIAL. CEP DE RONDA (242924GE014)","author":"Inmaculada Garc\u00eda","date":"3 mayo, 2024","format":false,"excerpt":"Ya tenemos fecha para nuestro segundo encuentro. \u00a0 Nos vemos el 14 de mayo a las 16:30 en el CEP de Ronda. \u00a0 Contaremos con la presencia de Antonio M\u00e1rquez (AulaDesigual) que nos mostrar\u00e1 pr\u00e1cticas innovadoras de c\u00f3mo trabajar la atenci\u00f3n espec\u00edfica dentro del aula ordinaria. Revisaremos, tambi\u00e9n, el portal\u2026","rel":"","context":"En \u00abFormaciones\u00bb","block_context":{"text":"Formaciones","link":"https:\/\/cepronda.com\/blog\/category\/formaciones\/"},"img":{"alt_text":"","src":"https:\/\/i0.wp.com\/cepronda.com\/blog\/wp-content\/uploads\/2024\/05\/COMUNIDAD-EE-POST-INSTAGRAM.png?fit=1080%2C1080&ssl=1&resize=350%2C200","width":350,"height":200,"srcset":"https:\/\/i0.wp.com\/cepronda.com\/blog\/wp-content\/uploads\/2024\/05\/COMUNIDAD-EE-POST-INSTAGRAM.png?fit=1080%2C1080&ssl=1&resize=350%2C200 1x, https:\/\/i0.wp.com\/cepronda.com\/blog\/wp-content\/uploads\/2024\/05\/COMUNIDAD-EE-POST-INSTAGRAM.png?fit=1080%2C1080&ssl=1&resize=525%2C300 1.5x, https:\/\/i0.wp.com\/cepronda.com\/blog\/wp-content\/uploads\/2024\/05\/COMUNIDAD-EE-POST-INSTAGRAM.png?fit=1080%2C1080&ssl=1&resize=700%2C400 2x, https:\/\/i0.wp.com\/cepronda.com\/blog\/wp-content\/uploads\/2024\/05\/COMUNIDAD-EE-POST-INSTAGRAM.png?fit=1080%2C1080&ssl=1&resize=1050%2C600 3x"},"classes":[]}],"jetpack_sharing_enabled":true,"_links":{"self":[{"href":"https:\/\/cepronda.com\/blog\/wp-json\/wp\/v2\/posts\/2596","targetHints":{"allow":["GET"]}}],"collection":[{"href":"https:\/\/cepronda.com\/blog\/wp-json\/wp\/v2\/posts"}],"about":[{"href":"https:\/\/cepronda.com\/blog\/wp-json\/wp\/v2\/types\/post"}],"author":[{"embeddable":true,"href":"https:\/\/cepronda.com\/blog\/wp-json\/wp\/v2\/users\/3"}],"replies":[{"embeddable":true,"href":"https:\/\/cepronda.com\/blog\/wp-json\/wp\/v2\/comments?post=2596"}],"version-history":[{"count":2,"href":"https:\/\/cepronda.com\/blog\/wp-json\/wp\/v2\/posts\/2596\/revisions"}],"predecessor-version":[{"id":2606,"href":"https:\/\/cepronda.com\/blog\/wp-json\/wp\/v2\/posts\/2596\/revisions\/2606"}],"wp:featuredmedia":[{"embeddable":true,"href":"https:\/\/cepronda.com\/blog\/wp-json\/wp\/v2\/media\/1766"}],"wp:attachment":[{"href":"https:\/\/cepronda.com\/blog\/wp-json\/wp\/v2\/media?parent=2596"}],"wp:term":[{"taxonomy":"category","embeddable":true,"href":"https:\/\/cepronda.com\/blog\/wp-json\/wp\/v2\/categories?post=2596"},{"taxonomy":"post_tag","embeddable":true,"href":"https:\/\/cepronda.com\/blog\/wp-json\/wp\/v2\/tags?post=2596"}],"curies":[{"name":"wp","href":"https:\/\/api.w.org\/{rel}","templated":true}]}}