{"id":2594,"date":"2019-01-17T10:26:27","date_gmt":"2019-01-17T09:26:27","guid":{"rendered":"http:\/\/cepronda.com\/blog\/?p=2594"},"modified":"2019-01-17T10:26:36","modified_gmt":"2019-01-17T09:26:36","slug":"1a-edicion-de-la-convocatoria-de-2019-de-cursos-en-red-del-intef-para-el-profesorado-de-los-centros-educativos","status":"publish","type":"post","link":"https:\/\/cepronda.com\/blog\/1a-edicion-de-la-convocatoria-de-2019-de-cursos-en-red-del-intef-para-el-profesorado-de-los-centros-educativos\/","title":{"rendered":"1\u00aa edici\u00f3n de la convocatoria de 2019 de cursos en red del INTEF para el profesorado de los centros educativos."},"content":{"rendered":"\n<p class=\"wp-block-paragraph\">\n\nC\u00f3mo sab\u00e9is una de las modalidades formativas m\u00e1s interesantes es la formaci\u00f3n on-line. En este sentido, adem\u00e1s del Aula Virtual de Formaci\u00f3n del Profesorado de la Junta de Andaluc\u00eda, tenemos la opci\u00f3n de inscribirnos en los cursos ofertados por el INTEF.\n\n<\/p>\n\n\n\n<p class=\"wp-block-paragraph\">El <strong>plazo de inscripci\u00f3n<\/strong> finalizar\u00e1 el <strong>28 de enero<\/strong>. El profesorado interesado en estas actividades formativas puede completar la informaci\u00f3n e inscribirse a trav\u00e9s de la <a href=\"http:\/\/www.educacionyfp.gob.es\/servicios-al-ciudadano-mecd\/catalogo\/educacion\/profesorado\/profesorado-no-universitario\/cursos-y-jornadas\/formacion-en-red-profesorado.html\" target=\"_blank\" rel=\"noreferrer noopener\">p\u00e1gina web del Ministerio<\/a>.<\/p>\n\n\n\n<p class=\"wp-block-paragraph\">Incluimos a continuaci\u00f3n el listado de cursos que se desarrollar\u00e1n entre marzo y junio de 2019:<\/p>\n\n\n\n<ol class=\"wp-block-list\"><li><a href=\"https:\/\/intef.es\/wp-content\/uploads\/2019\/01\/01_Ficha_INTEF_ABPInf.pdf\" target=\"_blank\" rel=\"noreferrer noopener\">ABP. Aprendizaje basado en proyectos. (Infantil y Primaria)<\/a><\/li><li><a href=\"https:\/\/intef.es\/wp-content\/uploads\/2019\/01\/02_Ficha_INTEF_ABPSec.pdf\" target=\"_blank\" rel=\"noreferrer noopener\">ABP. Aprendizaje basado en proyectos. (ESO y Bachillerato)<\/a><\/li><li><a href=\"https:\/\/intef.es\/wp-content\/uploads\/2019\/01\/07_Ficha_INTEF_Creatividad.pdf\" target=\"_blank\" rel=\"noreferrer noopener\">Creatividad, dise\u00f1o y aprendizaje mediante retos<\/a><\/li><li><a href=\"https:\/\/intef.es\/wp-content\/uploads\/2019\/01\/08_Ficha_INTEF_Flipped_1%C2%AAEd.pdf\" target=\"_blank\" rel=\"noreferrer noopener\">Dale la vuelta a tu clase (FlippedClassroom)<\/a><\/li><li><a href=\"https:\/\/intef.es\/wp-content\/uploads\/2019\/01\/09_Ficha_INTEF_Profetubers_1%C2%AAEd.pdf\" target=\"_blank\" rel=\"noreferrer noopener\">De espectadores a creadores. El fen\u00f3meno Profetubers en Educaci\u00f3n<\/a><\/li><li><a href=\"https:\/\/intef.es\/wp-content\/uploads\/2019\/01\/11_Ficha_INTEF_Portafolio_Educativo.pdf\" target=\"_blank\" rel=\"noreferrer noopener\">El portafolio educativo como instrumento de aprendizaje y evaluaci\u00f3n<\/a><\/li><li><a href=\"https:\/\/intef.es\/wp-content\/uploads\/2019\/01\/03_Ficha_INTEF_Alimentaci%C3%B3n_1%C2%AAEd.pdf\" target=\"_blank\" rel=\"noreferrer noopener\">Alimentaci\u00f3n y nutrici\u00f3n para una vida saludable<\/a><\/li><li><a href=\"https:\/\/intef.es\/wp-content\/uploads\/2019\/01\/16_Ficha_INTEF_TEA.pdf\" target=\"_blank\" rel=\"noreferrer noopener\">Pr\u00e1cticas educativas inclusivas para el alumnado con trastorno del espectro del autismo (TEA)<\/a><\/li><li><a href=\"https:\/\/intef.es\/wp-content\/uploads\/2019\/01\/05_Ficha_INTEF_Convivencia.pdf\" target=\"_blank\" rel=\"noreferrer noopener\">Convivencia escolar: prevenci\u00f3n e intervenci\u00f3n<\/a><\/li><li><a href=\"https:\/\/intef.es\/wp-content\/uploads\/2019\/01\/06_Ficha_INTEF_Curso-Orientaci%C3%B3n-Educativa-y-Profesional_1%C2%AAEd.pdf\" target=\"_blank\" rel=\"noreferrer noopener\">Orientaci\u00f3n educativa y profesional en centros educativos<\/a><\/li><li><a href=\"https:\/\/intef.es\/wp-content\/uploads\/2019\/01\/04_Ficha_INTEF_Bibliotecas_escolares_Abies_Web_1%C2%AAEd.pdf\" target=\"_blank\" rel=\"noreferrer noopener\">Bibliotecas escolares y uso de AbiesWeb<\/a><\/li><li><a href=\"https:\/\/intef.es\/wp-content\/uploads\/2019\/01\/13_Ficha_INTEF_Espacios_lectura_1%C2%AAEd.pdf\" target=\"_blank\" rel=\"noreferrer noopener\">Espacios de lectura<\/a><\/li><li><a href=\"https:\/\/intef.es\/wp-content\/uploads\/2019\/01\/20_Ficha_INTEF_Narrativa_Digital.pdf\" target=\"_blank\" rel=\"noreferrer noopener\">Narrativa Digital en el aula<\/a><\/li><li><a href=\"https:\/\/intef.es\/wp-content\/uploads\/2019\/01\/12_Ficha_INTEF_El_Tutor_en_red_1%C2%AAEd.pdf\" target=\"_blank\" rel=\"noreferrer noopener\">El tutor en red<\/a><\/li><li><a href=\"https:\/\/intef.es\/wp-content\/uploads\/2019\/01\/14_Ficha_INTEF_eTwinning_1%C2%AAEd.pdf\" target=\"_blank\" rel=\"noreferrer noopener\">Proyecta eTwinning<\/a><\/li><li><a href=\"https:\/\/intef.es\/wp-content\/uploads\/2019\/01\/15_Ficha_INTEF_Pensamiento_Computacional_Scratch.pdf\" target=\"_blank\" rel=\"noreferrer noopener\">Pensamiento computacional en el aula con Scratch<\/a><\/li><li><a href=\"https:\/\/intef.es\/wp-content\/uploads\/2019\/01\/17_Ficha_INTEF_Bachibac.pdf\" target=\"_blank\" rel=\"noreferrer noopener\">Programa BachiBac<\/a><\/li><li><a href=\"https:\/\/intef.es\/wp-content\/uploads\/2019\/01\/18_Ficha_INTEF_REA_AICLE_Infantil_y_Primaria_1%C2%AAEd.pdf\" target=\"_blank\" rel=\"noreferrer noopener\">Recursos Educativos Digitales Abiertos y Metodolog\u00eda para la ense\u00f1anza biling\u00fce en Educaci\u00f3n Infantil y Primaria<\/a><\/li><li><a href=\"https:\/\/intef.es\/wp-content\/uploads\/2019\/01\/19_Ficha_INTEF_Sentido_Iniciativa_Emprendimiento_Aula.pdf\" target=\"_blank\" rel=\"noreferrer noopener\">Sentido de la iniciativa y emprendimiento en el aula<\/a><\/li><li><a href=\"https:\/\/intef.es\/wp-content\/uploads\/2019\/01\/10_Ficha_INTEF_Desarrollo-de-la-funci%C3%B3n-directiva_1%C2%AAEd.pdf\" target=\"_blank\" rel=\"noreferrer noopener\">El desarrollo de la funci\u00f3n directiva<\/a><\/li><\/ol>\n","protected":false},"excerpt":{"rendered":"<p>C\u00f3mo sab\u00e9is una de las modalidades formativas m\u00e1s interesantes es la formaci\u00f3n on-line. En este sentido, adem\u00e1s del Aula Virtual de Formaci\u00f3n del Profesorado de la Junta de Andaluc\u00eda, tenemos la opci\u00f3n de inscribirnos en los cursos ofertados por el INTEF. El plazo de inscripci\u00f3n finalizar\u00e1 el 28 de enero. El profesorado interesado en estas [&hellip;]<\/p>\n","protected":false},"author":3,"featured_media":1059,"comment_status":"open","ping_status":"open","sticky":false,"template":"","format":"standard","meta":{"_crdt_document":"","advanced_seo_description":"","jetpack_seo_html_title":"","jetpack_seo_noindex":false,"jetpack_post_was_ever_published":false,"_jetpack_newsletter_access":"","_jetpack_dont_email_post_to_subs":false,"_jetpack_newsletter_tier_id":0,"_jetpack_memberships_contains_paywalled_content":false,"_jetpack_memberships_contains_paid_content":false,"footnotes":"","jetpack_publicize_message":"","jetpack_publicize_feature_enabled":true,"jetpack_social_post_already_shared":true,"jetpack_social_options":{"image_generator_settings":{"template":"highway","default_image_id":0,"font":"","enabled":false},"version":2}},"categories":[3],"tags":[29,40],"class_list":{"0":"post-2594","1":"post","2":"type-post","3":"status-publish","4":"format-standard","5":"has-post-thumbnail","7":"category-formaciones","8":"tag-formacion-on-line","9":"tag-intef","10":"czr-hentry"},"jetpack_publicize_connections":[],"jetpack_featured_media_url":"https:\/\/i0.wp.com\/cepronda.com\/blog\/wp-content\/uploads\/2016\/09\/intef.png?fit=272%2C185&ssl=1","jetpack_shortlink":"https:\/\/wp.me\/p8M4X7-FQ","jetpack-related-posts":[{"id":1888,"url":"https:\/\/cepronda.com\/blog\/2a-convocatoria-de-2018-del-intef\/","url_meta":{"origin":2594,"position":0},"title":"2\u00aa convocatoria de 2018 del INTEF","author":"V\u00edctor Caballero","date":"22 mayo, 2018","format":false,"excerpt":"Muy buenas,\u00a0 Queremos compartir la 2\u00aa convocatoria de este a\u00f1o 2018 del INTEF. Se trata de una convocatoria de plazas en concurrencia competitiva para la realizaci\u00f3n de cursos de formaci\u00f3n en Red para la formaci\u00f3n permanente del profesorado que ejerce en niveles anteriores al universitario, en centros sostenidos con fondos\u2026","rel":"","context":"En \u00abNoticias\u00bb","block_context":{"text":"Noticias","link":"https:\/\/cepronda.com\/blog\/category\/noticias\/"},"img":{"alt_text":"","src":"","width":0,"height":0},"classes":[]},{"id":3596,"url":"https:\/\/cepronda.com\/blog\/apertura-del-plazo-de-inscripcion-para-la-2a-edicion-de-cursos-de-formacion-en-linea-del-profesorado-2020\/","url_meta":{"origin":2594,"position":1},"title":"Apertura del plazo de inscripci\u00f3n para la 2\u00aa edici\u00f3n de cursos de formaci\u00f3n en l\u00ednea del Profesorado 2020","author":"V\u00edctor Caballero","date":"1 junio, 2020","format":false,"excerpt":"Muy buenas familia, Comenzamos la semana compartiendo que a partir de hoy se abre el plazo de inscripci\u00f3n para la 2\u00aa edici\u00f3n de los cursos de formaci\u00f3n en l\u00ednea del profesorado del INTEF. Cursos que se realizar\u00edan entre septiembre y noviembre. Como siempre son muy interesantes y pueden resultarnos muy\u2026","rel":"","context":"En \u00abFormaciones\u00bb","block_context":{"text":"Formaciones","link":"https:\/\/cepronda.com\/blog\/category\/formaciones\/"},"img":{"alt_text":"","src":"https:\/\/i0.wp.com\/cepronda.com\/blog\/wp-content\/uploads\/2020\/06\/INTEF.png?fit=803%2C306&ssl=1&resize=350%2C200","width":350,"height":200,"srcset":"https:\/\/i0.wp.com\/cepronda.com\/blog\/wp-content\/uploads\/2020\/06\/INTEF.png?fit=803%2C306&ssl=1&resize=350%2C200 1x, https:\/\/i0.wp.com\/cepronda.com\/blog\/wp-content\/uploads\/2020\/06\/INTEF.png?fit=803%2C306&ssl=1&resize=525%2C300 1.5x, https:\/\/i0.wp.com\/cepronda.com\/blog\/wp-content\/uploads\/2020\/06\/INTEF.png?fit=803%2C306&ssl=1&resize=700%2C400 2x"},"classes":[]},{"id":1389,"url":"https:\/\/cepronda.com\/blog\/oferta-formativa-aprendeintef\/","url_meta":{"origin":2594,"position":2},"title":"Oferta formativa AprendeINTEF","author":"V\u00edctor Caballero","date":"2 noviembre, 2017","format":false,"excerpt":"Adem\u00e1s de nuestros cursos de formaci\u00f3n presenciales y en l\u00ednea, como profesorado tenemos multitud de opciones de formarnos on-line. Una de las opciones es a trav\u00e9s de los cursos que nos oferta el INTEF a trav\u00e9s de su plataforma Educalab.\u00a0 Os dejamos con el enlace a la web donde podr\u00e9is\u2026","rel":"","context":"En \u00abNoticias\u00bb","block_context":{"text":"Noticias","link":"https:\/\/cepronda.com\/blog\/category\/noticias\/"},"img":{"alt_text":"","src":"https:\/\/i0.wp.com\/cepronda.com\/blog\/wp-content\/uploads\/2016\/09\/intef.png?resize=350%2C200","width":350,"height":200},"classes":[]},{"id":2851,"url":"https:\/\/cepronda.com\/blog\/cursos-de-formacion-en-red-del-profesorado\/","url_meta":{"origin":2594,"position":3},"title":"Cursos de Formaci\u00f3n en Red del Profesorado","author":"V\u00edctor Caballero","date":"20 mayo, 2019","format":false,"excerpt":"\u00a1Hola de nuevo! Queremos comentaros que el INTEF ha abierto la 2\u00aa convocatoria de sus cursos de formaci\u00f3n on-line. Estas actividades formativas se caracterizan por tener una estructura modular con contenidos y actividades planteados de forma gradual y cuentan con apoyo experto y atenci\u00f3n personalizada de un equipo de tutor\u00eda.\u2026","rel":"","context":"En \u00abNoticias\u00bb","block_context":{"text":"Noticias","link":"https:\/\/cepronda.com\/blog\/category\/noticias\/"},"img":{"alt_text":"","src":"https:\/\/i0.wp.com\/cepronda.com\/blog\/wp-content\/uploads\/2016\/09\/intef.png?resize=350%2C200","width":350,"height":200},"classes":[]},{"id":818,"url":"https:\/\/cepronda.com\/blog\/2a-edicion-cursos-de-formacion-en-red-del-profesorado-2017-del-intef\/","url_meta":{"origin":2594,"position":4},"title":"2\u00aa Edici\u00f3n Cursos de Formaci\u00f3n en Red del Profesorado 2017 del INTEF","author":"V\u00edctor Caballero","date":"11 mayo, 2017","format":false,"excerpt":"\u00a1Hola a todo el mundo! Escribimos esta entrada para contaros que el pasado martes se abri\u00f3 el plazo de inscripci\u00f3n de los cursos de formaci\u00f3n del INTEF. Se trata de una serie de cursos on-line y la oferta es bastante amplia. El pasado\u00a0martes, 9 de mayo de 2017, se abrir\u00e1\u2026","rel":"","context":"En \u00abNoticias\u00bb","block_context":{"text":"Noticias","link":"https:\/\/cepronda.com\/blog\/category\/noticias\/"},"img":{"alt_text":"","src":"https:\/\/i0.wp.com\/cepronda.com\/blog\/wp-content\/uploads\/2017\/05\/intef.png?resize=350%2C200","width":350,"height":200},"classes":[]},{"id":1515,"url":"https:\/\/cepronda.com\/blog\/cursos-a-distancia-ofertados-por-el-intef\/","url_meta":{"origin":2594,"position":5},"title":"Cursos a distancia ofertados por el INTEF","author":"V\u00edctor Caballero","date":"8 enero, 2018","format":false,"excerpt":"\u00a1Hola de nuevo familia! En esta entrada queremos compartir otra oferta formativa a distancia, en esta ocasi\u00f3n a trav\u00e9s del INTEF y el MECD. EL plazo de inscripci\u00f3n tambi\u00e9n se abre ma\u00f1ana, y tambi\u00e9n ten\u00e9is varios cursos interesantes a vuestra disposici\u00f3n.\u00a0 Para acceder a toda la informaci\u00f3n s\u00f3lo ten\u00e9is que\u2026","rel":"","context":"En \u00abFormaciones\u00bb","block_context":{"text":"Formaciones","link":"https:\/\/cepronda.com\/blog\/category\/formaciones\/"},"img":{"alt_text":"","src":"https:\/\/i0.wp.com\/cepronda.com\/blog\/wp-content\/uploads\/2018\/01\/notebook-2560953_640.jpg?fit=640%2C426&ssl=1&resize=350%2C200","width":350,"height":200,"srcset":"https:\/\/i0.wp.com\/cepronda.com\/blog\/wp-content\/uploads\/2018\/01\/notebook-2560953_640.jpg?fit=640%2C426&ssl=1&resize=350%2C200 1x, https:\/\/i0.wp.com\/cepronda.com\/blog\/wp-content\/uploads\/2018\/01\/notebook-2560953_640.jpg?fit=640%2C426&ssl=1&resize=525%2C300 1.5x"},"classes":[]}],"jetpack_sharing_enabled":true,"_links":{"self":[{"href":"https:\/\/cepronda.com\/blog\/wp-json\/wp\/v2\/posts\/2594","targetHints":{"allow":["GET"]}}],"collection":[{"href":"https:\/\/cepronda.com\/blog\/wp-json\/wp\/v2\/posts"}],"about":[{"href":"https:\/\/cepronda.com\/blog\/wp-json\/wp\/v2\/types\/post"}],"author":[{"embeddable":true,"href":"https:\/\/cepronda.com\/blog\/wp-json\/wp\/v2\/users\/3"}],"replies":[{"embeddable":true,"href":"https:\/\/cepronda.com\/blog\/wp-json\/wp\/v2\/comments?post=2594"}],"version-history":[{"count":1,"href":"https:\/\/cepronda.com\/blog\/wp-json\/wp\/v2\/posts\/2594\/revisions"}],"predecessor-version":[{"id":2595,"href":"https:\/\/cepronda.com\/blog\/wp-json\/wp\/v2\/posts\/2594\/revisions\/2595"}],"wp:featuredmedia":[{"embeddable":true,"href":"https:\/\/cepronda.com\/blog\/wp-json\/wp\/v2\/media\/1059"}],"wp:attachment":[{"href":"https:\/\/cepronda.com\/blog\/wp-json\/wp\/v2\/media?parent=2594"}],"wp:term":[{"taxonomy":"category","embeddable":true,"href":"https:\/\/cepronda.com\/blog\/wp-json\/wp\/v2\/categories?post=2594"},{"taxonomy":"post_tag","embeddable":true,"href":"https:\/\/cepronda.com\/blog\/wp-json\/wp\/v2\/tags?post=2594"}],"curies":[{"name":"wp","href":"https:\/\/api.w.org\/{rel}","templated":true}]}}