{"id":2591,"date":"2019-01-17T10:22:21","date_gmt":"2019-01-17T09:22:21","guid":{"rendered":"http:\/\/cepronda.com\/blog\/?p=2591"},"modified":"2019-01-17T10:22:30","modified_gmt":"2019-01-17T09:22:30","slug":"acnur-loco-festival-un-proyecto-educativo-que-cambia-vidas","status":"publish","type":"post","link":"https:\/\/cepronda.com\/blog\/acnur-loco-festival-un-proyecto-educativo-que-cambia-vidas\/","title":{"rendered":"ACNUR Loco Festival: un proyecto educativo que cambia vidas"},"content":{"rendered":"\n<p class=\"wp-block-paragraph\">Muy buenas de nuevo,<\/p>\n\n\n\n<p class=\"wp-block-paragraph\">Queremos compartir con todas y todos vosotros esta propuesta educativa de la ONG Acnur, que creemos puede ser muy interesante. Os invitamos a <a rel=\"noreferrer noopener\" aria-label=\"visitar su web  (opens in a new tab)\" href=\"https:\/\/locofestival.eacnur.org\/\" target=\"_blank\">visitar su web <\/a>y conocer la propuesta y si decid\u00eds participar nos encantar\u00eda conocer lo que est\u00e1is haciendo. <\/p>\n\n\n\n<p class=\"wp-block-paragraph\">Un saludo y nos seguimos viendo.<\/p>\n\n\n\n<figure class=\"wp-block-image\"><a href=\"https:\/\/locofestival.eacnur.org\/\"><img data-recalc-dims=\"1\" loading=\"lazy\" decoding=\"async\" width=\"500\" height=\"130\" src=\"https:\/\/i0.wp.com\/cepronda.com\/blog\/wp-content\/uploads\/2019\/01\/locoFestival.png?resize=500%2C130\" alt=\"\" class=\"wp-image-2592\" srcset=\"https:\/\/i0.wp.com\/cepronda.com\/blog\/wp-content\/uploads\/2019\/01\/locoFestival.png?w=500&amp;ssl=1 500w, https:\/\/i0.wp.com\/cepronda.com\/blog\/wp-content\/uploads\/2019\/01\/locoFestival.png?resize=300%2C78&amp;ssl=1 300w\" sizes=\"auto, (max-width: 500px) 100vw, 500px\" \/><\/a><\/figure>\n","protected":false},"excerpt":{"rendered":"<p>Muy buenas de nuevo, Queremos compartir con todas y todos vosotros esta propuesta educativa de la ONG Acnur, que creemos puede ser muy interesante. Os invitamos a visitar su web y conocer la propuesta y si decid\u00eds participar nos encantar\u00eda conocer lo que est\u00e1is haciendo. Un saludo y nos seguimos viendo.<\/p>\n","protected":false},"author":3,"featured_media":2592,"comment_status":"open","ping_status":"open","sticky":false,"template":"","format":"standard","meta":{"_crdt_document":"","advanced_seo_description":"","jetpack_seo_html_title":"","jetpack_seo_noindex":false,"jetpack_post_was_ever_published":false,"_jetpack_newsletter_access":"","_jetpack_dont_email_post_to_subs":false,"_jetpack_newsletter_tier_id":0,"_jetpack_memberships_contains_paywalled_content":false,"_jetpack_memberships_contains_paid_content":false,"footnotes":"","jetpack_publicize_message":"","jetpack_publicize_feature_enabled":true,"jetpack_social_post_already_shared":true,"jetpack_social_options":{"image_generator_settings":{"template":"highway","default_image_id":0,"font":"","enabled":false},"version":2}},"categories":[5],"tags":[152],"class_list":{"0":"post-2591","1":"post","2":"type-post","3":"status-publish","4":"format-standard","5":"has-post-thumbnail","7":"category-noticias","8":"tag-valores","9":"czr-hentry"},"jetpack_publicize_connections":[],"jetpack_featured_media_url":"https:\/\/i0.wp.com\/cepronda.com\/blog\/wp-content\/uploads\/2019\/01\/locoFestival.png?fit=500%2C130&ssl=1","jetpack_shortlink":"https:\/\/wp.me\/p8M4X7-FN","jetpack-related-posts":[{"id":2389,"url":"https:\/\/cepronda.com\/blog\/curso-conoce-tu-ciudad\/","url_meta":{"origin":2591,"position":0},"title":"Curso \u00abConoce tu ciudad\u00bb","author":"V\u00edctor Caballero","date":"19 octubre, 2018","format":false,"excerpt":"\u00a1Muy buenas! Compartimos este curso que creemos os puede resultar muy interesante ya que nos puede servir para conocer mejor nuestra ciudad y as\u00ed poder transmitir de mejor modo a nuestro alumnado todo lo que tenemos en Ronda. Contamos para ello con dos grandes ponentes, grandes conocedoras de Ronda, y\u2026","rel":"","context":"En \u00abFormaciones\u00bb","block_context":{"text":"Formaciones","link":"https:\/\/cepronda.com\/blog\/category\/formaciones\/"},"img":{"alt_text":"","src":"https:\/\/i0.wp.com\/cepronda.com\/blog\/wp-content\/uploads\/2018\/10\/round-2685747_1920.jpg?fit=1200%2C800&ssl=1&resize=350%2C200","width":350,"height":200,"srcset":"https:\/\/i0.wp.com\/cepronda.com\/blog\/wp-content\/uploads\/2018\/10\/round-2685747_1920.jpg?fit=1200%2C800&ssl=1&resize=350%2C200 1x, https:\/\/i0.wp.com\/cepronda.com\/blog\/wp-content\/uploads\/2018\/10\/round-2685747_1920.jpg?fit=1200%2C800&ssl=1&resize=525%2C300 1.5x, https:\/\/i0.wp.com\/cepronda.com\/blog\/wp-content\/uploads\/2018\/10\/round-2685747_1920.jpg?fit=1200%2C800&ssl=1&resize=700%2C400 2x, https:\/\/i0.wp.com\/cepronda.com\/blog\/wp-content\/uploads\/2018\/10\/round-2685747_1920.jpg?fit=1200%2C800&ssl=1&resize=1050%2C600 3x"},"classes":[]},{"id":596,"url":"https:\/\/cepronda.com\/blog\/curso-el-cuaderno-del-profesor-i-seneca\/","url_meta":{"origin":2591,"position":1},"title":"Curso \u00abEl cuaderno del profesor: I-Seneca\u00bb","author":"V\u00edctor Caballero","date":"10 enero, 2017","format":false,"excerpt":"\u00a1Hola de nuevo! Seguimos con nuestra propuesta de cursos. En este caso queremos ayudaros a conocer y manejar la herramienta que SENECA pone a nuestra disposici\u00f3n para poder hacer un seguimiento real, diario, r\u00e1pido y c\u00f3modo de nuestro alumnado a trav\u00e9s de nuestros dispositivos m\u00f3viles. Se trata de tener nuestro\u2026","rel":"","context":"En \u00abFormaciones\u00bb","block_context":{"text":"Formaciones","link":"https:\/\/cepronda.com\/blog\/category\/formaciones\/"},"img":{"alt_text":"","src":"https:\/\/i0.wp.com\/cepronda.com\/blog\/wp-content\/uploads\/2017\/01\/CvIM0y6WcAA7hen.jpg?resize=350%2C200","width":350,"height":200,"srcset":"https:\/\/i0.wp.com\/cepronda.com\/blog\/wp-content\/uploads\/2017\/01\/CvIM0y6WcAA7hen.jpg?resize=350%2C200 1x, https:\/\/i0.wp.com\/cepronda.com\/blog\/wp-content\/uploads\/2017\/01\/CvIM0y6WcAA7hen.jpg?resize=525%2C300 1.5x"},"classes":[]},{"id":1267,"url":"https:\/\/cepronda.com\/blog\/itinerario-formativo\/","url_meta":{"origin":2591,"position":2},"title":"Itinerario formativo","author":"V\u00edctor Caballero","date":"18 septiembre, 2017","format":false,"excerpt":"\u00a1Muy buenas! Una de nuestras apuestas este curso es trabajar con el profesorado de nuestra comarca la programaci\u00f3n, la rob\u00f3tica y la impresi\u00f3n 3D; de modo que podamos dar a conocer a nuestro alumnado todas las posibilidades que nos ofrecen las nuevas tecnolog\u00edas. Queremos este curso dar unas primeras pinceladas\u2026","rel":"","context":"En \u00abNoticias\u00bb","block_context":{"text":"Noticias","link":"https:\/\/cepronda.com\/blog\/category\/noticias\/"},"img":{"alt_text":"","src":"https:\/\/i0.wp.com\/cepronda.com\/blog\/wp-content\/uploads\/2017\/09\/cartel-itinerario-formativo.jpg?fit=848%2C1200&ssl=1&resize=350%2C200","width":350,"height":200,"srcset":"https:\/\/i0.wp.com\/cepronda.com\/blog\/wp-content\/uploads\/2017\/09\/cartel-itinerario-formativo.jpg?fit=848%2C1200&ssl=1&resize=350%2C200 1x, https:\/\/i0.wp.com\/cepronda.com\/blog\/wp-content\/uploads\/2017\/09\/cartel-itinerario-formativo.jpg?fit=848%2C1200&ssl=1&resize=525%2C300 1.5x, https:\/\/i0.wp.com\/cepronda.com\/blog\/wp-content\/uploads\/2017\/09\/cartel-itinerario-formativo.jpg?fit=848%2C1200&ssl=1&resize=700%2C400 2x"},"classes":[]},{"id":1301,"url":"https:\/\/cepronda.com\/blog\/curso-sobre-scratch-y-makey-makey\/","url_meta":{"origin":2591,"position":3},"title":"Curso sobre Scratch y Makey Makey","author":"V\u00edctor Caballero","date":"2 octubre, 2017","format":false,"excerpt":"\u00a1Seguimos con nuestro ritmo a velocidad de crucero! En este caso nos complace informaros que ya tenemos fecha para nuestro primer taller dentro del itinerario formativo dedicado a la programaci\u00f3n, rob\u00f3tica y 3D. Vamos a comenzar con Scratch, que es es un lenguaje de programaci\u00f3n que facilita crear historias interactivas,\u2026","rel":"","context":"En \u00abFormaciones\u00bb","block_context":{"text":"Formaciones","link":"https:\/\/cepronda.com\/blog\/category\/formaciones\/"},"img":{"alt_text":"","src":"https:\/\/i0.wp.com\/cepronda.com\/blog\/wp-content\/uploads\/2017\/10\/Scratch.png?resize=350%2C200","width":350,"height":200},"classes":[]},{"id":2711,"url":"https:\/\/cepronda.com\/blog\/dinamizacion-de-la-biblioteca-escolar-en-secundaria-y-bachillerato\/","url_meta":{"origin":2591,"position":4},"title":"DINAMIZACI\u00d3N DE LA BIBLIOTECA ESCOLAR EN SECUNDARIA Y BACHILLERATO","author":"V\u00edctor Caballero","date":"5 abril, 2019","format":false,"excerpt":"Muy buenas de nuevo, Queremos comentaros a todas las personas responsables de bibliotecas de Secundaria y Bachillerato, as\u00ed como a personas interesadas en el tema, que hemos preparado una actividad dirigida a conseguir los siguientes objetivos: 1. Conocer y aplicar una gesti\u00f3n eficiente de la Biblioteca Escolar. 2. Emplear la\u2026","rel":"","context":"En \u00abFormaciones\u00bb","block_context":{"text":"Formaciones","link":"https:\/\/cepronda.com\/blog\/category\/formaciones\/"},"img":{"alt_text":"","src":"https:\/\/i0.wp.com\/cepronda.com\/blog\/wp-content\/uploads\/2019\/04\/curso_biblioteca.png?fit=1200%2C716&ssl=1&resize=350%2C200","width":350,"height":200,"srcset":"https:\/\/i0.wp.com\/cepronda.com\/blog\/wp-content\/uploads\/2019\/04\/curso_biblioteca.png?fit=1200%2C716&ssl=1&resize=350%2C200 1x, https:\/\/i0.wp.com\/cepronda.com\/blog\/wp-content\/uploads\/2019\/04\/curso_biblioteca.png?fit=1200%2C716&ssl=1&resize=525%2C300 1.5x, https:\/\/i0.wp.com\/cepronda.com\/blog\/wp-content\/uploads\/2019\/04\/curso_biblioteca.png?fit=1200%2C716&ssl=1&resize=700%2C400 2x, https:\/\/i0.wp.com\/cepronda.com\/blog\/wp-content\/uploads\/2019\/04\/curso_biblioteca.png?fit=1200%2C716&ssl=1&resize=1050%2C600 3x"},"classes":[]},{"id":1192,"url":"https:\/\/cepronda.com\/blog\/nuevo-curso\/","url_meta":{"origin":2591,"position":5},"title":"Nuevo curso","author":"V\u00edctor Caballero","date":"4 septiembre, 2017","format":false,"excerpt":"Muy buenas a todas y a todos, Ya estamos de vuelta en un nuevo curso que promete ser apasionante, ilusionante y motivador. Por parte del CEP prometemos poner de nuestra parte todos los esfuerzos posibles para que nuestra oferta formativa se adapte todo lo posible a vuestras necesidades. Para cualquier\u2026","rel":"","context":"En \u00abNoticias\u00bb","block_context":{"text":"Noticias","link":"https:\/\/cepronda.com\/blog\/category\/noticias\/"},"img":{"alt_text":"","src":"https:\/\/i0.wp.com\/cepronda.com\/blog\/wp-content\/uploads\/2017\/09\/b9415ce57ebb1781bab48f67d7505fcd-cotton-quotes.jpg?fit=736%2C776&ssl=1&resize=350%2C200","width":350,"height":200,"srcset":"https:\/\/i0.wp.com\/cepronda.com\/blog\/wp-content\/uploads\/2017\/09\/b9415ce57ebb1781bab48f67d7505fcd-cotton-quotes.jpg?fit=736%2C776&ssl=1&resize=350%2C200 1x, https:\/\/i0.wp.com\/cepronda.com\/blog\/wp-content\/uploads\/2017\/09\/b9415ce57ebb1781bab48f67d7505fcd-cotton-quotes.jpg?fit=736%2C776&ssl=1&resize=525%2C300 1.5x, https:\/\/i0.wp.com\/cepronda.com\/blog\/wp-content\/uploads\/2017\/09\/b9415ce57ebb1781bab48f67d7505fcd-cotton-quotes.jpg?fit=736%2C776&ssl=1&resize=700%2C400 2x"},"classes":[]}],"jetpack_sharing_enabled":true,"_links":{"self":[{"href":"https:\/\/cepronda.com\/blog\/wp-json\/wp\/v2\/posts\/2591","targetHints":{"allow":["GET"]}}],"collection":[{"href":"https:\/\/cepronda.com\/blog\/wp-json\/wp\/v2\/posts"}],"about":[{"href":"https:\/\/cepronda.com\/blog\/wp-json\/wp\/v2\/types\/post"}],"author":[{"embeddable":true,"href":"https:\/\/cepronda.com\/blog\/wp-json\/wp\/v2\/users\/3"}],"replies":[{"embeddable":true,"href":"https:\/\/cepronda.com\/blog\/wp-json\/wp\/v2\/comments?post=2591"}],"version-history":[{"count":1,"href":"https:\/\/cepronda.com\/blog\/wp-json\/wp\/v2\/posts\/2591\/revisions"}],"predecessor-version":[{"id":2593,"href":"https:\/\/cepronda.com\/blog\/wp-json\/wp\/v2\/posts\/2591\/revisions\/2593"}],"wp:featuredmedia":[{"embeddable":true,"href":"https:\/\/cepronda.com\/blog\/wp-json\/wp\/v2\/media\/2592"}],"wp:attachment":[{"href":"https:\/\/cepronda.com\/blog\/wp-json\/wp\/v2\/media?parent=2591"}],"wp:term":[{"taxonomy":"category","embeddable":true,"href":"https:\/\/cepronda.com\/blog\/wp-json\/wp\/v2\/categories?post=2591"},{"taxonomy":"post_tag","embeddable":true,"href":"https:\/\/cepronda.com\/blog\/wp-json\/wp\/v2\/tags?post=2591"}],"curies":[{"name":"wp","href":"https:\/\/api.w.org\/{rel}","templated":true}]}}