{"id":2588,"date":"2019-01-17T09:28:42","date_gmt":"2019-01-17T08:28:42","guid":{"rendered":"http:\/\/cepronda.com\/blog\/?p=2588"},"modified":"2019-01-17T09:28:51","modified_gmt":"2019-01-17T08:28:51","slug":"exposicion-bachillerato-artistico-ies-martin-rivero","status":"publish","type":"post","link":"https:\/\/cepronda.com\/blog\/exposicion-bachillerato-artistico-ies-martin-rivero\/","title":{"rendered":"Exposici\u00f3n Bachillerato Art\u00edstico IES Mart\u00edn Rivero"},"content":{"rendered":"\n<p class=\"wp-block-paragraph\">\u00a1Hola familia!<\/p>\n\n\n\n<p class=\"wp-block-paragraph\">Compartimos con todos los centros de nuestra zona esta noticia. Y es que el Bachillerato de Bellas Artes del IES Mart\u00edn Rivero ha organziado una exposici\u00f3n  para celebrar el 20\u00ba Aniversario de esta modalidad organizada por el IES Mart\u00edn Rivero.   <\/p>\n\n\n\n<p class=\"wp-block-paragraph\">Las visitas ser\u00e1n guiadas, dirigidas al alumnado de Educaci\u00f3n secundaria.  S\u00f3lo se puede elegir una sola sesi\u00f3n por grupo de alumnado pudiendo asistir varios grupos de un mismo centro a diferentes horas. Los desplazamientos correr\u00e1n a cargo de los Centros. <\/p>\n\n\n\n<p class=\"wp-block-paragraph\">Para solicitar vuestra visita s\u00f3lo ten\u00e9is que <a rel=\"noreferrer noopener\" aria-label=\"seguir este enlace (opens in a new tab)\" href=\"https:\/\/doodle.com\/poll\/3a3k3rmaz8bdqxs8\" target=\"_blank\">seguir este enlace<\/a> y elegir el horario disponible. El plazo de solicitud finaliza el 21\/01\/2019. Para m\u00e1s informaci\u00f3n contactar con el CEP de Ronda -952193301- (Antonio Montes o Mar\u00eda Jos\u00e9 M\u00e1rquez).<\/p>\n\n\n\n<figure class=\"wp-block-image\"><a href=\"https:\/\/doodle.com\/poll\/3a3k3rmaz8bdqxs8\"><img loading=\"lazy\" decoding=\"async\" width=\"1589\" height=\"2048\" src=\"https:\/\/i2.wp.com\/cepronda.com\/blog\/wp-content\/uploads\/2019\/01\/expo20ba.jpg?fit=795%2C1024\" alt=\"\" class=\"wp-image-2589\" srcset=\"https:\/\/i0.wp.com\/cepronda.com\/blog\/wp-content\/uploads\/2019\/01\/expo20ba.jpg?w=1589&amp;ssl=1 1589w, https:\/\/i0.wp.com\/cepronda.com\/blog\/wp-content\/uploads\/2019\/01\/expo20ba.jpg?resize=233%2C300&amp;ssl=1 233w, https:\/\/i0.wp.com\/cepronda.com\/blog\/wp-content\/uploads\/2019\/01\/expo20ba.jpg?resize=768%2C990&amp;ssl=1 768w, https:\/\/i0.wp.com\/cepronda.com\/blog\/wp-content\/uploads\/2019\/01\/expo20ba.jpg?resize=795%2C1024&amp;ssl=1 795w\" sizes=\"auto, (max-width: 1170px) 100vw, 1170px\" \/><\/a><\/figure>\n","protected":false},"excerpt":{"rendered":"<p>\u00a1Hola familia! Compartimos con todos los centros de nuestra zona esta noticia. Y es que el Bachillerato de Bellas Artes del IES Mart\u00edn Rivero ha organziado una exposici\u00f3n para celebrar el 20\u00ba Aniversario de esta modalidad organizada por el IES Mart\u00edn Rivero. Las visitas ser\u00e1n guiadas, dirigidas al alumnado de Educaci\u00f3n secundaria. S\u00f3lo se puede [&hellip;]<\/p>\n","protected":false},"author":3,"featured_media":2589,"comment_status":"open","ping_status":"open","sticky":false,"template":"","format":"standard","meta":{"_crdt_document":"","advanced_seo_description":"","jetpack_seo_html_title":"","jetpack_seo_noindex":false,"jetpack_post_was_ever_published":false,"_jetpack_newsletter_access":"","_jetpack_dont_email_post_to_subs":false,"_jetpack_newsletter_tier_id":0,"_jetpack_memberships_contains_paywalled_content":false,"_jetpack_memberships_contains_paid_content":false,"footnotes":"","jetpack_publicize_message":"","jetpack_publicize_feature_enabled":true,"jetpack_social_post_already_shared":true,"jetpack_social_options":{"image_generator_settings":{"template":"highway","default_image_id":0,"font":"","enabled":false},"version":2}},"categories":[5],"tags":[151,62],"class_list":{"0":"post-2588","1":"post","2":"type-post","3":"status-publish","4":"format-standard","5":"has-post-thumbnail","7":"category-noticias","8":"tag-exposicion","9":"tag-secundaria","10":"czr-hentry"},"jetpack_publicize_connections":[],"jetpack_featured_media_url":"https:\/\/i0.wp.com\/cepronda.com\/blog\/wp-content\/uploads\/2019\/01\/expo20ba.jpg?fit=1589%2C2048&ssl=1","jetpack_shortlink":"https:\/\/wp.me\/p8M4X7-FK","jetpack-related-posts":[{"id":2861,"url":"https:\/\/cepronda.com\/blog\/tabla-periodica-humana-en-el-ies-martin-rivero\/","url_meta":{"origin":2588,"position":0},"title":"Tabla peri\u00f3dica humana en el IES Mart\u00edn Rivero","author":"V\u00edctor Caballero","date":"31 mayo, 2019","format":false,"excerpt":"Muy buenas familia, Como bien sab\u00e9is, Naciones Unidas ha proclamado 2019 como el a\u00f1o internacional de la tabla peri\u00f3dica de los elementos qu\u00edmicos, que coincide con el 150 aniversario del descubrimiento del Sistema peri\u00f3dico por Dmitry Mendel\u00e9iev. En este sentido sabemos que muchos de vuestros centros est\u00e1is realizando diferentes actividades\u2026","rel":"","context":"En \u00abNoticias\u00bb","block_context":{"text":"Noticias","link":"https:\/\/cepronda.com\/blog\/category\/noticias\/"},"img":{"alt_text":"","src":"https:\/\/i0.wp.com\/cepronda.com\/blog\/wp-content\/uploads\/2019\/05\/tabla-peri%C3%B3dica-Mart%C3%ADn-Rivero.jpeg?fit=1200%2C800&ssl=1&resize=350%2C200","width":350,"height":200,"srcset":"https:\/\/i0.wp.com\/cepronda.com\/blog\/wp-content\/uploads\/2019\/05\/tabla-peri%C3%B3dica-Mart%C3%ADn-Rivero.jpeg?fit=1200%2C800&ssl=1&resize=350%2C200 1x, https:\/\/i0.wp.com\/cepronda.com\/blog\/wp-content\/uploads\/2019\/05\/tabla-peri%C3%B3dica-Mart%C3%ADn-Rivero.jpeg?fit=1200%2C800&ssl=1&resize=525%2C300 1.5x, https:\/\/i0.wp.com\/cepronda.com\/blog\/wp-content\/uploads\/2019\/05\/tabla-peri%C3%B3dica-Mart%C3%ADn-Rivero.jpeg?fit=1200%2C800&ssl=1&resize=700%2C400 2x, https:\/\/i0.wp.com\/cepronda.com\/blog\/wp-content\/uploads\/2019\/05\/tabla-peri%C3%B3dica-Mart%C3%ADn-Rivero.jpeg?fit=1200%2C800&ssl=1&resize=1050%2C600 3x"},"classes":[]},{"id":1774,"url":"https:\/\/cepronda.com\/blog\/reconocimiento-y-premio-para-el-ies-martin-rivero\/","url_meta":{"origin":2588,"position":1},"title":"Reconocimiento y premio para el IES Mart\u00edn Rivero","author":"V\u00edctor Caballero","date":"7 mayo, 2018","format":false,"excerpt":"\u00a1Hola! Comenzamos la semana compartiendo y celebrando el premio que han recibido el alumnado y el profesorado del IES Mart\u00edn Rivero este fin de semana pasado en el marco de la Feria de las Ciencias de Sevilla. Desde el Centro de Profesorado nos sumamos a las felicitaciones y reconocimiento del\u2026","rel":"","context":"En \u00abNoticias\u00bb","block_context":{"text":"Noticias","link":"https:\/\/cepronda.com\/blog\/category\/noticias\/"},"img":{"alt_text":"","src":"https:\/\/i0.wp.com\/cepronda.com\/blog\/wp-content\/uploads\/2018\/05\/Foto-de-Helena-Gonzalez-9.jpg?fit=1200%2C900&ssl=1&resize=350%2C200","width":350,"height":200,"srcset":"https:\/\/i0.wp.com\/cepronda.com\/blog\/wp-content\/uploads\/2018\/05\/Foto-de-Helena-Gonzalez-9.jpg?fit=1200%2C900&ssl=1&resize=350%2C200 1x, https:\/\/i0.wp.com\/cepronda.com\/blog\/wp-content\/uploads\/2018\/05\/Foto-de-Helena-Gonzalez-9.jpg?fit=1200%2C900&ssl=1&resize=525%2C300 1.5x, https:\/\/i0.wp.com\/cepronda.com\/blog\/wp-content\/uploads\/2018\/05\/Foto-de-Helena-Gonzalez-9.jpg?fit=1200%2C900&ssl=1&resize=700%2C400 2x, https:\/\/i0.wp.com\/cepronda.com\/blog\/wp-content\/uploads\/2018\/05\/Foto-de-Helena-Gonzalez-9.jpg?fit=1200%2C900&ssl=1&resize=1050%2C600 3x"},"classes":[]},{"id":6001,"url":"https:\/\/cepronda.com\/blog\/el-ies-gran-capitan-de-cordoba-y-martin-rivero-de-ronda-logran-el-primer-premio-ciccartuja-futuros-investigadores\/","url_meta":{"origin":2588,"position":2},"title":"El IES Gran Capit\u00e1n de C\u00f3rdoba y Mart\u00edn Rivero de Ronda, logran el primer Premio CicCartuja \u201cfuturos investigadores\u201d","author":"Inmaculada Garc\u00eda","date":"17 mayo, 2023","format":false,"excerpt":"Desde el CEP de Ronda queremos dar la enhorabuena al alumnado y al profesorado del I.E.S. MArt\u00edn Rivero (Ronda) por su premio. \u201cDocumentales y Youtube: En busca de ideas para nuevas investigaciones\u201d es el t\u00edtulo del trabajo realizado de manera simult\u00e1nea durante este curso escolar en los IES Gran Capit\u00e1n\u2026","rel":"","context":"En \u00abNoticias\u00bb","block_context":{"text":"Noticias","link":"https:\/\/cepronda.com\/blog\/category\/noticias\/"},"img":{"alt_text":"","src":"https:\/\/i0.wp.com\/cepronda.com\/blog\/wp-content\/uploads\/2023\/05\/Entrega-premio-total.jpg?fit=853%2C841&ssl=1&resize=350%2C200","width":350,"height":200,"srcset":"https:\/\/i0.wp.com\/cepronda.com\/blog\/wp-content\/uploads\/2023\/05\/Entrega-premio-total.jpg?fit=853%2C841&ssl=1&resize=350%2C200 1x, https:\/\/i0.wp.com\/cepronda.com\/blog\/wp-content\/uploads\/2023\/05\/Entrega-premio-total.jpg?fit=853%2C841&ssl=1&resize=525%2C300 1.5x, https:\/\/i0.wp.com\/cepronda.com\/blog\/wp-content\/uploads\/2023\/05\/Entrega-premio-total.jpg?fit=853%2C841&ssl=1&resize=700%2C400 2x"},"classes":[]},{"id":826,"url":"https:\/\/cepronda.com\/blog\/premio-al-ies-martin-rivero-de-la-fundacion-atresmedia\/","url_meta":{"origin":2588,"position":3},"title":"Premio al IES Mart\u00edn Rivero de la Fundaci\u00f3n AtresMedia","author":"V\u00edctor Caballero","date":"15 mayo, 2017","format":false,"excerpt":"\u00a1\u00a1\u00a1Muy buenas!!! Abrir el Twitter y encontrarte con noticias como esta no tiene precio... Una de las categor\u00edas era \"Grandes iniciativas que cambian el aula\" y ah\u00ed es donde el departamento I+D+I del Ies MArt\u00edn Rivero ha sido galardonado. \"Esta propuesta del IES Mart\u00edn Rivero de Ronda (M\u00e1laga) est\u00e1 dirigida\u2026","rel":"","context":"En \u00abNoticias\u00bb","block_context":{"text":"Noticias","link":"https:\/\/cepronda.com\/blog\/category\/noticias\/"},"img":{"alt_text":"","src":"https:\/\/i0.wp.com\/cepronda.com\/blog\/wp-content\/uploads\/2017\/05\/Atresmedia.svg-e1495712753768.png?fit=500%2C215&ssl=1&resize=350%2C200","width":350,"height":200},"classes":[]},{"id":3057,"url":"https:\/\/cepronda.com\/blog\/premiados-en-el-ies-martin-rivero\/","url_meta":{"origin":2588,"position":4},"title":"Premiados en el IES Mart\u00edn Rivero","author":"V\u00edctor Caballero","date":"27 septiembre, 2019","format":false,"excerpt":"Muy buenas, nos llegan dos magn\u00edficas noticias de premiados en el IES Mart\u00edn Rivero en distintos premios y cert\u00e1menes. Os dejamos con los enlaces a las noticias, y desde el CEP damos la enhorabuena al alumnado premiado. Fad y BBVA fallan los proyectos educativos ganadores del Premio a la Acci\u00f3n\u2026","rel":"","context":"En \u00abNoticias\u00bb","block_context":{"text":"Noticias","link":"https:\/\/cepronda.com\/blog\/category\/noticias\/"},"img":{"alt_text":"","src":"","width":0,"height":0},"classes":[]},{"id":1277,"url":"https:\/\/cepronda.com\/blog\/presencia-del-ies-martin-rivero-en-el-congreso-del-bienestar\/","url_meta":{"origin":2588,"position":5},"title":"Presencia del IES Mart\u00edn Rivero en el Congreso del Bienestar","author":"V\u00edctor Caballero","date":"21 septiembre, 2017","format":false,"excerpt":"\u00a1Hola! Quer\u00edamos compartir con todos y todas vosotras la participaci\u00f3n de parte del alumnado del IES Mart\u00edn Rivero en el prestigioso Congreso del Bienestar que organiza la Cadena SER. Dentro de la agenda de este congreso ma\u00f1ana viernes en la Plaza de las Tendillas el alumnado llevar\u00e1 a cabo una\u2026","rel":"","context":"En \u00abNoticias\u00bb","block_context":{"text":"Noticias","link":"https:\/\/cepronda.com\/blog\/category\/noticias\/"},"img":{"alt_text":"","src":"https:\/\/i0.wp.com\/cepronda.com\/blog\/wp-content\/uploads\/2017\/09\/IMG-20170920-WA0001.jpg?fit=852%2C1200&ssl=1&resize=350%2C200","width":350,"height":200,"srcset":"https:\/\/i0.wp.com\/cepronda.com\/blog\/wp-content\/uploads\/2017\/09\/IMG-20170920-WA0001.jpg?fit=852%2C1200&ssl=1&resize=350%2C200 1x, https:\/\/i0.wp.com\/cepronda.com\/blog\/wp-content\/uploads\/2017\/09\/IMG-20170920-WA0001.jpg?fit=852%2C1200&ssl=1&resize=525%2C300 1.5x, https:\/\/i0.wp.com\/cepronda.com\/blog\/wp-content\/uploads\/2017\/09\/IMG-20170920-WA0001.jpg?fit=852%2C1200&ssl=1&resize=700%2C400 2x"},"classes":[]}],"jetpack_sharing_enabled":true,"_links":{"self":[{"href":"https:\/\/cepronda.com\/blog\/wp-json\/wp\/v2\/posts\/2588","targetHints":{"allow":["GET"]}}],"collection":[{"href":"https:\/\/cepronda.com\/blog\/wp-json\/wp\/v2\/posts"}],"about":[{"href":"https:\/\/cepronda.com\/blog\/wp-json\/wp\/v2\/types\/post"}],"author":[{"embeddable":true,"href":"https:\/\/cepronda.com\/blog\/wp-json\/wp\/v2\/users\/3"}],"replies":[{"embeddable":true,"href":"https:\/\/cepronda.com\/blog\/wp-json\/wp\/v2\/comments?post=2588"}],"version-history":[{"count":1,"href":"https:\/\/cepronda.com\/blog\/wp-json\/wp\/v2\/posts\/2588\/revisions"}],"predecessor-version":[{"id":2590,"href":"https:\/\/cepronda.com\/blog\/wp-json\/wp\/v2\/posts\/2588\/revisions\/2590"}],"wp:featuredmedia":[{"embeddable":true,"href":"https:\/\/cepronda.com\/blog\/wp-json\/wp\/v2\/media\/2589"}],"wp:attachment":[{"href":"https:\/\/cepronda.com\/blog\/wp-json\/wp\/v2\/media?parent=2588"}],"wp:term":[{"taxonomy":"category","embeddable":true,"href":"https:\/\/cepronda.com\/blog\/wp-json\/wp\/v2\/categories?post=2588"},{"taxonomy":"post_tag","embeddable":true,"href":"https:\/\/cepronda.com\/blog\/wp-json\/wp\/v2\/tags?post=2588"}],"curies":[{"name":"wp","href":"https:\/\/api.w.org\/{rel}","templated":true}]}}