{"id":2585,"date":"2019-01-15T13:23:38","date_gmt":"2019-01-15T12:23:38","guid":{"rendered":"http:\/\/cepronda.com\/blog\/?p=2585"},"modified":"2019-01-15T13:23:48","modified_gmt":"2019-01-15T12:23:48","slug":"lengua-de-signos-para-centros-educativos","status":"publish","type":"post","link":"https:\/\/cepronda.com\/blog\/lengua-de-signos-para-centros-educativos\/","title":{"rendered":"LENGUA DE SIGNOS PARA CENTROS EDUCATIVOS"},"content":{"rendered":"\n<p class=\"wp-block-paragraph\">Hola de nuevo,<\/p>\n\n\n\n<p class=\"wp-block-paragraph\">Os informamos que para el pr\u00f3ximo mes de marzo est\u00e1 prevista la realizaci\u00f3n de esta actividad dirigida a todo el profesorado interesado en la Lengua de Signos Espa\u00f1ola.  <\/p>\n\n\n\n<p class=\"wp-block-paragraph\"><br>Se trata de un curso eminentemente pr\u00e1ctico con una duraci\u00f3n de 9 horas presenciales llev\u00e1ndose a cabo en 3 sesiones, de 3 horas cada una. Cada sesi\u00f3n finalizar\u00e1 con la visualizaci\u00f3n de un v\u00eddeo o alguna actividad pr\u00e1ctica concluyendo sobre los contenidos trabajados y en otras ocasiones sobre materiales ya elaborados para el conocimiento de la existencia de los mismos, as\u00ed como de las caracter\u00edsticas de la Comunidad Sorda y su cultura. <\/p>\n\n\n\n<p class=\"wp-block-paragraph\">Para informaros sobre los detalles de la actividad s\u00f3lo ten\u00e9is que <a href=\"https:\/\/www.juntadeandalucia.es\/educacion\/secretariavirtual\/consultaCEP\/actividad\/192924FC022\/\" target=\"_blank\" rel=\"noreferrer noopener\" aria-label=\"seguir este enlace. (opens in a new tab)\">seguir este enlace.<\/a> <\/p>\n\n\n\n<figure class=\"wp-block-image is-resized\"><a href=\"https:\/\/www.juntadeandalucia.es\/educacion\/secretariavirtual\/consultaCEP\/actividad\/192924FC022\/\" target=\"_blank\" rel=\"noreferrer noopener\"><img loading=\"lazy\" decoding=\"async\" src=\"https:\/\/i1.wp.com\/cepronda.com\/blog\/wp-content\/uploads\/2019\/01\/interpreter-41437_1280.png?fit=901%2C1024\" alt=\"\" class=\"wp-image-2586\" width=\"451\" height=\"512\" srcset=\"https:\/\/i0.wp.com\/cepronda.com\/blog\/wp-content\/uploads\/2019\/01\/interpreter-41437_1280.png?w=1126&amp;ssl=1 1126w, https:\/\/i0.wp.com\/cepronda.com\/blog\/wp-content\/uploads\/2019\/01\/interpreter-41437_1280.png?resize=264%2C300&amp;ssl=1 264w, https:\/\/i0.wp.com\/cepronda.com\/blog\/wp-content\/uploads\/2019\/01\/interpreter-41437_1280.png?resize=768%2C873&amp;ssl=1 768w, https:\/\/i0.wp.com\/cepronda.com\/blog\/wp-content\/uploads\/2019\/01\/interpreter-41437_1280.png?resize=901%2C1024&amp;ssl=1 901w\" sizes=\"auto, (max-width: 451px) 100vw, 451px\" \/><\/a><\/figure>\n","protected":false},"excerpt":{"rendered":"<p>Hola de nuevo, Os informamos que para el pr\u00f3ximo mes de marzo est\u00e1 prevista la realizaci\u00f3n de esta actividad dirigida a todo el profesorado interesado en la Lengua de Signos Espa\u00f1ola. Se trata de un curso eminentemente pr\u00e1ctico con una duraci\u00f3n de 9 horas presenciales llev\u00e1ndose a cabo en 3 sesiones, de 3 horas cada [&hellip;]<\/p>\n","protected":false},"author":3,"featured_media":2586,"comment_status":"open","ping_status":"open","sticky":false,"template":"","format":"standard","meta":{"_crdt_document":"","advanced_seo_description":"","jetpack_seo_html_title":"","jetpack_seo_noindex":false,"jetpack_post_was_ever_published":false,"_jetpack_newsletter_access":"","_jetpack_dont_email_post_to_subs":false,"_jetpack_newsletter_tier_id":0,"_jetpack_memberships_contains_paywalled_content":false,"_jetpack_memberships_contains_paid_content":false,"footnotes":"","jetpack_publicize_message":"","jetpack_publicize_feature_enabled":true,"jetpack_social_post_already_shared":true,"jetpack_social_options":{"image_generator_settings":{"template":"highway","default_image_id":0,"font":"","enabled":false},"version":2}},"categories":[3],"tags":[45],"class_list":{"0":"post-2585","1":"post","2":"type-post","3":"status-publish","4":"format-standard","5":"has-post-thumbnail","7":"category-formaciones","8":"tag-lengua-de-signos","9":"czr-hentry"},"jetpack_publicize_connections":[],"jetpack_featured_media_url":"https:\/\/i0.wp.com\/cepronda.com\/blog\/wp-content\/uploads\/2019\/01\/interpreter-41437_1280.png?fit=1126%2C1280&ssl=1","jetpack_shortlink":"https:\/\/wp.me\/p8M4X7-FH","jetpack-related-posts":[{"id":9501,"url":"https:\/\/cepronda.com\/blog\/formacion-en-lengua-de-signos-con-inteligencia-artificial\/","url_meta":{"origin":2585,"position":0},"title":"FORMACI\u00d3N EN LENGUA DE SIGNOS CON INTELIGENCIA ARTIFICIAL","author":"Inmaculada Garc\u00eda","date":"10 abril, 2026","format":false,"excerpt":"Abierto el plazo de inscripci\u00f3n al curso a distancia: FORMACI\u00d3N EN LENGUA DE SIGNOS CON INTELIGENCIA ARTIFICIAL, con c\u00f3digo: 269911EX001. \u00a0 \ud83c\udf0d \u00c1mbito: Regional. \ud83d\udcbb Modalidad a Distancia. Duraci\u00f3n: 60 horas: 2 Presenciales ( Videoconferencia) y 58 No presenciales. N\u00ba de plazas: 500. \ud83d\udcccLugar de realizaci\u00f3n: Plataforma Eldes. \u00a0 \ud83d\uddd3\ufe0f\u2026","rel":"","context":"En \u00abFormaciones\u00bb","block_context":{"text":"Formaciones","link":"https:\/\/cepronda.com\/blog\/category\/formaciones\/"},"img":{"alt_text":"","src":"https:\/\/i0.wp.com\/cepronda.com\/blog\/wp-content\/uploads\/2026\/04\/Modelo-Plantilla-publicaciones-2.jpg?fit=960%2C1200&ssl=1&resize=350%2C200","width":350,"height":200,"srcset":"https:\/\/i0.wp.com\/cepronda.com\/blog\/wp-content\/uploads\/2026\/04\/Modelo-Plantilla-publicaciones-2.jpg?fit=960%2C1200&ssl=1&resize=350%2C200 1x, https:\/\/i0.wp.com\/cepronda.com\/blog\/wp-content\/uploads\/2026\/04\/Modelo-Plantilla-publicaciones-2.jpg?fit=960%2C1200&ssl=1&resize=525%2C300 1.5x, https:\/\/i0.wp.com\/cepronda.com\/blog\/wp-content\/uploads\/2026\/04\/Modelo-Plantilla-publicaciones-2.jpg?fit=960%2C1200&ssl=1&resize=700%2C400 2x"},"classes":[]},{"id":432,"url":"https:\/\/cepronda.com\/blog\/curso-basico-de-lengua-de-signos-espanola\/","url_meta":{"origin":2585,"position":1},"title":"Curso b\u00e1sico de Lengua de Signos Espa\u00f1ola","author":"V\u00edctor Caballero","date":"12 diciembre, 2016","format":false,"excerpt":"Hola a todo el mundo, Antes de que lleguen las fiestas queremos comentaros que a la vuelta de las vacaciones, en enero, tenemos ya preparados algunos cursos que seguro que os interesan. Uno de ellos es el Curso de Lengua de Signos Espa\u00f1ola, que se va a llevar a cabo\u2026","rel":"","context":"En \u00abFormaciones\u00bb","block_context":{"text":"Formaciones","link":"https:\/\/cepronda.com\/blog\/category\/formaciones\/"},"img":{"alt_text":"lse","src":"https:\/\/i0.wp.com\/cepronda.com\/blog\/wp-content\/uploads\/2016\/12\/lse.jpg?resize=350%2C200","width":350,"height":200},"classes":[]},{"id":7838,"url":"https:\/\/cepronda.com\/blog\/conoce-herramientas-digitales-aplicadas-al-area-de-lengua-y-literatura\/","url_meta":{"origin":2585,"position":2},"title":"CONOCE HERRAMIENTAS DIGITALES APLICADAS AL \u00c1REA DE LENGUA Y LITERATURA","author":"Mamen Moreno","date":"6 noviembre, 2024","format":false,"excerpt":"Abierto plazo de solicitudes del curso: CONOCE HERRAMIENTAS DIGITALES APLICADAS AL \u00c1REA DE LENGUA Y LITERATURA. C\u00f3digo: 259902KPF539 Destinado a docentes del \u00e1rea de lengua que imparten docencia en centros financiados con fondos p\u00fablicos. \u00c1mbito: Regional N\u00ba de horas: 50 horas AVFP. N\u00ba Plazas: 200 Fechas Realizaci\u00f3n del 18\/11\/2024 al\u2026","rel":"","context":"En \u00abFormaciones\u00bb","block_context":{"text":"Formaciones","link":"https:\/\/cepronda.com\/blog\/category\/formaciones\/"},"img":{"alt_text":"","src":"https:\/\/i0.wp.com\/cepronda.com\/blog\/wp-content\/uploads\/2024\/11\/1.png?fit=1080%2C1080&ssl=1&resize=350%2C200","width":350,"height":200,"srcset":"https:\/\/i0.wp.com\/cepronda.com\/blog\/wp-content\/uploads\/2024\/11\/1.png?fit=1080%2C1080&ssl=1&resize=350%2C200 1x, https:\/\/i0.wp.com\/cepronda.com\/blog\/wp-content\/uploads\/2024\/11\/1.png?fit=1080%2C1080&ssl=1&resize=525%2C300 1.5x, https:\/\/i0.wp.com\/cepronda.com\/blog\/wp-content\/uploads\/2024\/11\/1.png?fit=1080%2C1080&ssl=1&resize=700%2C400 2x, https:\/\/i0.wp.com\/cepronda.com\/blog\/wp-content\/uploads\/2024\/11\/1.png?fit=1080%2C1080&ssl=1&resize=1050%2C600 3x"},"classes":[]},{"id":7432,"url":"https:\/\/cepronda.com\/blog\/metodologias-innovadoras-en-la-clase-de-idiomas\/","url_meta":{"origin":2585,"position":3},"title":"METODOLOG\u00cdAS INNOVADORAS EN LA CLASE DE IDIOMAS.","author":"Maribel Mu\u00f1oz","date":"5 febrero, 2024","format":false,"excerpt":"Os informamos que se encuentra abierta la inscripci\u00f3n en el curso METODOLOG\u00cdAS INNOVADORAS EN LA CLASE DE IDIOMAS.\u00a0con c\u00f3digo\u00a0242924GE019, organizado por el CEP de Ronda: Inscripciones:\u00a0 05\/02\/2024 al 04\/03\/2024 Fecha actividad: 7 de marzo hasta el 22 de marzo de 2024. Fechas de las sesiones presenciales :\u00a0 7, 14 y\u2026","rel":"","context":"En \u00abFormaciones\u00bb","block_context":{"text":"Formaciones","link":"https:\/\/cepronda.com\/blog\/category\/formaciones\/"},"img":{"alt_text":"","src":"https:\/\/i0.wp.com\/cepronda.com\/blog\/wp-content\/uploads\/2024\/02\/Metodologias-Innovadoras-en-la-clase-de-Idiomas-codigo-242924GE019-2.png?fit=1080%2C1080&ssl=1&resize=350%2C200","width":350,"height":200,"srcset":"https:\/\/i0.wp.com\/cepronda.com\/blog\/wp-content\/uploads\/2024\/02\/Metodologias-Innovadoras-en-la-clase-de-Idiomas-codigo-242924GE019-2.png?fit=1080%2C1080&ssl=1&resize=350%2C200 1x, https:\/\/i0.wp.com\/cepronda.com\/blog\/wp-content\/uploads\/2024\/02\/Metodologias-Innovadoras-en-la-clase-de-Idiomas-codigo-242924GE019-2.png?fit=1080%2C1080&ssl=1&resize=525%2C300 1.5x, https:\/\/i0.wp.com\/cepronda.com\/blog\/wp-content\/uploads\/2024\/02\/Metodologias-Innovadoras-en-la-clase-de-Idiomas-codigo-242924GE019-2.png?fit=1080%2C1080&ssl=1&resize=700%2C400 2x, https:\/\/i0.wp.com\/cepronda.com\/blog\/wp-content\/uploads\/2024\/02\/Metodologias-Innovadoras-en-la-clase-de-Idiomas-codigo-242924GE019-2.png?fit=1080%2C1080&ssl=1&resize=1050%2C600 3x"},"classes":[]},{"id":4297,"url":"https:\/\/cepronda.com\/blog\/estrategias-de-evaluacion-en-frances-lengua-extranjera-primaria\/","url_meta":{"origin":2585,"position":4},"title":"ESTRATEGIAS DE EVALUACI\u00d3N EN FRANC\u00c9S LENGUA EXTRANJERA (PRIMARIA)","author":"Maribel Mu\u00f1oz","date":"12 marzo, 2021","format":false,"excerpt":"Buenas tardes compa\u00f1eras y compa\u00f1eros, Os informamos que est\u00e1 abierto el plazo de inscripci\u00f3n de la formaci\u00f3n ESTRATEGIAS DE EVALUACI\u00d3N EN FRANC\u00c9S LENGUA EXTRANJERA (PRIMARIA) PROVINCIAL\u00a0 212924GE031,\u00a0\u00a0 que comenzar\u00e1 a desarrollarse el pr\u00f3ximo\u00a0 06\/04\/2021. Adjuntamos enlace : https:\/\/www.juntadeandalucia.es\/educacion\/secretariavirtual\/consultaCEP\/actividad\/212924GE031\/ El plazo de inscripci\u00f3n finaliza el pr\u00f3ximo 04\/04\/2021 a las 23:59. Te\u2026","rel":"","context":"En \u00abNoticias\u00bb","block_context":{"text":"Noticias","link":"https:\/\/cepronda.com\/blog\/category\/noticias\/"},"img":{"alt_text":"","src":"https:\/\/i0.wp.com\/cepronda.com\/blog\/wp-content\/uploads\/2021\/03\/WhatsApp-Image-2021-03-12-at-13.07.43.jpeg?fit=848%2C1200&ssl=1&resize=350%2C200","width":350,"height":200,"srcset":"https:\/\/i0.wp.com\/cepronda.com\/blog\/wp-content\/uploads\/2021\/03\/WhatsApp-Image-2021-03-12-at-13.07.43.jpeg?fit=848%2C1200&ssl=1&resize=350%2C200 1x, https:\/\/i0.wp.com\/cepronda.com\/blog\/wp-content\/uploads\/2021\/03\/WhatsApp-Image-2021-03-12-at-13.07.43.jpeg?fit=848%2C1200&ssl=1&resize=525%2C300 1.5x, https:\/\/i0.wp.com\/cepronda.com\/blog\/wp-content\/uploads\/2021\/03\/WhatsApp-Image-2021-03-12-at-13.07.43.jpeg?fit=848%2C1200&ssl=1&resize=700%2C400 2x"},"classes":[]},{"id":4302,"url":"https:\/\/cepronda.com\/blog\/estrategias-de-evaluacion-en-frances-lengua-extranjera-secundaria\/","url_meta":{"origin":2585,"position":5},"title":"ESTRATEGIAS DE EVALUACI\u00d3N EN FRANC\u00c9S LENGUA EXTRANJERA (SECUNDARIA)","author":"Maribel Mu\u00f1oz","date":"12 marzo, 2021","format":false,"excerpt":"Buenas tardes compa\u00f1eras y compa\u00f1eros, Os informamos que est\u00e1 abierto el plazo de inscripci\u00f3n de la formaci\u00f3n ESTRATEGIAS DE EVALUACI\u00d3N EN FRANC\u00c9S LENGUA EXTRANJERA (SECUNDARIA) PROVINCIAL\u00a0 212924GE032,\u00a0\u00a0 que comenzar\u00e1 a desarrollarse el pr\u00f3ximo\u00a0 06\/04\/2021. Adjuntamos enlace : https:\/\/www.juntadeandalucia.es\/educacion\/secretariavirtual\/consultaCEP\/actividad\/212924GE032\/ El plazo de inscripci\u00f3n finaliza el pr\u00f3ximo 04\/04\/2021 a las 23:59. Te\u2026","rel":"","context":"En \u00abFormaciones\u00bb","block_context":{"text":"Formaciones","link":"https:\/\/cepronda.com\/blog\/category\/formaciones\/"},"img":{"alt_text":"","src":"https:\/\/i0.wp.com\/cepronda.com\/blog\/wp-content\/uploads\/2021\/03\/WhatsApp-Image-2021-03-12-at-13.07.27.jpeg?fit=848%2C1200&ssl=1&resize=350%2C200","width":350,"height":200,"srcset":"https:\/\/i0.wp.com\/cepronda.com\/blog\/wp-content\/uploads\/2021\/03\/WhatsApp-Image-2021-03-12-at-13.07.27.jpeg?fit=848%2C1200&ssl=1&resize=350%2C200 1x, https:\/\/i0.wp.com\/cepronda.com\/blog\/wp-content\/uploads\/2021\/03\/WhatsApp-Image-2021-03-12-at-13.07.27.jpeg?fit=848%2C1200&ssl=1&resize=525%2C300 1.5x, https:\/\/i0.wp.com\/cepronda.com\/blog\/wp-content\/uploads\/2021\/03\/WhatsApp-Image-2021-03-12-at-13.07.27.jpeg?fit=848%2C1200&ssl=1&resize=700%2C400 2x"},"classes":[]}],"jetpack_sharing_enabled":true,"_links":{"self":[{"href":"https:\/\/cepronda.com\/blog\/wp-json\/wp\/v2\/posts\/2585","targetHints":{"allow":["GET"]}}],"collection":[{"href":"https:\/\/cepronda.com\/blog\/wp-json\/wp\/v2\/posts"}],"about":[{"href":"https:\/\/cepronda.com\/blog\/wp-json\/wp\/v2\/types\/post"}],"author":[{"embeddable":true,"href":"https:\/\/cepronda.com\/blog\/wp-json\/wp\/v2\/users\/3"}],"replies":[{"embeddable":true,"href":"https:\/\/cepronda.com\/blog\/wp-json\/wp\/v2\/comments?post=2585"}],"version-history":[{"count":1,"href":"https:\/\/cepronda.com\/blog\/wp-json\/wp\/v2\/posts\/2585\/revisions"}],"predecessor-version":[{"id":2587,"href":"https:\/\/cepronda.com\/blog\/wp-json\/wp\/v2\/posts\/2585\/revisions\/2587"}],"wp:featuredmedia":[{"embeddable":true,"href":"https:\/\/cepronda.com\/blog\/wp-json\/wp\/v2\/media\/2586"}],"wp:attachment":[{"href":"https:\/\/cepronda.com\/blog\/wp-json\/wp\/v2\/media?parent=2585"}],"wp:term":[{"taxonomy":"category","embeddable":true,"href":"https:\/\/cepronda.com\/blog\/wp-json\/wp\/v2\/categories?post=2585"},{"taxonomy":"post_tag","embeddable":true,"href":"https:\/\/cepronda.com\/blog\/wp-json\/wp\/v2\/tags?post=2585"}],"curies":[{"name":"wp","href":"https:\/\/api.w.org\/{rel}","templated":true}]}}