{"id":2581,"date":"2019-01-15T12:30:07","date_gmt":"2019-01-15T11:30:07","guid":{"rendered":"http:\/\/cepronda.com\/blog\/?p=2581"},"modified":"2025-04-28T12:09:10","modified_gmt":"2025-04-28T10:09:10","slug":"primeros-auxilios-y-actuacion-en-incendios-en-centros-educativos","status":"publish","type":"post","link":"https:\/\/cepronda.com\/blog\/primeros-auxilios-y-actuacion-en-incendios-en-centros-educativos\/","title":{"rendered":"PRIMEROS AUXILIOS Y ACTUACI\u00d3N EN INCENDIOS EN CENTROS EDUCATIVOS"},"content":{"rendered":"\n<p class=\"wp-block-paragraph\">\u00a1Hola!<\/p>\n\n\n\n<p class=\"wp-block-paragraph\">Sabemos que una de vuestras peticiones de formaci\u00f3n cada curso, casi siempre va relacionada con los primeros auxilios. Es por ello por lo que se ha decidido dise\u00f1ar esta actividad formativa. Para ver los detalles e inscribiros en la misma, s\u00f3lo ten\u00e9is que <a href=\"https:\/\/www.juntadeandalucia.es\/educacion\/secretariavirtual\/consultaCEP\/actividad\/192924GE021\/\" target=\"_blank\" rel=\"noreferrer noopener\" aria-label=\" (opens in a new tab)\">seguir este enlace<\/a>. <\/p>\n\n\n\n<figure class=\"wp-block-image\"><a href=\"https:\/\/www.juntadeandalucia.es\/educacion\/secretariavirtual\/consultaCEP\/actividad\/192924GE021\/\" target=\"_blank\" rel=\"noreferrer noopener\"><img loading=\"lazy\" decoding=\"async\" width=\"1920\" height=\"1278\" src=\"https:\/\/i0.wp.com\/cepronda.com\/blog\/wp-content\/uploads\/2019\/01\/first-aid-3082670_1920.jpg?fit=1024%2C682\" alt=\"\" class=\"wp-image-2582\" srcset=\"https:\/\/i0.wp.com\/cepronda.com\/blog\/wp-content\/uploads\/2019\/01\/first-aid-3082670_1920.jpg?w=1920&amp;ssl=1 1920w, https:\/\/i0.wp.com\/cepronda.com\/blog\/wp-content\/uploads\/2019\/01\/first-aid-3082670_1920.jpg?resize=300%2C200&amp;ssl=1 300w, https:\/\/i0.wp.com\/cepronda.com\/blog\/wp-content\/uploads\/2019\/01\/first-aid-3082670_1920.jpg?resize=768%2C511&amp;ssl=1 768w, https:\/\/i0.wp.com\/cepronda.com\/blog\/wp-content\/uploads\/2019\/01\/first-aid-3082670_1920.jpg?resize=1024%2C682&amp;ssl=1 1024w\" sizes=\"auto, (max-width: 1170px) 100vw, 1170px\" \/><\/a><\/figure>\n","protected":false},"excerpt":{"rendered":"<p>\u00a1Hola! Sabemos que una de vuestras peticiones de formaci\u00f3n cada curso, casi siempre va relacionada con los primeros auxilios. Es por ello por lo que se ha decidido dise\u00f1ar esta actividad formativa. Para ver los detalles e inscribiros en la misma, s\u00f3lo ten\u00e9is que seguir este enlace.<\/p>\n","protected":false},"author":3,"featured_media":0,"comment_status":"open","ping_status":"open","sticky":false,"template":"","format":"standard","meta":{"_crdt_document":"","advanced_seo_description":"","jetpack_seo_html_title":"","jetpack_seo_noindex":false,"jetpack_post_was_ever_published":false,"_jetpack_newsletter_access":"","_jetpack_dont_email_post_to_subs":false,"_jetpack_newsletter_tier_id":0,"_jetpack_memberships_contains_paywalled_content":false,"_jetpack_memberships_contains_paid_content":false,"footnotes":"","jetpack_publicize_message":"","jetpack_publicize_feature_enabled":true,"jetpack_social_post_already_shared":true,"jetpack_social_options":{"image_generator_settings":{"template":"highway","default_image_id":0,"font":"","enabled":false},"version":2}},"categories":[5],"tags":[],"class_list":{"0":"post-2581","1":"post","2":"type-post","3":"status-publish","4":"format-standard","6":"category-noticias","7":"czr-hentry"},"jetpack_publicize_connections":[],"jetpack_featured_media_url":"","jetpack_shortlink":"https:\/\/wp.me\/p8M4X7-FD","jetpack-related-posts":[{"id":8160,"url":"https:\/\/cepronda.com\/blog\/cuidando-cuerpo-y-mente-primeros-auxilios-y-bienestar-emocional-para-la-comunidad-educativa\/","url_meta":{"origin":2581,"position":0},"title":"CUIDANDO CUERPO Y MENTE: PRIMEROS AUXILIOS Y BIENESTAR EMOCIONAL PARA LA COMUNIDAD EDUCATIVA","author":"Mamen Moreno","date":"11 febrero, 2025","format":false,"excerpt":"Ya est\u00e1 abierto el plazo de inscripciones para el curso \"CUIDANDO CUERPO Y MENTE: PRIMEROS AUXILIOS Y BIENESTAR EMOCIONAL PARA LA COMUNIDAD EDUCATIVA\" C\u00f3digo 252924GE052 Fechas del curso: 6 y 18 de marzo de 2025 en horario de 16:30 a 19:30 Horas: 8 horas (6 presenciales y 2 no presenciales)\u2026","rel":"","context":"En \u00abFormaciones\u00bb","block_context":{"text":"Formaciones","link":"https:\/\/cepronda.com\/blog\/category\/formaciones\/"},"img":{"alt_text":"","src":"https:\/\/i0.wp.com\/cepronda.com\/blog\/wp-content\/uploads\/2025\/02\/cuidando-cuerpo-y-mente.-primeros-auxilios-y-bienestar-emocional-para-la-comunidad-educativa-1.png?fit=1200%2C1200&ssl=1&resize=350%2C200","width":350,"height":200,"srcset":"https:\/\/i0.wp.com\/cepronda.com\/blog\/wp-content\/uploads\/2025\/02\/cuidando-cuerpo-y-mente.-primeros-auxilios-y-bienestar-emocional-para-la-comunidad-educativa-1.png?fit=1200%2C1200&ssl=1&resize=350%2C200 1x, https:\/\/i0.wp.com\/cepronda.com\/blog\/wp-content\/uploads\/2025\/02\/cuidando-cuerpo-y-mente.-primeros-auxilios-y-bienestar-emocional-para-la-comunidad-educativa-1.png?fit=1200%2C1200&ssl=1&resize=525%2C300 1.5x, https:\/\/i0.wp.com\/cepronda.com\/blog\/wp-content\/uploads\/2025\/02\/cuidando-cuerpo-y-mente.-primeros-auxilios-y-bienestar-emocional-para-la-comunidad-educativa-1.png?fit=1200%2C1200&ssl=1&resize=700%2C400 2x, https:\/\/i0.wp.com\/cepronda.com\/blog\/wp-content\/uploads\/2025\/02\/cuidando-cuerpo-y-mente.-primeros-auxilios-y-bienestar-emocional-para-la-comunidad-educativa-1.png?fit=1200%2C1200&ssl=1&resize=1050%2C600 3x"},"classes":[]},{"id":7199,"url":"https:\/\/cepronda.com\/blog\/primeros-auxilios-y-prevencion-de-incendios-1a-edicion\/","url_meta":{"origin":2581,"position":1},"title":"PRIMEROS AUXILIOS Y PREVENCI\u00d3N DE INCENDIOS. 1\u00aa EDICI\u00d3N","author":"Mamen Moreno","date":"7 noviembre, 2023","format":false,"excerpt":"Abierto el plazo de inscripci\u00f3n para la formaci\u00f3n \u201cPRIMEROS AUXILIOS Y PREVENCI\u00d3N DE INCENDIOS. 1\u00aa EDICI\u00d3N\u201d (242924GE028) Duraci\u00f3n de la actividad 8 horas: 6 horas presenciales y 2 no presenciales. Lugar de realizaci\u00f3n: Sal\u00f3n de Actos del CEP de Ronda y Parque de bomberos. Fecha inscripci\u00f3n: 7\/11\/2023 hasta 27\/11\/2023 Fecha\u2026","rel":"","context":"En \u00abFormaciones\u00bb","block_context":{"text":"Formaciones","link":"https:\/\/cepronda.com\/blog\/category\/formaciones\/"},"img":{"alt_text":"","src":"https:\/\/i0.wp.com\/cepronda.com\/blog\/wp-content\/uploads\/2023\/11\/Copia-de-Nuevo-taller-ceramica-y-hh-codigo-242924GE020.jpg?fit=1080%2C1080&ssl=1&resize=350%2C200","width":350,"height":200,"srcset":"https:\/\/i0.wp.com\/cepronda.com\/blog\/wp-content\/uploads\/2023\/11\/Copia-de-Nuevo-taller-ceramica-y-hh-codigo-242924GE020.jpg?fit=1080%2C1080&ssl=1&resize=350%2C200 1x, https:\/\/i0.wp.com\/cepronda.com\/blog\/wp-content\/uploads\/2023\/11\/Copia-de-Nuevo-taller-ceramica-y-hh-codigo-242924GE020.jpg?fit=1080%2C1080&ssl=1&resize=525%2C300 1.5x, https:\/\/i0.wp.com\/cepronda.com\/blog\/wp-content\/uploads\/2023\/11\/Copia-de-Nuevo-taller-ceramica-y-hh-codigo-242924GE020.jpg?fit=1080%2C1080&ssl=1&resize=700%2C400 2x, https:\/\/i0.wp.com\/cepronda.com\/blog\/wp-content\/uploads\/2023\/11\/Copia-de-Nuevo-taller-ceramica-y-hh-codigo-242924GE020.jpg?fit=1080%2C1080&ssl=1&resize=1050%2C600 3x"},"classes":[]},{"id":7351,"url":"https:\/\/cepronda.com\/blog\/primeros-auxilios-y-prevencion-de-incendios-2a-edicion\/","url_meta":{"origin":2581,"position":2},"title":"PRIMEROS AUXILIOS Y PREVENCI\u00d3N DE INCENDIOS. 2\u00aa EDICI\u00d3N","author":"Mamen Moreno","date":"15 enero, 2024","format":false,"excerpt":"Os informamos que se encuentra abierto el plazo de inscripci\u00f3n para la formaci\u00f3n \u201cPRIMEROS AUXILIOS Y PREVENCI\u00d3N DE INCENDIOS. 2\u00aa EDICI\u00d3N\u201d (242924GE029) Duraci\u00f3n de la actividad\u00a08 horas: 6 horas presenciales y 2 no presenciales. Lugar de realizaci\u00f3n: Sal\u00f3n de Actos del CEP de Ronda y Parque de bomberos. Fecha inscripci\u00f3n:\u2026","rel":"","context":"En \u00abFormaciones\u00bb","block_context":{"text":"Formaciones","link":"https:\/\/cepronda.com\/blog\/category\/formaciones\/"},"img":{"alt_text":"","src":"https:\/\/i0.wp.com\/cepronda.com\/blog\/wp-content\/uploads\/2024\/01\/PRIMEROS-AXILIOS.jpg?fit=1080%2C1080&ssl=1&resize=350%2C200","width":350,"height":200,"srcset":"https:\/\/i0.wp.com\/cepronda.com\/blog\/wp-content\/uploads\/2024\/01\/PRIMEROS-AXILIOS.jpg?fit=1080%2C1080&ssl=1&resize=350%2C200 1x, https:\/\/i0.wp.com\/cepronda.com\/blog\/wp-content\/uploads\/2024\/01\/PRIMEROS-AXILIOS.jpg?fit=1080%2C1080&ssl=1&resize=525%2C300 1.5x, https:\/\/i0.wp.com\/cepronda.com\/blog\/wp-content\/uploads\/2024\/01\/PRIMEROS-AXILIOS.jpg?fit=1080%2C1080&ssl=1&resize=700%2C400 2x, https:\/\/i0.wp.com\/cepronda.com\/blog\/wp-content\/uploads\/2024\/01\/PRIMEROS-AXILIOS.jpg?fit=1080%2C1080&ssl=1&resize=1050%2C600 3x"},"classes":[]},{"id":9381,"url":"https:\/\/cepronda.com\/blog\/primeros-auxilios-y-prevencion-del-consumo-de-nicotina-en-la-comunidad-educativa\/","url_meta":{"origin":2581,"position":3},"title":"PRIMEROS AUXILIOS Y PREVENCI\u00d3N DEL CONSUMO DE NICOTINA EN LA COMUNIDAD EDUCATIVA","author":"Inmaculada Garc\u00eda","date":"18 febrero, 2026","format":false,"excerpt":"Se encuentra abierto el plazo de inscripci\u00f3n a la actividad \"PRIMEROS AUXILIOS Y PREVENCI\u00d3N DEL CONSUMO DE NICOTINA EN LA COMUNIDAD EDUCATIVA'', con c\u00f3digo: 262924GE054. \u00a0 \u00a0Inscripci\u00f3n: del 18\/02\/2026 al 06\/03\/2026. \u00a0 Fecha de la actividad: 10 y 11 de marzo de 2026. \u00a0 \u23f1 Duraci\u00f3n: 6 h presenciales +\u2026","rel":"","context":"En \u00abFormaciones\u00bb","block_context":{"text":"Formaciones","link":"https:\/\/cepronda.com\/blog\/category\/formaciones\/"},"img":{"alt_text":"","src":"https:\/\/i0.wp.com\/cepronda.com\/blog\/wp-content\/uploads\/2026\/02\/WhatsApp-Image-2026-02-18-at-09.42.13.jpeg?fit=960%2C1200&ssl=1&resize=350%2C200","width":350,"height":200,"srcset":"https:\/\/i0.wp.com\/cepronda.com\/blog\/wp-content\/uploads\/2026\/02\/WhatsApp-Image-2026-02-18-at-09.42.13.jpeg?fit=960%2C1200&ssl=1&resize=350%2C200 1x, https:\/\/i0.wp.com\/cepronda.com\/blog\/wp-content\/uploads\/2026\/02\/WhatsApp-Image-2026-02-18-at-09.42.13.jpeg?fit=960%2C1200&ssl=1&resize=525%2C300 1.5x, https:\/\/i0.wp.com\/cepronda.com\/blog\/wp-content\/uploads\/2026\/02\/WhatsApp-Image-2026-02-18-at-09.42.13.jpeg?fit=960%2C1200&ssl=1&resize=700%2C400 2x"},"classes":[]},{"id":3368,"url":"https:\/\/cepronda.com\/blog\/primeros-auxilios-en-centros-docentes\/","url_meta":{"origin":2581,"position":4},"title":"PRIMEROS AUXILIOS EN CENTROS DOCENTES","author":"V\u00edctor Caballero","date":"27 enero, 2020","format":false,"excerpt":"Muy buenas familia, Abrimos la inscripci\u00f3n para esta actividad, que sabemos que ser\u00e1 de vuestro inter\u00e9s. Con el curso se persigue integrar los conocimientos te\u00f3ricos y metodol\u00f3gicos adecuados sobre los primeros auxilios, para resolver cualquier situaci\u00f3n inesperada en el \u00e1mbito escolar, as\u00ed como en nuestra vida diaria, adem\u00e1s de adquirir\u2026","rel":"","context":"En \u00abFormaciones\u00bb","block_context":{"text":"Formaciones","link":"https:\/\/cepronda.com\/blog\/category\/formaciones\/"},"img":{"alt_text":"","src":"https:\/\/i0.wp.com\/cepronda.com\/blog\/wp-content\/uploads\/2018\/02\/first-aid-1040283_640.png?fit=639%2C640&ssl=1&resize=350%2C200","width":350,"height":200,"srcset":"https:\/\/i0.wp.com\/cepronda.com\/blog\/wp-content\/uploads\/2018\/02\/first-aid-1040283_640.png?fit=639%2C640&ssl=1&resize=350%2C200 1x, https:\/\/i0.wp.com\/cepronda.com\/blog\/wp-content\/uploads\/2018\/02\/first-aid-1040283_640.png?fit=639%2C640&ssl=1&resize=525%2C300 1.5x"},"classes":[]},{"id":5543,"url":"https:\/\/cepronda.com\/blog\/5543-2\/","url_meta":{"origin":2581,"position":5},"title":"PRIMEROS AUXILIOS Y PREVENCI\u00d3N DE INCENDIOS. AUTOPROTECCI\u00d3N EN CENTROS.","author":"Mamen Moreno","date":"31 octubre, 2022","format":false,"excerpt":"Os informamos que est\u00e1 abierto el plazo de inscripci\u00f3n en el curso\u00a0Primeros auxilios y Prevenci\u00f3n de incendios. Autoprotecci\u00f3n en centros con c\u00f3digo 232924GE027. Fechas de inscripci\u00f3n : 31\/10\/2022 hasta el 4\/11\/2022. Fecha de inicio: 07\/11\/2022 Fecha finalizaci\u00f3n: 28\/11\/2022 Horas: 10 horas (9 hora presenciales y 1 hora no presencial) Lugar\u2026","rel":"","context":"En \u00abFormaciones\u00bb","block_context":{"text":"Formaciones","link":"https:\/\/cepronda.com\/blog\/category\/formaciones\/"},"img":{"alt_text":"","src":"https:\/\/i0.wp.com\/cepronda.com\/blog\/wp-content\/uploads\/2022\/10\/803ccdc3-6c7f-47bf-a726-059afc0ee7f2.jpg?fit=848%2C1200&ssl=1&resize=350%2C200","width":350,"height":200,"srcset":"https:\/\/i0.wp.com\/cepronda.com\/blog\/wp-content\/uploads\/2022\/10\/803ccdc3-6c7f-47bf-a726-059afc0ee7f2.jpg?fit=848%2C1200&ssl=1&resize=350%2C200 1x, https:\/\/i0.wp.com\/cepronda.com\/blog\/wp-content\/uploads\/2022\/10\/803ccdc3-6c7f-47bf-a726-059afc0ee7f2.jpg?fit=848%2C1200&ssl=1&resize=525%2C300 1.5x, https:\/\/i0.wp.com\/cepronda.com\/blog\/wp-content\/uploads\/2022\/10\/803ccdc3-6c7f-47bf-a726-059afc0ee7f2.jpg?fit=848%2C1200&ssl=1&resize=700%2C400 2x"},"classes":[]}],"jetpack_sharing_enabled":true,"_links":{"self":[{"href":"https:\/\/cepronda.com\/blog\/wp-json\/wp\/v2\/posts\/2581","targetHints":{"allow":["GET"]}}],"collection":[{"href":"https:\/\/cepronda.com\/blog\/wp-json\/wp\/v2\/posts"}],"about":[{"href":"https:\/\/cepronda.com\/blog\/wp-json\/wp\/v2\/types\/post"}],"author":[{"embeddable":true,"href":"https:\/\/cepronda.com\/blog\/wp-json\/wp\/v2\/users\/3"}],"replies":[{"embeddable":true,"href":"https:\/\/cepronda.com\/blog\/wp-json\/wp\/v2\/comments?post=2581"}],"version-history":[{"count":1,"href":"https:\/\/cepronda.com\/blog\/wp-json\/wp\/v2\/posts\/2581\/revisions"}],"predecessor-version":[{"id":2583,"href":"https:\/\/cepronda.com\/blog\/wp-json\/wp\/v2\/posts\/2581\/revisions\/2583"}],"wp:attachment":[{"href":"https:\/\/cepronda.com\/blog\/wp-json\/wp\/v2\/media?parent=2581"}],"wp:term":[{"taxonomy":"category","embeddable":true,"href":"https:\/\/cepronda.com\/blog\/wp-json\/wp\/v2\/categories?post=2581"},{"taxonomy":"post_tag","embeddable":true,"href":"https:\/\/cepronda.com\/blog\/wp-json\/wp\/v2\/tags?post=2581"}],"curies":[{"name":"wp","href":"https:\/\/api.w.org\/{rel}","templated":true}]}}