{"id":2572,"date":"2019-01-11T10:34:12","date_gmt":"2019-01-11T09:34:12","guid":{"rendered":"http:\/\/cepronda.com\/blog\/?p=2572"},"modified":"2025-04-28T11:58:59","modified_gmt":"2025-04-28T09:58:59","slug":"abierto-el-plazo-de-solicitud-de-apoyo-aprobacion-y-reconocimiento-al-profesorado-para-la-realizacion-de-proyectos-de-investigacion-e-innovacion-educativa-y-elaboracion-de-materiales-curriculares-2","status":"publish","type":"post","link":"https:\/\/cepronda.com\/blog\/abierto-el-plazo-de-solicitud-de-apoyo-aprobacion-y-reconocimiento-al-profesorado-para-la-realizacion-de-proyectos-de-investigacion-e-innovacion-educativa-y-elaboracion-de-materiales-curriculares-2\/","title":{"rendered":"Abierto el plazo de solicitud de apoyo, aprobaci\u00f3n y reconocimiento al profesorado para la realizaci\u00f3n de proyectos de investigaci\u00f3n e innovaci\u00f3n educativa y elaboraci\u00f3n de materiales curriculares."},"content":{"rendered":"\n<p class=\"wp-block-paragraph\">Muy buenas familia, queremos animaros a participar en esta convocatoria de proyectos de investigaci\u00f3n e innovaci\u00f3n educativa y elaboraci\u00f3n de materiales curriculares. Para ello os copiamos la informaci\u00f3n aparecida en Averroes, junto con los enlaces correspondientes. <\/p>\n\n\n\n<p class=\"wp-block-paragraph\">La Consejer\u00eda de Educaci\u00f3n de la Junta de Andaluc\u00eda ha puesto en marcha una nueva convocatoria destinada al profesorado de los centros docentes p\u00fablicos dependientes de esta Consejer\u00eda, para el desarrollo de proyectos de investigaci\u00f3n e innovaci\u00f3n educativa y la elaboraci\u00f3n de materiales curriculares y recursos did\u00e1cticos de diferentes \u00e1mbitos.<\/p>\n\n\n\n<p class=\"wp-block-paragraph\">El profesorado que participe en la convocatoria podr\u00e1 contar para el desarrollo de sus proyectos con el apoyo de los Centros del Profesorado. La Consejer\u00eda reconocer\u00e1 el trabajo realizado por el profesorado como m\u00e9rito espec\u00edfico en las convocatorias y concursos dirigidos al personal docente.\u00a0<\/p>\n\n\n\n<p class=\"wp-block-paragraph\"><strong>Duraci\u00f3n del Proyecto:<\/strong>\u00a01 o 2 a\u00f1os\u00a0<\/p>\n\n\n\n<p class=\"wp-block-paragraph\"><strong>Plazo de solicitud:\u00a0<\/strong>desde el 10 enero hasta el 27 de febrero de 2019\u00a0<\/p>\n\n\n\n<p class=\"wp-block-paragraph\"><strong>Para cualquier aclaraci\u00f3n o dudas:<\/strong><a rel=\"noreferrer noopener\" href=\"mailto:innovacion.ced@juntadeandalucia.es\" target=\"_blank\">innovacion.ced@juntadeandalucia.es<\/a><\/p>\n\n\n\n<p class=\"wp-block-paragraph\"><a rel=\"noreferrer noopener\" href=\"http:\/\/www.juntadeandalucia.es\/educacion\/portalaverroes\/convocatoria-de-apoyo-y-reconocimiento-al-profesorado\" target=\"_blank\">M\u00e1s informaci\u00f3n en Portal Averroes<\/a><\/p>\n\n\n\n<p class=\"wp-block-paragraph\">La Direcci\u00f3n General responsable de la convocatoria certificar\u00e1 la coordinaci\u00f3n y la participaci\u00f3n del profesorado en los proyectos aprobados y desarrollados.<\/p>\n\n\n\n<p class=\"wp-block-paragraph\">En todo caso, no se certificar\u00e1 la coordinaci\u00f3n o la participaci\u00f3n en los programas por periodos inferiores a seis meses.<\/p>\n\n\n\n<p class=\"wp-block-paragraph\">Si se detectasen deficiencias en la aplicaci\u00f3n del proyecto, la Direcci\u00f3n General de la Consejer\u00eda de Educaci\u00f3n que tenga asignada su gesti\u00f3n requerir\u00e1 a la persona coordinadora para que subsane las deficiencias detectadas, antes de proceder a la certificaci\u00f3n.<\/p>\n\n\n\n<p class=\"wp-block-paragraph\">\u00a0<a rel=\"noreferrer noopener\" href=\"https:\/\/ws024.juntadeandalucia.es\/afirma-validator\/report.action\" target=\"_blank\">Informaci\u00f3n y ayuda sobre la firma electr\u00f3nica en S\u00e9neca.<\/a><br>Mediante este servicio podr\u00e1 consultar la configuraci\u00f3n que necesita su equipo. Tambi\u00e9n le informar\u00e1 de los pasos a seguir para subsanar las posibles carencias detectadas.<\/p>\n\n\n\n<p class=\"wp-block-paragraph\">\u00a0<a rel=\"noreferrer noopener\" href=\"http:\/\/www.juntadeandalucia.es\/educacion\/portals\/abaco-portlet\/content\/d78ee60f-a3c7-42c5-93d2-48feb49bbc9a\" target=\"_blank\">Orden 14 de enero de 2009 (BOJA &#8211; n\u00fam.21, de 2 de febrero)<\/a><a rel=\"noreferrer noopener\" href=\"http:\/\/www.juntadeandalucia.es\/educacion\/portalaverroes\/documents\/10306\/58edf060-f976-4889-b426-ba1e3f60f7f6\" target=\"_blank\">Preguntas frecuentes<\/a><a rel=\"noreferrer noopener\" href=\"http:\/\/www.juntadeandalucia.es\/educacion\/portalaverroes\/c\/document_library\/get_file?uuid=a4b28dd7-410e-45e0-b45f-3f3039139fae&amp;groupId=10306\" target=\"_blank\">Tutorial para realizar la solicitud de proyectos en S\u00c9NECA<\/a>\u00a0<\/p>\n\n\n\n<p class=\"wp-block-paragraph\">NOTA: la solicitud debe ser firmada digitalmente y presentada a trav\u00e9s de la aplicaci\u00f3n inform\u00e1tica S\u00e9neca. Para ello, es necesario disponer de la tarjeta DIPA o un certificado digital v\u00e1lido.<br>En el caso de optar por el certificado digital y en previsi\u00f3n de problemas de \u00faltima hora, es conveniente comprobar con la suficiente antelaci\u00f3n la validez del mismo y el correcto funcionamiento del navegador.<\/p>\n\n\n\n<div class=\"wp-block-image\"><figure class=\"aligncenter\"><a href=\"http:\/\/www.juntadeandalucia.es\/educacion\/portalaverroes\/noticias\/contenido\/convocatoria-proyectos-de-investigacion-e-innovacion-educativa-y-elaboracion-de-materiales-2019\"><img data-recalc-dims=\"1\" loading=\"lazy\" decoding=\"async\" width=\"94\" height=\"95\" src=\"https:\/\/i0.wp.com\/cepronda.com\/blog\/wp-content\/uploads\/2019\/01\/averroes.jpg?resize=94%2C95\" alt=\"\" class=\"wp-image-2573\" srcset=\"https:\/\/i0.wp.com\/cepronda.com\/blog\/wp-content\/uploads\/2019\/01\/averroes.jpg?w=94&amp;ssl=1 94w, https:\/\/i0.wp.com\/cepronda.com\/blog\/wp-content\/uploads\/2019\/01\/averroes.jpg?resize=50%2C50&amp;ssl=1 50w\" sizes=\"auto, (max-width: 94px) 100vw, 94px\" \/><\/a><\/figure><\/div>\n","protected":false},"excerpt":{"rendered":"<p>Muy buenas familia, queremos animaros a participar en esta convocatoria de proyectos de investigaci\u00f3n e innovaci\u00f3n educativa y elaboraci\u00f3n de materiales curriculares. Para ello os copiamos la informaci\u00f3n aparecida en Averroes, junto con los enlaces correspondientes. La Consejer\u00eda de Educaci\u00f3n de la Junta de Andaluc\u00eda ha puesto en marcha una nueva convocatoria destinada al profesorado [&hellip;]<\/p>\n","protected":false},"author":3,"featured_media":2573,"comment_status":"open","ping_status":"open","sticky":false,"template":"","format":"standard","meta":{"_crdt_document":"","advanced_seo_description":"","jetpack_seo_html_title":"","jetpack_seo_noindex":false,"jetpack_post_was_ever_published":false,"_jetpack_newsletter_access":"","_jetpack_dont_email_post_to_subs":false,"_jetpack_newsletter_tier_id":0,"_jetpack_memberships_contains_paywalled_content":false,"_jetpack_memberships_contains_paid_content":false,"footnotes":"","jetpack_publicize_message":"","jetpack_publicize_feature_enabled":true,"jetpack_social_post_already_shared":true,"jetpack_social_options":{"image_generator_settings":{"template":"highway","default_image_id":0,"font":"","enabled":false},"version":2}},"categories":[3,5],"tags":[57],"class_list":{"0":"post-2572","1":"post","2":"type-post","3":"status-publish","4":"format-standard","5":"has-post-thumbnail","7":"category-formaciones","8":"category-noticias","9":"tag-premios","10":"czr-hentry"},"jetpack_publicize_connections":[],"jetpack_featured_media_url":"https:\/\/i0.wp.com\/cepronda.com\/blog\/wp-content\/uploads\/2019\/01\/averroes.jpg?fit=94%2C95&ssl=1","jetpack_shortlink":"https:\/\/wp.me\/p8M4X7-Fu","jetpack-related-posts":[{"id":3283,"url":"https:\/\/cepronda.com\/blog\/convocatoria-de-medidas-de-apoyo-aprobacion-y-reconocimiento-al-profesorado-para-la-realizacion-de-proyectos-de-investigacion-e-innovacion-educativa-y-de-elaboracion-de-materiales-para-el-curso-acad\/","url_meta":{"origin":2572,"position":0},"title":"Convocatoria de medidas de apoyo, aprobaci\u00f3n y reconocimiento al profesorado para la realizaci\u00f3n de proyectos de investigaci\u00f3n, e innovaci\u00f3n educativa y de elaboraci\u00f3n de materiales para el curso acad\u00e9mico 2020\/2021","author":"V\u00edctor Caballero","date":"7 enero, 2020","format":false,"excerpt":"Compartimos con todas aquellas personas interesadas esta convocatoria. Para acceder a toda la informaci\u00f3n s\u00f3lo ten\u00e9is que seguir este enlace.","rel":"","context":"En \u00abFormaciones\u00bb","block_context":{"text":"Formaciones","link":"https:\/\/cepronda.com\/blog\/category\/formaciones\/"},"img":{"alt_text":"","src":"https:\/\/i0.wp.com\/cepronda.com\/blog\/wp-content\/uploads\/2019\/05\/logo-nuevo.jpg?fit=531%2C342&ssl=1&resize=350%2C200","width":350,"height":200,"srcset":"https:\/\/i0.wp.com\/cepronda.com\/blog\/wp-content\/uploads\/2019\/05\/logo-nuevo.jpg?fit=531%2C342&ssl=1&resize=350%2C200 1x, https:\/\/i0.wp.com\/cepronda.com\/blog\/wp-content\/uploads\/2019\/05\/logo-nuevo.jpg?fit=531%2C342&ssl=1&resize=525%2C300 1.5x"},"classes":[]},{"id":1616,"url":"https:\/\/cepronda.com\/blog\/informacion-sobre-los-proyectos-de-investigacion-e-innovacion-educativa\/","url_meta":{"origin":2572,"position":1},"title":"Informaci\u00f3n sobre los proyectos de investigaci\u00f3n e innovaci\u00f3n educativa","author":"V\u00edctor Caballero","date":"20 febrero, 2018","format":false,"excerpt":"Muy buenas de nuevo,\u00a0 Se recuerda a todo el profesorado que desee participar en la convocatoria 2018 de medidas de apoyo, aprobaci\u00f3n y reconocimiento al profesorado para la realizaci\u00f3n de proyectos de investigaci\u00f3n e innovaci\u00f3n educativa y de elaboraci\u00f3n de materiales curriculares (Orden de 14 de enero de 2009, BOJA\u2026","rel":"","context":"En \u00abNoticias\u00bb","block_context":{"text":"Noticias","link":"https:\/\/cepronda.com\/blog\/category\/noticias\/"},"img":{"alt_text":"","src":"https:\/\/i0.wp.com\/cepronda.com\/blog\/wp-content\/uploads\/2018\/02\/thought-2123970_640.jpg?fit=640%2C444&ssl=1&resize=350%2C200","width":350,"height":200,"srcset":"https:\/\/i0.wp.com\/cepronda.com\/blog\/wp-content\/uploads\/2018\/02\/thought-2123970_640.jpg?fit=640%2C444&ssl=1&resize=350%2C200 1x, https:\/\/i0.wp.com\/cepronda.com\/blog\/wp-content\/uploads\/2018\/02\/thought-2123970_640.jpg?fit=640%2C444&ssl=1&resize=525%2C300 1.5x"},"classes":[]},{"id":591,"url":"https:\/\/cepronda.com\/blog\/abierto-el-plazo-de-solicitud-de-apoyo-aprobacion-y-reconocimiento-al-profesorado-para-la-realizacion-de-proyectos-de-investigacion-e-innovacion-educativa-y-elaboracion-de-materiales-curriculares\/","url_meta":{"origin":2572,"position":2},"title":"Abierto el plazo de solicitud de apoyo, aprobaci\u00f3n y reconocimiento al profesorado para la realizaci\u00f3n de proyectos de investigaci\u00f3n e innovaci\u00f3n educativa y elaboraci\u00f3n de materiales curriculares","author":"V\u00edctor Caballero","date":"10 enero, 2017","format":false,"excerpt":"\u00a1Muy buenas! Hoy quer\u00eda compartir con todo el profesorado esta convocatoria de la Junta de Andaluc\u00eda para el desarrollo de proyectos de investigaci\u00f3n e innovaci\u00f3n educativa. Muchas veces como docentes pecamos de no hacer valer nuestro trabajo, y hacemos grandes cosas en nuestras aulas, y tenemos que hacerlas visibles. Una\u2026","rel":"","context":"En \u00abNoticias\u00bb","block_context":{"text":"Noticias","link":"https:\/\/cepronda.com\/blog\/category\/noticias\/"},"img":{"alt_text":"","src":"","width":0,"height":0},"classes":[]},{"id":7976,"url":"https:\/\/cepronda.com\/blog\/guia-y-tutorizacion-para-la-participacion-en-la-convocatoria-de-proyectos-de-investigacion-innovacion-y-elaboracion-de-materiales\/","url_meta":{"origin":2572,"position":3},"title":"GU\u00cdA Y TUTORIZACI\u00d3N PARA LA PARTICIPACI\u00d3N EN LA CONVOCATORIA DE PROYECTOS DE INVESTIGACI\u00d3N, INNOVACI\u00d3N Y ELABORACI\u00d3N DE MATERIALES","author":"Inmaculada Garc\u00eda","date":"20 diciembre, 2024","format":false,"excerpt":"\u00a0\u00a0Abierta inscripci\u00f3n de la Actividad Formativa regional: \"GU\u00cdA Y TUTORIZACI\u00d3N PARA LA PARTICIPACI\u00d3N EN LA CONVOCATORIA DE PROYECTOS DE INVESTIGACI\u00d3N, INNOVACI\u00d3N Y ELABORACI\u00d3N DE MATERIALES\" (259915KPF370). \u00a0Inscripciones: hasta el 8 de enero. \u00a0Enlace a la inscripci\u00f3n:\u00a0https:\/\/www.juntadeandalucia.es\/educacion\/secretariavirtual\/consultaCEP\/actividad\/259915KPF370\/\u00a0 \u00a0El curso est\u00e1 dirigido a hacer un acompa\u00f1amiento al profesorado de cara a la\u2026","rel":"","context":"En \u00abFormaciones\u00bb","block_context":{"text":"Formaciones","link":"https:\/\/cepronda.com\/blog\/category\/formaciones\/"},"img":{"alt_text":"","src":"","width":0,"height":0},"classes":[]},{"id":667,"url":"https:\/\/cepronda.com\/blog\/informacion-sobre-la-convocatoria-de-proyectos-de-investigacion-e-innovacion-educativa\/","url_meta":{"origin":2572,"position":4},"title":"Informaci\u00f3n sobre la convocatoria de Proyectos de investigaci\u00f3n e innovaci\u00f3n educativa","author":"V\u00edctor Caballero","date":"8 febrero, 2017","format":false,"excerpt":"Muy buenas, Os comunicamos que ha salido publicada la convocatoria sobre Proyectos de innovaci\u00f3n e investigaci\u00f3n educativa, y elaboraci\u00f3n de materiales curriculares. Si quer\u00e9is tener m\u00e1s informaci\u00f3n sobre esta convocatoria, haced clic en la imagen y llegar\u00e9is a la web donde encontrar toda la informaci\u00f3n necesaria para participar en esta\u2026","rel":"","context":"En \u00abNoticias\u00bb","block_context":{"text":"Noticias","link":"https:\/\/cepronda.com\/blog\/category\/noticias\/"},"img":{"alt_text":"","src":"https:\/\/i0.wp.com\/cepronda.com\/blog\/wp-content\/uploads\/2017\/02\/image_gallery-e1486571384802.jpg?resize=350%2C200","width":350,"height":200},"classes":[]},{"id":4943,"url":"https:\/\/cepronda.com\/blog\/proyectos-de-investigacion-innovacion-y-materiales\/","url_meta":{"origin":2572,"position":5},"title":"PROYECTOS DE INVESTIGACI\u00d3N, INNOVACI\u00d3N Y MATERIALES","author":"Maribel Mu\u00f1oz","date":"11 enero, 2022","format":false,"excerpt":"Buenos d\u00edas compa\u00f1eras y compa\u00f1eros Os informamos que est\u00e1 abierto el plazo para solicitar proyectos de investigaci\u00f3n educativa, innovaci\u00f3n educativa y desarrollo curricular y elaboraci\u00f3n de materiales, tal y como establece la\u00a0Orden de 14 de enero de 2009. Las solicitudes recibidas se bareman de acuerdo a los criterios indicados en\u2026","rel":"","context":"En \u00abFormaciones\u00bb","block_context":{"text":"Formaciones","link":"https:\/\/cepronda.com\/blog\/category\/formaciones\/"},"img":{"alt_text":"","src":"https:\/\/i0.wp.com\/cepronda.com\/blog\/wp-content\/uploads\/2020\/03\/S%C2%B0mbolo-gen%C3%87rico-RRSS-redondo-negativo.png?fit=1200%2C1200&ssl=1&resize=350%2C200","width":350,"height":200,"srcset":"https:\/\/i0.wp.com\/cepronda.com\/blog\/wp-content\/uploads\/2020\/03\/S%C2%B0mbolo-gen%C3%87rico-RRSS-redondo-negativo.png?fit=1200%2C1200&ssl=1&resize=350%2C200 1x, https:\/\/i0.wp.com\/cepronda.com\/blog\/wp-content\/uploads\/2020\/03\/S%C2%B0mbolo-gen%C3%87rico-RRSS-redondo-negativo.png?fit=1200%2C1200&ssl=1&resize=525%2C300 1.5x, https:\/\/i0.wp.com\/cepronda.com\/blog\/wp-content\/uploads\/2020\/03\/S%C2%B0mbolo-gen%C3%87rico-RRSS-redondo-negativo.png?fit=1200%2C1200&ssl=1&resize=700%2C400 2x, https:\/\/i0.wp.com\/cepronda.com\/blog\/wp-content\/uploads\/2020\/03\/S%C2%B0mbolo-gen%C3%87rico-RRSS-redondo-negativo.png?fit=1200%2C1200&ssl=1&resize=1050%2C600 3x"},"classes":[]}],"jetpack_sharing_enabled":true,"_links":{"self":[{"href":"https:\/\/cepronda.com\/blog\/wp-json\/wp\/v2\/posts\/2572","targetHints":{"allow":["GET"]}}],"collection":[{"href":"https:\/\/cepronda.com\/blog\/wp-json\/wp\/v2\/posts"}],"about":[{"href":"https:\/\/cepronda.com\/blog\/wp-json\/wp\/v2\/types\/post"}],"author":[{"embeddable":true,"href":"https:\/\/cepronda.com\/blog\/wp-json\/wp\/v2\/users\/3"}],"replies":[{"embeddable":true,"href":"https:\/\/cepronda.com\/blog\/wp-json\/wp\/v2\/comments?post=2572"}],"version-history":[{"count":1,"href":"https:\/\/cepronda.com\/blog\/wp-json\/wp\/v2\/posts\/2572\/revisions"}],"predecessor-version":[{"id":2574,"href":"https:\/\/cepronda.com\/blog\/wp-json\/wp\/v2\/posts\/2572\/revisions\/2574"}],"wp:featuredmedia":[{"embeddable":true,"href":"https:\/\/cepronda.com\/blog\/wp-json\/wp\/v2\/media\/2573"}],"wp:attachment":[{"href":"https:\/\/cepronda.com\/blog\/wp-json\/wp\/v2\/media?parent=2572"}],"wp:term":[{"taxonomy":"category","embeddable":true,"href":"https:\/\/cepronda.com\/blog\/wp-json\/wp\/v2\/categories?post=2572"},{"taxonomy":"post_tag","embeddable":true,"href":"https:\/\/cepronda.com\/blog\/wp-json\/wp\/v2\/tags?post=2572"}],"curies":[{"name":"wp","href":"https:\/\/api.w.org\/{rel}","templated":true}]}}