{"id":2563,"date":"2019-01-08T12:41:23","date_gmt":"2019-01-08T11:41:23","guid":{"rendered":"http:\/\/cepronda.com\/blog\/?p=2563"},"modified":"2019-01-08T12:41:32","modified_gmt":"2019-01-08T11:41:32","slug":"conoce-la-fp-dual","status":"publish","type":"post","link":"https:\/\/cepronda.com\/blog\/conoce-la-fp-dual\/","title":{"rendered":"CONOCE LA FP DUAL"},"content":{"rendered":"\n<p class=\"wp-block-paragraph\">Muy buenas de nuevo,<\/p>\n\n\n\n<p class=\"wp-block-paragraph\">Queremos comentaros a todas aquellas personas interesadas en la FP Dual que el <strong>CEP de Antequera<\/strong> ha organizado el pr\u00f3ximo d\u00eda 17 de enero, jueves, una jornada informativa sobre la misma. <br>La finalidad de la actividad es que el profesorado conozca en qu\u00e9 consiste esta modalidad de F.P, el proyecto correspondiente y lo que ello implica. Para ello, en la actividad formativa participar\u00e1n alumnado que ha cursado ciclos formativos en alternancia, profesorado que imparte docencia en F.P. Dual, empresas y la Fundaci\u00f3n Bertelsmann, que trabaja con centros educativos y empresas, impulsando y apoyando esta modalidad de F.P. en alternancia.<\/p>\n\n\n\n<p class=\"wp-block-paragraph\">Creemos que, aunque haya que desplazarse a <strong>Antequera<\/strong>, puede resultar de mucho inter\u00e9s para el profesorado de Formaci\u00f3n Profesional. Para ver los detalles e inscribiros s\u00f3lo ten\u00e9is que <a rel=\"noreferrer noopener\" aria-label=\"seguir este enlace (opens in a new tab)\" href=\"https:\/\/www.juntadeandalucia.es\/educacion\/secretariavirtual\/consultaCEP\/actividad\/192925FP003\/\" target=\"_blank\">seguir este enlace<\/a>.<\/p>\n\n\n\n<figure class=\"wp-block-image\"><a href=\"https:\/\/www.juntadeandalucia.es\/educacion\/secretariavirtual\/consultaCEP\/actividad\/192925FP003\/\"><img loading=\"lazy\" decoding=\"async\" width=\"1920\" height=\"1355\" src=\"https:\/\/i0.wp.com\/cepronda.com\/blog\/wp-content\/uploads\/2019\/01\/achievement-3520015_1920.jpg?fit=1024%2C723\" alt=\"\" class=\"wp-image-2564\" srcset=\"https:\/\/i0.wp.com\/cepronda.com\/blog\/wp-content\/uploads\/2019\/01\/achievement-3520015_1920.jpg?w=1920&amp;ssl=1 1920w, https:\/\/i0.wp.com\/cepronda.com\/blog\/wp-content\/uploads\/2019\/01\/achievement-3520015_1920.jpg?resize=300%2C212&amp;ssl=1 300w, https:\/\/i0.wp.com\/cepronda.com\/blog\/wp-content\/uploads\/2019\/01\/achievement-3520015_1920.jpg?resize=768%2C542&amp;ssl=1 768w, https:\/\/i0.wp.com\/cepronda.com\/blog\/wp-content\/uploads\/2019\/01\/achievement-3520015_1920.jpg?resize=1024%2C723&amp;ssl=1 1024w\" sizes=\"auto, (max-width: 1170px) 100vw, 1170px\" \/><\/a><\/figure>\n","protected":false},"excerpt":{"rendered":"<p>Muy buenas de nuevo, Queremos comentaros a todas aquellas personas interesadas en la FP Dual que el CEP de Antequera ha organizado el pr\u00f3ximo d\u00eda 17 de enero, jueves, una jornada informativa sobre la misma. La finalidad de la actividad es que el profesorado conozca en qu\u00e9 consiste esta modalidad de F.P, el proyecto correspondiente [&hellip;]<\/p>\n","protected":false},"author":3,"featured_media":2564,"comment_status":"open","ping_status":"open","sticky":false,"template":"","format":"standard","meta":{"_crdt_document":"","advanced_seo_description":"","jetpack_seo_html_title":"","jetpack_seo_noindex":false,"jetpack_post_was_ever_published":false,"_jetpack_newsletter_access":"","_jetpack_dont_email_post_to_subs":false,"_jetpack_newsletter_tier_id":0,"_jetpack_memberships_contains_paywalled_content":false,"_jetpack_memberships_contains_paid_content":false,"footnotes":"","jetpack_publicize_message":"CONOCE LA FP DUAL. Actividad organizada por el @cepantequera","jetpack_publicize_feature_enabled":true,"jetpack_social_post_already_shared":true,"jetpack_social_options":{"image_generator_settings":{"template":"highway","default_image_id":0,"font":"","enabled":false},"version":2}},"categories":[3,5],"tags":[71],"class_list":{"0":"post-2563","1":"post","2":"type-post","3":"status-publish","4":"format-standard","5":"has-post-thumbnail","7":"category-formaciones","8":"category-noticias","9":"tag-formacion-profesional","10":"czr-hentry"},"jetpack_publicize_connections":[],"jetpack_featured_media_url":"https:\/\/i0.wp.com\/cepronda.com\/blog\/wp-content\/uploads\/2019\/01\/achievement-3520015_1920.jpg?fit=1920%2C1355&ssl=1","jetpack_shortlink":"https:\/\/wp.me\/p8M4X7-Fl","jetpack-related-posts":[{"id":7519,"url":"https:\/\/cepronda.com\/blog\/comunicacion-y-trabajo-en-equipo-lo-implementamos-en-el-aula-de-fp-24403ge056\/","url_meta":{"origin":2563,"position":0},"title":"\u00abCOMUNICACI\u00d3N Y TRABAJO EN EQUIPO: LO IMPLEMENTAMOS EN EL AULA DE FP\u00bb (24403GE056)","author":"Inmaculada Garc\u00eda","date":"18 marzo, 2024","format":false,"excerpt":"Se encuentra abierto el plazo de inscripci\u00f3n de la actividad regional \"COMUNICACI\u00d3N Y TRABAJO EN EQUIPO: LO IMPLEMENTAMOS EN EL AULA DE FP\", dirigida al profesorado de Formaci\u00f3n Profesional. T\u00edtulo:\u00a0COMUNICACI\u00d3N Y TRABAJO EN EQUIPO: LO IMPLEMENTAMOS EN EL AULA DE FP C\u00f3digo:\u00a024403GE056 Modalidad:\u00a0Curso a Distancia \u00c1mbito:\u00a0Regional Lugar de realizaci\u00f3n:\u00a0AVFP Fecha\u2026","rel":"","context":"En \u00abFormaciones\u00bb","block_context":{"text":"Formaciones","link":"https:\/\/cepronda.com\/blog\/category\/formaciones\/"},"img":{"alt_text":"","src":"https:\/\/i0.wp.com\/cepronda.com\/blog\/wp-content\/uploads\/2024\/03\/ComunicaciA%C6%92AEA%E2%80%A0aE%E2%84%A2A%C6%92aEsA%E2%80%9AA%C2%B3n-y-trabajo-en-equipo-1.png?fit=1080%2C1080&ssl=1&resize=350%2C200","width":350,"height":200,"srcset":"https:\/\/i0.wp.com\/cepronda.com\/blog\/wp-content\/uploads\/2024\/03\/ComunicaciA%C6%92AEA%E2%80%A0aE%E2%84%A2A%C6%92aEsA%E2%80%9AA%C2%B3n-y-trabajo-en-equipo-1.png?fit=1080%2C1080&ssl=1&resize=350%2C200 1x, https:\/\/i0.wp.com\/cepronda.com\/blog\/wp-content\/uploads\/2024\/03\/ComunicaciA%C6%92AEA%E2%80%A0aE%E2%84%A2A%C6%92aEsA%E2%80%9AA%C2%B3n-y-trabajo-en-equipo-1.png?fit=1080%2C1080&ssl=1&resize=525%2C300 1.5x, https:\/\/i0.wp.com\/cepronda.com\/blog\/wp-content\/uploads\/2024\/03\/ComunicaciA%C6%92AEA%E2%80%A0aE%E2%84%A2A%C6%92aEsA%E2%80%9AA%C2%B3n-y-trabajo-en-equipo-1.png?fit=1080%2C1080&ssl=1&resize=700%2C400 2x, https:\/\/i0.wp.com\/cepronda.com\/blog\/wp-content\/uploads\/2024\/03\/ComunicaciA%C6%92AEA%E2%80%A0aE%E2%84%A2A%C6%92aEsA%E2%80%9AA%C2%B3n-y-trabajo-en-equipo-1.png?fit=1080%2C1080&ssl=1&resize=1050%2C600 3x"},"classes":[]},{"id":5024,"url":"https:\/\/cepronda.com\/blog\/estancias-formativas-en-empresas-para-el-profesorado-de-formacion-profesional\/","url_meta":{"origin":2563,"position":1},"title":"ESTANCIAS FORMATIVAS EN EMPRESAS\u00a0PARA EL PROFESORADO DE FORMACI\u00d3N PROFESIONAL","author":"Maribel Mu\u00f1oz","date":"25 enero, 2022","format":false,"excerpt":"Buenos d\u00edas compa\u00f1eras y compa\u00f1eros Os informamos que se ha publicado la RESOLUCI\u00d3N DE 24 DE ENERO DE 2022, DE LA DIRECCI\u00d3N GENERAL DE FORMACI\u00d3N PROFESIONAL, POR LA QUE SE CONVOCAN\u00a0ESTANCIAS FORMATIVAS EN EMPRESAS\u00a0PARA EL PROFESORADO DE FORMACI\u00d3N PROFESIONAL, DESTINADOS A ACTUALIZAR SU FORMACI\u00d3N Y REFORZAR SUS COMPETENCIAS PROFESIONALES EN\u2026","rel":"","context":"En \u00abFormaciones\u00bb","block_context":{"text":"Formaciones","link":"https:\/\/cepronda.com\/blog\/category\/formaciones\/"},"img":{"alt_text":"","src":"https:\/\/i0.wp.com\/cepronda.com\/blog\/wp-content\/uploads\/2020\/03\/S%C2%B0mbolo-gen%C3%87rico-RRSS-redondo-negativo.png?fit=1200%2C1200&ssl=1&resize=350%2C200","width":350,"height":200,"srcset":"https:\/\/i0.wp.com\/cepronda.com\/blog\/wp-content\/uploads\/2020\/03\/S%C2%B0mbolo-gen%C3%87rico-RRSS-redondo-negativo.png?fit=1200%2C1200&ssl=1&resize=350%2C200 1x, https:\/\/i0.wp.com\/cepronda.com\/blog\/wp-content\/uploads\/2020\/03\/S%C2%B0mbolo-gen%C3%87rico-RRSS-redondo-negativo.png?fit=1200%2C1200&ssl=1&resize=525%2C300 1.5x, https:\/\/i0.wp.com\/cepronda.com\/blog\/wp-content\/uploads\/2020\/03\/S%C2%B0mbolo-gen%C3%87rico-RRSS-redondo-negativo.png?fit=1200%2C1200&ssl=1&resize=700%2C400 2x, https:\/\/i0.wp.com\/cepronda.com\/blog\/wp-content\/uploads\/2020\/03\/S%C2%B0mbolo-gen%C3%87rico-RRSS-redondo-negativo.png?fit=1200%2C1200&ssl=1&resize=1050%2C600 3x"},"classes":[]},{"id":8434,"url":"https:\/\/cepronda.com\/blog\/acreditacion-erasmus-en-el-ambito-de-la-formacion-profesional-2\/","url_meta":{"origin":2563,"position":2},"title":"ACREDITACI\u00d3N ERASMUS EN EL \u00c1MBITO DE LA FORMACI\u00d3N PROFESIONAL","author":"Mamen Moreno","date":"1 abril, 2025","format":false,"excerpt":"Se abre el plazo de inscripci\u00f3n para el curso la ACREDITACI\u00d3N ERASMUS EN EL \u00c1MBITO DE LA FORMACI\u00d3N PROFESIONAL. Inscripciones hasta el 21 de abril de 2025 Lugar: AVFP (Videoconferencias presenciales d\u00edas 7 y 13 de mayo y AVFP) Dirigido a docentes de F.P. de la provincia de M\u00e1laga M\u00e1s\u2026","rel":"","context":"En \u00abFormaciones\u00bb","block_context":{"text":"Formaciones","link":"https:\/\/cepronda.com\/blog\/category\/formaciones\/"},"img":{"alt_text":"","src":"https:\/\/i0.wp.com\/cepronda.com\/blog\/wp-content\/uploads\/2025\/04\/WhatsApp-Image-2025-04-01-at-08.36.53.jpeg?fit=1162%2C669&ssl=1&resize=350%2C200","width":350,"height":200,"srcset":"https:\/\/i0.wp.com\/cepronda.com\/blog\/wp-content\/uploads\/2025\/04\/WhatsApp-Image-2025-04-01-at-08.36.53.jpeg?fit=1162%2C669&ssl=1&resize=350%2C200 1x, https:\/\/i0.wp.com\/cepronda.com\/blog\/wp-content\/uploads\/2025\/04\/WhatsApp-Image-2025-04-01-at-08.36.53.jpeg?fit=1162%2C669&ssl=1&resize=525%2C300 1.5x, https:\/\/i0.wp.com\/cepronda.com\/blog\/wp-content\/uploads\/2025\/04\/WhatsApp-Image-2025-04-01-at-08.36.53.jpeg?fit=1162%2C669&ssl=1&resize=700%2C400 2x, https:\/\/i0.wp.com\/cepronda.com\/blog\/wp-content\/uploads\/2025\/04\/WhatsApp-Image-2025-04-01-at-08.36.53.jpeg?fit=1162%2C669&ssl=1&resize=1050%2C600 3x"},"classes":[]},{"id":8169,"url":"https:\/\/cepronda.com\/blog\/jornadas-provinciales-nuevos-retos-para-las-direcciones-de-secundaria-bachillerato-formacion-profesional-y-ensenanzas-de-regimen-especial-con-codigo-252923ge804\/","url_meta":{"origin":2563,"position":3},"title":"NUEVOS RETOS PARA LAS DIRECCIONES DE SECUNDARIA, BACHILLERATO, FORMACI\u00d3N PROFESIONAL Y ENSE\u00d1ANZAS DE R\u00c9GIMEN ESPECIAL","author":"Inmaculada Garc\u00eda","date":"19 febrero, 2025","format":false,"excerpt":"Abierto plazo solicitudes de las Jornadas Provinciales: \"NUEVOS RETOS PARA LAS DIRECCIONES DE SECUNDARIA, BACHILLERATO, FORMACI\u00d3N PROFESIONAL Y ENSE\u00d1ANZAS DE R\u00c9GIMEN ESPECIAL\", con c\u00f3digo 252923GE804, que organizamos en colaboraci\u00f3n con ADIAN. Dirigidas a directores y directoras de Secundaria, Bachillerato, F.P, ERE de la provincia de M\u00e1laga. Inscripciones: 18\/02\/2025 - 13\/03\/2025\u2026","rel":"","context":"En \u00abNoticias\u00bb","block_context":{"text":"Noticias","link":"https:\/\/cepronda.com\/blog\/category\/noticias\/"},"img":{"alt_text":"","src":"https:\/\/i0.wp.com\/cepronda.com\/blog\/wp-content\/uploads\/2025\/02\/cartel-direcciones-secundaria.jpeg?fit=1080%2C1080&ssl=1&resize=350%2C200","width":350,"height":200,"srcset":"https:\/\/i0.wp.com\/cepronda.com\/blog\/wp-content\/uploads\/2025\/02\/cartel-direcciones-secundaria.jpeg?fit=1080%2C1080&ssl=1&resize=350%2C200 1x, https:\/\/i0.wp.com\/cepronda.com\/blog\/wp-content\/uploads\/2025\/02\/cartel-direcciones-secundaria.jpeg?fit=1080%2C1080&ssl=1&resize=525%2C300 1.5x, https:\/\/i0.wp.com\/cepronda.com\/blog\/wp-content\/uploads\/2025\/02\/cartel-direcciones-secundaria.jpeg?fit=1080%2C1080&ssl=1&resize=700%2C400 2x, https:\/\/i0.wp.com\/cepronda.com\/blog\/wp-content\/uploads\/2025\/02\/cartel-direcciones-secundaria.jpeg?fit=1080%2C1080&ssl=1&resize=1050%2C600 3x"},"classes":[]},{"id":7757,"url":"https:\/\/cepronda.com\/blog\/curso-estrategias-de-implementacion-de-un-saac-nivel-ii-con-codigo-252925ic001\/","url_meta":{"origin":2563,"position":4},"title":"CURSO: \u00abESTRATEGIAS\u00a0DE\u00a0IMPLEMENTACI\u00d3N\u00a0DE\u00a0UN\u00a0SAAC\u00a0NIVEL\u00a0II\u00bb,\u00a0con\u00a0c\u00f3digo 252925IC001.","author":"Inmaculada Garc\u00eda","date":"27 septiembre, 2024","format":false,"excerpt":"Os informamos que se encuentra abierta la inscripci\u00f3n en el\u00a0curso InterCEP, organizado por el CEP de Antequera:\u00a0 \"ESTRATEGIAS\u00a0DE\u00a0IMPLEMENTACI\u00d3N\u00a0DE\u00a0UN\u00a0SAAC\u00a0NIVEL\u00a0II\",\u00a0con\u00a0c\u00f3digo 252925IC001, que se desarrollar\u00e1 en modalidad a distancia en el Aula Virtual de Formaci\u00f3n del Profesorado. \u00a0 Curso dirigido al profesorado de las zonas de los CEPs de Ronda, Velez-M\u00e1laga y Antequera.\u2026","rel":"","context":"En \u00abFormaciones\u00bb","block_context":{"text":"Formaciones","link":"https:\/\/cepronda.com\/blog\/category\/formaciones\/"},"img":{"alt_text":"","src":"https:\/\/i0.wp.com\/cepronda.com\/blog\/wp-content\/uploads\/2024\/09\/SAAC-NIVEL-II.png?fit=960%2C1200&ssl=1&resize=350%2C200","width":350,"height":200,"srcset":"https:\/\/i0.wp.com\/cepronda.com\/blog\/wp-content\/uploads\/2024\/09\/SAAC-NIVEL-II.png?fit=960%2C1200&ssl=1&resize=350%2C200 1x, https:\/\/i0.wp.com\/cepronda.com\/blog\/wp-content\/uploads\/2024\/09\/SAAC-NIVEL-II.png?fit=960%2C1200&ssl=1&resize=525%2C300 1.5x, https:\/\/i0.wp.com\/cepronda.com\/blog\/wp-content\/uploads\/2024\/09\/SAAC-NIVEL-II.png?fit=960%2C1200&ssl=1&resize=700%2C400 2x"},"classes":[]},{"id":5179,"url":"https:\/\/cepronda.com\/blog\/provision-de-puestos-docentes-para-el-desarrollo-de-funciones-de-impulso-de-la-formacion-profesional-dual\/","url_meta":{"origin":2563,"position":5},"title":"Provisi\u00f3n de puestos docentes para el desarrollo de funciones de impulso de la Formaci\u00f3n Profesional Dual","author":"Inmaculada Garc\u00eda","date":"17 marzo, 2022","format":false,"excerpt":"Buenos d\u00edas, compa\u00f1eros y compa\u00f1eras. Ha salido publicada la convocatoria p\u00fablica para la provisi\u00f3n de puestos docentes para el desarrollo de funciones de impulso de la Formaci\u00f3n Profesional Dual mediante el trabajo en red. Convocatoria, mediante concurso de m\u00e9ritos, para la selecci\u00f3n y nombramiento de cincuenta docentes con funciones de\u2026","rel":"","context":"En \u00abNoticias\u00bb","block_context":{"text":"Noticias","link":"https:\/\/cepronda.com\/blog\/category\/noticias\/"},"img":{"alt_text":"","src":"https:\/\/i0.wp.com\/cepronda.com\/blog\/wp-content\/uploads\/2022\/03\/Copia-de-ESTANCIAS-FORMATIVAS-EN-EMPRESAS-PARA-EL-PROFESORADO-DE-FORMACION-PROFESIONAL-1.png?fit=1080%2C1080&ssl=1&resize=350%2C200","width":350,"height":200,"srcset":"https:\/\/i0.wp.com\/cepronda.com\/blog\/wp-content\/uploads\/2022\/03\/Copia-de-ESTANCIAS-FORMATIVAS-EN-EMPRESAS-PARA-EL-PROFESORADO-DE-FORMACION-PROFESIONAL-1.png?fit=1080%2C1080&ssl=1&resize=350%2C200 1x, https:\/\/i0.wp.com\/cepronda.com\/blog\/wp-content\/uploads\/2022\/03\/Copia-de-ESTANCIAS-FORMATIVAS-EN-EMPRESAS-PARA-EL-PROFESORADO-DE-FORMACION-PROFESIONAL-1.png?fit=1080%2C1080&ssl=1&resize=525%2C300 1.5x, https:\/\/i0.wp.com\/cepronda.com\/blog\/wp-content\/uploads\/2022\/03\/Copia-de-ESTANCIAS-FORMATIVAS-EN-EMPRESAS-PARA-EL-PROFESORADO-DE-FORMACION-PROFESIONAL-1.png?fit=1080%2C1080&ssl=1&resize=700%2C400 2x, https:\/\/i0.wp.com\/cepronda.com\/blog\/wp-content\/uploads\/2022\/03\/Copia-de-ESTANCIAS-FORMATIVAS-EN-EMPRESAS-PARA-EL-PROFESORADO-DE-FORMACION-PROFESIONAL-1.png?fit=1080%2C1080&ssl=1&resize=1050%2C600 3x"},"classes":[]}],"jetpack_sharing_enabled":true,"_links":{"self":[{"href":"https:\/\/cepronda.com\/blog\/wp-json\/wp\/v2\/posts\/2563","targetHints":{"allow":["GET"]}}],"collection":[{"href":"https:\/\/cepronda.com\/blog\/wp-json\/wp\/v2\/posts"}],"about":[{"href":"https:\/\/cepronda.com\/blog\/wp-json\/wp\/v2\/types\/post"}],"author":[{"embeddable":true,"href":"https:\/\/cepronda.com\/blog\/wp-json\/wp\/v2\/users\/3"}],"replies":[{"embeddable":true,"href":"https:\/\/cepronda.com\/blog\/wp-json\/wp\/v2\/comments?post=2563"}],"version-history":[{"count":1,"href":"https:\/\/cepronda.com\/blog\/wp-json\/wp\/v2\/posts\/2563\/revisions"}],"predecessor-version":[{"id":2565,"href":"https:\/\/cepronda.com\/blog\/wp-json\/wp\/v2\/posts\/2563\/revisions\/2565"}],"wp:featuredmedia":[{"embeddable":true,"href":"https:\/\/cepronda.com\/blog\/wp-json\/wp\/v2\/media\/2564"}],"wp:attachment":[{"href":"https:\/\/cepronda.com\/blog\/wp-json\/wp\/v2\/media?parent=2563"}],"wp:term":[{"taxonomy":"category","embeddable":true,"href":"https:\/\/cepronda.com\/blog\/wp-json\/wp\/v2\/categories?post=2563"},{"taxonomy":"post_tag","embeddable":true,"href":"https:\/\/cepronda.com\/blog\/wp-json\/wp\/v2\/tags?post=2563"}],"curies":[{"name":"wp","href":"https:\/\/api.w.org\/{rel}","templated":true}]}}