{"id":2547,"date":"2018-12-20T11:42:00","date_gmt":"2018-12-20T10:42:00","guid":{"rendered":"http:\/\/cepronda.com\/blog\/?p=2547"},"modified":"2025-04-25T12:07:29","modified_gmt":"2025-04-25T10:07:29","slug":"2-fotografias-de-nuestros-centros-en-el-calendario-stop-violencia-de-genero","status":"publish","type":"post","link":"https:\/\/cepronda.com\/blog\/2-fotografias-de-nuestros-centros-en-el-calendario-stop-violencia-de-genero\/","title":{"rendered":"2 fotograf\u00edas de nuestros centros en el calendario STOP Violencia de G\u00e9nero"},"content":{"rendered":"\n<p class=\"wp-block-paragraph\">Un nuevo calendario recoge los trabajos presentados a la novena edici\u00f3n del Concurso de Fotograf\u00eda \u201c\u00a1Stop! Violencia de g\u00e9nero\u201d.<\/p>\n\n\n\n<p class=\"wp-block-paragraph\">La delegada territorial de Educaci\u00f3n, Patricia Alba, la coordinadora provincial del Instituto Andaluz de la Mujer, Mar\u00eda del Carmen Moreno, y la responsable de la Unidad de Solidaridad Social y Educaci\u00f3n de la Fundaci\u00f3n Unicaja, Ana Cabrera, han presentado esta ma\u00f1ana el noveno calendario fotogr\u00e1fico educativo contra la violencia de g\u00e9nero, en un acto celebrado en el Sal\u00f3n de Actos del Edificio de Servicios M\u00faltiples de M\u00e1laga.<\/p>\n\n\n\n<div class=\"wp-block-image\"><figure class=\"alignright\"><a href=\"https:\/\/i0.wp.com\/www.educacionenmalaga.es\/wp-content\/uploads\/2018\/12\/calendario-2019-final-1.jpg?ssl=1\"><img data-recalc-dims=\"1\" decoding=\"async\" src=\"https:\/\/i0.wp.com\/www.educacionenmalaga.es\/wp-content\/uploads\/2018\/12\/calendario-2019-final-1-188x300-1.jpg?w=1170&#038;ssl=1\" alt=\"\" class=\"wp-image-559591\"\/><\/a><\/figure><\/div>\n\n\n\n<p class=\"wp-block-paragraph\">El calendario recoge doce fotograf\u00edas seleccionadas entre las m\u00e1s de 200 presentadas al concurso, convocado por el Gabinete Provincial de Asesoramiento sobre Convivencia Escolar e Igualdad de la Delegaci\u00f3n Territorial de Educaci\u00f3n de M\u00e1laga y el Instituto Andaluz de la Mujer con el patrocinio de la Fundaci\u00f3n Unicaja.<\/p>\n\n\n\n<p class=\"wp-block-paragraph\">El objetivo del certamen, dirigido a la comunidad educativa malague\u00f1a, ha sido sensibilizar a la sociedad contra la violencia de g\u00e9nero y prevenir actitudes violentas, as\u00ed como desarrollar la empat\u00eda y la solidaridad hacia las v\u00edctimas de la violencia en general, y de la violencia contra la mujer en particular, al tiempo que estimular la creatividad de los participantes.<\/p>\n\n\n\n<p class=\"wp-block-paragraph\">Para el calendario \u00a1STOP! Violencia de g\u00e9nero 2019 las doce fotograf\u00edas seleccionadas, que pueden verse en esta\u00a0<a rel=\"noreferrer noopener\" href=\"https:\/\/flic.kr\/s\/aHskP7xNkU\" target=\"_blank\">galer\u00eda virtual<\/a>, han sido las siguientes:<\/p>\n\n\n\n<ul class=\"wp-block-list\"><li>\u201cLibre\u201d, de Maribel Delgado V\u00e1zquez, maestra del CEIP Juan Mart\u00edn Pinz\u00f3n de Ronda.<\/li><li>\u201cNo dejes su educaci\u00f3n a la sombra\u201d, de Laura Martos Salinas, alumna del IES Polit\u00e9cnico Jes\u00fas Mar\u00edn de M\u00e1laga.<\/li><li>\u201cAhora estoy a salvo\u201d, de Elizabeth Ca\u00f1izares Mart\u00edn, maestra del CEIP El Pinillo de Torremolinos.<\/li><li>\u201cEducar en Igualdad\u201d, de M\u00aa Cruz Rodr\u00edguez Mart\u00ednez, maestra del CEIP Mar\u00eda Zambrano de M\u00e1laga.<\/li><li>\u201cCon amor todo es mejor\u201d, de la comunidad educativa de la EI Peque\u00f1o Picasso 2 de M\u00e1laga.<\/li><li>\u201cCosechamos amor del bueno\u201d, de Ana Reguera Morales, maestra del CEIP Miguel de Cervantesde Ronda.<\/li><li>\u201cD\u00e9jame escapar\u201d, de Francisco Javier Coca \u00c1vila del IES Pintor Jos\u00e9 Mar\u00eda Fern\u00e1ndez de Antequera.<\/li><li>\u201cQueremos Paz, no mires para otro lado\u201d, de M\u00aa Jim\u00e9nez Rodr\u00edguez del CEIP Mar\u00eda de la O de M\u00e1laga.<\/li><li>\u201cEnlazados\u201d, de Ver\u00f3nica Marchal, maestra del CEIP Flor de Azahar de C\u00e1rtama.<\/li><li>\u201cPueden verse diferentes pero tienen el mismo valor\u201d, de Gisela Torres Dom\u00ednguez, alumna del IES Cartima de C\u00e1rtama.<\/li><li>\u201cEducaci\u00f3n de g\u00e9nero en el sistema educativo\u201d, de Ra\u00fal Le\u00f3n Mojeda, alumno del IES Polit\u00e9cnico Jes\u00fas Mar\u00edn de M\u00e1laga.<\/li><li>\u201cFlores en el pelo\u201d, de Francisco Javier Mu\u00f1oz Zamora, del CEIP Ricardo Le\u00f3n de M\u00e1laga.<\/li><li><\/li><\/ul>\n\n\n\n<p class=\"wp-block-paragraph\">Desde el CEP de Ronda damos la enhorabuena al equipo educativo del CEIP Juan Mart\u00edn Pinz\u00f3n y Miguel de Cervantes, en especial a sus dos docentes Maribel Delgado y Ana Reguera. <\/p>\n\n\n\n<figure class=\"wp-block-image\"><img loading=\"lazy\" decoding=\"async\" width=\"4500\" height=\"7200\" src=\"https:\/\/i0.wp.com\/cepronda.com\/blog\/wp-content\/uploads\/2018\/12\/calendario-2019-final-1-2.jpg?fit=640%2C1024\" alt=\"\" class=\"wp-image-2548\" srcset=\"https:\/\/i0.wp.com\/cepronda.com\/blog\/wp-content\/uploads\/2018\/12\/calendario-2019-final-1-2.jpg?w=4500&amp;ssl=1 4500w, https:\/\/i0.wp.com\/cepronda.com\/blog\/wp-content\/uploads\/2018\/12\/calendario-2019-final-1-2.jpg?resize=188%2C300&amp;ssl=1 188w, https:\/\/i0.wp.com\/cepronda.com\/blog\/wp-content\/uploads\/2018\/12\/calendario-2019-final-1-2.jpg?resize=768%2C1229&amp;ssl=1 768w, https:\/\/i0.wp.com\/cepronda.com\/blog\/wp-content\/uploads\/2018\/12\/calendario-2019-final-1-2.jpg?resize=640%2C1024&amp;ssl=1 640w, https:\/\/i0.wp.com\/cepronda.com\/blog\/wp-content\/uploads\/2018\/12\/calendario-2019-final-1-2.jpg?w=2340&amp;ssl=1 2340w, https:\/\/i0.wp.com\/cepronda.com\/blog\/wp-content\/uploads\/2018\/12\/calendario-2019-final-1-2.jpg?w=3510&amp;ssl=1 3510w\" sizes=\"auto, (max-width: 1170px) 100vw, 1170px\" \/><\/figure>\n","protected":false},"excerpt":{"rendered":"<p>Un nuevo calendario recoge los trabajos presentados a la novena edici\u00f3n del Concurso de Fotograf\u00eda \u201c\u00a1Stop! Violencia de g\u00e9nero\u201d. La delegada territorial de Educaci\u00f3n, Patricia Alba, la coordinadora provincial del Instituto Andaluz de la Mujer, Mar\u00eda del Carmen Moreno, y la responsable de la Unidad de Solidaridad Social y Educaci\u00f3n de la Fundaci\u00f3n Unicaja, Ana [&hellip;]<\/p>\n","protected":false},"author":3,"featured_media":0,"comment_status":"open","ping_status":"open","sticky":false,"template":"","format":"standard","meta":{"_crdt_document":"","advanced_seo_description":"","jetpack_seo_html_title":"","jetpack_seo_noindex":false,"jetpack_post_was_ever_published":false,"_jetpack_newsletter_access":"","_jetpack_dont_email_post_to_subs":false,"_jetpack_newsletter_tier_id":0,"_jetpack_memberships_contains_paywalled_content":false,"_jetpack_memberships_contains_paid_content":false,"footnotes":"","jetpack_publicize_message":"","jetpack_publicize_feature_enabled":true,"jetpack_social_post_already_shared":true,"jetpack_social_options":{"image_generator_settings":{"template":"highway","default_image_id":0,"font":"","enabled":false},"version":2}},"categories":[5],"tags":[231,180,37],"class_list":{"0":"post-2547","1":"post","2":"type-post","3":"status-publish","4":"format-standard","6":"category-noticias","7":"tag-certamen","8":"tag-concursos","9":"tag-igualdad","10":"czr-hentry"},"jetpack_publicize_connections":[],"jetpack_featured_media_url":"","jetpack_shortlink":"https:\/\/wp.me\/p8M4X7-F5","jetpack-related-posts":[{"id":1580,"url":"https:\/\/cepronda.com\/blog\/calendario-educativo-stop-violencia-de-genero\/","url_meta":{"origin":2547,"position":0},"title":"Calendario educativo STOP Violencia de g\u00e9nero","author":"V\u00edctor Caballero","date":"2 febrero, 2018","format":false,"excerpt":"\u00a1Hola familia!\u00a0 Queremos compartir con todos los centros de nuestra zona esta gran noticia, y es que tres fotograf\u00edas de centros de nuestro \u00e1mbito han sido elegidas para formar parte del calendario STOP Violencia de g\u00e9nero. Os dejo con la entrada recogida en el blog de valores de la delegaci\u00f3n\u2026","rel":"","context":"En \u00abNoticias\u00bb","block_context":{"text":"Noticias","link":"https:\/\/cepronda.com\/blog\/category\/noticias\/"},"img":{"alt_text":"","src":"https:\/\/i0.wp.com\/cepronda.com\/blog\/wp-content\/uploads\/2018\/02\/40020833951_7fa95a5d37_z.jpg?fit=400%2C640&ssl=1&resize=350%2C200","width":350,"height":200},"classes":[]},{"id":3084,"url":"https:\/\/cepronda.com\/blog\/iv-certamen-de-microrrelatos-sobre-violencia-de-genero-en-la-juventud-malaga-2019\/","url_meta":{"origin":2547,"position":1},"title":"IV Certamen de microrrelatos sobre Violencia de g\u00e9nero en la juventud &#8211; M\u00e1laga 2019","author":"V\u00edctor Caballero","date":"8 octubre, 2019","format":false,"excerpt":"Muy buenas, como ya publicamos hace unso d\u00edas ya est\u00e1 en marcha el IV Certamen de microrrelatos sobre violencia de g\u00e9nero. Desde la organizaci\u00f3n del mismo nos hacen llegar esta informaci\u00f3n que pasamos a compartir con todos y todas vosotras. Estimads amigs: Os adjuntamos una infograf\u00eda para ayudar al alumnado\u2026","rel":"","context":"En \u00abNoticias\u00bb","block_context":{"text":"Noticias","link":"https:\/\/cepronda.com\/blog\/category\/noticias\/"},"img":{"alt_text":"","src":"https:\/\/i0.wp.com\/cepronda.com\/blog\/wp-content\/uploads\/2019\/10\/image.png?fit=849%2C1200&ssl=1&resize=350%2C200","width":350,"height":200,"srcset":"https:\/\/i0.wp.com\/cepronda.com\/blog\/wp-content\/uploads\/2019\/10\/image.png?fit=849%2C1200&ssl=1&resize=350%2C200 1x, https:\/\/i0.wp.com\/cepronda.com\/blog\/wp-content\/uploads\/2019\/10\/image.png?fit=849%2C1200&ssl=1&resize=525%2C300 1.5x, https:\/\/i0.wp.com\/cepronda.com\/blog\/wp-content\/uploads\/2019\/10\/image.png?fit=849%2C1200&ssl=1&resize=700%2C400 2x"},"classes":[]},{"id":2501,"url":"https:\/\/cepronda.com\/blog\/premiados-en-el-iii-certamen-de-microrrelatos-sobre-violencia-de-genero-en-la-juventud\/","url_meta":{"origin":2547,"position":2},"title":"Premiados en el III CERTAMEN DE MICRORRELATOS SOBRE VIOLENCIA DE G\u00c9NERO EN LA JUVENTUD","author":"V\u00edctor Caballero","date":"30 noviembre, 2018","format":false,"excerpt":"Muy buenas, terminamos la semana con una magn\u00edfica noticia, y es que 3 relatos presentados por 3 alumnas del IES Profesor Gonzalo Huesa han sido seleccionados en el\u00a0III CERTAMEN DE MICRORRELATOS SOBREVIOLENCIA DE G\u00c9NERO EN LA JUVENTUD. Os dejamos con algunas fotos tomadas en el d\u00eda de la entrega de\u2026","rel":"","context":"En \u00abNoticias\u00bb","block_context":{"text":"Noticias","link":"https:\/\/cepronda.com\/blog\/category\/noticias\/"},"img":{"alt_text":"","src":"https:\/\/i0.wp.com\/cepronda.com\/blog\/wp-content\/uploads\/2018\/11\/Gonzalo-Huesa-premio.jpg?fit=576%2C1024&ssl=1&resize=350%2C200","width":350,"height":200,"srcset":"https:\/\/i0.wp.com\/cepronda.com\/blog\/wp-content\/uploads\/2018\/11\/Gonzalo-Huesa-premio.jpg?fit=576%2C1024&ssl=1&resize=350%2C200 1x, https:\/\/i0.wp.com\/cepronda.com\/blog\/wp-content\/uploads\/2018\/11\/Gonzalo-Huesa-premio.jpg?fit=576%2C1024&ssl=1&resize=525%2C300 1.5x"},"classes":[]},{"id":400,"url":"https:\/\/cepronda.com\/blog\/pildora-formate-en-5-minutos-en-materia-de-genero\/","url_meta":{"origin":2547,"position":3},"title":"P\u00edldora: F\u00f3rmate en 5 minutos en materia de g\u00e9nero","author":"V\u00edctor Caballero","date":"1 diciembre, 2016","format":false,"excerpt":"La violencia de g\u00e9nero es la expresi\u00f3n m\u00e1s grave de la discriminaci\u00f3n y de la situaci\u00f3n de desigualdad de las mujeres, ya que se ejerce sobre \u00e9stas por el hecho de serlo. Es un problema que requiere para su erradicaci\u00f3n de la implicaci\u00f3n de toda la sociedad y de respuestas\u2026","rel":"","context":"En \u00abNoticias\u00bb","block_context":{"text":"Noticias","link":"https:\/\/cepronda.com\/blog\/category\/noticias\/"},"img":{"alt_text":"","src":"","width":0,"height":0},"classes":[]},{"id":2272,"url":"https:\/\/cepronda.com\/blog\/iii-certamen-de-microrrelatos-sobre-violencia-de-genero-en-la-juventud-malaga-2018\/","url_meta":{"origin":2547,"position":4},"title":"III Certamen de Microrrelatos sobre Violencia de g\u00e9nero en la juventud &#8211; M\u00e1laga 2018","author":"V\u00edctor Caballero","date":"7 septiembre, 2018","format":false,"excerpt":"Muy buenas de nuevo familia.\u00a0 Hoy queremos compartir con todas y todos vosotros una iniciativa que nos ha llegado por medio de Antonio Poleo. Se trata del III Certamen de Microrrelatos sobre violencia de g\u00e9nero en la juventud. Va dirigido a j\u00f3venes hasta 20 a\u00f1os, as\u00ed que pod\u00e9is participar con\u2026","rel":"","context":"En \u00abNoticias\u00bb","block_context":{"text":"Noticias","link":"https:\/\/cepronda.com\/blog\/category\/noticias\/"},"img":{"alt_text":"","src":"https:\/\/i0.wp.com\/cepronda.com\/blog\/wp-content\/uploads\/2018\/09\/Cartel_Microrrelatos.png?fit=608%2C855&ssl=1&resize=350%2C200","width":350,"height":200,"srcset":"https:\/\/i0.wp.com\/cepronda.com\/blog\/wp-content\/uploads\/2018\/09\/Cartel_Microrrelatos.png?fit=608%2C855&ssl=1&resize=350%2C200 1x, https:\/\/i0.wp.com\/cepronda.com\/blog\/wp-content\/uploads\/2018\/09\/Cartel_Microrrelatos.png?fit=608%2C855&ssl=1&resize=525%2C300 1.5x"},"classes":[]},{"id":3331,"url":"https:\/\/cepronda.com\/blog\/educacion-afectivo-sexual-en-nuestros-centros\/","url_meta":{"origin":2547,"position":5},"title":"Educaci\u00f3n afectivo sexual en nuestros centros","author":"V\u00edctor Caballero","date":"13 enero, 2020","format":false,"excerpt":"\u00a1Hola de nuevo! Volvemos a compartir con todas y todos vosotros este curso de educaci\u00f3n afectivo sexual que creemos puede resultar muy interesante y de gran aplicabilidad en el aula. Se trata de 5 sesiones, una cada mes, y donde trabajremos violencia de g\u00e9nero, nuevas masculinidades, educaci\u00f3n afectivo sexual y\u2026","rel":"","context":"En \u00abFormaciones\u00bb","block_context":{"text":"Formaciones","link":"https:\/\/cepronda.com\/blog\/category\/formaciones\/"},"img":{"alt_text":"","src":"https:\/\/i0.wp.com\/cepronda.com\/blog\/wp-content\/uploads\/2020\/01\/EDUCACI%C3%93N-AFECTIVO-SEXUAL-EN-NUESTROS-CENTROS_-WE-LOVE-EDUCACI%C3%93N-SEXUAL-Y-COEDUCACI%C3%93N.jpg?fit=848%2C1200&ssl=1&resize=350%2C200","width":350,"height":200,"srcset":"https:\/\/i0.wp.com\/cepronda.com\/blog\/wp-content\/uploads\/2020\/01\/EDUCACI%C3%93N-AFECTIVO-SEXUAL-EN-NUESTROS-CENTROS_-WE-LOVE-EDUCACI%C3%93N-SEXUAL-Y-COEDUCACI%C3%93N.jpg?fit=848%2C1200&ssl=1&resize=350%2C200 1x, https:\/\/i0.wp.com\/cepronda.com\/blog\/wp-content\/uploads\/2020\/01\/EDUCACI%C3%93N-AFECTIVO-SEXUAL-EN-NUESTROS-CENTROS_-WE-LOVE-EDUCACI%C3%93N-SEXUAL-Y-COEDUCACI%C3%93N.jpg?fit=848%2C1200&ssl=1&resize=525%2C300 1.5x, https:\/\/i0.wp.com\/cepronda.com\/blog\/wp-content\/uploads\/2020\/01\/EDUCACI%C3%93N-AFECTIVO-SEXUAL-EN-NUESTROS-CENTROS_-WE-LOVE-EDUCACI%C3%93N-SEXUAL-Y-COEDUCACI%C3%93N.jpg?fit=848%2C1200&ssl=1&resize=700%2C400 2x"},"classes":[]}],"jetpack_sharing_enabled":true,"_links":{"self":[{"href":"https:\/\/cepronda.com\/blog\/wp-json\/wp\/v2\/posts\/2547","targetHints":{"allow":["GET"]}}],"collection":[{"href":"https:\/\/cepronda.com\/blog\/wp-json\/wp\/v2\/posts"}],"about":[{"href":"https:\/\/cepronda.com\/blog\/wp-json\/wp\/v2\/types\/post"}],"author":[{"embeddable":true,"href":"https:\/\/cepronda.com\/blog\/wp-json\/wp\/v2\/users\/3"}],"replies":[{"embeddable":true,"href":"https:\/\/cepronda.com\/blog\/wp-json\/wp\/v2\/comments?post=2547"}],"version-history":[{"count":1,"href":"https:\/\/cepronda.com\/blog\/wp-json\/wp\/v2\/posts\/2547\/revisions"}],"predecessor-version":[{"id":2549,"href":"https:\/\/cepronda.com\/blog\/wp-json\/wp\/v2\/posts\/2547\/revisions\/2549"}],"wp:attachment":[{"href":"https:\/\/cepronda.com\/blog\/wp-json\/wp\/v2\/media?parent=2547"}],"wp:term":[{"taxonomy":"category","embeddable":true,"href":"https:\/\/cepronda.com\/blog\/wp-json\/wp\/v2\/categories?post=2547"},{"taxonomy":"post_tag","embeddable":true,"href":"https:\/\/cepronda.com\/blog\/wp-json\/wp\/v2\/tags?post=2547"}],"curies":[{"name":"wp","href":"https:\/\/api.w.org\/{rel}","templated":true}]}}