{"id":2543,"date":"2018-12-20T09:48:11","date_gmt":"2018-12-20T08:48:11","guid":{"rendered":"http:\/\/cepronda.com\/blog\/?p=2543"},"modified":"2025-04-25T12:07:29","modified_gmt":"2025-04-25T10:07:29","slug":"concurso-de-dibujo-mujer-y-astronomia","status":"publish","type":"post","link":"https:\/\/cepronda.com\/blog\/concurso-de-dibujo-mujer-y-astronomia\/","title":{"rendered":"CONCURSO DE DIBUJO MUJER Y ASTRONOM\u00cdA"},"content":{"rendered":"\n<p class=\"wp-block-paragraph\">Muy buenas familia, compartimos con todas y todos vosotros este concurso de dibujo que creemos puede ser muy interesante. Os adjuntamos las bases donde encontrar toda la informaci\u00f3n.<\/p>\n\n\n\n<div class=\"wp-block-file\"><a href=\"http:\/\/cepronda.com\/blog\/wp-content\/uploads\/2018\/12\/Concurso_Dibujo_SEA_2019.pdf\">Concurso_Dibujo_SEA_2019<\/a><a href=\"http:\/\/cepronda.com\/blog\/wp-content\/uploads\/2018\/12\/Concurso_Dibujo_SEA_2019.pdf\" class=\"wp-block-file__button\" download>Descargar<\/a><\/div>\n\n\n\n<p class=\"wp-block-paragraph\">La Sociedad Espa\u00f1ola de Astronom\u00eda a trav\u00e9s de su Comisi\u00f3n de Mujer y Astronom\u00eda, convoca un concurso de dibujo para escolares como parte de las actividades que se realizar\u00e1n con motivo del 11 de Febrero, D\u00eda Internacional de la Mujer y la Ni\u00f1a en Ciencia.<\/p>\n\n\n\n<p class=\"wp-block-paragraph\">Podr\u00e1n participar ni\u00f1os en edad escolar, entre 4 y 15 a\u00f1os, con dos categor\u00edas<br> Categor\u00eda 1: Ni\u00f1os de ense\u00f1anza primaria (entre 4 y 10 a\u00f1os).<br> Categor\u00eda 2: Ni\u00f1os de ense\u00f1anza secundaria (entre 10 y 15).<\/p>\n\n\n\n<p class=\"wp-block-paragraph\">Desde aqu\u00ed os animamos a participar. Un saludo.<\/p>\n\n\n\n<figure class=\"wp-block-image\"><img loading=\"lazy\" decoding=\"async\" width=\"2438\" height=\"1600\" src=\"https:\/\/i2.wp.com\/cepronda.com\/blog\/wp-content\/uploads\/2018\/12\/concurso-mujres-y-astronomia.jpg?fit=1024%2C672\" alt=\"\" class=\"wp-image-2544\" srcset=\"https:\/\/i0.wp.com\/cepronda.com\/blog\/wp-content\/uploads\/2018\/12\/concurso-mujres-y-astronomia.jpg?w=2438&amp;ssl=1 2438w, https:\/\/i0.wp.com\/cepronda.com\/blog\/wp-content\/uploads\/2018\/12\/concurso-mujres-y-astronomia.jpg?resize=300%2C197&amp;ssl=1 300w, https:\/\/i0.wp.com\/cepronda.com\/blog\/wp-content\/uploads\/2018\/12\/concurso-mujres-y-astronomia.jpg?resize=768%2C504&amp;ssl=1 768w, https:\/\/i0.wp.com\/cepronda.com\/blog\/wp-content\/uploads\/2018\/12\/concurso-mujres-y-astronomia.jpg?resize=1024%2C672&amp;ssl=1 1024w, https:\/\/i0.wp.com\/cepronda.com\/blog\/wp-content\/uploads\/2018\/12\/concurso-mujres-y-astronomia.jpg?w=2340&amp;ssl=1 2340w\" sizes=\"auto, (max-width: 1170px) 100vw, 1170px\" \/><\/figure>\n","protected":false},"excerpt":{"rendered":"<p>Muy buenas familia, compartimos con todas y todos vosotros este concurso de dibujo que creemos puede ser muy interesante. Os adjuntamos las bases donde encontrar toda la informaci\u00f3n. La Sociedad Espa\u00f1ola de Astronom\u00eda a trav\u00e9s de su Comisi\u00f3n de Mujer y Astronom\u00eda, convoca un concurso de dibujo para escolares como parte de las actividades que [&hellip;]<\/p>\n","protected":false},"author":3,"featured_media":2544,"comment_status":"open","ping_status":"open","sticky":false,"template":"","format":"standard","meta":{"_crdt_document":"","advanced_seo_description":"","jetpack_seo_html_title":"","jetpack_seo_noindex":false,"jetpack_post_was_ever_published":false,"_jetpack_newsletter_access":"","_jetpack_dont_email_post_to_subs":false,"_jetpack_newsletter_tier_id":0,"_jetpack_memberships_contains_paywalled_content":false,"_jetpack_memberships_contains_paid_content":false,"footnotes":"","jetpack_publicize_message":"","jetpack_publicize_feature_enabled":true,"jetpack_social_post_already_shared":true,"jetpack_social_options":{"image_generator_settings":{"template":"highway","default_image_id":0,"font":"","enabled":false},"version":2}},"categories":[5],"tags":[149,231,180,37],"class_list":{"0":"post-2543","1":"post","2":"type-post","3":"status-publish","4":"format-standard","5":"has-post-thumbnail","7":"category-noticias","8":"tag-astronomia","9":"tag-certamen","10":"tag-concursos","11":"tag-igualdad","12":"czr-hentry"},"jetpack_publicize_connections":[],"jetpack_featured_media_url":"https:\/\/i0.wp.com\/cepronda.com\/blog\/wp-content\/uploads\/2018\/12\/concurso-mujres-y-astronomia.jpg?fit=2438%2C1600&ssl=1","jetpack_shortlink":"https:\/\/wp.me\/p8M4X7-F1","jetpack-related-posts":[{"id":1651,"url":"https:\/\/cepronda.com\/blog\/concurso-de-dibujo-y-microrrelatos-esta-es-mi-familia\/","url_meta":{"origin":2543,"position":0},"title":"Concurso de dibujo y microrrelatos \u00abEsta es mi familia\u00bb","author":"V\u00edctor Caballero","date":"23 marzo, 2018","format":false,"excerpt":"\u00a1Muy buenas familia! Hoy viernes, antes de tomarnos nuestra merecida semana de vacaciones, os dejamos con esta informaci\u00f3n que nos ha llegado desde la Delegaci\u00f3n de Educaci\u00f3n de M\u00e1laga. La FELGTB (Federaci\u00f3n Estatal de Lesbianas, Gais, Transexuales y Bisexuales)\u00a0\u00a0convoca la Segunda Edici\u00f3n del Concurso de dibujo y microrrelatos para ni\u00f1as,\u2026","rel":"","context":"En \u00abNoticias\u00bb","block_context":{"text":"Noticias","link":"https:\/\/cepronda.com\/blog\/category\/noticias\/"},"img":{"alt_text":"","src":"https:\/\/i0.wp.com\/cepronda.com\/blog\/wp-content\/uploads\/2018\/03\/concurso-familias-1.jpg?resize=350%2C200","width":350,"height":200},"classes":[]},{"id":3469,"url":"https:\/\/cepronda.com\/blog\/ii-concurso-de-dibujo-y-relato-corto-por-un-mundo-en-igualdad-del-plan-director\/","url_meta":{"origin":2543,"position":1},"title":"II Concurso de dibujo y relato corto \u201cPor un mundo en igualdad\u201d del Plan Director","author":"V\u00edctor Caballero","date":"9 marzo, 2020","format":false,"excerpt":"La Subdelegaci\u00f3n del Gobierno, a trav\u00e9s del\u00a0Plan Director\u00a0y de la Unidad contra la violencia sobre la mujer, organiza, con motivo del 8M, la segunda edici\u00f3n del Concurso de Dibujo y Relato Corto\u00a0\u00abPor un mundo en igualdad\u00bb\u00a0en colaboraci\u00f3n con la Fundaci\u00f3n M\u00e1laga CF, la Fundaci\u00f3n Cueva de Nerja y El Corte\u2026","rel":"","context":"En \u00abNoticias\u00bb","block_context":{"text":"Noticias","link":"https:\/\/cepronda.com\/blog\/category\/noticias\/"},"img":{"alt_text":"","src":"https:\/\/i0.wp.com\/cepronda.com\/blog\/wp-content\/uploads\/2020\/03\/plan-director.png?resize=350%2C200","width":350,"height":200},"classes":[]},{"id":7581,"url":"https:\/\/cepronda.com\/blog\/astronomia-y-astrocultura\/","url_meta":{"origin":2543,"position":2},"title":"ASTRONOM\u00cdA Y ASTROCULTURA","author":"Mamen Moreno","date":"18 abril, 2024","format":false,"excerpt":"Se encuentra abierto el plazo de inscripci\u00f3n de la actividad \"ASTRONOM\u00cdA Y ASTROCULTURA\"\u00a0 con c\u00f3digo 242924GE055. Ponentes: Rosa Mar\u00eda\u00a0Ros Ferr\u00e9 y\u00a0Ederlinda Vi\u00f1uales Gavin de la Asociaci\u00f3n NASE (Network for Astronomy School Education). Fecha inscripci\u00f3n:\u00a018\/04\/2024 hasta 03\/05\/2024 Horas presenciales: 9 h Fecha actividad: 07, 08 y 09 de mayo de 2024\u2026","rel":"","context":"En \u00abFormaciones\u00bb","block_context":{"text":"Formaciones","link":"https:\/\/cepronda.com\/blog\/category\/formaciones\/"},"img":{"alt_text":"","src":"https:\/\/i0.wp.com\/cepronda.com\/blog\/wp-content\/uploads\/2024\/04\/ASTRONOMIA-1.png?fit=1080%2C1080&ssl=1&resize=350%2C200","width":350,"height":200,"srcset":"https:\/\/i0.wp.com\/cepronda.com\/blog\/wp-content\/uploads\/2024\/04\/ASTRONOMIA-1.png?fit=1080%2C1080&ssl=1&resize=350%2C200 1x, https:\/\/i0.wp.com\/cepronda.com\/blog\/wp-content\/uploads\/2024\/04\/ASTRONOMIA-1.png?fit=1080%2C1080&ssl=1&resize=525%2C300 1.5x, https:\/\/i0.wp.com\/cepronda.com\/blog\/wp-content\/uploads\/2024\/04\/ASTRONOMIA-1.png?fit=1080%2C1080&ssl=1&resize=700%2C400 2x, https:\/\/i0.wp.com\/cepronda.com\/blog\/wp-content\/uploads\/2024\/04\/ASTRONOMIA-1.png?fit=1080%2C1080&ssl=1&resize=1050%2C600 3x"},"classes":[]},{"id":3381,"url":"https:\/\/cepronda.com\/blog\/i-certamen-de-pintura-y-dibujo-2020-hacer-lo-invisible-visible\/","url_meta":{"origin":2543,"position":3},"title":"I CERTAMEN DE PINTURA Y DIBUJO 2020 Hacer lo Invisible, Visible","author":"V\u00edctor Caballero","date":"3 febrero, 2020","format":false,"excerpt":"Muy buenas, Comenzamos la semana compartiendo este certamen por parte de la Concejal\u00eda de Mujer del Ayuntamiento de Ronda que convoca el I Certamen de Pintura y dibujo \u201cHacer lo invisible, visible\u201d, contra la violencia hacia las mujeres, con el fin de plasmar la situaci\u00f3n de maltrato f\u00edsico, psicol\u00f3gico, sexual\u2026","rel":"","context":"En \u00abNoticias\u00bb","block_context":{"text":"Noticias","link":"https:\/\/cepronda.com\/blog\/category\/noticias\/"},"img":{"alt_text":"","src":"https:\/\/i0.wp.com\/cepronda.com\/blog\/wp-content\/uploads\/2020\/02\/Certamen-dibujo.jpg?fit=534%2C800&ssl=1&resize=350%2C200","width":350,"height":200,"srcset":"https:\/\/i0.wp.com\/cepronda.com\/blog\/wp-content\/uploads\/2020\/02\/Certamen-dibujo.jpg?fit=534%2C800&ssl=1&resize=350%2C200 1x, https:\/\/i0.wp.com\/cepronda.com\/blog\/wp-content\/uploads\/2020\/02\/Certamen-dibujo.jpg?fit=534%2C800&ssl=1&resize=525%2C300 1.5x"},"classes":[]},{"id":2086,"url":"https:\/\/cepronda.com\/blog\/concurso-artistico-disemfe\/","url_meta":{"origin":2543,"position":4},"title":"Concurso art\u00edstico  DISEMFE","author":"V\u00edctor Caballero","date":"6 junio, 2018","format":false,"excerpt":"\u00a1Muy buenas! Nos ha llegado al CEP esta informaci\u00f3n que creemos que os puede resultar interesante. Va dirigida a Infantil, Primaria y Secundaria, y se trata de un concurso art\u00edstico, con tres modalidades: pintura, dibujo y c\u00f3mic. Os dejo con el enlace del concurso, y m\u00e1s abajo os pego la\u2026","rel":"","context":"En \u00abNoticias\u00bb","block_context":{"text":"Noticias","link":"https:\/\/cepronda.com\/blog\/category\/noticias\/"},"img":{"alt_text":"","src":"https:\/\/i0.wp.com\/cepronda.com\/blog\/wp-content\/uploads\/2018\/06\/Cartel_conc_pg_web.jpg?fit=909%2C1137&ssl=1&resize=350%2C200","width":350,"height":200,"srcset":"https:\/\/i0.wp.com\/cepronda.com\/blog\/wp-content\/uploads\/2018\/06\/Cartel_conc_pg_web.jpg?fit=909%2C1137&ssl=1&resize=350%2C200 1x, https:\/\/i0.wp.com\/cepronda.com\/blog\/wp-content\/uploads\/2018\/06\/Cartel_conc_pg_web.jpg?fit=909%2C1137&ssl=1&resize=525%2C300 1.5x, https:\/\/i0.wp.com\/cepronda.com\/blog\/wp-content\/uploads\/2018\/06\/Cartel_conc_pg_web.jpg?fit=909%2C1137&ssl=1&resize=700%2C400 2x"},"classes":[]},{"id":245,"url":"https:\/\/cepronda.com\/blog\/concurso-consumopolis12\/","url_meta":{"origin":2543,"position":5},"title":"Concurso Consum\u00f3polis12","author":"V\u00edctor Caballero","date":"27 octubre, 2016","format":false,"excerpt":"\u00a1Hola de nuevo! Nos acaba de llegar un concurso para tercer ciclo de primaria, y para 1\u00ba,2\u00ba,3\u00ba y 4\u00ba de ESO que creemos puede ser muy interesante. Es un concurso on-line\u00a0sobre consumo responsable con el lema \u201cInternet: \u00bfhaces un uso responsable?\u201d, y tiene como objetivo ofrecer a la comunidad escolar\u2026","rel":"","context":"En \u00abNoticias\u00bb","block_context":{"text":"Noticias","link":"https:\/\/cepronda.com\/blog\/category\/noticias\/"},"img":{"alt_text":"consumopolis","src":"https:\/\/i0.wp.com\/cepronda.com\/blog\/wp-content\/uploads\/2016\/10\/consum%C3%B3polis-300x77.png?resize=350%2C200","width":350,"height":200},"classes":[]}],"jetpack_sharing_enabled":true,"_links":{"self":[{"href":"https:\/\/cepronda.com\/blog\/wp-json\/wp\/v2\/posts\/2543","targetHints":{"allow":["GET"]}}],"collection":[{"href":"https:\/\/cepronda.com\/blog\/wp-json\/wp\/v2\/posts"}],"about":[{"href":"https:\/\/cepronda.com\/blog\/wp-json\/wp\/v2\/types\/post"}],"author":[{"embeddable":true,"href":"https:\/\/cepronda.com\/blog\/wp-json\/wp\/v2\/users\/3"}],"replies":[{"embeddable":true,"href":"https:\/\/cepronda.com\/blog\/wp-json\/wp\/v2\/comments?post=2543"}],"version-history":[{"count":1,"href":"https:\/\/cepronda.com\/blog\/wp-json\/wp\/v2\/posts\/2543\/revisions"}],"predecessor-version":[{"id":2546,"href":"https:\/\/cepronda.com\/blog\/wp-json\/wp\/v2\/posts\/2543\/revisions\/2546"}],"wp:featuredmedia":[{"embeddable":true,"href":"https:\/\/cepronda.com\/blog\/wp-json\/wp\/v2\/media\/2544"}],"wp:attachment":[{"href":"https:\/\/cepronda.com\/blog\/wp-json\/wp\/v2\/media?parent=2543"}],"wp:term":[{"taxonomy":"category","embeddable":true,"href":"https:\/\/cepronda.com\/blog\/wp-json\/wp\/v2\/categories?post=2543"},{"taxonomy":"post_tag","embeddable":true,"href":"https:\/\/cepronda.com\/blog\/wp-json\/wp\/v2\/tags?post=2543"}],"curies":[{"name":"wp","href":"https:\/\/api.w.org\/{rel}","templated":true}]}}