{"id":2522,"date":"2018-12-05T17:18:13","date_gmt":"2018-12-05T16:18:13","guid":{"rendered":"http:\/\/cepronda.com\/blog\/?p=2522"},"modified":"2018-12-05T17:18:21","modified_gmt":"2018-12-05T16:18:21","slug":"el-ies-perez-de-guzman-reconocido-como-centro-promotor-convivencia","status":"publish","type":"post","link":"https:\/\/cepronda.com\/blog\/el-ies-perez-de-guzman-reconocido-como-centro-promotor-convivencia\/","title":{"rendered":"El IES P\u00e9rez de Guzm\u00e1n reconocido como centro promotor Convivencia+"},"content":{"rendered":"\n<p class=\"wp-block-paragraph\">\u00a1Hola de nuevo!<\/p>\n\n\n\n<p class=\"wp-block-paragraph\">Compartimos con todas y todos vosotros, la noticia de que el IES P\u00e9rez de Guzm\u00e1n ha sido reconocido como centro promotor Convivencia + dentro de la\u00a0Resoluci\u00f3n de 28 de noviembre de 2018, de la Direcci\u00f3n General de Participaci\u00f3n y Equidad, por la que se reconocen centros docentes pertenecientes a la Red Andaluza Escuela: Espacio de Paz como Centros Promotores de Convivencia Positiva (Convivencia+), durante el curso 2017\/2018.<\/p>\n\n\n\n<p class=\"wp-block-paragraph\">Desde aqu\u00ed queremos dar la enhorabuena a toda la comunidad educativa del IES P\u00e9rez de Guzm\u00e1n por el trabajo que est\u00e1 realizando en este sentido.\u00a0<\/p>\n\n\n\n<figure class=\"wp-block-image\"><img data-recalc-dims=\"1\" loading=\"lazy\" decoding=\"async\" width=\"531\" height=\"471\" src=\"https:\/\/i0.wp.com\/cepronda.com\/blog\/wp-content\/uploads\/2018\/12\/convivencia.jpg?resize=531%2C471\" alt=\"\" class=\"wp-image-2523\" srcset=\"https:\/\/i0.wp.com\/cepronda.com\/blog\/wp-content\/uploads\/2018\/12\/convivencia.jpg?w=531&amp;ssl=1 531w, https:\/\/i0.wp.com\/cepronda.com\/blog\/wp-content\/uploads\/2018\/12\/convivencia.jpg?resize=300%2C266&amp;ssl=1 300w\" sizes=\"auto, (max-width: 531px) 100vw, 531px\" \/><\/figure>\n","protected":false},"excerpt":{"rendered":"<p>\u00a1Hola de nuevo! Compartimos con todas y todos vosotros, la noticia de que el IES P\u00e9rez de Guzm\u00e1n ha sido reconocido como centro promotor Convivencia + dentro de la\u00a0Resoluci\u00f3n de 28 de noviembre de 2018, de la Direcci\u00f3n General de Participaci\u00f3n y Equidad, por la que se reconocen centros docentes pertenecientes a la Red Andaluza [&hellip;]<\/p>\n","protected":false},"author":3,"featured_media":2523,"comment_status":"open","ping_status":"open","sticky":false,"template":"","format":"standard","meta":{"_crdt_document":"","advanced_seo_description":"","jetpack_seo_html_title":"","jetpack_seo_noindex":false,"jetpack_post_was_ever_published":false,"_jetpack_newsletter_access":"","_jetpack_dont_email_post_to_subs":false,"_jetpack_newsletter_tier_id":0,"_jetpack_memberships_contains_paywalled_content":false,"_jetpack_memberships_contains_paid_content":false,"footnotes":"","jetpack_publicize_message":"","jetpack_publicize_feature_enabled":true,"jetpack_social_post_already_shared":true,"jetpack_social_options":{"image_generator_settings":{"template":"highway","default_image_id":0,"font":"","enabled":false},"version":2}},"categories":[5],"tags":[146],"class_list":{"0":"post-2522","1":"post","2":"type-post","3":"status-publish","4":"format-standard","5":"has-post-thumbnail","7":"category-noticias","8":"tag-convivencia","9":"czr-hentry"},"jetpack_publicize_connections":[],"jetpack_featured_media_url":"https:\/\/i0.wp.com\/cepronda.com\/blog\/wp-content\/uploads\/2018\/12\/convivencia.jpg?fit=531%2C471&ssl=1","jetpack_shortlink":"https:\/\/wp.me\/p8M4X7-EG","jetpack-related-posts":[{"id":5496,"url":"https:\/\/cepronda.com\/blog\/proyecto-proyectoedia-ies-perez-de-guzman-ronda\/","url_meta":{"origin":2522,"position":0},"title":"PROYECTO @proyectoEDIA. IES P\u00e9rez de Guzm\u00e1n. Ronda.","author":"Mamen Moreno","date":"21 septiembre, 2022","format":false,"excerpt":"Felicidades por vuestra participaci\u00f3n en el INTEF del Ministerio de Educaci\u00f3n compartiendo vuestra experiencia de uso de los REA, recursos educativos abiertos del #proyectoEDIA como v\u00eda para la mejora del aprendizaje competencial, de la motivaci\u00f3n, de la convivencia y de la autonom\u00eda del alumnado @educaINTEF, @proyectoEDIA, @exelearning_sp #5JE_REAventura. \u00a0 \u00a0\u2026","rel":"","context":"En \u00abNoticias\u00bb","block_context":{"text":"Noticias","link":"https:\/\/cepronda.com\/blog\/category\/noticias\/"},"img":{"alt_text":"","src":"https:\/\/i0.wp.com\/cepronda.com\/blog\/wp-content\/uploads\/2022\/09\/302545866_1225219891358916_8588385042584351171_n.jpg?fit=600%2C450&ssl=1&resize=350%2C200","width":350,"height":200,"srcset":"https:\/\/i0.wp.com\/cepronda.com\/blog\/wp-content\/uploads\/2022\/09\/302545866_1225219891358916_8588385042584351171_n.jpg?fit=600%2C450&ssl=1&resize=350%2C200 1x, https:\/\/i0.wp.com\/cepronda.com\/blog\/wp-content\/uploads\/2022\/09\/302545866_1225219891358916_8588385042584351171_n.jpg?fit=600%2C450&ssl=1&resize=525%2C300 1.5x"},"classes":[]},{"id":5355,"url":"https:\/\/cepronda.com\/blog\/fpa-ies-perez-de-guzman\/","url_meta":{"origin":2522,"position":1},"title":"FPA IES P\u00c9REZ DE GUZM\u00c1N","author":"Maribel Mu\u00f1oz","date":"1 junio, 2022","format":false,"excerpt":"Buenas tardes compa\u00f1eras y compa\u00f1eros, Os informamos que desde el IES P\u00e9rez de Guzm\u00e1n se van a ofertar para el pr\u00f3ximo curso, entre otros, estos tres ciclos formativos: *T\u00c9CNICO SUPERIOR EN PROCESOS Y CALIDAD EN LA INDUSTRIA ALIMENTARIA *T\u00c9CNICO EN ATENCI\u00d3N A PERSONAS EN SITUACI\u00d3N DE DEPENDENCIA DUAL *T\u00c9CNICO EN\u2026","rel":"","context":"En \u00abFormaciones\u00bb","block_context":{"text":"Formaciones","link":"https:\/\/cepronda.com\/blog\/category\/formaciones\/"},"img":{"alt_text":"","src":"https:\/\/i0.wp.com\/cepronda.com\/blog\/wp-content\/uploads\/2020\/03\/S%C2%B0mbolo-gen%C3%87rico-RRSS-redondo-negativo.png?fit=1200%2C1200&ssl=1&resize=350%2C200","width":350,"height":200,"srcset":"https:\/\/i0.wp.com\/cepronda.com\/blog\/wp-content\/uploads\/2020\/03\/S%C2%B0mbolo-gen%C3%87rico-RRSS-redondo-negativo.png?fit=1200%2C1200&ssl=1&resize=350%2C200 1x, https:\/\/i0.wp.com\/cepronda.com\/blog\/wp-content\/uploads\/2020\/03\/S%C2%B0mbolo-gen%C3%87rico-RRSS-redondo-negativo.png?fit=1200%2C1200&ssl=1&resize=525%2C300 1.5x, https:\/\/i0.wp.com\/cepronda.com\/blog\/wp-content\/uploads\/2020\/03\/S%C2%B0mbolo-gen%C3%87rico-RRSS-redondo-negativo.png?fit=1200%2C1200&ssl=1&resize=700%2C400 2x, https:\/\/i0.wp.com\/cepronda.com\/blog\/wp-content\/uploads\/2020\/03\/S%C2%B0mbolo-gen%C3%87rico-RRSS-redondo-negativo.png?fit=1200%2C1200&ssl=1&resize=1050%2C600 3x"},"classes":[]},{"id":2155,"url":"https:\/\/cepronda.com\/blog\/nuevas-titulaciones-en-el-ies-perez-de-guzman\/","url_meta":{"origin":2522,"position":2},"title":"Nuevas titulaciones en el IES P\u00e9rez de Guzm\u00e1n","author":"V\u00edctor Caballero","date":"11 junio, 2018","format":false,"excerpt":"\u00a1Hola de nuevo! Seguimos informando de novedades en nuestros centros, en este caso nos acercamos al IES P\u00e9rez de Guzm\u00e1n donde nos informan de nuevas titulaciones, de nuevos\u00a0Ciclos Formativos: CFGS Animaci\u00f3n Sociocultural y Tur\u00edstica. Formaci\u00f3n DUAL, formaci\u00f3n empresa-instituto. Formaci\u00f3n B\u00e1sica de Actividades Dom\u00e9sticas y Limpieza de Edificios. Formaci\u00f3n DUAL, formaci\u00f3n\u2026","rel":"","context":"En \u00abNoticias\u00bb","block_context":{"text":"Noticias","link":"https:\/\/cepronda.com\/blog\/category\/noticias\/"},"img":{"alt_text":"","src":"https:\/\/i0.wp.com\/cepronda.com\/blog\/wp-content\/uploads\/2018\/06\/IMG-20180611-WA0002.jpg?fit=849%2C1200&ssl=1&resize=350%2C200","width":350,"height":200,"srcset":"https:\/\/i0.wp.com\/cepronda.com\/blog\/wp-content\/uploads\/2018\/06\/IMG-20180611-WA0002.jpg?fit=849%2C1200&ssl=1&resize=350%2C200 1x, https:\/\/i0.wp.com\/cepronda.com\/blog\/wp-content\/uploads\/2018\/06\/IMG-20180611-WA0002.jpg?fit=849%2C1200&ssl=1&resize=525%2C300 1.5x, https:\/\/i0.wp.com\/cepronda.com\/blog\/wp-content\/uploads\/2018\/06\/IMG-20180611-WA0002.jpg?fit=849%2C1200&ssl=1&resize=700%2C400 2x"},"classes":[]},{"id":5033,"url":"https:\/\/cepronda.com\/blog\/atencion-sociosanitaria-a-personas-dependientes-en-instituciones-sociales\/","url_meta":{"origin":2522,"position":3},"title":"ATENCI\u00d3N SOCIOSANITARIA A PERSONAS DEPENDIENTES EN INSTITUCIONES SOCIALES","author":"Antonio Montes","date":"2 febrero, 2022","format":false,"excerpt":"Buenos d\u00edas Os informamos que en el IES P\u00e9rez de Guzm\u00e1n se va a llevar a cabo el curso siguiente: ATENCI\u00d3N SOCIOSANITARIA A PERSONAS DEPENDIENTES EN INSTITUCIONES SOCIALES (Certificado de Profesionalidad, con pr\u00e1cticas profesionales). Tendr\u00e1 una duraci\u00f3n de 450 horas y se desarrollar\u00e1 a partir del mes de febrero, de\u2026","rel":"","context":"En \u00abFormaciones\u00bb","block_context":{"text":"Formaciones","link":"https:\/\/cepronda.com\/blog\/category\/formaciones\/"},"img":{"alt_text":"","src":"https:\/\/i0.wp.com\/cepronda.com\/blog\/wp-content\/uploads\/2022\/02\/aTENCION-SOCIOSANITARIO-3.png?fit=849%2C1200&ssl=1&resize=350%2C200","width":350,"height":200,"srcset":"https:\/\/i0.wp.com\/cepronda.com\/blog\/wp-content\/uploads\/2022\/02\/aTENCION-SOCIOSANITARIO-3.png?fit=849%2C1200&ssl=1&resize=350%2C200 1x, https:\/\/i0.wp.com\/cepronda.com\/blog\/wp-content\/uploads\/2022\/02\/aTENCION-SOCIOSANITARIO-3.png?fit=849%2C1200&ssl=1&resize=525%2C300 1.5x, https:\/\/i0.wp.com\/cepronda.com\/blog\/wp-content\/uploads\/2022\/02\/aTENCION-SOCIOSANITARIO-3.png?fit=849%2C1200&ssl=1&resize=700%2C400 2x"},"classes":[]},{"id":5041,"url":"https:\/\/cepronda.com\/blog\/elaboracion-de-congelados-y-cocinados-de-pescado\/","url_meta":{"origin":2522,"position":4},"title":"ELABORACI\u00d3N DE CONGELADOS Y COCINADOS DE PESCADO","author":"Antonio Montes","date":"2 febrero, 2022","format":false,"excerpt":"Buenos d\u00edas Os informamos que en el IES P\u00e9rez de Guzm\u00e1n se va a llevar a cabo el curso siguiente: ELABORACI\u00d3N DE CONGELADOS Y COCINADOS DE PESCADO (Certificado de Profesionalidad, con pr\u00e1cticas profesionales). Este curso, de 110 horas de duraci\u00f3n, se desarrollar\u00e1 desde marzo a junio, de martes a viernes,\u00a0\u2026","rel":"","context":"En \u00abFormaciones\u00bb","block_context":{"text":"Formaciones","link":"https:\/\/cepronda.com\/blog\/category\/formaciones\/"},"img":{"alt_text":"","src":"https:\/\/i0.wp.com\/cepronda.com\/blog\/wp-content\/uploads\/2022\/02\/Elaboracion-de-Congelados-y-Cocinados-de-Pescado3.png?fit=849%2C1200&ssl=1&resize=350%2C200","width":350,"height":200,"srcset":"https:\/\/i0.wp.com\/cepronda.com\/blog\/wp-content\/uploads\/2022\/02\/Elaboracion-de-Congelados-y-Cocinados-de-Pescado3.png?fit=849%2C1200&ssl=1&resize=350%2C200 1x, https:\/\/i0.wp.com\/cepronda.com\/blog\/wp-content\/uploads\/2022\/02\/Elaboracion-de-Congelados-y-Cocinados-de-Pescado3.png?fit=849%2C1200&ssl=1&resize=525%2C300 1.5x, https:\/\/i0.wp.com\/cepronda.com\/blog\/wp-content\/uploads\/2022\/02\/Elaboracion-de-Congelados-y-Cocinados-de-Pescado3.png?fit=849%2C1200&ssl=1&resize=700%2C400 2x"},"classes":[]},{"id":5378,"url":"https:\/\/cepronda.com\/blog\/fp-agraria-ies-andres-perez-serrano\/","url_meta":{"origin":2522,"position":5},"title":"FP AGRARIA  IES ANDR\u00c9S P\u00c9REZ SERRANO","author":"Maribel Mu\u00f1oz","date":"27 junio, 2022","format":false,"excerpt":"Buenas tardes compa\u00f1eras y compa\u00f1eros, Os recordamos que desde el IES Andr\u00e9s P\u00e9rez Serrano se ofertan, para el pr\u00f3ximo curso, los siguientes ciclos formativos: *CICLO FORMATIVO DE GRADO MEDIO EN APROVECHAMIENTO Y CONSERVACI\u00d3N DEL MEDIO NATURAL *FP DUAL DUAL EN APROVECHAMIENTO Y CONSERVACI\u00d3N DEL MEDIO NATURAL *CICLO FORMATIVO DE GRADO\u2026","rel":"","context":"En \u00abFormaciones\u00bb","block_context":{"text":"Formaciones","link":"https:\/\/cepronda.com\/blog\/category\/formaciones\/"},"img":{"alt_text":"","src":"https:\/\/i0.wp.com\/cepronda.com\/blog\/wp-content\/uploads\/2020\/03\/S%C2%B0mbolo-gen%C3%87rico-RRSS-redondo-negativo.png?fit=1200%2C1200&ssl=1&resize=350%2C200","width":350,"height":200,"srcset":"https:\/\/i0.wp.com\/cepronda.com\/blog\/wp-content\/uploads\/2020\/03\/S%C2%B0mbolo-gen%C3%87rico-RRSS-redondo-negativo.png?fit=1200%2C1200&ssl=1&resize=350%2C200 1x, https:\/\/i0.wp.com\/cepronda.com\/blog\/wp-content\/uploads\/2020\/03\/S%C2%B0mbolo-gen%C3%87rico-RRSS-redondo-negativo.png?fit=1200%2C1200&ssl=1&resize=525%2C300 1.5x, https:\/\/i0.wp.com\/cepronda.com\/blog\/wp-content\/uploads\/2020\/03\/S%C2%B0mbolo-gen%C3%87rico-RRSS-redondo-negativo.png?fit=1200%2C1200&ssl=1&resize=700%2C400 2x, https:\/\/i0.wp.com\/cepronda.com\/blog\/wp-content\/uploads\/2020\/03\/S%C2%B0mbolo-gen%C3%87rico-RRSS-redondo-negativo.png?fit=1200%2C1200&ssl=1&resize=1050%2C600 3x"},"classes":[]}],"jetpack_sharing_enabled":true,"_links":{"self":[{"href":"https:\/\/cepronda.com\/blog\/wp-json\/wp\/v2\/posts\/2522","targetHints":{"allow":["GET"]}}],"collection":[{"href":"https:\/\/cepronda.com\/blog\/wp-json\/wp\/v2\/posts"}],"about":[{"href":"https:\/\/cepronda.com\/blog\/wp-json\/wp\/v2\/types\/post"}],"author":[{"embeddable":true,"href":"https:\/\/cepronda.com\/blog\/wp-json\/wp\/v2\/users\/3"}],"replies":[{"embeddable":true,"href":"https:\/\/cepronda.com\/blog\/wp-json\/wp\/v2\/comments?post=2522"}],"version-history":[{"count":1,"href":"https:\/\/cepronda.com\/blog\/wp-json\/wp\/v2\/posts\/2522\/revisions"}],"predecessor-version":[{"id":2524,"href":"https:\/\/cepronda.com\/blog\/wp-json\/wp\/v2\/posts\/2522\/revisions\/2524"}],"wp:featuredmedia":[{"embeddable":true,"href":"https:\/\/cepronda.com\/blog\/wp-json\/wp\/v2\/media\/2523"}],"wp:attachment":[{"href":"https:\/\/cepronda.com\/blog\/wp-json\/wp\/v2\/media?parent=2522"}],"wp:term":[{"taxonomy":"category","embeddable":true,"href":"https:\/\/cepronda.com\/blog\/wp-json\/wp\/v2\/categories?post=2522"},{"taxonomy":"post_tag","embeddable":true,"href":"https:\/\/cepronda.com\/blog\/wp-json\/wp\/v2\/tags?post=2522"}],"curies":[{"name":"wp","href":"https:\/\/api.w.org\/{rel}","templated":true}]}}