{"id":2519,"date":"2018-12-05T17:07:14","date_gmt":"2018-12-05T16:07:14","guid":{"rendered":"http:\/\/cepronda.com\/blog\/?p=2519"},"modified":"2018-12-05T17:07:23","modified_gmt":"2018-12-05T16:07:23","slug":"jornadas-provinciales-para-directores-y-directoras","status":"publish","type":"post","link":"https:\/\/cepronda.com\/blog\/jornadas-provinciales-para-directores-y-directoras\/","title":{"rendered":"Jornadas provinciales para Directores y Directoras"},"content":{"rendered":"\n<p class=\"wp-block-paragraph\">Muy buenas de nuevo,<\/p>\n\n\n\n<p class=\"wp-block-paragraph\">Para el pr\u00f3ximo 7 de febrero estamos preparando las jornadas provinciales \u00abObjetivo: liderazgo pedag\u00f3gico\u00bb a desarrollar en M\u00e1laga. Para todas aquellas personas interesadas <a rel=\"noreferrer noopener\" aria-label=\"Para el pr\u00f3ximo 7 de febrero estamos preparando las jornadas provinciales &quot;Objetivo: liderazgo pedag\u00f3gico&quot; a desarrollar en M\u00e1laga. Para todas aquellas personas interesadas seguid este enlace y podr\u00e9is acceder a la informaci\u00f3n y a inscribiros en las mismas.\u00a0 (abre en una nueva pesta\u00f1a)\" href=\"https:\/\/www.juntadeandalucia.es\/educacion\/secretariavirtual\/consultaCEP\/actividad\/192922GE076\/\" target=\"_blank\">seguid este enlace<\/a> y podr\u00e9is acceder a la informaci\u00f3n y a inscribiros en las mismas.\u00a0<\/p>\n\n\n\n<figure class=\"wp-block-image\"><a href=\"https:\/\/www.juntadeandalucia.es\/educacion\/secretariavirtual\/consultaCEP\/actividad\/192922GE076\/\" target=\"_blank\" rel=\"noreferrer noopener\"><img loading=\"lazy\" decoding=\"async\" width=\"904\" height=\"1280\" src=\"https:\/\/i1.wp.com\/cepronda.com\/blog\/wp-content\/uploads\/2018\/12\/IMG_20181205_170242_704.jpg?fit=723%2C1024\" alt=\"\" class=\"wp-image-2520\" srcset=\"https:\/\/i0.wp.com\/cepronda.com\/blog\/wp-content\/uploads\/2018\/12\/IMG_20181205_170242_704.jpg?w=904&amp;ssl=1 904w, https:\/\/i0.wp.com\/cepronda.com\/blog\/wp-content\/uploads\/2018\/12\/IMG_20181205_170242_704.jpg?resize=212%2C300&amp;ssl=1 212w, https:\/\/i0.wp.com\/cepronda.com\/blog\/wp-content\/uploads\/2018\/12\/IMG_20181205_170242_704.jpg?resize=768%2C1087&amp;ssl=1 768w, https:\/\/i0.wp.com\/cepronda.com\/blog\/wp-content\/uploads\/2018\/12\/IMG_20181205_170242_704.jpg?resize=723%2C1024&amp;ssl=1 723w\" sizes=\"auto, (max-width: 904px) 100vw, 904px\" \/><\/a><\/figure>\n","protected":false},"excerpt":{"rendered":"<p>Muy buenas de nuevo, Para el pr\u00f3ximo 7 de febrero estamos preparando las jornadas provinciales \u00abObjetivo: liderazgo pedag\u00f3gico\u00bb a desarrollar en M\u00e1laga. Para todas aquellas personas interesadas seguid este enlace y podr\u00e9is acceder a la informaci\u00f3n y a inscribiros en las mismas.\u00a0<\/p>\n","protected":false},"author":3,"featured_media":2520,"comment_status":"open","ping_status":"open","sticky":false,"template":"","format":"standard","meta":{"_crdt_document":"","advanced_seo_description":"","jetpack_seo_html_title":"","jetpack_seo_noindex":false,"jetpack_post_was_ever_published":false,"_jetpack_newsletter_access":"","_jetpack_dont_email_post_to_subs":false,"_jetpack_newsletter_tier_id":0,"_jetpack_memberships_contains_paywalled_content":false,"_jetpack_memberships_contains_paid_content":false,"footnotes":"","jetpack_publicize_message":"","jetpack_publicize_feature_enabled":true,"jetpack_social_post_already_shared":true,"jetpack_social_options":{"image_generator_settings":{"template":"highway","default_image_id":0,"font":"","enabled":false},"version":2}},"categories":[3],"tags":[145],"class_list":{"0":"post-2519","1":"post","2":"type-post","3":"status-publish","4":"format-standard","5":"has-post-thumbnail","7":"category-formaciones","8":"tag-direccion","9":"czr-hentry"},"jetpack_publicize_connections":[],"jetpack_featured_media_url":"https:\/\/i0.wp.com\/cepronda.com\/blog\/wp-content\/uploads\/2018\/12\/IMG_20181205_170242_704.jpg?fit=904%2C1280&ssl=1","jetpack_shortlink":"https:\/\/wp.me\/p8M4X7-ED","jetpack-related-posts":[{"id":4323,"url":"https:\/\/cepronda.com\/blog\/jornadas-redes-provinciales-de-bibliotecas-escolares-3\/","url_meta":{"origin":2519,"position":0},"title":"JORNADAS REDES PROVINCIALES DE BIBLIOTECAS ESCOLARES","author":"Maribel Mu\u00f1oz","date":"16 marzo, 2021","format":false,"excerpt":"Buenas tardes\u00a0 compa\u00f1eras y compa\u00f1eros, Os informamos que est\u00e1 abierto el plazo de inscripci\u00f3n de las JORNADAS REDES PROVINCIALES DE BIBLIOTECAS ESCOLARES \u00a0219922BE001,\u00a0\u00a0 que comenzar\u00e1n a desarrollarse el pr\u00f3ximo\u00a0 12\/04\/2021.\u00a0 Adjuntamos\u00a0enlace : https:\/\/www.juntadeandalucia.es\/educacion\/secretariavirtual\/consultaCEP\/actividad\/219922BE001\/ El plazo de inscripci\u00f3n finaliza el pr\u00f3ximo 05\/04\/2021. \u00a0 Deseamos que sea de vuestro inter\u00e9s.\u00a0 Saludos.","rel":"","context":"En \u00abFormaciones\u00bb","block_context":{"text":"Formaciones","link":"https:\/\/cepronda.com\/blog\/category\/formaciones\/"},"img":{"alt_text":"","src":"https:\/\/i0.wp.com\/cepronda.com\/blog\/wp-content\/uploads\/2021\/03\/WhatsApp-Image-2021-03-16-at-12.47.02.jpeg?fit=481%2C674&ssl=1&resize=350%2C200","width":350,"height":200},"classes":[]},{"id":9259,"url":"https:\/\/cepronda.com\/blog\/jornadas-provinciales-asadipre-genesis-de-la-direccion-escolar\/","url_meta":{"origin":2519,"position":1},"title":"JORNADAS PROVINCIALES ASADIPRE: G\u00c9NESIS DE LA DIRECCI\u00d3N ESCOLAR","author":"Inmaculada Garc\u00eda","date":"27 enero, 2026","format":false,"excerpt":"En breve se abre el plazo de inscripci\u00f3n a las jornadas provinciales: JORNADAS PROVINCIALES ASADIPRE: G\u00c9NESIS DE LA DIRECCI\u00d3N ESCOLAR, c\u00f3digo: 262924GE003. Actividad presencial con una dedicaci\u00f3n de 8h, dirigida a Equipos Directivos. Las jornadas tendr\u00e1n lugar en el Palacio de Ferias y Congresos Convento de Santo Domingo en Ronda,\u2026","rel":"","context":"En \u00abFormaciones\u00bb","block_context":{"text":"Formaciones","link":"https:\/\/cepronda.com\/blog\/category\/formaciones\/"},"img":{"alt_text":"","src":"https:\/\/i0.wp.com\/cepronda.com\/blog\/wp-content\/uploads\/2026\/01\/jornadas-provinciales-de-asadipre-malaga.jpg?fit=960%2C1200&ssl=1&resize=350%2C200","width":350,"height":200,"srcset":"https:\/\/i0.wp.com\/cepronda.com\/blog\/wp-content\/uploads\/2026\/01\/jornadas-provinciales-de-asadipre-malaga.jpg?fit=960%2C1200&ssl=1&resize=350%2C200 1x, https:\/\/i0.wp.com\/cepronda.com\/blog\/wp-content\/uploads\/2026\/01\/jornadas-provinciales-de-asadipre-malaga.jpg?fit=960%2C1200&ssl=1&resize=525%2C300 1.5x, https:\/\/i0.wp.com\/cepronda.com\/blog\/wp-content\/uploads\/2026\/01\/jornadas-provinciales-de-asadipre-malaga.jpg?fit=960%2C1200&ssl=1&resize=700%2C400 2x"},"classes":[]},{"id":7591,"url":"https:\/\/cepronda.com\/blog\/i-jornadas-provinciales-profesorado-de-educacion-plastica-visual-y-audiovisual\/","url_meta":{"origin":2519,"position":2},"title":"I JORNADAS PROVINCIALES PROFESORADO DE EDUCACI\u00d3N PL\u00c1STICA, VISUAL Y AUDIOVISUAL.","author":"Mamen Moreno","date":"22 abril, 2024","format":false,"excerpt":"Abierto el plazo de solicitudes de las I JORNADAS PROVINCIALES PROFESORADO DE EDUCACI\u00d3N PL\u00c1STICA, VISUAL Y AUDIOVISUAL. 8 horas presenciales (Lugar: Colecci\u00f3n del Museo Ruso de M\u00e1laga). Fecha inscripci\u00f3n: 22\/04\/2024 hasta 06\/05\/2024. Fecha actividad: 16\/05\/2024. M\u00e1s informaci\u00f3n e inscripci\u00f3n: https:\/\/www.juntadeandalucia.es\/educacion\/secretariavirtual\/consultaCEP\/actividad\/242922GE257\/","rel":"","context":"En \u00abNoticias\u00bb","block_context":{"text":"Noticias","link":"https:\/\/cepronda.com\/blog\/category\/noticias\/"},"img":{"alt_text":"","src":"https:\/\/i0.wp.com\/cepronda.com\/blog\/wp-content\/uploads\/2024\/04\/WhatsApp-Image-2024-04-20-at-11.09.52.jpeg?fit=942%2C787&ssl=1&resize=350%2C200","width":350,"height":200,"srcset":"https:\/\/i0.wp.com\/cepronda.com\/blog\/wp-content\/uploads\/2024\/04\/WhatsApp-Image-2024-04-20-at-11.09.52.jpeg?fit=942%2C787&ssl=1&resize=350%2C200 1x, https:\/\/i0.wp.com\/cepronda.com\/blog\/wp-content\/uploads\/2024\/04\/WhatsApp-Image-2024-04-20-at-11.09.52.jpeg?fit=942%2C787&ssl=1&resize=525%2C300 1.5x, https:\/\/i0.wp.com\/cepronda.com\/blog\/wp-content\/uploads\/2024\/04\/WhatsApp-Image-2024-04-20-at-11.09.52.jpeg?fit=942%2C787&ssl=1&resize=700%2C400 2x"},"classes":[]},{"id":5505,"url":"https:\/\/cepronda.com\/blog\/i-jornadas-provinciales-de-escuelas-infantiles-0-3\/","url_meta":{"origin":2519,"position":3},"title":"I JORNADAS PROVINCIALES DE ESCUELAS INFANTILES (0-3)","author":"Mamen Moreno","date":"27 septiembre, 2022","format":false,"excerpt":"Os informamos que ya est\u00e1 abierto el plazo de inscripci\u00f3n para las I Jornadas Provinciales de Escuelas Infantiles (0-3).\u00a0 Facultad de Ciencias de la Educaci\u00f3n el d\u00eda 22 de Octubre. Mas informaci\u00f3n e inscripci\u00f3n en el siguiente enlace: https:\/\/blogsaverroes.juntadeandalucia.es\/infante\/programa","rel":"","context":"En \u00abFormaciones\u00bb","block_context":{"text":"Formaciones","link":"https:\/\/cepronda.com\/blog\/category\/formaciones\/"},"img":{"alt_text":"","src":"https:\/\/i0.wp.com\/cepronda.com\/blog\/wp-content\/uploads\/2022\/09\/JEI-0-3-para-RRSS.png?fit=1080%2C1080&ssl=1&resize=350%2C200","width":350,"height":200,"srcset":"https:\/\/i0.wp.com\/cepronda.com\/blog\/wp-content\/uploads\/2022\/09\/JEI-0-3-para-RRSS.png?fit=1080%2C1080&ssl=1&resize=350%2C200 1x, https:\/\/i0.wp.com\/cepronda.com\/blog\/wp-content\/uploads\/2022\/09\/JEI-0-3-para-RRSS.png?fit=1080%2C1080&ssl=1&resize=525%2C300 1.5x, https:\/\/i0.wp.com\/cepronda.com\/blog\/wp-content\/uploads\/2022\/09\/JEI-0-3-para-RRSS.png?fit=1080%2C1080&ssl=1&resize=700%2C400 2x, https:\/\/i0.wp.com\/cepronda.com\/blog\/wp-content\/uploads\/2022\/09\/JEI-0-3-para-RRSS.png?fit=1080%2C1080&ssl=1&resize=1050%2C600 3x"},"classes":[]},{"id":687,"url":"https:\/\/cepronda.com\/blog\/jornadas-de-redes-provinciales-de-bibliotecas-escolares\/","url_meta":{"origin":2519,"position":4},"title":"Jornadas de redes provinciales de Bibliotecas Escolares","author":"V\u00edctor Caballero","date":"21 febrero, 2017","format":false,"excerpt":"Hola \u00bfqu\u00e9 tal? Aunque estamos en v\u00edsperas de la Semana Blanca, seguimos poniendo en marcha distintas actividades. En este caso se trata de las Jornadas de redes provinciales de bibliotecas escolares, a celebrar en el CEP de M\u00e1laga el pr\u00f3ximo 23 de marzo, de 16 a 20 horas. Os adjunto\u2026","rel":"","context":"En \u00abNoticias\u00bb","block_context":{"text":"Noticias","link":"https:\/\/cepronda.com\/blog\/category\/noticias\/"},"img":{"alt_text":"","src":"","width":0,"height":0},"classes":[]},{"id":5814,"url":"https:\/\/cepronda.com\/blog\/vi-jornadas-provinciales-de-educacion-fisica-provincia-de-malaga-inscripciones\/","url_meta":{"origin":2519,"position":5},"title":"VI JORNADAS PROVINCIALES DE EDUCACI\u00d3N F\u00cdSICA (Provincia de M\u00e1laga) \u00a1Inscripciones!","author":"V\u00edctor Caballero","date":"7 marzo, 2023","format":false,"excerpt":"Abierta inscripci\u00f3n VI JORNADAS PROVINCIALES DE EDUCACI\u00d3N F\u00cdSICA: LOMLOE Y COMPETENCIA DIGITAL DOCENTE. C\u00f3digo: 232926EF512 Inscripciones: desde el 07\/03\/2023 hasta 20\/03\/2023 Comienzo de las Jornadas: 10\/05\/2023 Lugar de realizaci\u00f3n: Torre del Mar (V\u00e9lez-M\u00e1laga) Detalle e inscripci\u00f3n: https:\/\/www.juntadeandalucia.es\/educacion\/secretariavirtual\/consultaCEP\/actividad\/232926EF512\/ Rogamos la lectura de las OBSERVACIONES en la ficha de S\u00c9NECA antes de\u2026","rel":"","context":"En \u00abNoticias\u00bb","block_context":{"text":"Noticias","link":"https:\/\/cepronda.com\/blog\/category\/noticias\/"},"img":{"alt_text":"","src":"https:\/\/i0.wp.com\/cepronda.com\/blog\/wp-content\/uploads\/2023\/03\/Cartel-EF.jpeg?fit=848%2C1200&ssl=1&resize=350%2C200","width":350,"height":200,"srcset":"https:\/\/i0.wp.com\/cepronda.com\/blog\/wp-content\/uploads\/2023\/03\/Cartel-EF.jpeg?fit=848%2C1200&ssl=1&resize=350%2C200 1x, https:\/\/i0.wp.com\/cepronda.com\/blog\/wp-content\/uploads\/2023\/03\/Cartel-EF.jpeg?fit=848%2C1200&ssl=1&resize=525%2C300 1.5x, https:\/\/i0.wp.com\/cepronda.com\/blog\/wp-content\/uploads\/2023\/03\/Cartel-EF.jpeg?fit=848%2C1200&ssl=1&resize=700%2C400 2x"},"classes":[]}],"jetpack_sharing_enabled":true,"_links":{"self":[{"href":"https:\/\/cepronda.com\/blog\/wp-json\/wp\/v2\/posts\/2519","targetHints":{"allow":["GET"]}}],"collection":[{"href":"https:\/\/cepronda.com\/blog\/wp-json\/wp\/v2\/posts"}],"about":[{"href":"https:\/\/cepronda.com\/blog\/wp-json\/wp\/v2\/types\/post"}],"author":[{"embeddable":true,"href":"https:\/\/cepronda.com\/blog\/wp-json\/wp\/v2\/users\/3"}],"replies":[{"embeddable":true,"href":"https:\/\/cepronda.com\/blog\/wp-json\/wp\/v2\/comments?post=2519"}],"version-history":[{"count":1,"href":"https:\/\/cepronda.com\/blog\/wp-json\/wp\/v2\/posts\/2519\/revisions"}],"predecessor-version":[{"id":2521,"href":"https:\/\/cepronda.com\/blog\/wp-json\/wp\/v2\/posts\/2519\/revisions\/2521"}],"wp:featuredmedia":[{"embeddable":true,"href":"https:\/\/cepronda.com\/blog\/wp-json\/wp\/v2\/media\/2520"}],"wp:attachment":[{"href":"https:\/\/cepronda.com\/blog\/wp-json\/wp\/v2\/media?parent=2519"}],"wp:term":[{"taxonomy":"category","embeddable":true,"href":"https:\/\/cepronda.com\/blog\/wp-json\/wp\/v2\/categories?post=2519"},{"taxonomy":"post_tag","embeddable":true,"href":"https:\/\/cepronda.com\/blog\/wp-json\/wp\/v2\/tags?post=2519"}],"curies":[{"name":"wp","href":"https:\/\/api.w.org\/{rel}","templated":true}]}}