{"id":2496,"date":"2018-11-29T13:23:10","date_gmt":"2018-11-29T12:23:10","guid":{"rendered":"http:\/\/cepronda.com\/blog\/?p=2496"},"modified":"2025-04-28T11:58:59","modified_gmt":"2025-04-28T09:58:59","slug":"primera-convocatoria-regional-de-teleformacion-2018-19","status":"publish","type":"post","link":"https:\/\/cepronda.com\/blog\/primera-convocatoria-regional-de-teleformacion-2018-19\/","title":{"rendered":"Primera Convocatoria Regional de Teleformaci\u00f3n 2018\/19"},"content":{"rendered":"\n<p class=\"wp-block-paragraph\">Muy buenas familia,&nbsp;<\/p>\n\n\n\n<p class=\"wp-block-paragraph\">Sabemos que muchas y muchos de vosotros estabais esperando esta convocatoria, y ya la tenemos aqu\u00ed.\u00a0<br>Para m\u00e1s informaci\u00f3n y solicitar la inscripci\u00f3n en alguna de la oferta s\u00f3lo ten\u00e9is que <a href=\"http:\/\/www.juntadeandalucia.es\/educacion\/portals\/web\/ced\/contenidos\/-\/contenidos\/detalle\/primera-convocatoria-regional-de-teleformacion-2018\">seguir este enlace<\/a>. El plazo de inscripci\u00f3n se abre ma\u00f1ana 30 de noviembre a las 10:00.<\/p>\n\n\n\n<div class=\"wp-block-image\"><figure class=\"aligncenter\"><a href=\"https:\/\/www.juntadeandalucia.es\/educacion\/secretariavirtual\/consultaCEP\/?X_CATMODACT=3&amp;ID=3003&amp;F_INICIO=01\/01\/2019&amp;C_EDIACTFOR=19K&amp;F_FINAL=05\/04\/2019&amp;\" target=\"_blank\" rel=\"noreferrer noopener\"><img data-recalc-dims=\"1\" loading=\"lazy\" decoding=\"async\" width=\"392\" height=\"101\" src=\"https:\/\/i0.wp.com\/cepronda.com\/blog\/wp-content\/uploads\/2016\/09\/AVFP.jpg?resize=392%2C101\" alt=\"\" class=\"wp-image-1057\" srcset=\"https:\/\/i0.wp.com\/cepronda.com\/blog\/wp-content\/uploads\/2016\/09\/AVFP.jpg?w=392&amp;ssl=1 392w, https:\/\/i0.wp.com\/cepronda.com\/blog\/wp-content\/uploads\/2016\/09\/AVFP.jpg?resize=300%2C77&amp;ssl=1 300w\" sizes=\"auto, (max-width: 392px) 100vw, 392px\" \/><\/a><\/figure><\/div>\n\n\n\n<p class=\"wp-block-paragraph\">Dentro del plan de formaci\u00f3n del profesorado de la Consejer\u00eda de Educaci\u00f3n se ofertan 34 cursos en la modalidad de cursos a distancia.<\/p>\n\n\n\n<p class=\"wp-block-paragraph\">Las condiciones de la oferta son las siguientes:<\/p>\n\n\n\n<p class=\"wp-block-paragraph\">Plazo de inscripci\u00f3n: Desde el 30 de noviembre de 2018 a las 10:00 horas al 10 de diciembre de 2018 a las 14:00h<\/p>\n\n\n\n<p class=\"wp-block-paragraph\">Publicaci\u00f3n de listas de admisi\u00f3n en los cursos: 14 de diciembre de 2018.<\/p>\n\n\n\n<p class=\"wp-block-paragraph\">Fechas de realizaci\u00f3n: Los cursos se iniciar\u00e1n el 9 de enero de 2019. La fecha de finalizaci\u00f3n estar\u00e1 en funci\u00f3n de la duraci\u00f3n de cada curso.<\/p>\n\n\n\n<p class=\"wp-block-paragraph\">Destinatarios: Profesorado de los centros docentes andaluces no universitarios sostenidos con fondos p\u00fablicos.<\/p>\n\n\n\n<p class=\"wp-block-paragraph\">Requisito: Para poder solicitar estos cursos es imprescindible tener una direcci\u00f3n de correo electr\u00f3nico v\u00e1lida en S\u00e9neca en la ruta Utilidades\/ Mis datos.<\/p>\n\n\n\n<p class=\"wp-block-paragraph\"><\/p>\n","protected":false},"excerpt":{"rendered":"<p>Muy buenas familia,&nbsp; Sabemos que muchas y muchos de vosotros estabais esperando esta convocatoria, y ya la tenemos aqu\u00ed.\u00a0Para m\u00e1s informaci\u00f3n y solicitar la inscripci\u00f3n en alguna de la oferta s\u00f3lo ten\u00e9is que seguir este enlace. El plazo de inscripci\u00f3n se abre ma\u00f1ana 30 de noviembre a las 10:00. Dentro del plan de formaci\u00f3n del [&hellip;]<\/p>\n","protected":false},"author":3,"featured_media":848,"comment_status":"open","ping_status":"open","sticky":false,"template":"","format":"standard","meta":{"_crdt_document":"","advanced_seo_description":"","jetpack_seo_html_title":"","jetpack_seo_noindex":false,"jetpack_post_was_ever_published":false,"_jetpack_newsletter_access":"","_jetpack_dont_email_post_to_subs":false,"_jetpack_newsletter_tier_id":0,"_jetpack_memberships_contains_paywalled_content":false,"_jetpack_memberships_contains_paid_content":false,"footnotes":"","jetpack_publicize_message":"","jetpack_publicize_feature_enabled":true,"jetpack_social_post_already_shared":true,"jetpack_social_options":{"image_generator_settings":{"template":"highway","default_image_id":0,"font":"","enabled":false},"version":2}},"categories":[3,5],"tags":[144,10],"class_list":{"0":"post-2496","1":"post","2":"type-post","3":"status-publish","4":"format-standard","5":"has-post-thumbnail","7":"category-formaciones","8":"category-noticias","9":"tag-aula-virtual-de-formacion-del-profesorado","10":"tag-avfp","11":"czr-hentry"},"jetpack_publicize_connections":[],"jetpack_featured_media_url":"https:\/\/i0.wp.com\/cepronda.com\/blog\/wp-content\/uploads\/2017\/05\/logo_ja_ce_mejor.jpg?fit=732%2C600&ssl=1","jetpack_shortlink":"https:\/\/wp.me\/p8M4X7-Eg","jetpack-related-posts":[{"id":4134,"url":"https:\/\/cepronda.com\/blog\/2a-convocatoria-regional-oferta-formativa\/","url_meta":{"origin":2496,"position":0},"title":"2\u00aa Convocatoria Regional. Oferta formativa","author":"Maribel Mu\u00f1oz","date":"1 febrero, 2021","format":false,"excerpt":"Buenas tardes compa\u00f1eras y compa\u00f1eros , Os informamos que ya es posible consultar la oferta formativa de la 2\u00aa Convocatoria Regional de la Consejer\u00eda de Educaci\u00f3n y Deporte. El plazo de inscripci\u00f3n ser\u00e1 del 8 de febrero\u00a0 a las 15:00 h, hasta el\u00a0 11 de febrero\u00a0 a las 15:00h. Deseamos\u2026","rel":"","context":"En \u00abFormaciones\u00bb","block_context":{"text":"Formaciones","link":"https:\/\/cepronda.com\/blog\/category\/formaciones\/"},"img":{"alt_text":"","src":"https:\/\/i0.wp.com\/cepronda.com\/blog\/wp-content\/uploads\/2020\/09\/Logo-progamas-de-formacion-oficial.jpg?resize=350%2C200","width":350,"height":200},"classes":[]},{"id":3816,"url":"https:\/\/cepronda.com\/blog\/1o-convocatoria-regional-oferta-formativa\/","url_meta":{"origin":2496,"position":1},"title":"1\u00ba Convocatoria Regional. Oferta formativa.","author":"Maribel Mu\u00f1oz","date":"7 octubre, 2020","format":false,"excerpt":"Buenas tardes compa\u00f1eras y compa\u00f1eros , Os informamos que ya es posible consultar la oferta formativa de la 1\u00aa Convocatoria Regional de la Consejer\u00eda de Educaci\u00f3n y Deporte. El plazo de inscripci\u00f3n ser\u00e1 del 15 de octubre a las 15: 00 h hasta el 19 de octubre a las 15:00h.\u2026","rel":"","context":"En \u00abFormaciones\u00bb","block_context":{"text":"Formaciones","link":"https:\/\/cepronda.com\/blog\/category\/formaciones\/"},"img":{"alt_text":"","src":"https:\/\/i0.wp.com\/cepronda.com\/blog\/wp-content\/uploads\/2020\/10\/Cursos-oferta-formativa-300x130.jpg?resize=350%2C200","width":350,"height":200},"classes":[]},{"id":4362,"url":"https:\/\/cepronda.com\/blog\/nuevo-programa-erasmus-convocatoria-2021\/","url_meta":{"origin":2496,"position":2},"title":"NUEVO PROGRAMA ERASMUS+: CONVOCATORIA 2021","author":"Maribel Mu\u00f1oz","date":"6 abril, 2021","format":false,"excerpt":"Buenas tardes\u00a0 compa\u00f1eras y compa\u00f1eros, Os informamos que est\u00e1 abierto el plazo de inscripci\u00f3n de la formaci\u00f3n \u00a0DIFUSI\u00d3N DEL NUEVO PROGRAMA ERASMUS+: CONVOCATORIA 2021 con c\u00f3digo 219923KPI254 \u00a0 que comenzar\u00e1 a desarrollarse el pr\u00f3ximo\u00a0 15\/04\/2021. Es una formaci\u00f3n PROVINCIAL, gestionada por el CEP de Marbella Adjuntamos\u00a0enlace : https:\/\/www.juntadeandalucia.es\/educacion\/secretariavirtual\/consultaCEP\/actividad\/219923KPI254\/ El plazo\u2026","rel":"","context":"En \u00abFormaciones\u00bb","block_context":{"text":"Formaciones","link":"https:\/\/cepronda.com\/blog\/category\/formaciones\/"},"img":{"alt_text":"","src":"https:\/\/i0.wp.com\/cepronda.com\/blog\/wp-content\/uploads\/2021\/03\/bandera-europea.jpg?resize=350%2C200","width":350,"height":200},"classes":[]},{"id":6065,"url":"https:\/\/cepronda.com\/blog\/acreditacion-erasmus-en-el-ambito-de-la-educacion-escolar-y-educacion-permanente-convocatoria-2023\/","url_meta":{"origin":2496,"position":3},"title":"ACREDITACI\u00d3N ERASMUS EN EL \u00c1MBITO DE LA EDUCACI\u00d3N ESCOLAR Y EDUCACI\u00d3N PERMANENTE. CONVOCATORIA 2023","author":"Inmaculada Garc\u00eda","date":"20 septiembre, 2023","format":false,"excerpt":"Abierto plazo de inscripci\u00f3n para la Acreditaci\u00f3n Erasmus en el \u00c1mbito de la Educaci\u00f3n Escolar y Permanente. Convocatoria 2023.\u00a0 C\u00f3digo de la actividad:\u00a0\u00a0249922KPI003 Fechas de realizaci\u00f3n:\u00a025\/09\/2023 - 27\/10\/2023 Lugar de realizaci\u00f3n:\u00a0AULA VIRTUAL DE FORMACI\u00d3N DEL PROFESORADO N\u00ba de plazas:\u00a090 PLAZO DE INSCRIPCI\u00d3N:\u00a0Abierto hasta el 22 de septiembre a las 10:00\u2026","rel":"","context":"En \u00abFormaciones\u00bb","block_context":{"text":"Formaciones","link":"https:\/\/cepronda.com\/blog\/category\/formaciones\/"},"img":{"alt_text":"","src":"https:\/\/i0.wp.com\/cepronda.com\/blog\/wp-content\/uploads\/2023\/09\/ACREDITACION.jpg?fit=720%2C509&ssl=1&resize=350%2C200","width":350,"height":200,"srcset":"https:\/\/i0.wp.com\/cepronda.com\/blog\/wp-content\/uploads\/2023\/09\/ACREDITACION.jpg?fit=720%2C509&ssl=1&resize=350%2C200 1x, https:\/\/i0.wp.com\/cepronda.com\/blog\/wp-content\/uploads\/2023\/09\/ACREDITACION.jpg?fit=720%2C509&ssl=1&resize=525%2C300 1.5x, https:\/\/i0.wp.com\/cepronda.com\/blog\/wp-content\/uploads\/2023\/09\/ACREDITACION.jpg?fit=720%2C509&ssl=1&resize=700%2C400 2x"},"classes":[]},{"id":4670,"url":"https:\/\/cepronda.com\/blog\/acreditacion-erasmus-en-el-ambito-de-la-educacion-escolar-y-educacion-permanente-convocatoria-2021\/","url_meta":{"origin":2496,"position":4},"title":"ACREDITACI\u00d3N ERASMUS EN EL \u00c1MBITO DE LA EDUCACI\u00d3N ESCOLAR Y EDUCACI\u00d3N PERMANENTE. CONVOCATORIA 2021","author":"Maribel Mu\u00f1oz","date":"24 septiembre, 2021","format":false,"excerpt":"Buenas tardes compa\u00f1eras y compa\u00f1eros, Os informamos que est\u00e1 abierto el plazo de inscripci\u00f3n en la actividad \u00a0\"ACREDITACI\u00d3N ERASMUS EN EL \u00c1MBITO DE LA EDUCACI\u00d3N ESCOLAR Y EDUCACI\u00d3N PERMANENTE. CONVOCATORIA 2021\" \u00a0hasta el 27 de septiembre .\u00a0 Es una actividad PROVINCIAL con c\u00f3digo 229922KPI003\u00a0 El curso se desarrollar\u00e1\u00a0 desde el\u2026","rel":"","context":"En \u00abFormaciones\u00bb","block_context":{"text":"Formaciones","link":"https:\/\/cepronda.com\/blog\/category\/formaciones\/"},"img":{"alt_text":"","src":"https:\/\/i0.wp.com\/cepronda.com\/blog\/wp-content\/uploads\/2021\/09\/CARTEL-FORMACION-PROVINCIAL-300x273.png?resize=350%2C200","width":350,"height":200},"classes":[]},{"id":9346,"url":"https:\/\/cepronda.com\/blog\/mejora-tu-competencia-digital-docente-convocatoria-marzo-2026\/","url_meta":{"origin":2496,"position":5},"title":"MEJORA TU COMPETENCIA DIGITAL DOCENTE. Convocatoria Marzo 2026.","author":"Inmaculada Garc\u00eda","date":"9 febrero, 2026","format":false,"excerpt":"Os informamos que se encuentra abierto el plazo de inscripci\u00f3n en los cursos para la mejora de la Competencia Digital Docente. COMPETENCIA\u00a0DIGITAL\u00a0DOCENTE\u00a0NIVEL A2, 50 horas, con c\u00f3digo 269923KPF426. COMPETENCIA\u00a0DIGITAL\u00a0DOCENTE\u00a0NIVEL B1, 60 horas, con c\u00f3digo 269925KPF432. COMPETENCIA\u00a0DIGITAL\u00a0DOCENTE\u00a0NIVEL B2, 70 horas, con c\u00f3digo 262924KPF429. \u00a0 \u00a0 \u00a0 \u00a0 Plazo de Inscripci\u00f3n del\u2026","rel":"","context":"En \u00abFormaciones\u00bb","block_context":{"text":"Formaciones","link":"https:\/\/cepronda.com\/blog\/category\/formaciones\/"},"img":{"alt_text":"","src":"https:\/\/i0.wp.com\/cepronda.com\/blog\/wp-content\/uploads\/2026\/02\/Copia-de-Copia-de-CEP-MOTOR-INTERNACIONALIZACION-PRIMEROS-PASOS.pptx.jpg?fit=960%2C1200&ssl=1&resize=350%2C200","width":350,"height":200,"srcset":"https:\/\/i0.wp.com\/cepronda.com\/blog\/wp-content\/uploads\/2026\/02\/Copia-de-Copia-de-CEP-MOTOR-INTERNACIONALIZACION-PRIMEROS-PASOS.pptx.jpg?fit=960%2C1200&ssl=1&resize=350%2C200 1x, https:\/\/i0.wp.com\/cepronda.com\/blog\/wp-content\/uploads\/2026\/02\/Copia-de-Copia-de-CEP-MOTOR-INTERNACIONALIZACION-PRIMEROS-PASOS.pptx.jpg?fit=960%2C1200&ssl=1&resize=525%2C300 1.5x, https:\/\/i0.wp.com\/cepronda.com\/blog\/wp-content\/uploads\/2026\/02\/Copia-de-Copia-de-CEP-MOTOR-INTERNACIONALIZACION-PRIMEROS-PASOS.pptx.jpg?fit=960%2C1200&ssl=1&resize=700%2C400 2x"},"classes":[]}],"jetpack_sharing_enabled":true,"_links":{"self":[{"href":"https:\/\/cepronda.com\/blog\/wp-json\/wp\/v2\/posts\/2496","targetHints":{"allow":["GET"]}}],"collection":[{"href":"https:\/\/cepronda.com\/blog\/wp-json\/wp\/v2\/posts"}],"about":[{"href":"https:\/\/cepronda.com\/blog\/wp-json\/wp\/v2\/types\/post"}],"author":[{"embeddable":true,"href":"https:\/\/cepronda.com\/blog\/wp-json\/wp\/v2\/users\/3"}],"replies":[{"embeddable":true,"href":"https:\/\/cepronda.com\/blog\/wp-json\/wp\/v2\/comments?post=2496"}],"version-history":[{"count":3,"href":"https:\/\/cepronda.com\/blog\/wp-json\/wp\/v2\/posts\/2496\/revisions"}],"predecessor-version":[{"id":2500,"href":"https:\/\/cepronda.com\/blog\/wp-json\/wp\/v2\/posts\/2496\/revisions\/2500"}],"wp:featuredmedia":[{"embeddable":true,"href":"https:\/\/cepronda.com\/blog\/wp-json\/wp\/v2\/media\/848"}],"wp:attachment":[{"href":"https:\/\/cepronda.com\/blog\/wp-json\/wp\/v2\/media?parent=2496"}],"wp:term":[{"taxonomy":"category","embeddable":true,"href":"https:\/\/cepronda.com\/blog\/wp-json\/wp\/v2\/categories?post=2496"},{"taxonomy":"post_tag","embeddable":true,"href":"https:\/\/cepronda.com\/blog\/wp-json\/wp\/v2\/tags?post=2496"}],"curies":[{"name":"wp","href":"https:\/\/api.w.org\/{rel}","templated":true}]}}