{"id":2486,"date":"2018-11-27T13:46:20","date_gmt":"2018-11-27T12:46:20","guid":{"rendered":"http:\/\/cepronda.com\/blog\/?p=2486"},"modified":"2018-11-27T13:46:29","modified_gmt":"2018-11-27T12:46:29","slug":"otro-nuevo-ejemplo-del-trabajo-en-los-centros-contra-la-violencia-de-genero","status":"publish","type":"post","link":"https:\/\/cepronda.com\/blog\/otro-nuevo-ejemplo-del-trabajo-en-los-centros-contra-la-violencia-de-genero\/","title":{"rendered":"Otro nuevo ejemplo del trabajo en los centros contra la violencia de g\u00e9nero"},"content":{"rendered":"\n<p class=\"wp-block-paragraph\">Muy buenas de nuevo,\u00a0<\/p>\n\n\n\n<p class=\"wp-block-paragraph\">Me llegan nuevos ejemplos de como han trabajado con el alumnado y la comunidad educativa en distintos centros de nuestra zona con motivo del 25 de noviembre.<\/p>\n\n\n\n<p class=\"wp-block-paragraph\"> En este caso me llega el v\u00eddeo elaborado por el CEIP Hermanos Aguilera, en el que han usado dibujos del alumnado y como base la canci\u00f3n de la Puerta Violeta de Rozal\u00e9n. Desde el CEP nuestra enhorabuena a todo el profesorado y alumnado, magn\u00edfico trabajo.\u00a0<\/p>\n\n\n\n<figure class=\"wp-block-embed-youtube wp-block-embed is-type-video is-provider-youtube wp-embed-aspect-16-9 wp-has-aspect-ratio\"><div class=\"wp-block-embed__wrapper\">\n<span class=\"embed-youtube\" style=\"text-align:center; display: block;\"><iframe loading=\"lazy\" class=\"youtube-player\" width=\"1170\" height=\"659\" src=\"https:\/\/www.youtube.com\/embed\/ZsgiA7KymEo?version=3&#038;rel=1&#038;showsearch=0&#038;showinfo=1&#038;iv_load_policy=1&#038;fs=1&#038;hl=es-ES&#038;autohide=2&#038;wmode=transparent\" allowfullscreen=\"true\" style=\"border:0;\" sandbox=\"allow-scripts allow-same-origin allow-popups allow-presentation allow-popups-to-escape-sandbox\"><\/iframe><\/span>\n<\/div><\/figure>\n","protected":false},"excerpt":{"rendered":"<p>Muy buenas de nuevo,\u00a0 Me llegan nuevos ejemplos de como han trabajado con el alumnado y la comunidad educativa en distintos centros de nuestra zona con motivo del 25 de noviembre. En este caso me llega el v\u00eddeo elaborado por el CEIP Hermanos Aguilera, en el que han usado dibujos del alumnado y como base [&hellip;]<\/p>\n","protected":false},"author":3,"featured_media":1282,"comment_status":"open","ping_status":"open","sticky":false,"template":"","format":"standard","meta":{"_crdt_document":"","advanced_seo_description":"","jetpack_seo_html_title":"","jetpack_seo_noindex":false,"jetpack_post_was_ever_published":false,"_jetpack_newsletter_access":"","_jetpack_dont_email_post_to_subs":false,"_jetpack_newsletter_tier_id":0,"_jetpack_memberships_contains_paywalled_content":false,"_jetpack_memberships_contains_paid_content":false,"footnotes":"","jetpack_publicize_message":"","jetpack_publicize_feature_enabled":true,"jetpack_social_post_already_shared":true,"jetpack_social_options":{"image_generator_settings":{"template":"highway","default_image_id":0,"font":"","enabled":false},"version":2}},"categories":[5],"tags":[37],"class_list":{"0":"post-2486","1":"post","2":"type-post","3":"status-publish","4":"format-standard","5":"has-post-thumbnail","7":"category-noticias","8":"tag-igualdad","9":"czr-hentry"},"jetpack_publicize_connections":[],"jetpack_featured_media_url":"https:\/\/i0.wp.com\/cepronda.com\/blog\/wp-content\/uploads\/2017\/09\/man-2660414_640.jpg?fit=640%2C640&ssl=1","jetpack_shortlink":"https:\/\/wp.me\/p8M4X7-E6","jetpack-related-posts":[{"id":2474,"url":"https:\/\/cepronda.com\/blog\/video-contra-la-violencia-de-genero-del-ies-profesor-goznalo-huesa\/","url_meta":{"origin":2486,"position":0},"title":"V\u00eddeo contra la violencia de g\u00e9nero del IES Profesor Goznalo Huesa","author":"V\u00edctor Caballero","date":"27 noviembre, 2018","format":false,"excerpt":"Hola de nuevo, Desde el IES Profesor Gonzalo Huesa nos mandan este v\u00eddeo donde podemos ver como el alumnado se pronuncia contra la violencia de g\u00e9nero. Desde el CEP queremos dar la enhorabuena a todo el profesorado y alumnado participante, ya que han hecho un trabajo excelente.\u00a0 Enlace al v\u00eddeo","rel":"","context":"En \u00abNoticias\u00bb","block_context":{"text":"Noticias","link":"https:\/\/cepronda.com\/blog\/category\/noticias\/"},"img":{"alt_text":"","src":"https:\/\/i0.wp.com\/cepronda.com\/blog\/wp-content\/uploads\/2018\/11\/man-101001_1920.jpg?fit=1200%2C848&ssl=1&resize=350%2C200","width":350,"height":200,"srcset":"https:\/\/i0.wp.com\/cepronda.com\/blog\/wp-content\/uploads\/2018\/11\/man-101001_1920.jpg?fit=1200%2C848&ssl=1&resize=350%2C200 1x, https:\/\/i0.wp.com\/cepronda.com\/blog\/wp-content\/uploads\/2018\/11\/man-101001_1920.jpg?fit=1200%2C848&ssl=1&resize=525%2C300 1.5x, https:\/\/i0.wp.com\/cepronda.com\/blog\/wp-content\/uploads\/2018\/11\/man-101001_1920.jpg?fit=1200%2C848&ssl=1&resize=700%2C400 2x, https:\/\/i0.wp.com\/cepronda.com\/blog\/wp-content\/uploads\/2018\/11\/man-101001_1920.jpg?fit=1200%2C848&ssl=1&resize=1050%2C600 3x"},"classes":[]},{"id":9484,"url":"https:\/\/cepronda.com\/blog\/la-coordinacion-del-bienestar-y-proteccion-del-alumnado-en-centros-docentes-de-andalucia\/","url_meta":{"origin":2486,"position":1},"title":"LA COORDINACI\u00d3N DEL BIENESTAR Y PROTECCI\u00d3N DEL ALUMNADO EN CENTROS DOCENTES DE ANDALUC\u00cdA","author":"Inmaculada Garc\u00eda","date":"27 marzo, 2026","format":false,"excerpt":"Se encuentra abierto el plazo de inscripci\u00f3n para la formaci\u00f3n provincial a distancia: LA COORDINACI\u00d3N DEL BIENESTAR Y PROTECCI\u00d3N DEL ALUMNADO EN CENTROS DOCENTES DE ANDALUC\u00cdA, con c\u00f3digo: 269923CI437 \u00bfEres la persona encargada de la coordinaci\u00f3n de bienestar en tu centro? Esta actividad es para ti. Potencia la seguridad y\u2026","rel":"","context":"En \u00abFormaciones\u00bb","block_context":{"text":"Formaciones","link":"https:\/\/cepronda.com\/blog\/category\/formaciones\/"},"img":{"alt_text":"","src":"https:\/\/i0.wp.com\/cepronda.com\/blog\/wp-content\/uploads\/2026\/03\/Modelo-Plantilla-publicaciones.jpg?fit=960%2C1200&ssl=1&resize=350%2C200","width":350,"height":200,"srcset":"https:\/\/i0.wp.com\/cepronda.com\/blog\/wp-content\/uploads\/2026\/03\/Modelo-Plantilla-publicaciones.jpg?fit=960%2C1200&ssl=1&resize=350%2C200 1x, https:\/\/i0.wp.com\/cepronda.com\/blog\/wp-content\/uploads\/2026\/03\/Modelo-Plantilla-publicaciones.jpg?fit=960%2C1200&ssl=1&resize=525%2C300 1.5x, https:\/\/i0.wp.com\/cepronda.com\/blog\/wp-content\/uploads\/2026\/03\/Modelo-Plantilla-publicaciones.jpg?fit=960%2C1200&ssl=1&resize=700%2C400 2x"},"classes":[]},{"id":1228,"url":"https:\/\/cepronda.com\/blog\/material-para-prestamos\/","url_meta":{"origin":2486,"position":2},"title":"Material para pr\u00e9stamos","author":"V\u00edctor Caballero","date":"15 septiembre, 2017","format":false,"excerpt":"Muy buenas, Hoy queremos aprovechar esta entrada para recordaros que todos los centros de \u00a0nuestra zona ten\u00e9is a vuestra disposici\u00f3n un amplio material bibliogr\u00e1fico y de consulta del CEP. Y adem\u00e1s para los y las docentes de Educaci\u00f3n F\u00edsica os recordamos que ten\u00e9is a vuestra disposici\u00f3n material de SpeedStacks y\u2026","rel":"","context":"En \u00abNoticias\u00bb","block_context":{"text":"Noticias","link":"https:\/\/cepronda.com\/blog\/category\/noticias\/"},"img":{"alt_text":"","src":"https:\/\/i0.wp.com\/cepronda.com\/blog\/wp-content\/uploads\/2017\/09\/SPEEDSTACKSSportPackof30Sets_XL.jpg?fit=1000%2C1000&ssl=1&resize=350%2C200","width":350,"height":200,"srcset":"https:\/\/i0.wp.com\/cepronda.com\/blog\/wp-content\/uploads\/2017\/09\/SPEEDSTACKSSportPackof30Sets_XL.jpg?fit=1000%2C1000&ssl=1&resize=350%2C200 1x, https:\/\/i0.wp.com\/cepronda.com\/blog\/wp-content\/uploads\/2017\/09\/SPEEDSTACKSSportPackof30Sets_XL.jpg?fit=1000%2C1000&ssl=1&resize=525%2C300 1.5x, https:\/\/i0.wp.com\/cepronda.com\/blog\/wp-content\/uploads\/2017\/09\/SPEEDSTACKSSportPackof30Sets_XL.jpg?fit=1000%2C1000&ssl=1&resize=700%2C400 2x"},"classes":[]},{"id":7811,"url":"https:\/\/cepronda.com\/blog\/celebracion-del-erasmus-day-un-agradecimiento-a-todos-los-centros-participantes\/","url_meta":{"origin":2486,"position":3},"title":"CELEBRACI\u00d3N DEL ERASMUS DAY. UN AGRADECIMIENTO A TODOS LOS CENTROS PARTICIPANTES.","author":"Maribel Mu\u00f1oz","date":"24 octubre, 2024","format":false,"excerpt":"En el marco del Erasmus Day, queremos dedicar este espacio para agradecer a todos los centros que han participado activamente en las movilidades docentes durante el curso 2023\/2024 dentro del Consorcio MEPRural del CEP de Ronda. El programa Erasmus+ sigue siendo una oportunidad \u00fanica para el intercambio de experiencias, conocimientos\u2026","rel":"","context":"En \u00abFormaciones\u00bb","block_context":{"text":"Formaciones","link":"https:\/\/cepronda.com\/blog\/category\/formaciones\/"},"img":{"alt_text":"","src":"https:\/\/i0.wp.com\/cepronda.com\/blog\/wp-content\/uploads\/2024\/10\/Erasmus-day-video-portada.jpg?fit=446%2C787&ssl=1&resize=350%2C200","width":350,"height":200},"classes":[]},{"id":2186,"url":"https:\/\/cepronda.com\/blog\/uno-de-nuestros-docentes-premiado-con-el-merito-educativo-provincial\/","url_meta":{"origin":2486,"position":4},"title":"Uno de nuestros docentes premiado con el M\u00e9rito Educativo Provincial","author":"V\u00edctor Caballero","date":"22 junio, 2018","format":false,"excerpt":"\u00a1Hola familia! Seguimos con buenas noticias para los centros y el profesorado de nuestra zona. en este caso, se le ha concedido un premio al M\u00e9rito Educativo Provincial a Antonio Marcos Naz Lucena, docente del IES Mart\u00edn Rivero. Desde el CEP queremos felicitarle y darle nuestra enhorabuena por el gran\u2026","rel":"","context":"En \u00abNoticias\u00bb","block_context":{"text":"Noticias","link":"https:\/\/cepronda.com\/blog\/category\/noticias\/"},"img":{"alt_text":"","src":"https:\/\/i0.wp.com\/cepronda.com\/blog\/wp-content\/uploads\/2018\/06\/INVITACION-M%C3%89RITO-EDUCATIVO-1.jpg?fit=1024%2C714&ssl=1&resize=350%2C200","width":350,"height":200,"srcset":"https:\/\/i0.wp.com\/cepronda.com\/blog\/wp-content\/uploads\/2018\/06\/INVITACION-M%C3%89RITO-EDUCATIVO-1.jpg?fit=1024%2C714&ssl=1&resize=350%2C200 1x, https:\/\/i0.wp.com\/cepronda.com\/blog\/wp-content\/uploads\/2018\/06\/INVITACION-M%C3%89RITO-EDUCATIVO-1.jpg?fit=1024%2C714&ssl=1&resize=525%2C300 1.5x, https:\/\/i0.wp.com\/cepronda.com\/blog\/wp-content\/uploads\/2018\/06\/INVITACION-M%C3%89RITO-EDUCATIVO-1.jpg?fit=1024%2C714&ssl=1&resize=700%2C400 2x"},"classes":[]},{"id":1560,"url":"https:\/\/cepronda.com\/blog\/andalucia-profundiza-2017-2018\/","url_meta":{"origin":2486,"position":5},"title":"Andaluc\u00eda profundiza 2017-2018","author":"V\u00edctor Caballero","date":"16 enero, 2018","format":false,"excerpt":"\u00a1Hola! Queremos compartir con todas las personas interesadas la puesta en marcha del programa ANDALUC\u00cdA PROFUNDIZA. Os dejamos con la informaci\u00f3n recogida en la web de la Junta de Andaluc\u00eda. La Consejer\u00eda de Educaci\u00f3n pone de nuevo en marcha el Programa ANDALUC\u00cdA PROFUNDIZA. Este programa est\u00e1\u00a0 dirigido a todo el\u2026","rel":"","context":"En \u00abNoticias\u00bb","block_context":{"text":"Noticias","link":"https:\/\/cepronda.com\/blog\/category\/noticias\/"},"img":{"alt_text":"","src":"","width":0,"height":0},"classes":[]}],"jetpack_sharing_enabled":true,"_links":{"self":[{"href":"https:\/\/cepronda.com\/blog\/wp-json\/wp\/v2\/posts\/2486","targetHints":{"allow":["GET"]}}],"collection":[{"href":"https:\/\/cepronda.com\/blog\/wp-json\/wp\/v2\/posts"}],"about":[{"href":"https:\/\/cepronda.com\/blog\/wp-json\/wp\/v2\/types\/post"}],"author":[{"embeddable":true,"href":"https:\/\/cepronda.com\/blog\/wp-json\/wp\/v2\/users\/3"}],"replies":[{"embeddable":true,"href":"https:\/\/cepronda.com\/blog\/wp-json\/wp\/v2\/comments?post=2486"}],"version-history":[{"count":1,"href":"https:\/\/cepronda.com\/blog\/wp-json\/wp\/v2\/posts\/2486\/revisions"}],"predecessor-version":[{"id":2487,"href":"https:\/\/cepronda.com\/blog\/wp-json\/wp\/v2\/posts\/2486\/revisions\/2487"}],"wp:featuredmedia":[{"embeddable":true,"href":"https:\/\/cepronda.com\/blog\/wp-json\/wp\/v2\/media\/1282"}],"wp:attachment":[{"href":"https:\/\/cepronda.com\/blog\/wp-json\/wp\/v2\/media?parent=2486"}],"wp:term":[{"taxonomy":"category","embeddable":true,"href":"https:\/\/cepronda.com\/blog\/wp-json\/wp\/v2\/categories?post=2486"},{"taxonomy":"post_tag","embeddable":true,"href":"https:\/\/cepronda.com\/blog\/wp-json\/wp\/v2\/tags?post=2486"}],"curies":[{"name":"wp","href":"https:\/\/api.w.org\/{rel}","templated":true}]}}