{"id":2471,"date":"2018-11-27T09:42:04","date_gmt":"2018-11-27T08:42:04","guid":{"rendered":"http:\/\/cepronda.com\/blog\/?p=2471"},"modified":"2025-04-28T11:58:59","modified_gmt":"2025-04-28T09:58:59","slug":"constitucion-de-paneles-expertos-externos-evaluadores-del-sepie","status":"publish","type":"post","link":"https:\/\/cepronda.com\/blog\/constitucion-de-paneles-expertos-externos-evaluadores-del-sepie\/","title":{"rendered":"Constituci\u00f3n de paneles expertos externos evaluadores del SEPIE"},"content":{"rendered":"\n<p class=\"wp-block-paragraph\">El 12 de noviembre de 2018 se ha publicado en el BOE la convocatoria para la constituci\u00f3n del panel de expertos externos evaluadores del SEPIE (per\u00edodo 2019-2021). M\u00e1s informaci\u00f3n: <a rel=\"noreferrer noopener\" href=\"http:\/\/www.sepie.es\/iniciativas\/eycext.html\" target=\"_blank\">http:\/\/www.sepie.es\/iniciativas\/eycext.html<\/a><\/p>\n\n\n\n<p class=\"wp-block-paragraph\">\nEl Servicio Espa\u00f1ol para la \nInternacionalizaci\u00f3n de la Educaci\u00f3n (SEPIE) requiere la colaboraci\u00f3n de\n expertos externos independientes para la realizaci\u00f3n de diversas tareas\n referentes a:<\/p>\n\n\n\n<p class=\"wp-block-paragraph\">\n&#8211;&nbsp;&nbsp;&nbsp;&nbsp;&nbsp;&nbsp;&nbsp;\nLa evaluaci\u00f3n de solicitudes e informes de proyectos de movilidad y de asociaciones estrat\u00e9gicas del Programa Erasmus+.<\/p>\n\n\n\n<p class=\"wp-block-paragraph\">\n&#8211;&nbsp;&nbsp;&nbsp;&nbsp;&nbsp;&nbsp;&nbsp;\nLa evaluaci\u00f3n de iniciativas relativas a la internacionalizaci\u00f3n de las universidades espa\u00f1olas.<\/p>\n\n\n\n<p class=\"wp-block-paragraph\">\n&#8211;&nbsp;&nbsp;&nbsp;&nbsp;&nbsp;&nbsp;&nbsp;\nOtras \ncolaboraciones (evaluaci\u00f3n de convocatorias del Sello Europeo de las \nLenguas, revisiones documentales de proyectos de Erasmus+, etc.)<\/p>\n\n\n\n<p class=\"wp-block-paragraph\">\nDadas las necesidades del SEPIE de cara a los pr\u00f3ximos 3 a\u00f1os,\n<strong>os rogamos que difund\u00e1is esta informaci\u00f3n entre todas las personas que pudieran estar interesadas en estas colaboraciones.<\/strong> Estar inscrito\/a en este panel de expertos es requisito indispensable para poder colaborar con el SEPIE en las tareas citadas.\n<\/p>\n\n\n\n<p class=\"wp-block-paragraph\">La inscripci\u00f3n termina el domingo <strong>02\/12\/2018<\/strong> a las 23:59, recomendamos que no se agote el plazo por si surgiesen problemas t\u00e9cnicos.<\/p>\n\n\n\n<div class=\"wp-block-image\"><figure class=\"aligncenter\"><a href=\"http:\/\/www.sepie.es\/iniciativas\/eycext.html\" target=\"_blank\" rel=\"noreferrer noopener\"><img data-recalc-dims=\"1\" loading=\"lazy\" decoding=\"async\" width=\"300\" height=\"152\" src=\"https:\/\/i0.wp.com\/cepronda.com\/blog\/wp-content\/uploads\/2018\/11\/erasmus.png?resize=300%2C152\" alt=\"\" class=\"wp-image-2472\"\/><\/a><\/figure><\/div>\n","protected":false},"excerpt":{"rendered":"<p>El 12 de noviembre de 2018 se ha publicado en el BOE la convocatoria para la constituci\u00f3n del panel de expertos externos evaluadores del SEPIE (per\u00edodo 2019-2021). M\u00e1s informaci\u00f3n: http:\/\/www.sepie.es\/iniciativas\/eycext.html El Servicio Espa\u00f1ol para la Internacionalizaci\u00f3n de la Educaci\u00f3n (SEPIE) requiere la colaboraci\u00f3n de expertos externos independientes para la realizaci\u00f3n de diversas tareas referentes a: [&hellip;]<\/p>\n","protected":false},"author":3,"featured_media":2472,"comment_status":"open","ping_status":"open","sticky":false,"template":"","format":"standard","meta":{"_crdt_document":"","advanced_seo_description":"","jetpack_seo_html_title":"","jetpack_seo_noindex":false,"jetpack_post_was_ever_published":false,"_jetpack_newsletter_access":"","_jetpack_dont_email_post_to_subs":false,"_jetpack_newsletter_tier_id":0,"_jetpack_memberships_contains_paywalled_content":false,"_jetpack_memberships_contains_paid_content":false,"footnotes":"","jetpack_publicize_message":"","jetpack_publicize_feature_enabled":true,"jetpack_social_post_already_shared":true,"jetpack_social_options":{"image_generator_settings":{"template":"highway","default_image_id":0,"font":"","enabled":false},"version":2}},"categories":[3,5],"tags":[96],"class_list":{"0":"post-2471","1":"post","2":"type-post","3":"status-publish","4":"format-standard","5":"has-post-thumbnail","7":"category-formaciones","8":"category-noticias","9":"tag-erasmus","10":"czr-hentry"},"jetpack_publicize_connections":[],"jetpack_featured_media_url":"https:\/\/i0.wp.com\/cepronda.com\/blog\/wp-content\/uploads\/2018\/11\/erasmus.png?fit=300%2C152&ssl=1","jetpack_shortlink":"https:\/\/wp.me\/p8M4X7-DR","jetpack-related-posts":[{"id":5002,"url":"https:\/\/cepronda.com\/blog\/expertos-externos-evaluadores-del-sepie\/","url_meta":{"origin":2471,"position":0},"title":"EXPERTOS EXTERNOS EVALUADORES DEL SEPIE","author":"Maribel Mu\u00f1oz","date":"14 enero, 2022","format":false,"excerpt":"Buenos d\u00edas compa\u00f1eras y compa\u00f1eros,\u00a0 Os informamos el 04 de noviembre de 2021 se public\u00f3 en el BOE la convocatoria para la constituci\u00f3n del panel de expertos externos evaluadores del SEPIE (per\u00edodo 2022-2025, con posibilidad de pr\u00f3rroga). Plazo de presentaci\u00f3n de solicitudes: desde el 12 de enero de 2022 hasta\u2026","rel":"","context":"En \u00abFormaciones\u00bb","block_context":{"text":"Formaciones","link":"https:\/\/cepronda.com\/blog\/category\/formaciones\/"},"img":{"alt_text":"","src":"https:\/\/i0.wp.com\/cepronda.com\/blog\/wp-content\/uploads\/2020\/10\/erasmus.jpg?fit=500%2C500&ssl=1&resize=350%2C200","width":350,"height":200},"classes":[]},{"id":8431,"url":"https:\/\/cepronda.com\/blog\/la-acreditacion-erasmus-como-motor-de-la-internacionalizacion\/","url_meta":{"origin":2471,"position":1},"title":"LA ACREDITACI\u00d3N ERASMUS COMO MOTOR DE LA INTERNACIONALIZACI\u00d3N","author":"Mamen Moreno","date":"1 abril, 2025","format":false,"excerpt":"Abierto el plazo de la formaci\u00f3n \"LA ACREDITACI\u00d3N ERASMUS COMO MOTOR DE LA INTERNACIONALIZACI\u00d3N (E. ESCOLAR Y E. PERMANENTE)\" \u270f\ufe0f Inscripci\u00f3n del 31 de marzo al 21 de abril 2025 Actividad del 28 de abril al 9 de junio 2025 \u27a1\ufe0f Duraci\u00f3n: 30 horas (6 presenciales en Webex y 24\u2026","rel":"","context":"En \u00abFormaciones\u00bb","block_context":{"text":"Formaciones","link":"https:\/\/cepronda.com\/blog\/category\/formaciones\/"},"img":{"alt_text":"","src":"https:\/\/i0.wp.com\/cepronda.com\/blog\/wp-content\/uploads\/2025\/04\/WhatsApp-Image-2025-04-01-at-08.37.15.jpeg?fit=960%2C1200&ssl=1&resize=350%2C200","width":350,"height":200,"srcset":"https:\/\/i0.wp.com\/cepronda.com\/blog\/wp-content\/uploads\/2025\/04\/WhatsApp-Image-2025-04-01-at-08.37.15.jpeg?fit=960%2C1200&ssl=1&resize=350%2C200 1x, https:\/\/i0.wp.com\/cepronda.com\/blog\/wp-content\/uploads\/2025\/04\/WhatsApp-Image-2025-04-01-at-08.37.15.jpeg?fit=960%2C1200&ssl=1&resize=525%2C300 1.5x, https:\/\/i0.wp.com\/cepronda.com\/blog\/wp-content\/uploads\/2025\/04\/WhatsApp-Image-2025-04-01-at-08.37.15.jpeg?fit=960%2C1200&ssl=1&resize=700%2C400 2x"},"classes":[]},{"id":5615,"url":"https:\/\/cepronda.com\/blog\/acompanamiento-en-internacionalizacion-de-centros-consorcio-erasmus\/","url_meta":{"origin":2471,"position":2},"title":"ACOMPA\u00d1AMIENTO EN INTERNACIONALIZACI\u00d3N DE CENTROS. CONSORCIO ERASMUS","author":"Maribel Mu\u00f1oz","date":"11 noviembre, 2022","format":false,"excerpt":"Buenas tardes compa\u00f1eras y compa\u00f1eros, Os\u00a0 informamos que est\u00e1 abierto el plazo de inscripci\u00f3n en el curso ACOMPA\u00d1AMIENTO EN INTERNACIONALIZACI\u00d3N DE CENTROS. CONSORCIO ERASMUS con c\u00f3digo 232924GE030. Fechas de inscripci\u00f3n : del 11\/11\/2022 al 21\/11\/2022 Fecha de inicio: 23\/11\/2022 Fecha finalizaci\u00f3n: 8\/02\/2023 Horas: 15\u00a0 ( 10h de videoconferencias y 5\u2026","rel":"","context":"En \u00abFormaciones\u00bb","block_context":{"text":"Formaciones","link":"https:\/\/cepronda.com\/blog\/category\/formaciones\/"},"img":{"alt_text":"","src":"https:\/\/i0.wp.com\/cepronda.com\/blog\/wp-content\/uploads\/2022\/11\/WhatsApp-Image-2022-11-10-at-17.04.44-1.jpeg?fit=848%2C1200&ssl=1&resize=350%2C200","width":350,"height":200,"srcset":"https:\/\/i0.wp.com\/cepronda.com\/blog\/wp-content\/uploads\/2022\/11\/WhatsApp-Image-2022-11-10-at-17.04.44-1.jpeg?fit=848%2C1200&ssl=1&resize=350%2C200 1x, https:\/\/i0.wp.com\/cepronda.com\/blog\/wp-content\/uploads\/2022\/11\/WhatsApp-Image-2022-11-10-at-17.04.44-1.jpeg?fit=848%2C1200&ssl=1&resize=525%2C300 1.5x, https:\/\/i0.wp.com\/cepronda.com\/blog\/wp-content\/uploads\/2022\/11\/WhatsApp-Image-2022-11-10-at-17.04.44-1.jpeg?fit=848%2C1200&ssl=1&resize=700%2C400 2x"},"classes":[]},{"id":7596,"url":"https:\/\/cepronda.com\/blog\/la-acreditacion-erasmus-como-motor-de-la-internacionalizacion-e-escolar-y-e-permanente\/","url_meta":{"origin":2471,"position":3},"title":"LA ACREDITACI\u00d3N ERASMUS COMO MOTOR DE LA INTERNACIONALIZACI\u00d3N (E. ESCOLAR Y E. PERMANENTE)","author":"Mamen Moreno","date":"24 abril, 2024","format":false,"excerpt":"Se abre el plazo de inscripci\u00f3n al curso \"LA ACREDITACI\u00d3N ERASMUS COMO MOTOR DE LA INTERNACIONALIZACI\u00d3N (E. ESCOLAR Y E. PERMANENTE)\" 30 horas (6 presenciales por videoconferencia WEBEX y 24 horas de tareas en el AVFP) C\u00f3digo: 249922KPI491 FECHA Y HORA DE LAS VIDEOCONFERENCIAS: 16\/05\/24 en horario de 17:00-20:00 horas\u2026","rel":"","context":"En \u00abFormaciones\u00bb","block_context":{"text":"Formaciones","link":"https:\/\/cepronda.com\/blog\/category\/formaciones\/"},"img":{"alt_text":"","src":"https:\/\/i0.wp.com\/cepronda.com\/blog\/wp-content\/uploads\/2024\/04\/WhatsApp-Image-2024-04-23-at-11.01.35.jpeg?fit=1080%2C1080&ssl=1&resize=350%2C200","width":350,"height":200,"srcset":"https:\/\/i0.wp.com\/cepronda.com\/blog\/wp-content\/uploads\/2024\/04\/WhatsApp-Image-2024-04-23-at-11.01.35.jpeg?fit=1080%2C1080&ssl=1&resize=350%2C200 1x, https:\/\/i0.wp.com\/cepronda.com\/blog\/wp-content\/uploads\/2024\/04\/WhatsApp-Image-2024-04-23-at-11.01.35.jpeg?fit=1080%2C1080&ssl=1&resize=525%2C300 1.5x, https:\/\/i0.wp.com\/cepronda.com\/blog\/wp-content\/uploads\/2024\/04\/WhatsApp-Image-2024-04-23-at-11.01.35.jpeg?fit=1080%2C1080&ssl=1&resize=700%2C400 2x, https:\/\/i0.wp.com\/cepronda.com\/blog\/wp-content\/uploads\/2024\/04\/WhatsApp-Image-2024-04-23-at-11.01.35.jpeg?fit=1080%2C1080&ssl=1&resize=1050%2C600 3x"},"classes":[]},{"id":8954,"url":"https:\/\/cepronda.com\/blog\/de-ronda-a-alemania-un-viaje-de-aprendizaje\/","url_meta":{"origin":2471,"position":4},"title":"DE RONDA A ALEMANIA: UN VIAJE DE APRENDIZAJE","author":"Mamen Moreno","date":"2 octubre, 2024","format":false,"excerpt":"El Centro del Profesorado (CEP) de Ronda\u00a0ha coordinado un proyecto de movilidad Erasmus+ en Berl\u00edn, del\u00a010 al 17 de septiembre de 2024\u00a0, que ha marcado un antes y un despu\u00e9s en la internacionalizaci\u00f3n de varios centros de su zona. Esta experiencia ha permitido a un grupo de asesores y de\u2026","rel":"","context":"En \u00abNoticias\u00bb","block_context":{"text":"Noticias","link":"https:\/\/cepronda.com\/blog\/category\/noticias\/"},"img":{"alt_text":"","src":"https:\/\/i0.wp.com\/cepronda.com\/blog\/wp-content\/uploads\/2025\/10\/ERASMUS-BERLIN-COMPARTIDO.png?fit=1200%2C675&ssl=1&resize=350%2C200","width":350,"height":200,"srcset":"https:\/\/i0.wp.com\/cepronda.com\/blog\/wp-content\/uploads\/2025\/10\/ERASMUS-BERLIN-COMPARTIDO.png?fit=1200%2C675&ssl=1&resize=350%2C200 1x, https:\/\/i0.wp.com\/cepronda.com\/blog\/wp-content\/uploads\/2025\/10\/ERASMUS-BERLIN-COMPARTIDO.png?fit=1200%2C675&ssl=1&resize=525%2C300 1.5x, https:\/\/i0.wp.com\/cepronda.com\/blog\/wp-content\/uploads\/2025\/10\/ERASMUS-BERLIN-COMPARTIDO.png?fit=1200%2C675&ssl=1&resize=700%2C400 2x, https:\/\/i0.wp.com\/cepronda.com\/blog\/wp-content\/uploads\/2025\/10\/ERASMUS-BERLIN-COMPARTIDO.png?fit=1200%2C675&ssl=1&resize=1050%2C600 3x"},"classes":[]},{"id":7527,"url":"https:\/\/cepronda.com\/blog\/consorcio-erasmus-mep-rural\/","url_meta":{"origin":2471,"position":5},"title":"Consorcio Erasmus MEP Rural","author":"Inmaculada Garc\u00eda","date":"20 marzo, 2024","format":false,"excerpt":"Emocionante noticia desde el Consorcio Erasmus MEP Rural! \u2728 Tres de nuestros valiosos docentes est\u00e1n viviendo una experiencia enriquecedora en Portugal, gracias al Job Shadowing organizado desde el CEP de Ronda. Del 18 al 22 de marzo, est\u00e1n inmersos en el Agrupamento de Escolas do Cerco, compartiendo y aprendiendo en\u2026","rel":"","context":"En \u00abFormaciones\u00bb","block_context":{"text":"Formaciones","link":"https:\/\/cepronda.com\/blog\/category\/formaciones\/"},"img":{"alt_text":"","src":"https:\/\/i0.wp.com\/cepronda.com\/blog\/wp-content\/uploads\/2024\/03\/WhatsApp-Image-2024-03-20-at-11.09.55-1.jpeg?fit=1200%2C900&ssl=1&resize=350%2C200","width":350,"height":200,"srcset":"https:\/\/i0.wp.com\/cepronda.com\/blog\/wp-content\/uploads\/2024\/03\/WhatsApp-Image-2024-03-20-at-11.09.55-1.jpeg?fit=1200%2C900&ssl=1&resize=350%2C200 1x, https:\/\/i0.wp.com\/cepronda.com\/blog\/wp-content\/uploads\/2024\/03\/WhatsApp-Image-2024-03-20-at-11.09.55-1.jpeg?fit=1200%2C900&ssl=1&resize=525%2C300 1.5x, https:\/\/i0.wp.com\/cepronda.com\/blog\/wp-content\/uploads\/2024\/03\/WhatsApp-Image-2024-03-20-at-11.09.55-1.jpeg?fit=1200%2C900&ssl=1&resize=700%2C400 2x, https:\/\/i0.wp.com\/cepronda.com\/blog\/wp-content\/uploads\/2024\/03\/WhatsApp-Image-2024-03-20-at-11.09.55-1.jpeg?fit=1200%2C900&ssl=1&resize=1050%2C600 3x"},"classes":[]}],"jetpack_sharing_enabled":true,"_links":{"self":[{"href":"https:\/\/cepronda.com\/blog\/wp-json\/wp\/v2\/posts\/2471","targetHints":{"allow":["GET"]}}],"collection":[{"href":"https:\/\/cepronda.com\/blog\/wp-json\/wp\/v2\/posts"}],"about":[{"href":"https:\/\/cepronda.com\/blog\/wp-json\/wp\/v2\/types\/post"}],"author":[{"embeddable":true,"href":"https:\/\/cepronda.com\/blog\/wp-json\/wp\/v2\/users\/3"}],"replies":[{"embeddable":true,"href":"https:\/\/cepronda.com\/blog\/wp-json\/wp\/v2\/comments?post=2471"}],"version-history":[{"count":1,"href":"https:\/\/cepronda.com\/blog\/wp-json\/wp\/v2\/posts\/2471\/revisions"}],"predecessor-version":[{"id":2473,"href":"https:\/\/cepronda.com\/blog\/wp-json\/wp\/v2\/posts\/2471\/revisions\/2473"}],"wp:featuredmedia":[{"embeddable":true,"href":"https:\/\/cepronda.com\/blog\/wp-json\/wp\/v2\/media\/2472"}],"wp:attachment":[{"href":"https:\/\/cepronda.com\/blog\/wp-json\/wp\/v2\/media?parent=2471"}],"wp:term":[{"taxonomy":"category","embeddable":true,"href":"https:\/\/cepronda.com\/blog\/wp-json\/wp\/v2\/categories?post=2471"},{"taxonomy":"post_tag","embeddable":true,"href":"https:\/\/cepronda.com\/blog\/wp-json\/wp\/v2\/tags?post=2471"}],"curies":[{"name":"wp","href":"https:\/\/api.w.org\/{rel}","templated":true}]}}