{"id":2466,"date":"2018-11-26T09:52:10","date_gmt":"2018-11-26T08:52:10","guid":{"rendered":"http:\/\/cepronda.com\/blog\/?p=2466"},"modified":"2025-04-28T11:58:59","modified_gmt":"2025-04-28T09:58:59","slug":"curso-de-formacion-sobre-el-desarrollo-de-la-funcion-directiva","status":"publish","type":"post","link":"https:\/\/cepronda.com\/blog\/curso-de-formacion-sobre-el-desarrollo-de-la-funcion-directiva\/","title":{"rendered":"Curso de formaci\u00f3n sobre el desarrollo de la funci\u00f3n directiva"},"content":{"rendered":"\n<p class=\"wp-block-paragraph\">Muy buenas, comenzamos la semana compartiendo con todas y todos vosotros la convocatoria del\u00a0curso de formaci\u00f3n sobre el desarrollo de la funci\u00f3n directiva. Se trata de un curso con modalidad on-line con una duraci\u00f3n de 130 horas y se celebrar\u00e1 entre los meses de enero a mayo de 2019.<\/p>\n\n\n\n<p class=\"wp-block-paragraph\">Podr\u00e1 participar en la presente convocatoria el personal funcionario docente del \u00e1mbito de gesti\u00f3n de la Consejer\u00eda de Educaci\u00f3n que imparta las ense\u00f1anzas que regula la Ley Org\u00e1nica 2\/2006 de 3 de mayo, de Educaci\u00f3n, en centros docentes p\u00fablicos de la Comunidad Aut\u00f3noma de Andaluc\u00eda y que cumpla adem\u00e1s los siguientes requisitos:<\/p>\n\n\n\n<p class=\"wp-block-paragraph\">a) Estar, en el curso acad\u00e9mico 2018\/2019, en servicio activo en cualquier centro p\u00fablico o servicio educativo o en puestos t\u00e9cnicos de la Administraci\u00f3n Educativa relacionados con los servicios educativos.<\/p>\n\n\n\n<p class=\"wp-block-paragraph\">b) No estar en posesi\u00f3n de acreditaci\u00f3n ni habilitaci\u00f3n necesarias para el ejercicio de la direcci\u00f3n establecidos en la Ley Org\u00e1nica de 9\/1995, de 20 de noviembre, de la participaci\u00f3n, la evaluaci\u00f3n y el gobierno de los centros docentes y la Ley Org\u00e1nica 2\/2006, de 3 de mayo, de Educaci\u00f3n.<\/p>\n\n\n\n<p class=\"wp-block-paragraph\">La solicitud a este curso se hace por medio del portal docente. Os dejamos con el <a rel=\"noreferrer noopener\" aria-label=\"La solicitud a este curso se hace por medio del portal docente. Os dejamos con el enlace a las instrucciones, remarcando que el plazo de solicitud es de 7 d\u00edas h\u00e1biles. Un saludo y seguimos en contacto.\u00a0 (abre en una nueva pesta\u00f1a)\" href=\"https:\/\/www.juntadeandalucia.es\/boja\/2018\/227\/BOJA18-227-00012-19107-01_00146354.pdf\" target=\"_blank\">enlace a las instrucciones<\/a>, remarcando que el plazo de solicitud es de 7 d\u00edas h\u00e1biles. Un saludo y seguimos en contacto.\u00a0<\/p>\n\n\n\n<figure class=\"wp-block-image\"><a href=\"https:\/\/www.juntadeandalucia.es\/boja\/2018\/227\/BOJA18-227-00012-19107-01_00146354.pdf\" target=\"_blank\" rel=\"noreferrer noopener\"><img data-recalc-dims=\"1\" loading=\"lazy\" decoding=\"async\" width=\"732\" height=\"600\" src=\"https:\/\/i0.wp.com\/cepronda.com\/blog\/wp-content\/uploads\/2017\/05\/logo_ja_ce_mejor.jpg?resize=732%2C600\" alt=\"\" class=\"wp-image-848\" srcset=\"https:\/\/i0.wp.com\/cepronda.com\/blog\/wp-content\/uploads\/2017\/05\/logo_ja_ce_mejor.jpg?w=732&amp;ssl=1 732w, https:\/\/i0.wp.com\/cepronda.com\/blog\/wp-content\/uploads\/2017\/05\/logo_ja_ce_mejor.jpg?resize=300%2C246&amp;ssl=1 300w\" sizes=\"auto, (max-width: 732px) 100vw, 732px\" \/><\/a><\/figure>\n","protected":false},"excerpt":{"rendered":"<p>Muy buenas, comenzamos la semana compartiendo con todas y todos vosotros la convocatoria del\u00a0curso de formaci\u00f3n sobre el desarrollo de la funci\u00f3n directiva. Se trata de un curso con modalidad on-line con una duraci\u00f3n de 130 horas y se celebrar\u00e1 entre los meses de enero a mayo de 2019. Podr\u00e1 participar en la presente convocatoria [&hellip;]<\/p>\n","protected":false},"author":3,"featured_media":848,"comment_status":"open","ping_status":"open","sticky":false,"template":"","format":"standard","meta":{"_crdt_document":"","advanced_seo_description":"","jetpack_seo_html_title":"","jetpack_seo_noindex":false,"jetpack_post_was_ever_published":false,"_jetpack_newsletter_access":"","_jetpack_dont_email_post_to_subs":false,"_jetpack_newsletter_tier_id":0,"_jetpack_memberships_contains_paywalled_content":false,"_jetpack_memberships_contains_paid_content":false,"footnotes":"","jetpack_publicize_message":"","jetpack_publicize_feature_enabled":true,"jetpack_social_post_already_shared":true,"jetpack_social_options":{"image_generator_settings":{"template":"highway","default_image_id":0,"font":"","enabled":false},"version":2}},"categories":[3,5],"tags":[32],"class_list":{"0":"post-2466","1":"post","2":"type-post","3":"status-publish","4":"format-standard","5":"has-post-thumbnail","7":"category-formaciones","8":"category-noticias","9":"tag-funcion-directiva","10":"czr-hentry"},"jetpack_publicize_connections":[],"jetpack_featured_media_url":"https:\/\/i0.wp.com\/cepronda.com\/blog\/wp-content\/uploads\/2017\/05\/logo_ja_ce_mejor.jpg?fit=732%2C600&ssl=1","jetpack_shortlink":"https:\/\/wp.me\/p8M4X7-DM","jetpack-related-posts":[{"id":1571,"url":"https:\/\/cepronda.com\/blog\/convocatoria-del-curso-de-formacion-sobre-el-desarrollo-de-la-funcion-directiva\/","url_meta":{"origin":2466,"position":0},"title":"Convocatoria del curso de formaci\u00f3n sobre el desarrollo de la funci\u00f3n directiva","author":"V\u00edctor Caballero","date":"25 enero, 2018","format":false,"excerpt":"\u00a1Hola!\u00a0 Acaba de salir publicada en BOJA la convocatoria del curso de formaci\u00f3n sobre el desarrollo de la funci\u00f3n directiva establecido en el art\u00edculo 134.1 de la Ley Org\u00e1nica 2\/2006, de 3 de mayo, de educaci\u00f3n. Para acceder a la informaci\u00f3n sobre el curso, plazos y requisitos, s\u00f3lo ten\u00e9is que\u2026","rel":"","context":"En \u00abNoticias\u00bb","block_context":{"text":"Noticias","link":"https:\/\/cepronda.com\/blog\/category\/noticias\/"},"img":{"alt_text":"","src":"https:\/\/i0.wp.com\/cepronda.com\/blog\/wp-content\/uploads\/2017\/05\/logo_ja_ce_mejor.jpg?fit=732%2C600&ssl=1&resize=350%2C200","width":350,"height":200,"srcset":"https:\/\/i0.wp.com\/cepronda.com\/blog\/wp-content\/uploads\/2017\/05\/logo_ja_ce_mejor.jpg?fit=732%2C600&ssl=1&resize=350%2C200 1x, https:\/\/i0.wp.com\/cepronda.com\/blog\/wp-content\/uploads\/2017\/05\/logo_ja_ce_mejor.jpg?fit=732%2C600&ssl=1&resize=525%2C300 1.5x, https:\/\/i0.wp.com\/cepronda.com\/blog\/wp-content\/uploads\/2017\/05\/logo_ja_ce_mejor.jpg?fit=732%2C600&ssl=1&resize=700%2C400 2x"},"classes":[]},{"id":9043,"url":"https:\/\/cepronda.com\/blog\/curso-de-formacion-sobre-el-desarrollo-de-la-funcion-directiva-2025-2026\/","url_meta":{"origin":2466,"position":1},"title":"Curso de Formaci\u00f3n sobre el Desarrollo de la Funci\u00f3n Directiva 2025-2026","author":"Inmaculada Garc\u00eda","date":"13 noviembre, 2025","format":false,"excerpt":"Hoy se ha publicado la convocatoria para el Curso de Formaci\u00f3n sobre el Desarrollo de la Funci\u00f3n Directiva 2025-26. Plazo de presentaci\u00f3n de solicitudes del 14 al 27 de noviembre ambos inclusive a trav\u00e9s de Portal Docente. Pincha aqu\u00ed para acceder al\u00a0ENLACE A LA CONVOCATORIA.","rel":"","context":"En \u00abNoticias\u00bb","block_context":{"text":"Noticias","link":"https:\/\/cepronda.com\/blog\/category\/noticias\/"},"img":{"alt_text":"","src":"https:\/\/i0.wp.com\/cepronda.com\/blog\/wp-content\/uploads\/2025\/11\/direccion.jpg?fit=640%2C900&ssl=1&resize=350%2C200","width":350,"height":200,"srcset":"https:\/\/i0.wp.com\/cepronda.com\/blog\/wp-content\/uploads\/2025\/11\/direccion.jpg?fit=640%2C900&ssl=1&resize=350%2C200 1x, https:\/\/i0.wp.com\/cepronda.com\/blog\/wp-content\/uploads\/2025\/11\/direccion.jpg?fit=640%2C900&ssl=1&resize=525%2C300 1.5x"},"classes":[]},{"id":4028,"url":"https:\/\/cepronda.com\/blog\/funcion-directiva-curso-de-formacion\/","url_meta":{"origin":2466,"position":2},"title":"Funci\u00f3n directiva. Curso de formaci\u00f3n.","author":"Maribel Mu\u00f1oz","date":"10 diciembre, 2020","format":false,"excerpt":"Buenos d\u00edas compa\u00f1eras y compa\u00f1eros, Os informamos que est\u00e1 publicada la Resoluci\u00f3n de 30 de noviembre de 2020, de la Direcci\u00f3n General de Formaci\u00f3n del Profesorado e Innovaci\u00f3n Educativa, por la que se convoca curso de formaci\u00f3n sobre el desarrollo de la funci\u00f3n directiva establecido en el art\u00edculo 134.1 de\u2026","rel":"","context":"En \u00abFormaciones\u00bb","block_context":{"text":"Formaciones","link":"https:\/\/cepronda.com\/blog\/category\/formaciones\/"},"img":{"alt_text":"","src":"https:\/\/i0.wp.com\/cepronda.com\/blog\/wp-content\/uploads\/2020\/03\/S%C2%B0mbolo-gen%C3%87rico-RRSS-redondo-negativo.png?fit=1200%2C1200&ssl=1&resize=350%2C200","width":350,"height":200,"srcset":"https:\/\/i0.wp.com\/cepronda.com\/blog\/wp-content\/uploads\/2020\/03\/S%C2%B0mbolo-gen%C3%87rico-RRSS-redondo-negativo.png?fit=1200%2C1200&ssl=1&resize=350%2C200 1x, https:\/\/i0.wp.com\/cepronda.com\/blog\/wp-content\/uploads\/2020\/03\/S%C2%B0mbolo-gen%C3%87rico-RRSS-redondo-negativo.png?fit=1200%2C1200&ssl=1&resize=525%2C300 1.5x, https:\/\/i0.wp.com\/cepronda.com\/blog\/wp-content\/uploads\/2020\/03\/S%C2%B0mbolo-gen%C3%87rico-RRSS-redondo-negativo.png?fit=1200%2C1200&ssl=1&resize=700%2C400 2x, https:\/\/i0.wp.com\/cepronda.com\/blog\/wp-content\/uploads\/2020\/03\/S%C2%B0mbolo-gen%C3%87rico-RRSS-redondo-negativo.png?fit=1200%2C1200&ssl=1&resize=1050%2C600 3x"},"classes":[]},{"id":7304,"url":"https:\/\/cepronda.com\/blog\/convocado-el-curso-de-formacion-sobre-el-desarrollo-de-la-funcion-directiva\/","url_meta":{"origin":2466,"position":3},"title":"CONVOCADO EL CURSO DE FORMACI\u00d3N SOBRE EL DESARROLLO DE LA FUNCI\u00d3N DIRECTIVA","author":"Inmaculada Garc\u00eda","date":"9 enero, 2024","format":false,"excerpt":"Se ha publicado la Resoluci\u00f3n de 21 de diciembre de 2023, de Direcci\u00f3n General de Tecnolog\u00edas Avanzadas y Transformaci\u00f3n Educativa, por la que se convoca curso de formaci\u00f3n sobre el desarrollo de la funci\u00f3n directiva, establecido en el art\u00edculo 134.1 de la Ley Org\u00e1nica 2\/2006, de 3 de mayo, de\u2026","rel":"","context":"En \u00abFormaciones\u00bb","block_context":{"text":"Formaciones","link":"https:\/\/cepronda.com\/blog\/category\/formaciones\/"},"img":{"alt_text":"","src":"https:\/\/i0.wp.com\/cepronda.com\/blog\/wp-content\/uploads\/2024\/01\/Post-de-Instagram-para-rebajas-y-ofertas-tiendas-azul-y-terracota.png?fit=1080%2C1080&ssl=1&resize=350%2C200","width":350,"height":200,"srcset":"https:\/\/i0.wp.com\/cepronda.com\/blog\/wp-content\/uploads\/2024\/01\/Post-de-Instagram-para-rebajas-y-ofertas-tiendas-azul-y-terracota.png?fit=1080%2C1080&ssl=1&resize=350%2C200 1x, https:\/\/i0.wp.com\/cepronda.com\/blog\/wp-content\/uploads\/2024\/01\/Post-de-Instagram-para-rebajas-y-ofertas-tiendas-azul-y-terracota.png?fit=1080%2C1080&ssl=1&resize=525%2C300 1.5x, https:\/\/i0.wp.com\/cepronda.com\/blog\/wp-content\/uploads\/2024\/01\/Post-de-Instagram-para-rebajas-y-ofertas-tiendas-azul-y-terracota.png?fit=1080%2C1080&ssl=1&resize=700%2C400 2x, https:\/\/i0.wp.com\/cepronda.com\/blog\/wp-content\/uploads\/2024\/01\/Post-de-Instagram-para-rebajas-y-ofertas-tiendas-azul-y-terracota.png?fit=1080%2C1080&ssl=1&resize=1050%2C600 3x"},"classes":[]},{"id":242,"url":"https:\/\/cepronda.com\/blog\/normativa-sobre-curso-de-formacion-sobre-el-desarrollo-de-la-funcion-directiva\/","url_meta":{"origin":2466,"position":4},"title":"Normativa sobre curso de formaci\u00f3n sobre el desarrollo de la funci\u00f3n directiva","author":"V\u00edctor Caballero","date":"26 octubre, 2016","format":false,"excerpt":"Atenci\u00f3n a todas aquellas personas que dese\u00e1is obtener la\u00a0certificaci\u00f3n acreditativa de la funci\u00f3n directiva, ya que ha salido publicada la orden que regula este proceso. Si hac\u00e9is clic en la imagen pod\u00e9is acceder a la\u00a0Resoluci\u00f3n de 20 de octubre de 2016, de la Direcci\u00f3n General de Profesorado y Gesti\u00f3n de\u2026","rel":"","context":"En \u00abNoticias\u00bb","block_context":{"text":"Noticias","link":"https:\/\/cepronda.com\/blog\/category\/noticias\/"},"img":{"alt_text":"arrow-945271_640","src":"https:\/\/i0.wp.com\/cepronda.com\/blog\/wp-content\/uploads\/2016\/10\/arrow-945271_640-300x212.png?resize=350%2C200","width":350,"height":200},"classes":[]},{"id":3255,"url":"https:\/\/cepronda.com\/blog\/curso-de-formacion-sobre-el-desarrollo-de-la-funcion-directiva-2\/","url_meta":{"origin":2466,"position":5},"title":"Curso de formaci\u00f3n sobre el desarrollo de la funci\u00f3n directiva","author":"V\u00edctor Caballero","date":"13 diciembre, 2019","format":false,"excerpt":"Muy buenas, Terminamos la semana compartiendo con todas aquellas personas interesadas en realizar el curso de desarrollo de la funci\u00f3n directiva. Os dejamos con el enlace a la resoluci\u00f3n donde pod\u00e9is ver las caracter\u00edsticas del mismo, las personas a las que va dirigida, as\u00ed como el procedimiento de solicitud de\u2026","rel":"","context":"En \u00abFormaciones\u00bb","block_context":{"text":"Formaciones","link":"https:\/\/cepronda.com\/blog\/category\/formaciones\/"},"img":{"alt_text":"","src":"https:\/\/i0.wp.com\/cepronda.com\/blog\/wp-content\/uploads\/2019\/05\/logo-nuevo.jpg?fit=531%2C342&ssl=1&resize=350%2C200","width":350,"height":200,"srcset":"https:\/\/i0.wp.com\/cepronda.com\/blog\/wp-content\/uploads\/2019\/05\/logo-nuevo.jpg?fit=531%2C342&ssl=1&resize=350%2C200 1x, https:\/\/i0.wp.com\/cepronda.com\/blog\/wp-content\/uploads\/2019\/05\/logo-nuevo.jpg?fit=531%2C342&ssl=1&resize=525%2C300 1.5x"},"classes":[]}],"jetpack_sharing_enabled":true,"_links":{"self":[{"href":"https:\/\/cepronda.com\/blog\/wp-json\/wp\/v2\/posts\/2466","targetHints":{"allow":["GET"]}}],"collection":[{"href":"https:\/\/cepronda.com\/blog\/wp-json\/wp\/v2\/posts"}],"about":[{"href":"https:\/\/cepronda.com\/blog\/wp-json\/wp\/v2\/types\/post"}],"author":[{"embeddable":true,"href":"https:\/\/cepronda.com\/blog\/wp-json\/wp\/v2\/users\/3"}],"replies":[{"embeddable":true,"href":"https:\/\/cepronda.com\/blog\/wp-json\/wp\/v2\/comments?post=2466"}],"version-history":[{"count":1,"href":"https:\/\/cepronda.com\/blog\/wp-json\/wp\/v2\/posts\/2466\/revisions"}],"predecessor-version":[{"id":2467,"href":"https:\/\/cepronda.com\/blog\/wp-json\/wp\/v2\/posts\/2466\/revisions\/2467"}],"wp:featuredmedia":[{"embeddable":true,"href":"https:\/\/cepronda.com\/blog\/wp-json\/wp\/v2\/media\/848"}],"wp:attachment":[{"href":"https:\/\/cepronda.com\/blog\/wp-json\/wp\/v2\/media?parent=2466"}],"wp:term":[{"taxonomy":"category","embeddable":true,"href":"https:\/\/cepronda.com\/blog\/wp-json\/wp\/v2\/categories?post=2466"},{"taxonomy":"post_tag","embeddable":true,"href":"https:\/\/cepronda.com\/blog\/wp-json\/wp\/v2\/tags?post=2466"}],"curies":[{"name":"wp","href":"https:\/\/api.w.org\/{rel}","templated":true}]}}