{"id":2463,"date":"2018-11-23T09:40:11","date_gmt":"2018-11-23T08:40:11","guid":{"rendered":"http:\/\/cepronda.com\/blog\/?p=2463"},"modified":"2018-11-23T09:40:20","modified_gmt":"2018-11-23T08:40:20","slug":"erasmus-primeros-pasos","status":"publish","type":"post","link":"https:\/\/cepronda.com\/blog\/erasmus-primeros-pasos\/","title":{"rendered":"Erasmus+ Primeros pasos"},"content":{"rendered":"\n<p class=\"wp-block-paragraph\">\u00a1Hola familia!<\/p>\n\n\n\n<p class=\"wp-block-paragraph\">Sabemos que algunos de nuestros centros est\u00e1is interesados en participar en el programa de Erasmus+. Para todoas aquellas personas interesadas hemos organizado esta formaci\u00f3n con el objetivo de elaborar unas solicitudes de calidad.\u00a0<br><\/p>\n\n\n\n<p class=\"wp-block-paragraph\">El sentido de las presentes jornadas es facilitar pautas para animar a los centros a que participen en los Programas Educativos Europeos en el marco del programa Erasmus +. Asimismo queremos dar a conocer qu\u00e9 caracter\u00edsticas deben tener los proyectos KA1 y KA2 para lograr que cumplan con los criterios de calidad exigidos para ser seleccionados en la convocatoria del a\u00f1o 2019.Mediante esta formaci\u00f3n se har\u00e1 un recorrido mediante ejemplos reales de las las diferentes oportunidades de programas internacionales en los que puede participar los centros educativos. Se dar\u00e1n estrategias para la b\u00fasqueda efectiva de socios para movilidades de alumnado y profesorado. Adem\u00e1s se dar\u00e1n herramientas y m\u00e9todos para buscar cursos interesantes para el profesorado ( Primaria, Secundaria, Bachillerato, FP, R\u00e9gimen Especial&#8230;). Posibilidades de participar en proyectos Erasmus+ con otros centros europeos. Y por \u00faltimo se abrir\u00e1 un espacio al debate y resoluci\u00f3n de dudas.Este curso tiene car\u00e1cter semipresencial, realiz\u00e1ndose unas tareas en el Aula Virtual de Formaci\u00f3n del Profesorado de la Consejer\u00eda de Educaci\u00f3n.<\/p>\n\n\n\n<p class=\"wp-block-paragraph\">Para informaci\u00f3n sobre fechas, inscripci\u00f3n y dem\u00e1s detalles de la actividad s\u00f3lo ten\u00e9is que <a href=\"https:\/\/www.juntadeandalucia.es\/educacion\/secretariavirtual\/consultaCEP\/actividad\/199924PI025\/\" target=\"_blank\" rel=\"noreferrer noopener\" aria-label=\"Para informaci\u00f3n sobre fechas, inscripci\u00f3n y dem\u00e1s detalles de la actividad s\u00f3lo ten\u00e9is que seguir este enlace.\u00a0 (abre en una nueva pesta\u00f1a)\">seguir este enlace<\/a>.\u00a0<\/p>\n\n\n\n<figure class=\"wp-block-image\"><a href=\"https:\/\/www.juntadeandalucia.es\/educacion\/secretariavirtual\/consultaCEP\/actividad\/199924PI025\/\" target=\"_blank\" rel=\"noreferrer noopener\"><img loading=\"lazy\" decoding=\"async\" width=\"1131\" height=\"1600\" src=\"https:\/\/i1.wp.com\/cepronda.com\/blog\/wp-content\/uploads\/2018\/11\/Erasmus-Maribel.jpg?fit=724%2C1024\" alt=\"\" class=\"wp-image-2464\" srcset=\"https:\/\/i0.wp.com\/cepronda.com\/blog\/wp-content\/uploads\/2018\/11\/Erasmus-Maribel.jpg?w=1131&amp;ssl=1 1131w, https:\/\/i0.wp.com\/cepronda.com\/blog\/wp-content\/uploads\/2018\/11\/Erasmus-Maribel.jpg?resize=212%2C300&amp;ssl=1 212w, https:\/\/i0.wp.com\/cepronda.com\/blog\/wp-content\/uploads\/2018\/11\/Erasmus-Maribel.jpg?resize=768%2C1086&amp;ssl=1 768w, https:\/\/i0.wp.com\/cepronda.com\/blog\/wp-content\/uploads\/2018\/11\/Erasmus-Maribel.jpg?resize=724%2C1024&amp;ssl=1 724w\" sizes=\"auto, (max-width: 1131px) 100vw, 1131px\" \/><\/a><\/figure>\n","protected":false},"excerpt":{"rendered":"<p>\u00a1Hola familia! Sabemos que algunos de nuestros centros est\u00e1is interesados en participar en el programa de Erasmus+. Para todoas aquellas personas interesadas hemos organizado esta formaci\u00f3n con el objetivo de elaborar unas solicitudes de calidad.\u00a0 El sentido de las presentes jornadas es facilitar pautas para animar a los centros a que participen en los Programas [&hellip;]<\/p>\n","protected":false},"author":3,"featured_media":2464,"comment_status":"open","ping_status":"open","sticky":false,"template":"","format":"standard","meta":{"_crdt_document":"","advanced_seo_description":"","jetpack_seo_html_title":"","jetpack_seo_noindex":false,"jetpack_post_was_ever_published":false,"_jetpack_newsletter_access":"","_jetpack_dont_email_post_to_subs":false,"_jetpack_newsletter_tier_id":0,"_jetpack_memberships_contains_paywalled_content":false,"_jetpack_memberships_contains_paid_content":false,"footnotes":"","jetpack_publicize_message":"","jetpack_publicize_feature_enabled":true,"jetpack_social_post_already_shared":true,"jetpack_social_options":{"image_generator_settings":{"template":"highway","default_image_id":0,"font":"","enabled":false},"version":2}},"categories":[3],"tags":[96],"class_list":{"0":"post-2463","1":"post","2":"type-post","3":"status-publish","4":"format-standard","5":"has-post-thumbnail","7":"category-formaciones","8":"tag-erasmus","9":"czr-hentry"},"jetpack_publicize_connections":[],"jetpack_featured_media_url":"https:\/\/i0.wp.com\/cepronda.com\/blog\/wp-content\/uploads\/2018\/11\/Erasmus-Maribel.jpg?fit=1131%2C1600&ssl=1","jetpack_shortlink":"https:\/\/wp.me\/p8M4X7-DJ","jetpack-related-posts":[{"id":2957,"url":"https:\/\/cepronda.com\/blog\/fomento-de-la-comunicacion-linguistica-en-los-centros-plc-comunica-bilinguismo-y-erasmus\/","url_meta":{"origin":2463,"position":0},"title":"FOMENTO DE LA COMUNICACI\u00d3N LING\u00dc\u00cdSTICA EN LOS CENTROS: PLC, COMUNICA, BILING\u00dcISMO Y ERASMUS+","author":"V\u00edctor Caballero","date":"3 septiembre, 2019","format":false,"excerpt":"Muy buenas familia, \u00bfQu\u00e9 tal la vuelta? Seguro que bien. muchos \u00e1nimos desde el CEP y ya sab\u00e9is donde ten\u00e9is vuestra casa. Comenzamos nuestro periplo formativo con una actividad dirigida a todos aquellos centros que est\u00e9is interesados en pedir alg\u00fan PLC, Comunica o Erasmus +, as\u00ed como a nuestros centros\u2026","rel":"","context":"En \u00abFormaciones\u00bb","block_context":{"text":"Formaciones","link":"https:\/\/cepronda.com\/blog\/category\/formaciones\/"},"img":{"alt_text":"","src":"https:\/\/i0.wp.com\/cepronda.com\/blog\/wp-content\/uploads\/2019\/09\/PLC_Comunica.png?fit=642%2C909&ssl=1&resize=350%2C200","width":350,"height":200,"srcset":"https:\/\/i0.wp.com\/cepronda.com\/blog\/wp-content\/uploads\/2019\/09\/PLC_Comunica.png?fit=642%2C909&ssl=1&resize=350%2C200 1x, https:\/\/i0.wp.com\/cepronda.com\/blog\/wp-content\/uploads\/2019\/09\/PLC_Comunica.png?fit=642%2C909&ssl=1&resize=525%2C300 1.5x"},"classes":[]},{"id":7811,"url":"https:\/\/cepronda.com\/blog\/celebracion-del-erasmus-day-un-agradecimiento-a-todos-los-centros-participantes\/","url_meta":{"origin":2463,"position":1},"title":"CELEBRACI\u00d3N DEL ERASMUS DAY. UN AGRADECIMIENTO A TODOS LOS CENTROS PARTICIPANTES.","author":"Maribel Mu\u00f1oz","date":"24 octubre, 2024","format":false,"excerpt":"En el marco del Erasmus Day, queremos dedicar este espacio para agradecer a todos los centros que han participado activamente en las movilidades docentes durante el curso 2023\/2024 dentro del Consorcio MEPRural del CEP de Ronda. El programa Erasmus+ sigue siendo una oportunidad \u00fanica para el intercambio de experiencias, conocimientos\u2026","rel":"","context":"En \u00abFormaciones\u00bb","block_context":{"text":"Formaciones","link":"https:\/\/cepronda.com\/blog\/category\/formaciones\/"},"img":{"alt_text":"","src":"https:\/\/i0.wp.com\/cepronda.com\/blog\/wp-content\/uploads\/2024\/10\/Erasmus-day-video-portada.jpg?fit=446%2C787&ssl=1&resize=350%2C200","width":350,"height":200},"classes":[]},{"id":4462,"url":"https:\/\/cepronda.com\/blog\/doble-acreditacion-erasmus-para-el-i-e-s-profesor-gonzalo-huesa\/","url_meta":{"origin":2463,"position":2},"title":"DOBLE ACREDITACI\u00d3N ERASMUS PARA EL I.E.S. PROFESOR GONZALO HUESA","author":"Mar\u00eda Jos\u00e9 M\u00e1rquez","date":"21 abril, 2021","format":false,"excerpt":"\u00a0 Desde el Centro del Profesorado de Ronda queremos felicitar al I.E.S. Profesor Gonzalo Huesa por haber logrado\u00a0una doble acreditaci\u00f3n del programa Erasmus+ dirigida tanto al alumnado de Formaci\u00f3n Profesional como del resto de ense\u00f1anzas que se imparten en el centro.En Andaluc\u00eda, \u00fanicamente, son 12 los centros que cuentan con\u2026","rel":"","context":"En \u00abFormaciones\u00bb","block_context":{"text":"Formaciones","link":"https:\/\/cepronda.com\/blog\/category\/formaciones\/"},"img":{"alt_text":"","src":"https:\/\/i0.wp.com\/cepronda.com\/blog\/wp-content\/uploads\/2021\/04\/acreditacio%CC%81n-ERASMUS-300x152.jpeg?resize=350%2C200","width":350,"height":200},"classes":[]},{"id":5657,"url":"https:\/\/cepronda.com\/blog\/elaboracion-de-proyectos-de-calidad-erasmus-2023\/","url_meta":{"origin":2463,"position":3},"title":"ELABORACI\u00d3N DE PROYECTOS DE CALIDAD ERASMUS 2023","author":"Mamen Moreno","date":"13 diciembre, 2022","format":false,"excerpt":"Se encuentra abierto el plazo de solicitudes de la actividad formativa ELABORACI\u00d3N DE PROYECTOS DE CALIDAD ERASMUS 2023 Curso dirigido a Equipos Directivos y profesorado interesado en participar en el Programa Erasmus+ en los pr\u00f3ximos cursos acad\u00e9micos Curso a distancia en el Aula Virtual de Formaci\u00f3n del Profesorado \u270d\ufe0f Inscripciones\u2026","rel":"","context":"En \u00abFormaciones\u00bb","block_context":{"text":"Formaciones","link":"https:\/\/cepronda.com\/blog\/category\/formaciones\/"},"img":{"alt_text":"","src":"https:\/\/i0.wp.com\/cepronda.com\/blog\/wp-content\/uploads\/2022\/12\/d8f22376-1582-46c4-b762-083e18e67201-2.jpg?fit=1080%2C1080&ssl=1&resize=350%2C200","width":350,"height":200,"srcset":"https:\/\/i0.wp.com\/cepronda.com\/blog\/wp-content\/uploads\/2022\/12\/d8f22376-1582-46c4-b762-083e18e67201-2.jpg?fit=1080%2C1080&ssl=1&resize=350%2C200 1x, https:\/\/i0.wp.com\/cepronda.com\/blog\/wp-content\/uploads\/2022\/12\/d8f22376-1582-46c4-b762-083e18e67201-2.jpg?fit=1080%2C1080&ssl=1&resize=525%2C300 1.5x, https:\/\/i0.wp.com\/cepronda.com\/blog\/wp-content\/uploads\/2022\/12\/d8f22376-1582-46c4-b762-083e18e67201-2.jpg?fit=1080%2C1080&ssl=1&resize=700%2C400 2x, https:\/\/i0.wp.com\/cepronda.com\/blog\/wp-content\/uploads\/2022\/12\/d8f22376-1582-46c4-b762-083e18e67201-2.jpg?fit=1080%2C1080&ssl=1&resize=1050%2C600 3x"},"classes":[]},{"id":3113,"url":"https:\/\/cepronda.com\/blog\/erasmus-modulo-avanzado-gestion-administrativa-y-economica-de-proyectos-erasmus-en-seneca\/","url_meta":{"origin":2463,"position":4},"title":"ERASMUS+ M\u00d3DULO AVANZADO: GESTI\u00d3N ADMINISTRATIVA Y ECON\u00d3MICA DE PROYECTOS ERASMUS+ EN S\u00c9NECA","author":"V\u00edctor Caballero","date":"31 octubre, 2019","format":false,"excerpt":"Buenos d\u00edas familia, compartimos con todas aquellas personas interesadas la siguiente formaci\u00f3n: FORMACI\u00d3N DESTINADA A LOS CENTROS CON PROYECTOS ERASMUS+ APROBADOS. ESPECIALMENTE DIRIGIDO AL PROFESORADO PARTICIPANTE DEL PROGRAMA, AS\u00cd COMO A LAS PERSONAS QUE TIENEN EN CARGO DE LA SECRETAR\u00cdA DEL CENTRO Y LAS PERSONAS ENCARGADAS DE LA COORDINACI\u00d3N DE\u2026","rel":"","context":"En \u00abFormaciones\u00bb","block_context":{"text":"Formaciones","link":"https:\/\/cepronda.com\/blog\/category\/formaciones\/"},"img":{"alt_text":"","src":"https:\/\/i0.wp.com\/cepronda.com\/blog\/wp-content\/uploads\/2019\/10\/Erasmus.png?fit=643%2C908&ssl=1&resize=350%2C200","width":350,"height":200,"srcset":"https:\/\/i0.wp.com\/cepronda.com\/blog\/wp-content\/uploads\/2019\/10\/Erasmus.png?fit=643%2C908&ssl=1&resize=350%2C200 1x, https:\/\/i0.wp.com\/cepronda.com\/blog\/wp-content\/uploads\/2019\/10\/Erasmus.png?fit=643%2C908&ssl=1&resize=525%2C300 1.5x"},"classes":[]},{"id":4901,"url":"https:\/\/cepronda.com\/blog\/difusion-del-programa-erasmus-y-elaboracion-de-proyectos-de-calidad\/","url_meta":{"origin":2463,"position":5},"title":"DIFUSI\u00d3N DEL PROGRAMA ERASMUS+ Y ELABORACI\u00d3N DE PROYECTOS DE CALIDAD","author":"Maribel Mu\u00f1oz","date":"21 diciembre, 2021","format":false,"excerpt":"Buenos d\u00edas compa\u00f1eras y compa\u00f1eros,\u00a0 Os informamos que est\u00e1 abierto el plazo de inscripci\u00f3n en la actividad DIFUSI\u00d3N DEL PROGRAMA ERASMUS+ Y ELABORACI\u00d3N DE PROYECTOS DE CALIDAD con c\u00f3digo 221105FP109. Es una actividad REGIONAL.\u00a0 dirigida al profesorado de Formaci\u00f3n\u00a0Profesional. El plazo de solicitudes\u00a0 finaliza el 10 de enero a las\u2026","rel":"","context":"En \u00abFormaciones\u00bb","block_context":{"text":"Formaciones","link":"https:\/\/cepronda.com\/blog\/category\/formaciones\/"},"img":{"alt_text":"","src":"https:\/\/i0.wp.com\/cepronda.com\/blog\/wp-content\/uploads\/2021\/12\/DIFUSION-ERASMUS-FP-1.jpg?fit=1200%2C848&ssl=1&resize=350%2C200","width":350,"height":200,"srcset":"https:\/\/i0.wp.com\/cepronda.com\/blog\/wp-content\/uploads\/2021\/12\/DIFUSION-ERASMUS-FP-1.jpg?fit=1200%2C848&ssl=1&resize=350%2C200 1x, https:\/\/i0.wp.com\/cepronda.com\/blog\/wp-content\/uploads\/2021\/12\/DIFUSION-ERASMUS-FP-1.jpg?fit=1200%2C848&ssl=1&resize=525%2C300 1.5x, https:\/\/i0.wp.com\/cepronda.com\/blog\/wp-content\/uploads\/2021\/12\/DIFUSION-ERASMUS-FP-1.jpg?fit=1200%2C848&ssl=1&resize=700%2C400 2x, https:\/\/i0.wp.com\/cepronda.com\/blog\/wp-content\/uploads\/2021\/12\/DIFUSION-ERASMUS-FP-1.jpg?fit=1200%2C848&ssl=1&resize=1050%2C600 3x"},"classes":[]}],"jetpack_sharing_enabled":true,"_links":{"self":[{"href":"https:\/\/cepronda.com\/blog\/wp-json\/wp\/v2\/posts\/2463","targetHints":{"allow":["GET"]}}],"collection":[{"href":"https:\/\/cepronda.com\/blog\/wp-json\/wp\/v2\/posts"}],"about":[{"href":"https:\/\/cepronda.com\/blog\/wp-json\/wp\/v2\/types\/post"}],"author":[{"embeddable":true,"href":"https:\/\/cepronda.com\/blog\/wp-json\/wp\/v2\/users\/3"}],"replies":[{"embeddable":true,"href":"https:\/\/cepronda.com\/blog\/wp-json\/wp\/v2\/comments?post=2463"}],"version-history":[{"count":1,"href":"https:\/\/cepronda.com\/blog\/wp-json\/wp\/v2\/posts\/2463\/revisions"}],"predecessor-version":[{"id":2465,"href":"https:\/\/cepronda.com\/blog\/wp-json\/wp\/v2\/posts\/2463\/revisions\/2465"}],"wp:featuredmedia":[{"embeddable":true,"href":"https:\/\/cepronda.com\/blog\/wp-json\/wp\/v2\/media\/2464"}],"wp:attachment":[{"href":"https:\/\/cepronda.com\/blog\/wp-json\/wp\/v2\/media?parent=2463"}],"wp:term":[{"taxonomy":"category","embeddable":true,"href":"https:\/\/cepronda.com\/blog\/wp-json\/wp\/v2\/categories?post=2463"},{"taxonomy":"post_tag","embeddable":true,"href":"https:\/\/cepronda.com\/blog\/wp-json\/wp\/v2\/tags?post=2463"}],"curies":[{"name":"wp","href":"https:\/\/api.w.org\/{rel}","templated":true}]}}