{"id":2456,"date":"2018-11-19T09:20:36","date_gmt":"2018-11-19T08:20:36","guid":{"rendered":"http:\/\/cepronda.com\/blog\/?p=2456"},"modified":"2018-11-19T09:20:45","modified_gmt":"2018-11-19T08:20:45","slug":"19-de-noviembre-dia-mundial-del-ajedrez","status":"publish","type":"post","link":"https:\/\/cepronda.com\/blog\/19-de-noviembre-dia-mundial-del-ajedrez\/","title":{"rendered":"19 de Noviembre, D\u00eda Mundial del Ajedrez"},"content":{"rendered":"\n<p class=\"wp-block-paragraph\">\u00bfQu\u00e9 tal familia? Comenzamos semana lluviosa compartiendo con todos los centros la celebraci\u00f3n del d\u00eda mundial de ajedrez.\u00a0<\/p>\n\n\n\n<p class=\"wp-block-paragraph\">Cada 19 de noviembre se celebra el D\u00eda Mundial del Ajedrez. Esta fecha fue instaurada en 1988 por la Federaci\u00f3n Internacional de Ajedrez (FIDE) en homenaje al campe\u00f3n del mundo Jos\u00e9 Ra\u00fal Capablanca (1888-1942), justo cuando se cumpl\u00edan 100 a\u00f1os de su nacimiento en La Habana, Cuba.<br>La Direcci\u00f3n General de Innovaci\u00f3n y Formaci\u00f3n del Profesorado quiere recordar la importancia del Ajedrez en el \u00e1mbito educativo, por eso aprovecha esta efem\u00e9ride para animar a todos los centros a que festejen, a lo largo de la semana del 19 al 23, su particular D\u00eda del Ajedrez Educativo.<\/p>\n\n\n\n<p class=\"wp-block-paragraph\">Para apoyar estas actividades en los centros se ha elaborado un cat\u00e1logo de propuestas did\u00e1cticas con distintos enfoques transversales para trabajar en el aula.<\/p>\n\n\n\n<p class=\"wp-block-paragraph\">Documentos relacionados<\/p>\n\n\n\n<ul class=\"wp-block-list\"><li>Icono descriptivo&nbsp;<a href=\"http:\/\/www.juntadeandalucia.es\/educacion\/portals\/abaco-portlet\/content\/4368ca8c-5761-41c6-aba2-0d0fd95b3a3f\" target=\"_blank\" rel=\"noreferrer noopener\">D\u00eda Mundial del Ajedrez (PDF \/ 2370.23Kb)<\/a><\/li><\/ul>\n\n\n\n<figure class=\"wp-block-image\"><a href=\"http:\/\/www.juntadeandalucia.es\/educacion\/portals\/abaco-portlet\/content\/4368ca8c-5761-41c6-aba2-0d0fd95b3a3f\" target=\"_blank\" rel=\"noreferrer noopener\"><img loading=\"lazy\" decoding=\"async\" width=\"1920\" height=\"1368\" src=\"https:\/\/i2.wp.com\/cepronda.com\/blog\/wp-content\/uploads\/2018\/11\/pawns-3467512_1920.jpg?fit=1024%2C730\" alt=\"\" class=\"wp-image-2457\" srcset=\"https:\/\/i0.wp.com\/cepronda.com\/blog\/wp-content\/uploads\/2018\/11\/pawns-3467512_1920.jpg?w=1920&amp;ssl=1 1920w, https:\/\/i0.wp.com\/cepronda.com\/blog\/wp-content\/uploads\/2018\/11\/pawns-3467512_1920.jpg?resize=300%2C214&amp;ssl=1 300w, https:\/\/i0.wp.com\/cepronda.com\/blog\/wp-content\/uploads\/2018\/11\/pawns-3467512_1920.jpg?resize=768%2C547&amp;ssl=1 768w, https:\/\/i0.wp.com\/cepronda.com\/blog\/wp-content\/uploads\/2018\/11\/pawns-3467512_1920.jpg?resize=1024%2C730&amp;ssl=1 1024w\" sizes=\"auto, (max-width: 1170px) 100vw, 1170px\" \/><\/a><\/figure>\n","protected":false},"excerpt":{"rendered":"<p>\u00bfQu\u00e9 tal familia? Comenzamos semana lluviosa compartiendo con todos los centros la celebraci\u00f3n del d\u00eda mundial de ajedrez.\u00a0 Cada 19 de noviembre se celebra el D\u00eda Mundial del Ajedrez. Esta fecha fue instaurada en 1988 por la Federaci\u00f3n Internacional de Ajedrez (FIDE) en homenaje al campe\u00f3n del mundo Jos\u00e9 Ra\u00fal Capablanca (1888-1942), justo cuando se [&hellip;]<\/p>\n","protected":false},"author":3,"featured_media":2457,"comment_status":"open","ping_status":"open","sticky":false,"template":"","format":"standard","meta":{"_crdt_document":"","advanced_seo_description":"","jetpack_seo_html_title":"","jetpack_seo_noindex":false,"jetpack_post_was_ever_published":false,"_jetpack_newsletter_access":"","_jetpack_dont_email_post_to_subs":false,"_jetpack_newsletter_tier_id":0,"_jetpack_memberships_contains_paywalled_content":false,"_jetpack_memberships_contains_paid_content":false,"footnotes":"","jetpack_publicize_message":"","jetpack_publicize_feature_enabled":true,"jetpack_social_post_already_shared":true,"jetpack_social_options":{"image_generator_settings":{"template":"highway","default_image_id":0,"font":"","enabled":false},"version":2}},"categories":[5],"tags":[142],"class_list":{"0":"post-2456","1":"post","2":"type-post","3":"status-publish","4":"format-standard","5":"has-post-thumbnail","7":"category-noticias","8":"tag-ajedrez","9":"czr-hentry"},"jetpack_publicize_connections":[],"jetpack_featured_media_url":"https:\/\/i0.wp.com\/cepronda.com\/blog\/wp-content\/uploads\/2018\/11\/pawns-3467512_1920.jpg?fit=1920%2C1368&ssl=1","jetpack_shortlink":"https:\/\/wp.me\/p8M4X7-DC","jetpack-related-posts":[{"id":7270,"url":"https:\/\/cepronda.com\/blog\/formacion-logica-y-razonamiento-matematico-a-traves-del-ajedrez-educativo-242922ge012\/","url_meta":{"origin":2456,"position":0},"title":"FORMACI\u00d3N: L\u00d3GICA Y RAZONAMIENTO MATEM\u00c1TICO A TRAV\u00c9S DEL AJEDREZ EDUCATIVO (242922GE012)","author":"Inmaculada Garc\u00eda","date":"11 diciembre, 2023","format":false,"excerpt":"Abierto el plazo de inscripci\u00f3n para el curso presencial, destinado a docentes de la ense\u00f1anza p\u00fablica: L\u00d3GICA Y RAZONAMIENTO MATEM\u00c1TICO A TRAV\u00c9S DEL AJEDREZ EDUCATIVO (242922GE012) Duraci\u00f3n: 15 horas Plazo de inscripci\u00f3n: 11\/12\/2023 hasta 11\/01\/2024 Fechas de realizaci\u00f3n: 18\/01\/2024 hasta 15\/02\/2024 Lugar de realizaci\u00f3n: CEP DE M\u00c1LAGA M\u00e1s informaci\u00f3n e\u2026","rel":"","context":"En \u00abFormaciones\u00bb","block_context":{"text":"Formaciones","link":"https:\/\/cepronda.com\/blog\/category\/formaciones\/"},"img":{"alt_text":"","src":"https:\/\/i0.wp.com\/cepronda.com\/blog\/wp-content\/uploads\/2023\/12\/410355709_872387644523579_4404426349770499370_n.jpg?fit=1080%2C1080&ssl=1&resize=350%2C200","width":350,"height":200,"srcset":"https:\/\/i0.wp.com\/cepronda.com\/blog\/wp-content\/uploads\/2023\/12\/410355709_872387644523579_4404426349770499370_n.jpg?fit=1080%2C1080&ssl=1&resize=350%2C200 1x, https:\/\/i0.wp.com\/cepronda.com\/blog\/wp-content\/uploads\/2023\/12\/410355709_872387644523579_4404426349770499370_n.jpg?fit=1080%2C1080&ssl=1&resize=525%2C300 1.5x, https:\/\/i0.wp.com\/cepronda.com\/blog\/wp-content\/uploads\/2023\/12\/410355709_872387644523579_4404426349770499370_n.jpg?fit=1080%2C1080&ssl=1&resize=700%2C400 2x, https:\/\/i0.wp.com\/cepronda.com\/blog\/wp-content\/uploads\/2023\/12\/410355709_872387644523579_4404426349770499370_n.jpg?fit=1080%2C1080&ssl=1&resize=1050%2C600 3x"},"classes":[]},{"id":3430,"url":"https:\/\/cepronda.com\/blog\/concurso-de-video-experiencias-corto-y-jaque\/","url_meta":{"origin":2456,"position":1},"title":"Concurso de v\u00eddeo-experiencias \u00abCORTO Y JAQUE\u00bb","author":"V\u00edctor Caballero","date":"14 febrero, 2020","format":false,"excerpt":"Terminamos la semana con esta noticia, este concurso dirigido a los centros que est\u00e1n dentro del programa Aula DJaque. La Consejer\u00eda de Educaci\u00f3n y Deporte convoca la segunda edici\u00f3n del concurso de\u00a0v\u00eddeo-experiencias 2020 CORTO Y JAQUE (CYJ), dirigido al alumnado de los centros educativos que participan en el programa aulaDjaque.\u2026","rel":"","context":"En \u00abNoticias\u00bb","block_context":{"text":"Noticias","link":"https:\/\/cepronda.com\/blog\/category\/noticias\/"},"img":{"alt_text":"","src":"https:\/\/i0.wp.com\/cepronda.com\/blog\/wp-content\/uploads\/2019\/05\/logo-nuevo.jpg?fit=531%2C342&ssl=1&resize=350%2C200","width":350,"height":200,"srcset":"https:\/\/i0.wp.com\/cepronda.com\/blog\/wp-content\/uploads\/2019\/05\/logo-nuevo.jpg?fit=531%2C342&ssl=1&resize=350%2C200 1x, https:\/\/i0.wp.com\/cepronda.com\/blog\/wp-content\/uploads\/2019\/05\/logo-nuevo.jpg?fit=531%2C342&ssl=1&resize=525%2C300 1.5x"},"classes":[]},{"id":2823,"url":"https:\/\/cepronda.com\/blog\/concurso-de-videoexperiencias-auladjaque-2019-show-your-best-move-sybm\/","url_meta":{"origin":2456,"position":2},"title":"Concurso de v\u00eddeoexperiencias aulaDjaque 2019 SHOW YOUR BEST MOVE (SYBM)","author":"V\u00edctor Caballero","date":"20 mayo, 2019","format":false,"excerpt":"Muy buenas a todas y a todos, Compartimos esta informaci\u00f3n dirigida a aquellos centros que este curso hayan estado inscritos en el programa Aula DJaque, por si es de vuestro inter\u00e9s. La Consejer\u00eda de Educaci\u00f3n y Deporte convoca la primera edici\u00f3n del concurso de\u00a0v\u00eddeoexperiencias aulaDjaque 2019 SHOW YOUR BEST MOVE\u2026","rel":"","context":"En \u00abNoticias\u00bb","block_context":{"text":"Noticias","link":"https:\/\/cepronda.com\/blog\/category\/noticias\/"},"img":{"alt_text":"","src":"https:\/\/i0.wp.com\/cepronda.com\/blog\/wp-content\/uploads\/2019\/05\/pawns-3467512_1920-1.jpg?resize=350%2C200&ssl=1","width":350,"height":200,"srcset":"https:\/\/i0.wp.com\/cepronda.com\/blog\/wp-content\/uploads\/2019\/05\/pawns-3467512_1920-1.jpg?resize=350%2C200&ssl=1 1x, https:\/\/i0.wp.com\/cepronda.com\/blog\/wp-content\/uploads\/2019\/05\/pawns-3467512_1920-1.jpg?resize=525%2C300&ssl=1 1.5x, https:\/\/i0.wp.com\/cepronda.com\/blog\/wp-content\/uploads\/2019\/05\/pawns-3467512_1920-1.jpg?resize=700%2C400&ssl=1 2x, https:\/\/i0.wp.com\/cepronda.com\/blog\/wp-content\/uploads\/2019\/05\/pawns-3467512_1920-1.jpg?resize=1050%2C600&ssl=1 3x, https:\/\/i0.wp.com\/cepronda.com\/blog\/wp-content\/uploads\/2019\/05\/pawns-3467512_1920-1.jpg?resize=1400%2C800&ssl=1 4x"},"classes":[]},{"id":4510,"url":"https:\/\/cepronda.com\/blog\/i-congreso-de-ajedrez-y-buenas-practicas-educativas\/","url_meta":{"origin":2456,"position":3},"title":"I CONGRESO DE AJEDREZ Y BUENAS PR\u00c1CTICAS EDUCATIVAS","author":"Maribel Mu\u00f1oz","date":"4 mayo, 2021","format":false,"excerpt":"Estimados\/as compa\u00f1eros\/as, Os informamos que est\u00e1 abierta la convocatoria para el \"I CONGRESO DE AJEDREZ Y BUENAS PR\u00c1CTICAS EDUCATIVAS\" que se realizar\u00e1 los d\u00edas 20, 25 y 27 de mayo. Ser\u00e1 un congreso con ponentes de repercusi\u00f3n internacional con un formato din\u00e1mico, como pod\u00e9is ver en el siguiente \"teaser trailer\":\u2026","rel":"","context":"En \u00abFormaciones\u00bb","block_context":{"text":"Formaciones","link":"https:\/\/cepronda.com\/blog\/category\/formaciones\/"},"img":{"alt_text":"","src":"https:\/\/i0.wp.com\/cepronda.com\/blog\/wp-content\/uploads\/2021\/05\/chess-316657_1280.jpg?fit=1200%2C794&ssl=1&resize=350%2C200","width":350,"height":200,"srcset":"https:\/\/i0.wp.com\/cepronda.com\/blog\/wp-content\/uploads\/2021\/05\/chess-316657_1280.jpg?fit=1200%2C794&ssl=1&resize=350%2C200 1x, https:\/\/i0.wp.com\/cepronda.com\/blog\/wp-content\/uploads\/2021\/05\/chess-316657_1280.jpg?fit=1200%2C794&ssl=1&resize=525%2C300 1.5x, https:\/\/i0.wp.com\/cepronda.com\/blog\/wp-content\/uploads\/2021\/05\/chess-316657_1280.jpg?fit=1200%2C794&ssl=1&resize=700%2C400 2x, https:\/\/i0.wp.com\/cepronda.com\/blog\/wp-content\/uploads\/2021\/05\/chess-316657_1280.jpg?fit=1200%2C794&ssl=1&resize=1050%2C600 3x"},"classes":[]},{"id":1399,"url":"https:\/\/cepronda.com\/blog\/celebracion-dia-del-flamenco\/","url_meta":{"origin":2456,"position":4},"title":"Celebraci\u00f3n D\u00eda del Flamenco","author":"V\u00edctor Caballero","date":"8 noviembre, 2017","format":false,"excerpt":"\u00a1Hola! Se acaban de publicar unas instrucciones para la celebraci\u00f3n del D\u00eda del Flamenco el pr\u00f3ximo 16 de noviembre. Compartimos con todos y todas vosotras estas instrucciones, as\u00ed como el enlace a las mismas. \"La importancia del Flamenco como una de las manifestaciones culturales principales de nuestra Comunidad Aut\u00f3noma qued\u00f3\u2026","rel":"","context":"En \u00abNoticias\u00bb","block_context":{"text":"Noticias","link":"https:\/\/cepronda.com\/blog\/category\/noticias\/"},"img":{"alt_text":"","src":"https:\/\/i0.wp.com\/cepronda.com\/blog\/wp-content\/uploads\/2017\/11\/spain-632802_640.jpg?fit=640%2C450&ssl=1&resize=350%2C200","width":350,"height":200,"srcset":"https:\/\/i0.wp.com\/cepronda.com\/blog\/wp-content\/uploads\/2017\/11\/spain-632802_640.jpg?fit=640%2C450&ssl=1&resize=350%2C200 1x, https:\/\/i0.wp.com\/cepronda.com\/blog\/wp-content\/uploads\/2017\/11\/spain-632802_640.jpg?fit=640%2C450&ssl=1&resize=525%2C300 1.5x"},"classes":[]},{"id":3062,"url":"https:\/\/cepronda.com\/blog\/ii-torneo-de-debate-educativo-de-andalucia\/","url_meta":{"origin":2456,"position":5},"title":"II Torneo de Debate Educativo de Andaluc\u00eda","author":"V\u00edctor Caballero","date":"30 septiembre, 2019","format":false,"excerpt":"Muy buenas familia, Comenzamos esta semana calurosa con vosotros compartiendo esta informaci\u00f3n que creemos os puede resultar interesante. Se convoca el II Torneo de Debate Educativo de Andaluc\u00eda y sus fases correspondientes, de centros docentes, provincial y auton\u00f3mica para el curso 2019\/2020. El Torneo se concibe como un foro de\u2026","rel":"","context":"En \u00abFormaciones\u00bb","block_context":{"text":"Formaciones","link":"https:\/\/cepronda.com\/blog\/category\/formaciones\/"},"img":{"alt_text":"","src":"https:\/\/i0.wp.com\/cepronda.com\/blog\/wp-content\/uploads\/2019\/09\/man-2814937_1920-1.jpg?fit=1200%2C526&ssl=1&resize=350%2C200","width":350,"height":200,"srcset":"https:\/\/i0.wp.com\/cepronda.com\/blog\/wp-content\/uploads\/2019\/09\/man-2814937_1920-1.jpg?fit=1200%2C526&ssl=1&resize=350%2C200 1x, https:\/\/i0.wp.com\/cepronda.com\/blog\/wp-content\/uploads\/2019\/09\/man-2814937_1920-1.jpg?fit=1200%2C526&ssl=1&resize=525%2C300 1.5x, https:\/\/i0.wp.com\/cepronda.com\/blog\/wp-content\/uploads\/2019\/09\/man-2814937_1920-1.jpg?fit=1200%2C526&ssl=1&resize=700%2C400 2x, https:\/\/i0.wp.com\/cepronda.com\/blog\/wp-content\/uploads\/2019\/09\/man-2814937_1920-1.jpg?fit=1200%2C526&ssl=1&resize=1050%2C600 3x"},"classes":[]}],"jetpack_sharing_enabled":true,"_links":{"self":[{"href":"https:\/\/cepronda.com\/blog\/wp-json\/wp\/v2\/posts\/2456","targetHints":{"allow":["GET"]}}],"collection":[{"href":"https:\/\/cepronda.com\/blog\/wp-json\/wp\/v2\/posts"}],"about":[{"href":"https:\/\/cepronda.com\/blog\/wp-json\/wp\/v2\/types\/post"}],"author":[{"embeddable":true,"href":"https:\/\/cepronda.com\/blog\/wp-json\/wp\/v2\/users\/3"}],"replies":[{"embeddable":true,"href":"https:\/\/cepronda.com\/blog\/wp-json\/wp\/v2\/comments?post=2456"}],"version-history":[{"count":1,"href":"https:\/\/cepronda.com\/blog\/wp-json\/wp\/v2\/posts\/2456\/revisions"}],"predecessor-version":[{"id":2458,"href":"https:\/\/cepronda.com\/blog\/wp-json\/wp\/v2\/posts\/2456\/revisions\/2458"}],"wp:featuredmedia":[{"embeddable":true,"href":"https:\/\/cepronda.com\/blog\/wp-json\/wp\/v2\/media\/2457"}],"wp:attachment":[{"href":"https:\/\/cepronda.com\/blog\/wp-json\/wp\/v2\/media?parent=2456"}],"wp:term":[{"taxonomy":"category","embeddable":true,"href":"https:\/\/cepronda.com\/blog\/wp-json\/wp\/v2\/categories?post=2456"},{"taxonomy":"post_tag","embeddable":true,"href":"https:\/\/cepronda.com\/blog\/wp-json\/wp\/v2\/tags?post=2456"}],"curies":[{"name":"wp","href":"https:\/\/api.w.org\/{rel}","templated":true}]}}