{"id":2453,"date":"2018-11-08T11:55:15","date_gmt":"2018-11-08T10:55:15","guid":{"rendered":"http:\/\/cepronda.com\/blog\/?p=2453"},"modified":"2025-04-28T11:58:59","modified_gmt":"2025-04-28T09:58:59","slug":"participacion-como-centro-telemaco","status":"publish","type":"post","link":"https:\/\/cepronda.com\/blog\/participacion-como-centro-telemaco\/","title":{"rendered":"Participaci\u00f3n como centro Tel\u00e9maco"},"content":{"rendered":"\n<p class=\"wp-block-paragraph\">Muy buenas familia,\u00a0<\/p>\n\n\n\n<p class=\"wp-block-paragraph\">Ponemos en vuestro conocimiento que, desde hoy hasta el d\u00eda 21 de noviembre, ten\u00e9is abierto el plazo de inscripci\u00f3n para inscribiros como centro Tel\u00e9maco dentro del programa de Escuelas Mentoras.<\/p>\n\n\n\n<p class=\"wp-block-paragraph\">Si os inscrib\u00eds como centro Tel\u00e9maco pod\u00e9is tener la opci\u00f3n de visitar alguna de las escuelas mentoras, y posteriormente intentar implementar su experiencia en vuestro centro. Creemos que puede ser una magn\u00edfica oportunidad de aprender.\u00a0<\/p>\n\n\n\n<p class=\"wp-block-paragraph\">Os dejamos con el <a rel=\"noreferrer noopener\" aria-label=\"Os dejamos con el enlace a la orden que regular la convocatoria, as\u00ed como un enlace con informaci\u00f3n relevante del programa.\u00a0 (abre en una nueva pesta\u00f1a)\" href=\"http:\/\/www.juntadeandalucia.es\/educacion\/portals\/abaco-portlet\/content\/1ad4e210-b08b-42c0-93d9-ba49ded50cbe\" target=\"_blank\">enlace a la orden que regular la convocatoria<\/a>, as\u00ed como un<a href=\"http:\/\/www.juntadeandalucia.es\/educacion\/portals\/web\/ced\/novedades\/-\/contenidos\/detalle\/plazo-de-solicitudes-para-participar-como-centro-telemaco-en-el-programa-de-formacion-escuelas-mentoras-informacion\" target=\"_blank\" rel=\"noreferrer noopener\" aria-label=\"Os dejamos con el enlace a la orden que regular la convocatoria, as\u00ed como un enlace con informaci\u00f3n relevante del programa.\u00a0 (abre en una nueva pesta\u00f1a)\"> enlace con informaci\u00f3n<\/a> relevante del programa.\u00a0<\/p>\n\n\n\n<p class=\"wp-block-paragraph\">Un saludo.\u00a0\u00a0<\/p>\n\n\n\n<div class=\"wp-block-image\"><figure class=\"aligncenter is-resized\"><a href=\"http:\/\/www.juntadeandalucia.es\/educacion\/portals\/web\/ced\/novedades\/-\/contenidos\/detalle\/plazo-de-solicitudes-para-participar-como-centro-telemaco-en-el-programa-de-formacion-escuelas-mentoras-informacion\" target=\"_blank\" rel=\"noreferrer noopener\"><img data-recalc-dims=\"1\" loading=\"lazy\" decoding=\"async\" src=\"https:\/\/i0.wp.com\/cepronda.com\/blog\/wp-content\/uploads\/2017\/05\/logo_ja_ce_mejor.jpg?resize=366%2C300\" alt=\"\" class=\"wp-image-848\" width=\"366\" height=\"300\" srcset=\"https:\/\/i0.wp.com\/cepronda.com\/blog\/wp-content\/uploads\/2017\/05\/logo_ja_ce_mejor.jpg?w=732&amp;ssl=1 732w, https:\/\/i0.wp.com\/cepronda.com\/blog\/wp-content\/uploads\/2017\/05\/logo_ja_ce_mejor.jpg?resize=300%2C246&amp;ssl=1 300w\" sizes=\"auto, (max-width: 366px) 100vw, 366px\" \/><\/a><\/figure><\/div>\n","protected":false},"excerpt":{"rendered":"<p>Muy buenas familia,\u00a0 Ponemos en vuestro conocimiento que, desde hoy hasta el d\u00eda 21 de noviembre, ten\u00e9is abierto el plazo de inscripci\u00f3n para inscribiros como centro Tel\u00e9maco dentro del programa de Escuelas Mentoras. Si os inscrib\u00eds como centro Tel\u00e9maco pod\u00e9is tener la opci\u00f3n de visitar alguna de las escuelas mentoras, y posteriormente intentar implementar su [&hellip;]<\/p>\n","protected":false},"author":3,"featured_media":848,"comment_status":"open","ping_status":"open","sticky":false,"template":"","format":"standard","meta":{"_crdt_document":"","advanced_seo_description":"","jetpack_seo_html_title":"","jetpack_seo_noindex":false,"jetpack_post_was_ever_published":false,"_jetpack_newsletter_access":"","_jetpack_dont_email_post_to_subs":false,"_jetpack_newsletter_tier_id":0,"_jetpack_memberships_contains_paywalled_content":false,"_jetpack_memberships_contains_paid_content":false,"footnotes":"","jetpack_publicize_message":"","jetpack_publicize_feature_enabled":true,"jetpack_social_post_already_shared":true,"jetpack_social_options":{"image_generator_settings":{"template":"highway","default_image_id":0,"font":"","enabled":false},"version":2}},"categories":[3,5],"tags":[119],"class_list":{"0":"post-2453","1":"post","2":"type-post","3":"status-publish","4":"format-standard","5":"has-post-thumbnail","7":"category-formaciones","8":"category-noticias","9":"tag-escuelas-mentoras","10":"czr-hentry"},"jetpack_publicize_connections":[],"jetpack_featured_media_url":"https:\/\/i0.wp.com\/cepronda.com\/blog\/wp-content\/uploads\/2017\/05\/logo_ja_ce_mejor.jpg?fit=732%2C600&ssl=1","jetpack_shortlink":"https:\/\/wp.me\/p8M4X7-Dz","jetpack-related-posts":[{"id":2243,"url":"https:\/\/cepronda.com\/blog\/programa-de-escuelas-mentoras\/","url_meta":{"origin":2453,"position":0},"title":"Programa de Escuelas Mentoras","author":"V\u00edctor Caballero","date":"3 septiembre, 2018","format":false,"excerpt":"Y seguimos con las novedades... En este caso se trata de un programa que el curso pasado se puso a mediados de curso y de forma experimental y, este curso, se pone en marcha desde ya, de modo que el aprendizaje mutuo sea mayor. Escuelas mentoras es un programa de\u2026","rel":"","context":"En \u00abNoticias\u00bb","block_context":{"text":"Noticias","link":"https:\/\/cepronda.com\/blog\/category\/noticias\/"},"img":{"alt_text":"","src":"https:\/\/i0.wp.com\/cepronda.com\/blog\/wp-content\/uploads\/2018\/09\/puzzle-210785_640.jpg?fit=640%2C480&ssl=1&resize=350%2C200","width":350,"height":200,"srcset":"https:\/\/i0.wp.com\/cepronda.com\/blog\/wp-content\/uploads\/2018\/09\/puzzle-210785_640.jpg?fit=640%2C480&ssl=1&resize=350%2C200 1x, https:\/\/i0.wp.com\/cepronda.com\/blog\/wp-content\/uploads\/2018\/09\/puzzle-210785_640.jpg?fit=640%2C480&ssl=1&resize=525%2C300 1.5x"},"classes":[]},{"id":1645,"url":"https:\/\/cepronda.com\/blog\/programa-formacion-profesorado-escuelas-mentoras\/","url_meta":{"origin":2453,"position":1},"title":"Programa Formaci\u00f3n Profesorado Escuelas Mentoras","author":"V\u00edctor Caballero","date":"13 marzo, 2018","format":false,"excerpt":"\u00a1Hola a todo el mundo! Compartimos con todos y todas vosotras este programa que acaba de publicarse y que creemos puede ser una idea muy interesante para compartir\u00a0 con el resto de profesorado nuestras experiencias, y aprender mutuamente. Se ha denominado Programa de escuelas mentoras y para acceder a toda\u2026","rel":"","context":"En \u00abNoticias\u00bb","block_context":{"text":"Noticias","link":"https:\/\/cepronda.com\/blog\/category\/noticias\/"},"img":{"alt_text":"","src":"https:\/\/i0.wp.com\/cepronda.com\/blog\/wp-content\/uploads\/2018\/03\/connect-316638_640.jpg?fit=640%2C426&ssl=1&resize=350%2C200","width":350,"height":200,"srcset":"https:\/\/i0.wp.com\/cepronda.com\/blog\/wp-content\/uploads\/2018\/03\/connect-316638_640.jpg?fit=640%2C426&ssl=1&resize=350%2C200 1x, https:\/\/i0.wp.com\/cepronda.com\/blog\/wp-content\/uploads\/2018\/03\/connect-316638_640.jpg?fit=640%2C426&ssl=1&resize=525%2C300 1.5x"},"classes":[]},{"id":4550,"url":"https:\/\/cepronda.com\/blog\/guias-digitales-ceip-virgen-de-la-aurora-escuelas-transformadoras\/","url_meta":{"origin":2453,"position":2},"title":"GU\u00cdAS DIGITALES-CEIP Virgen de la Aurora-ESCUELAS TRANSFORMADORAS","author":"Maribel Mu\u00f1oz","date":"2 julio, 2021","format":false,"excerpt":"Buenas tardes compa\u00f1eras y compa\u00f1eros, Queremos compartir los siguientes materiales elaborados por el alumnado del CEIP Virgen de la Aurora de Arriate, dentro de la FC Escuelas Transformadoras, llevada a cabo en el centro durante los dos \u00faltimos cursos (19\/20-20\/21) GU\u00cdAS DIGITALES DE ARRIATE TRABAJOS FIN DEL PROYECTO: \"Arriate, Nuestro\u2026","rel":"","context":"En \u00abNoticias\u00bb","block_context":{"text":"Noticias","link":"https:\/\/cepronda.com\/blog\/category\/noticias\/"},"img":{"alt_text":"","src":"https:\/\/i0.wp.com\/cepronda.com\/blog\/wp-content\/uploads\/2020\/03\/S%C2%B0mbolo-gen%C3%87rico-RRSS-redondo-negativo.png?fit=1200%2C1200&ssl=1&resize=350%2C200","width":350,"height":200,"srcset":"https:\/\/i0.wp.com\/cepronda.com\/blog\/wp-content\/uploads\/2020\/03\/S%C2%B0mbolo-gen%C3%87rico-RRSS-redondo-negativo.png?fit=1200%2C1200&ssl=1&resize=350%2C200 1x, https:\/\/i0.wp.com\/cepronda.com\/blog\/wp-content\/uploads\/2020\/03\/S%C2%B0mbolo-gen%C3%87rico-RRSS-redondo-negativo.png?fit=1200%2C1200&ssl=1&resize=525%2C300 1.5x, https:\/\/i0.wp.com\/cepronda.com\/blog\/wp-content\/uploads\/2020\/03\/S%C2%B0mbolo-gen%C3%87rico-RRSS-redondo-negativo.png?fit=1200%2C1200&ssl=1&resize=700%2C400 2x, https:\/\/i0.wp.com\/cepronda.com\/blog\/wp-content\/uploads\/2020\/03\/S%C2%B0mbolo-gen%C3%87rico-RRSS-redondo-negativo.png?fit=1200%2C1200&ssl=1&resize=1050%2C600 3x"},"classes":[]},{"id":4605,"url":"https:\/\/cepronda.com\/blog\/grupos-de-trabajo-y-formacion-en-centro-instrucciones\/","url_meta":{"origin":2453,"position":3},"title":"GRUPOS DE TRABAJO Y FORMACI\u00d3N EN CENTRO. Instrucciones.","author":"Maribel Mu\u00f1oz","date":"14 septiembre, 2021","format":false,"excerpt":"Buenas tardes compa\u00f1eras y compa\u00f1eros, Os informamos que\u00a0 se han publicado las Instrucciones para el desarrollo de\u00a0 Grupos de Trabajo y\u00a0 Formaci\u00f3n en Centro, del curso 21\/22. Estas dos modalidades de autoformaci\u00f3n se solicitan v\u00eda S\u00e9neca. El plazo de solicitud estar\u00e1 abierto hasta el 15 de octubre. Adjuntamos las instrucciones\u2026","rel":"","context":"En \u00abFormaciones\u00bb","block_context":{"text":"Formaciones","link":"https:\/\/cepronda.com\/blog\/category\/formaciones\/"},"img":{"alt_text":"","src":"https:\/\/i0.wp.com\/cepronda.com\/blog\/wp-content\/uploads\/2020\/09\/Logo-progamas-de-formacion-oficial.jpg?resize=350%2C200","width":350,"height":200},"classes":[]},{"id":2319,"url":"https:\/\/cepronda.com\/blog\/v-encuentro-de-escuelas-rurales-de-andalucia\/","url_meta":{"origin":2453,"position":4},"title":"V Encuentro de Escuelas Rurales de Andaluc\u00eda","author":"V\u00edctor Caballero","date":"13 septiembre, 2018","format":false,"excerpt":"Muy buenas, Como sab\u00e9is una de nuestras prioridades son los centros rurales agrupados dada su casu\u00edstica tan peculiar, y dado que tenemos la gran suerte de contar con 5 de ellos en nuestra zona. En este sentido os queremos comunicar que los pr\u00f3ximos d\u00edas 4 y 5 de octubre se\u2026","rel":"","context":"En \u00abNoticias\u00bb","block_context":{"text":"Noticias","link":"https:\/\/cepronda.com\/blog\/category\/noticias\/"},"img":{"alt_text":"","src":"https:\/\/i0.wp.com\/cepronda.com\/blog\/wp-content\/uploads\/2018\/09\/handbag-407198_640.jpg?fit=640%2C426&ssl=1&resize=350%2C200","width":350,"height":200,"srcset":"https:\/\/i0.wp.com\/cepronda.com\/blog\/wp-content\/uploads\/2018\/09\/handbag-407198_640.jpg?fit=640%2C426&ssl=1&resize=350%2C200 1x, https:\/\/i0.wp.com\/cepronda.com\/blog\/wp-content\/uploads\/2018\/09\/handbag-407198_640.jpg?fit=640%2C426&ssl=1&resize=525%2C300 1.5x"},"classes":[]},{"id":2781,"url":"https:\/\/cepronda.com\/blog\/quieres-aprender-como-poner-en-marcha-un-escape-room\/","url_meta":{"origin":2453,"position":5},"title":"\u00bfQuieres aprender como poner en marcha un Escape Room?","author":"V\u00edctor Caballero","date":"2 mayo, 2019","format":false,"excerpt":"Hola de nuevo familia, Como sab\u00e9is la semana pasada el equipo de la biblioteca del CEIP Virgen de la Cabeza puso en marcha, con ocasi\u00f3n del d\u00eda del libro, su Escape Room basado en Ger\u00f3nimo Stilton. Algunos y algunas de vosotras nos hab\u00e9is comunicado que os ha encantado la idea\u2026","rel":"","context":"En \u00abFormaciones\u00bb","block_context":{"text":"Formaciones","link":"https:\/\/cepronda.com\/blog\/category\/formaciones\/"},"img":{"alt_text":"","src":"https:\/\/i0.wp.com\/cepronda.com\/blog\/wp-content\/uploads\/2019\/05\/strong-box-1429334_1920.jpg?fit=1200%2C863&ssl=1&resize=350%2C200","width":350,"height":200,"srcset":"https:\/\/i0.wp.com\/cepronda.com\/blog\/wp-content\/uploads\/2019\/05\/strong-box-1429334_1920.jpg?fit=1200%2C863&ssl=1&resize=350%2C200 1x, https:\/\/i0.wp.com\/cepronda.com\/blog\/wp-content\/uploads\/2019\/05\/strong-box-1429334_1920.jpg?fit=1200%2C863&ssl=1&resize=525%2C300 1.5x, https:\/\/i0.wp.com\/cepronda.com\/blog\/wp-content\/uploads\/2019\/05\/strong-box-1429334_1920.jpg?fit=1200%2C863&ssl=1&resize=700%2C400 2x, https:\/\/i0.wp.com\/cepronda.com\/blog\/wp-content\/uploads\/2019\/05\/strong-box-1429334_1920.jpg?fit=1200%2C863&ssl=1&resize=1050%2C600 3x"},"classes":[]}],"jetpack_sharing_enabled":true,"_links":{"self":[{"href":"https:\/\/cepronda.com\/blog\/wp-json\/wp\/v2\/posts\/2453","targetHints":{"allow":["GET"]}}],"collection":[{"href":"https:\/\/cepronda.com\/blog\/wp-json\/wp\/v2\/posts"}],"about":[{"href":"https:\/\/cepronda.com\/blog\/wp-json\/wp\/v2\/types\/post"}],"author":[{"embeddable":true,"href":"https:\/\/cepronda.com\/blog\/wp-json\/wp\/v2\/users\/3"}],"replies":[{"embeddable":true,"href":"https:\/\/cepronda.com\/blog\/wp-json\/wp\/v2\/comments?post=2453"}],"version-history":[{"count":1,"href":"https:\/\/cepronda.com\/blog\/wp-json\/wp\/v2\/posts\/2453\/revisions"}],"predecessor-version":[{"id":2454,"href":"https:\/\/cepronda.com\/blog\/wp-json\/wp\/v2\/posts\/2453\/revisions\/2454"}],"wp:featuredmedia":[{"embeddable":true,"href":"https:\/\/cepronda.com\/blog\/wp-json\/wp\/v2\/media\/848"}],"wp:attachment":[{"href":"https:\/\/cepronda.com\/blog\/wp-json\/wp\/v2\/media?parent=2453"}],"wp:term":[{"taxonomy":"category","embeddable":true,"href":"https:\/\/cepronda.com\/blog\/wp-json\/wp\/v2\/categories?post=2453"},{"taxonomy":"post_tag","embeddable":true,"href":"https:\/\/cepronda.com\/blog\/wp-json\/wp\/v2\/tags?post=2453"}],"curies":[{"name":"wp","href":"https:\/\/api.w.org\/{rel}","templated":true}]}}