{"id":245,"date":"2016-10-27T12:57:45","date_gmt":"2016-10-27T10:57:45","guid":{"rendered":"http:\/\/cepronda.com\/blog\/?p=245"},"modified":"2025-04-25T12:08:13","modified_gmt":"2025-04-25T10:08:13","slug":"concurso-consumopolis12","status":"publish","type":"post","link":"https:\/\/cepronda.com\/blog\/concurso-consumopolis12\/","title":{"rendered":"Concurso Consum\u00f3polis12"},"content":{"rendered":"<p>\u00a1Hola de nuevo!<\/p>\n<p>Nos acaba de llegar un concurso para tercer ciclo de primaria, y para 1\u00ba,2\u00ba,3\u00ba y 4\u00ba de ESO que creemos puede ser muy interesante. Es un concurso on-line\u00a0sobre consumo responsable con el lema \u201cInternet: \u00bfhaces un uso responsable?\u201d, y tiene como objetivo ofrecer a la comunidad escolar una herramienta pr\u00e1ctica y din\u00e1mica que contribuya al desarrollo integral de actuales y futuros consumidores, favoreciendo el aprendizaje de conceptos, procedimientos y actitudes que posibiliten la construcci\u00f3n de una sociedad de consumo cada vez m\u00e1s justa, solidaria y responsable.<\/p>\n<p>Tiene una fase auton\u00f3mica y una fase nacional, y tiene muy buena pinta para nosotros como docentes y para el alumnado. Si hac\u00e9is clic en la imagen podr\u00e9is acceder a la web, y en el pdf tener acceso al folleto informativo del concurso.<\/p>\n<p><a href=\"http:\/\/www.consumopolis.es\/\" target=\"_blank\"><img data-recalc-dims=\"1\" loading=\"lazy\" decoding=\"async\" class=\"size-medium wp-image-246 aligncenter\" src=\"https:\/\/i0.wp.com\/cepronda.com\/blog\/wp-content\/uploads\/2016\/10\/consum%C3%B3polis-300x77.png?resize=300%2C77\" alt=\"consumopolis\" width=\"300\" height=\"77\" \/><\/a><a href=\"http:\/\/www.juntadeandalucia.es\/educacion\/portals\/abaco-portlet\/content\/fbf2655b-a175-4fcb-a7a5-8a208e930182\" target=\"_blank\"><img data-recalc-dims=\"1\" loading=\"lazy\" decoding=\"async\" class=\"aligncenter  wp-image-90\" src=\"https:\/\/i0.wp.com\/cepronda.com\/blog\/wp-content\/uploads\/2016\/09\/pdf-peque%C3%B1o.png?resize=83%2C83\" alt=\"pdf-pequeno\" width=\"83\" height=\"83\" \/><\/a><\/p>\n<p>\u00a1Animaros a participar y nos vais contando!<\/p>\n<p>&nbsp;<\/p>\n","protected":false},"excerpt":{"rendered":"<p>\u00a1Hola de nuevo! Nos acaba de llegar un concurso para tercer ciclo de primaria, y para 1\u00ba,2\u00ba,3\u00ba y 4\u00ba de ESO que creemos puede ser muy interesante. Es un concurso on-line\u00a0sobre consumo responsable con el lema \u201cInternet: \u00bfhaces un uso responsable?\u201d, y tiene como objetivo ofrecer a la comunidad escolar una herramienta pr\u00e1ctica y din\u00e1mica [&hellip;]<\/p>\n","protected":false},"author":3,"featured_media":247,"comment_status":"open","ping_status":"open","sticky":false,"template":"","format":"standard","meta":{"_crdt_document":"","advanced_seo_description":"","jetpack_seo_html_title":"","jetpack_seo_noindex":false,"jetpack_post_was_ever_published":false,"_jetpack_newsletter_access":"","_jetpack_dont_email_post_to_subs":false,"_jetpack_newsletter_tier_id":0,"_jetpack_memberships_contains_paywalled_content":false,"_jetpack_memberships_contains_paid_content":false,"footnotes":"","jetpack_publicize_message":"","jetpack_publicize_feature_enabled":true,"jetpack_social_post_already_shared":false,"jetpack_social_options":{"image_generator_settings":{"template":"highway","default_image_id":0,"font":"","enabled":false},"version":2}},"categories":[5],"tags":[231,122,16,41],"class_list":{"0":"post-245","1":"post","2":"type-post","3":"status-publish","4":"format-standard","5":"has-post-thumbnail","7":"category-noticias","8":"tag-certamen","9":"tag-concurso","10":"tag-consumo-responsable","11":"tag-internet","12":"czr-hentry"},"jetpack_publicize_connections":[],"jetpack_featured_media_url":"","jetpack_shortlink":"https:\/\/wp.me\/p8M4X7-3X","jetpack-related-posts":[{"id":3119,"url":"https:\/\/cepronda.com\/blog\/concurso-escolar-2019-20-consumopolis15-sobre-consumo-responsable\/","url_meta":{"origin":245,"position":0},"title":"Concurso escolar 2019-20, Consum\u00f3polis15 sobre consumo responsable","author":"V\u00edctor Caballero","date":"4 noviembre, 2019","format":false,"excerpt":"Muy buenas familia, \u00bfQu\u00e9 tal ese puente? Esperamos que muy bien. Comenzamos la semana compartiendo con todos los centros esta informaci\u00f3n que, creemos, puede ser de vuestro inter\u00e9s. La Direcci\u00f3n General de Consumo de la Consejer\u00eda de Salud y Familias, junto con la Direcci\u00f3n General de Consumo del Ministerio de\u2026","rel":"","context":"En \u00abNoticias\u00bb","block_context":{"text":"Noticias","link":"https:\/\/cepronda.com\/blog\/category\/noticias\/"},"img":{"alt_text":"","src":"https:\/\/i0.wp.com\/cepronda.com\/blog\/wp-content\/uploads\/2019\/11\/logo-consumopolis.png?resize=350%2C200","width":350,"height":200},"classes":[]},{"id":3101,"url":"https:\/\/cepronda.com\/blog\/concurso-escolar-andalucia-en-un-mapa\/","url_meta":{"origin":245,"position":1},"title":"Concurso escolar \u00abAndaluc\u00eda en un mapa\u00bb","author":"V\u00edctor Caballero","date":"17 octubre, 2019","format":false,"excerpt":"El objeto de este concurso es promover la utilizaci\u00f3n de la cartograf\u00eda y la estad\u00edstica entre la comunidad escolar como herramientas did\u00e1cticas y de representaci\u00f3n creativa del territorio andaluz, con el fin \u00faltimo de aproximar a las personas participantes en el concurso a la importancia que la representaci\u00f3n cartogr\u00e1fica y\u2026","rel":"","context":"En \u00abNoticias\u00bb","block_context":{"text":"Noticias","link":"https:\/\/cepronda.com\/blog\/category\/noticias\/"},"img":{"alt_text":"","src":"","width":0,"height":0},"classes":[]},{"id":3347,"url":"https:\/\/cepronda.com\/blog\/viii-concurso-explica-geografia-con-tus-fotos\/","url_meta":{"origin":245,"position":2},"title":"VIII CONCURSO \u00abExplica Geograf\u00eda con tus fotos\u00bb","author":"V\u00edctor Caballero","date":"20 enero, 2020","format":false,"excerpt":"\u00a1Buenos y helados d\u00edas! Se ha convocado\u00a0el VIII Concurso \"Explica-Geograf\u00eda con tus fotos\" de la Asociaci\u00f3n Espa\u00f1ola de Geograf\u00eda que tiene como objetivo despertar y fomentar el inter\u00e9s por la fotograf\u00eda como medio para el conocimiento geogr\u00e1fico y la explicaci\u00f3n del territorio y el paisaje. Las fechas de participaci\u00f3n son\u2026","rel":"","context":"En \u00abNoticias\u00bb","block_context":{"text":"Noticias","link":"https:\/\/cepronda.com\/blog\/category\/noticias\/"},"img":{"alt_text":"","src":"https:\/\/i0.wp.com\/cepronda.com\/blog\/wp-content\/uploads\/2020\/01\/travel-2650303_1920.jpg?fit=1200%2C703&ssl=1&resize=350%2C200","width":350,"height":200,"srcset":"https:\/\/i0.wp.com\/cepronda.com\/blog\/wp-content\/uploads\/2020\/01\/travel-2650303_1920.jpg?fit=1200%2C703&ssl=1&resize=350%2C200 1x, https:\/\/i0.wp.com\/cepronda.com\/blog\/wp-content\/uploads\/2020\/01\/travel-2650303_1920.jpg?fit=1200%2C703&ssl=1&resize=525%2C300 1.5x, https:\/\/i0.wp.com\/cepronda.com\/blog\/wp-content\/uploads\/2020\/01\/travel-2650303_1920.jpg?fit=1200%2C703&ssl=1&resize=700%2C400 2x, https:\/\/i0.wp.com\/cepronda.com\/blog\/wp-content\/uploads\/2020\/01\/travel-2650303_1920.jpg?fit=1200%2C703&ssl=1&resize=1050%2C600 3x"},"classes":[]},{"id":3430,"url":"https:\/\/cepronda.com\/blog\/concurso-de-video-experiencias-corto-y-jaque\/","url_meta":{"origin":245,"position":3},"title":"Concurso de v\u00eddeo-experiencias \u00abCORTO Y JAQUE\u00bb","author":"V\u00edctor Caballero","date":"14 febrero, 2020","format":false,"excerpt":"Terminamos la semana con esta noticia, este concurso dirigido a los centros que est\u00e1n dentro del programa Aula DJaque. La Consejer\u00eda de Educaci\u00f3n y Deporte convoca la segunda edici\u00f3n del concurso de\u00a0v\u00eddeo-experiencias 2020 CORTO Y JAQUE (CYJ), dirigido al alumnado de los centros educativos que participan en el programa aulaDjaque.\u2026","rel":"","context":"En \u00abNoticias\u00bb","block_context":{"text":"Noticias","link":"https:\/\/cepronda.com\/blog\/category\/noticias\/"},"img":{"alt_text":"","src":"https:\/\/i0.wp.com\/cepronda.com\/blog\/wp-content\/uploads\/2019\/05\/logo-nuevo.jpg?fit=531%2C342&ssl=1&resize=350%2C200","width":350,"height":200,"srcset":"https:\/\/i0.wp.com\/cepronda.com\/blog\/wp-content\/uploads\/2019\/05\/logo-nuevo.jpg?fit=531%2C342&ssl=1&resize=350%2C200 1x, https:\/\/i0.wp.com\/cepronda.com\/blog\/wp-content\/uploads\/2019\/05\/logo-nuevo.jpg?fit=531%2C342&ssl=1&resize=525%2C300 1.5x"},"classes":[]},{"id":660,"url":"https:\/\/cepronda.com\/blog\/concurso-6-grados\/","url_meta":{"origin":245,"position":4},"title":"Concurso 6 grados","author":"V\u00edctor Caballero","date":"6 febrero, 2017","format":false,"excerpt":"Hola de nuevo, Nos ha llegado esta informaci\u00f3n a trav\u00e9s del CEP de Marbella, y os la queremos pasar para todas aquellas personas que est\u00e9is interesadas... \"Estimados docentes, Desde la Campa\u00f1a de Fotoprotecci\u00f3n y Prevenci\u00f3n del C\u00e1ncer de Piel del \u00c1rea Sanitaria Costa del Sol, queremos haceros part\u00edcipes del concurso\u2026","rel":"","context":"En \u00abNoticias\u00bb","block_context":{"text":"Noticias","link":"https:\/\/cepronda.com\/blog\/category\/noticias\/"},"img":{"alt_text":"","src":"","width":0,"height":0},"classes":[]},{"id":235,"url":"https:\/\/cepronda.com\/blog\/xvii-concurso-hispanoamericano-de-ortografia\/","url_meta":{"origin":245,"position":5},"title":"XVII Concurso Hispanoamericano de ortografia","author":"V\u00edctor Caballero","date":"19 octubre, 2016","format":false,"excerpt":"Hola de nuevo compis, Os dejamos con este enlace sobre el Concurso Hispanoamericano de ortograf\u00eda para el alumnado de 2\u00ba curso de Bachillerato. Si hac\u00e9is clic en la imagen podr\u00e9is acceder a la normativa y la informaci\u00f3n. \u00a1Animaros a inscribir a vuestro alumnado!","rel":"","context":"En \u00abNoticias\u00bb","block_context":{"text":"Noticias","link":"https:\/\/cepronda.com\/blog\/category\/noticias\/"},"img":{"alt_text":"ortografia","src":"https:\/\/i0.wp.com\/cepronda.com\/blog\/wp-content\/uploads\/2016\/10\/ortografia-300x138.jpg?resize=350%2C200","width":350,"height":200},"classes":[]}],"jetpack_sharing_enabled":true,"_links":{"self":[{"href":"https:\/\/cepronda.com\/blog\/wp-json\/wp\/v2\/posts\/245","targetHints":{"allow":["GET"]}}],"collection":[{"href":"https:\/\/cepronda.com\/blog\/wp-json\/wp\/v2\/posts"}],"about":[{"href":"https:\/\/cepronda.com\/blog\/wp-json\/wp\/v2\/types\/post"}],"author":[{"embeddable":true,"href":"https:\/\/cepronda.com\/blog\/wp-json\/wp\/v2\/users\/3"}],"replies":[{"embeddable":true,"href":"https:\/\/cepronda.com\/blog\/wp-json\/wp\/v2\/comments?post=245"}],"version-history":[{"count":1,"href":"https:\/\/cepronda.com\/blog\/wp-json\/wp\/v2\/posts\/245\/revisions"}],"predecessor-version":[{"id":8518,"href":"https:\/\/cepronda.com\/blog\/wp-json\/wp\/v2\/posts\/245\/revisions\/8518"}],"wp:featuredmedia":[{"embeddable":true,"href":"https:\/\/cepronda.com\/blog\/wp-json\/"}],"wp:attachment":[{"href":"https:\/\/cepronda.com\/blog\/wp-json\/wp\/v2\/media?parent=245"}],"wp:term":[{"taxonomy":"category","embeddable":true,"href":"https:\/\/cepronda.com\/blog\/wp-json\/wp\/v2\/categories?post=245"},{"taxonomy":"post_tag","embeddable":true,"href":"https:\/\/cepronda.com\/blog\/wp-json\/wp\/v2\/tags?post=245"}],"curies":[{"name":"wp","href":"https:\/\/api.w.org\/{rel}","templated":true}]}}