{"id":2410,"date":"2018-10-29T18:26:39","date_gmt":"2018-10-29T17:26:39","guid":{"rendered":"http:\/\/cepronda.com\/blog\/?p=2410"},"modified":"2018-10-29T18:26:48","modified_gmt":"2018-10-29T17:26:48","slug":"senderos-didacticos-por-la-serrania-de-ronda","status":"publish","type":"post","link":"https:\/\/cepronda.com\/blog\/senderos-didacticos-por-la-serrania-de-ronda\/","title":{"rendered":"SENDEROS DID\u00c1CTICOS POR LA SERRAN\u00cdA DE RONDA"},"content":{"rendered":"\n<p class=\"wp-block-paragraph\">\u00a1Hola de nuevo!<\/p>\n\n\n\n<p class=\"wp-block-paragraph\">Seguimos con nuestro ritmo y en esta ocasi\u00f3n queremos ofreceros una actividad que tiene como objetivo fundamental conocer las potencialidades educativas de los Senderos Homologados y los Senderos de Uso P\u00fablico aleda\u00f1os a los principales centros educativos de Ense\u00f1anza Secundaria Obligatoria de la Serran\u00eda de Ronda.<\/p>\n\n\n\n<p class=\"wp-block-paragraph\"><br>El Programa responde a la necesidad de alfabetizar sobre la utilizaci\u00f3n de los Senderos Homologados y los Senderos de Uso P\u00fablico al profesorado no habituado a las salidas de campo. Se trata de saber orientar estas infraestructuras deportivas, tur\u00edsticas y medioambientales hacia su uso did\u00e1ctico. Para ello, se busca un enfoque multidisciplinar en el que partiendo de una actividad f\u00edsica (deportiva) y l\u00fadica se utilicen los recursos naturales y antr\u00f3picos del entorno para abordar determinados aspectos curriculares.Se busca, adem\u00e1s, que estos mismos Senderos sirvan para desarrollar actividades con el alumnado de los centros educativos en su entorno inmediato, de modo que en lo posible se evite el uso de transporte. La cercan\u00eda a los centros se refleja en un proceso de ense\u00f1anza aprendizaje en el medio natural y rural que los chicos y chicas identifican como propio.<br><\/p>\n\n\n\n<p class=\"wp-block-paragraph\">Las actividades se concretan en 1. Una sesi\u00f3n de aula de 3 horas de duraci\u00f3n. 2. Tres salidas de campo en tres entornos diferentes, la Meseta ronde\u00f1a, el Valle del Guadiaro y el Valle del Genal, con desplazamiento en dos de ellas desde el centro de impartici\u00f3n del curso. 3. Presentaci\u00f3n de una propuesta de salida de campo por parte de cada participante o grupo de participantes como actividad final y de evaluaci\u00f3n.<\/p>\n\n\n\n<p class=\"wp-block-paragraph\">Para toda la informaci\u00f3n e inscribiros en la actividad s\u00f3lo ten\u00e9is que <a href=\"https:\/\/www.juntadeandalucia.es\/educacion\/secretariavirtual\/consultaCEP\/actividad\/192924GE029\/\" target=\"_blank\" rel=\"noreferrer noopener\">seguir este enlace.<\/a>\u00a0<\/p>\n\n\n\n<figure class=\"wp-block-image\"><a href=\"https:\/\/www.juntadeandalucia.es\/educacion\/secretariavirtual\/consultaCEP\/actividad\/192924GE029\/\"><img data-recalc-dims=\"1\" loading=\"lazy\" decoding=\"async\" width=\"794\" height=\"1123\" src=\"https:\/\/i0.wp.com\/cepronda.com\/blog\/wp-content\/uploads\/2018\/10\/rutas-dida%CC%81cticas-por-la-serrani%CC%81a-de-ronda.jpg?resize=794%2C1123\" alt=\"\" class=\"wp-image-2411\" srcset=\"https:\/\/i0.wp.com\/cepronda.com\/blog\/wp-content\/uploads\/2018\/10\/rutas-dida%CC%81cticas-por-la-serrani%CC%81a-de-ronda.jpg?w=794&amp;ssl=1 794w, https:\/\/i0.wp.com\/cepronda.com\/blog\/wp-content\/uploads\/2018\/10\/rutas-dida%CC%81cticas-por-la-serrani%CC%81a-de-ronda.jpg?resize=212%2C300&amp;ssl=1 212w, https:\/\/i0.wp.com\/cepronda.com\/blog\/wp-content\/uploads\/2018\/10\/rutas-dida%CC%81cticas-por-la-serrani%CC%81a-de-ronda.jpg?resize=768%2C1086&amp;ssl=1 768w, https:\/\/i0.wp.com\/cepronda.com\/blog\/wp-content\/uploads\/2018\/10\/rutas-dida%CC%81cticas-por-la-serrani%CC%81a-de-ronda.jpg?resize=724%2C1024&amp;ssl=1 724w\" sizes=\"auto, (max-width: 794px) 100vw, 794px\" \/><\/a><\/figure>\n","protected":false},"excerpt":{"rendered":"<p>\u00a1Hola de nuevo! Seguimos con nuestro ritmo y en esta ocasi\u00f3n queremos ofreceros una actividad que tiene como objetivo fundamental conocer las potencialidades educativas de los Senderos Homologados y los Senderos de Uso P\u00fablico aleda\u00f1os a los principales centros educativos de Ense\u00f1anza Secundaria Obligatoria de la Serran\u00eda de Ronda. El Programa responde a la necesidad [&hellip;]<\/p>\n","protected":false},"author":3,"featured_media":2411,"comment_status":"open","ping_status":"open","sticky":false,"template":"","format":"standard","meta":{"_crdt_document":"","advanced_seo_description":"","jetpack_seo_html_title":"","jetpack_seo_noindex":false,"jetpack_post_was_ever_published":false,"_jetpack_newsletter_access":"","_jetpack_dont_email_post_to_subs":false,"_jetpack_newsletter_tier_id":0,"_jetpack_memberships_contains_paywalled_content":false,"_jetpack_memberships_contains_paid_content":false,"footnotes":"","jetpack_publicize_message":"","jetpack_publicize_feature_enabled":true,"jetpack_social_post_already_shared":true,"jetpack_social_options":{"image_generator_settings":{"template":"highway","default_image_id":0,"font":"","enabled":false},"version":2}},"categories":[3],"tags":[22],"class_list":{"0":"post-2410","1":"post","2":"type-post","3":"status-publish","4":"format-standard","5":"has-post-thumbnail","7":"category-formaciones","8":"tag-ef","9":"czr-hentry"},"jetpack_publicize_connections":[],"jetpack_featured_media_url":"https:\/\/i0.wp.com\/cepronda.com\/blog\/wp-content\/uploads\/2018\/10\/rutas-dida%CC%81cticas-por-la-serrani%CC%81a-de-ronda.jpg?fit=794%2C1123&ssl=1","jetpack_shortlink":"https:\/\/wp.me\/p8M4X7-CS","jetpack-related-posts":[{"id":3126,"url":"https:\/\/cepronda.com\/blog\/senderos-didacticos-en-parques-naturales-de-la-serrania-de-ronda\/","url_meta":{"origin":2410,"position":0},"title":"SENDEROS DID\u00c1CTICOS EN PARQUES NATURALES DE LA SERRAN\u00cdA DE RONDA","author":"V\u00edctor Caballero","date":"7 noviembre, 2019","format":false,"excerpt":"Muy buenas familia, Para las personas amantes de las rutas de senderismo de nuestra comarca, y que adem\u00e1s quieran poner en pr\u00e1ctica alguna con su alumnado, volvemos a convocar esta actividad. Para inscribiros y ver las fechas, os dejamos el siguiente enlace.","rel":"","context":"En \u00abFormaciones\u00bb","block_context":{"text":"Formaciones","link":"https:\/\/cepronda.com\/blog\/category\/formaciones\/"},"img":{"alt_text":"","src":"https:\/\/i0.wp.com\/cepronda.com\/blog\/wp-content\/uploads\/2019\/11\/senderos_did%C3%A1cticos.png?fit=570%2C807&ssl=1&resize=350%2C200","width":350,"height":200,"srcset":"https:\/\/i0.wp.com\/cepronda.com\/blog\/wp-content\/uploads\/2019\/11\/senderos_did%C3%A1cticos.png?fit=570%2C807&ssl=1&resize=350%2C200 1x, https:\/\/i0.wp.com\/cepronda.com\/blog\/wp-content\/uploads\/2019\/11\/senderos_did%C3%A1cticos.png?fit=570%2C807&ssl=1&resize=525%2C300 1.5x"},"classes":[]},{"id":5931,"url":"https:\/\/cepronda.com\/blog\/ii-feria-de-formacion-profesional-de-la-serrania-de-ronda\/","url_meta":{"origin":2410,"position":1},"title":"II FERIA DE FORMACI\u00d3N PROFESIONAL DE LA SERRAN\u00cdA DE RONDA","author":"Inmaculada Garc\u00eda","date":"12 abril, 2023","format":false,"excerpt":"Ya est\u00e1 aqu\u00ed la segunda edici\u00f3n de la Feria de Formaci\u00f3n Profesional de la Serran\u00eda de Ronda. Los d\u00edas 12 y 13 de abril, en el Convento de Santo Domingo, tenemos una cita con la Formaci\u00f3n Profesional de la Serran\u00eda de Ronda, para darle visibilidad a la formaci\u00f3n, el empleo\u2026","rel":"","context":"En \u00abNoticias\u00bb","block_context":{"text":"Noticias","link":"https:\/\/cepronda.com\/blog\/category\/noticias\/"},"img":{"alt_text":"","src":"https:\/\/i0.wp.com\/cepronda.com\/blog\/wp-content\/uploads\/2023\/04\/WhatsApp-Image-2023-04-11-at-11.20.09.jpeg?fit=848%2C1200&ssl=1&resize=350%2C200","width":350,"height":200,"srcset":"https:\/\/i0.wp.com\/cepronda.com\/blog\/wp-content\/uploads\/2023\/04\/WhatsApp-Image-2023-04-11-at-11.20.09.jpeg?fit=848%2C1200&ssl=1&resize=350%2C200 1x, https:\/\/i0.wp.com\/cepronda.com\/blog\/wp-content\/uploads\/2023\/04\/WhatsApp-Image-2023-04-11-at-11.20.09.jpeg?fit=848%2C1200&ssl=1&resize=525%2C300 1.5x, https:\/\/i0.wp.com\/cepronda.com\/blog\/wp-content\/uploads\/2023\/04\/WhatsApp-Image-2023-04-11-at-11.20.09.jpeg?fit=848%2C1200&ssl=1&resize=700%2C400 2x"},"classes":[]},{"id":5722,"url":"https:\/\/cepronda.com\/blog\/la-serrania-innova-trabajo-por-rincones\/","url_meta":{"origin":2410,"position":2},"title":"LA SERRAN\u00cdA INNOVA: TRABAJO POR RINCONES","author":"Inmaculada Garc\u00eda","date":"20 enero, 2023","format":false,"excerpt":"Estimados compa\u00f1eros y compa\u00f1eras. Terminamos la semana con un nuevo v\u00eddeo de LA SERRAN\u00cdA INNOVA del CEP de Ronda donde pretendemos conocer las metodolog\u00edas emergentes en la Serran\u00eda de Ronda de la mano de nuestros compa\u00f1eros y compa\u00f1eras. En esta ocasi\u00f3n nuestra compa\u00f1era Eli Barroso nos explica c\u00f3mo pone en\u2026","rel":"","context":"En \u00abNoticias\u00bb","block_context":{"text":"Noticias","link":"https:\/\/cepronda.com\/blog\/category\/noticias\/"},"img":{"alt_text":"","src":"https:\/\/i0.wp.com\/cepronda.com\/blog\/wp-content\/uploads\/2023\/01\/MATEMATICAS-MANIPULATIVAS.png?fit=1080%2C1080&ssl=1&resize=350%2C200","width":350,"height":200,"srcset":"https:\/\/i0.wp.com\/cepronda.com\/blog\/wp-content\/uploads\/2023\/01\/MATEMATICAS-MANIPULATIVAS.png?fit=1080%2C1080&ssl=1&resize=350%2C200 1x, https:\/\/i0.wp.com\/cepronda.com\/blog\/wp-content\/uploads\/2023\/01\/MATEMATICAS-MANIPULATIVAS.png?fit=1080%2C1080&ssl=1&resize=525%2C300 1.5x, https:\/\/i0.wp.com\/cepronda.com\/blog\/wp-content\/uploads\/2023\/01\/MATEMATICAS-MANIPULATIVAS.png?fit=1080%2C1080&ssl=1&resize=700%2C400 2x, https:\/\/i0.wp.com\/cepronda.com\/blog\/wp-content\/uploads\/2023\/01\/MATEMATICAS-MANIPULATIVAS.png?fit=1080%2C1080&ssl=1&resize=1050%2C600 3x"},"classes":[]},{"id":5212,"url":"https:\/\/cepronda.com\/blog\/la-serrania-innova-abp\/","url_meta":{"origin":2410,"position":3},"title":"LA SERRAN\u00cdA INNOVA. ABP.","author":"Inmaculada Garc\u00eda","date":"4 abril, 2022","format":false,"excerpt":"Estimados compa\u00f1eros y compa\u00f1eras continuamos con el nuevo proyecto del CEP de Ronda: \u00a0\u201cLA SERRAN\u00cdA INNOVA\u201d. Metodolog\u00edas Emergentes. En esta ocasi\u00f3n vamos a conocer de la mano de nuestra compa\u00f1era Ester Valiente la metodolog\u00eda ABP (Aprendizaje Basado en Proyectos) y su puesta en pr\u00e1ctica con el alumnado de Secundaria integrando\u2026","rel":"","context":"En \u00abNoticias\u00bb","block_context":{"text":"Noticias","link":"https:\/\/cepronda.com\/blog\/category\/noticias\/"},"img":{"alt_text":"","src":"https:\/\/i0.wp.com\/cepronda.com\/blog\/wp-content\/uploads\/2022\/04\/ABP-1-1.png?fit=1080%2C1080&ssl=1&resize=350%2C200","width":350,"height":200,"srcset":"https:\/\/i0.wp.com\/cepronda.com\/blog\/wp-content\/uploads\/2022\/04\/ABP-1-1.png?fit=1080%2C1080&ssl=1&resize=350%2C200 1x, https:\/\/i0.wp.com\/cepronda.com\/blog\/wp-content\/uploads\/2022\/04\/ABP-1-1.png?fit=1080%2C1080&ssl=1&resize=525%2C300 1.5x, https:\/\/i0.wp.com\/cepronda.com\/blog\/wp-content\/uploads\/2022\/04\/ABP-1-1.png?fit=1080%2C1080&ssl=1&resize=700%2C400 2x, https:\/\/i0.wp.com\/cepronda.com\/blog\/wp-content\/uploads\/2022\/04\/ABP-1-1.png?fit=1080%2C1080&ssl=1&resize=1050%2C600 3x"},"classes":[]},{"id":4532,"url":"https:\/\/cepronda.com\/blog\/ilustrandonos-con-los-poetas-de-la-serrania\/","url_meta":{"origin":2410,"position":4},"title":"ILUSTR\u00c1NDONOS CON LOS POETAS DE LA SERRAN\u00cdA.","author":"Maribel Mu\u00f1oz","date":"18 mayo, 2021","format":false,"excerpt":"Buenas tardes compa\u00f1eras y compa\u00f1eros,\u00a0 Os hacemos llegar esta publicaci\u00f3n en la Revista Andaluc\u00eda Educativa donde\u00a0 el IES Escultor Mar\u00edn Higuero de Arriate (M\u00e1laga), muestra la actividad interdisciplinar que organiz\u00f3,\u00a0 tomando\u00a0como base\u00a0un libro de reciente publicaci\u00f3n, \u201cAntolog\u00eda Po\u00e9tica de la Serran\u00eda de Ronda\u201d, de\u00a0Fran Serrato, y coincidiendo con el\u00a0D\u00eda del\u2026","rel":"","context":"En \u00abNoticias\u00bb","block_context":{"text":"Noticias","link":"https:\/\/cepronda.com\/blog\/category\/noticias\/"},"img":{"alt_text":"","src":"https:\/\/i0.wp.com\/cepronda.com\/blog\/wp-content\/uploads\/2021\/05\/Arriate.jpg?fit=1200%2C960&ssl=1&resize=350%2C200","width":350,"height":200,"srcset":"https:\/\/i0.wp.com\/cepronda.com\/blog\/wp-content\/uploads\/2021\/05\/Arriate.jpg?fit=1200%2C960&ssl=1&resize=350%2C200 1x, https:\/\/i0.wp.com\/cepronda.com\/blog\/wp-content\/uploads\/2021\/05\/Arriate.jpg?fit=1200%2C960&ssl=1&resize=525%2C300 1.5x, https:\/\/i0.wp.com\/cepronda.com\/blog\/wp-content\/uploads\/2021\/05\/Arriate.jpg?fit=1200%2C960&ssl=1&resize=700%2C400 2x, https:\/\/i0.wp.com\/cepronda.com\/blog\/wp-content\/uploads\/2021\/05\/Arriate.jpg?fit=1200%2C960&ssl=1&resize=1050%2C600 3x"},"classes":[]},{"id":5244,"url":"https:\/\/cepronda.com\/blog\/la-serrania-innova-metodologias-emergentes-2\/","url_meta":{"origin":2410,"position":5},"title":"LA SERRAN\u00cdA INNOVA. Metodolog\u00edas Emergentes.","author":"Inmaculada Garc\u00eda","date":"25 abril, 2022","format":false,"excerpt":"Estimados compa\u00f1eros y compa\u00f1eras, comenzamos la semana con un nuevo v\u00eddeo de LA SERRAN\u00cdA INNOVA del CEP de Ronda donde pretendemos conocer las metodolog\u00edas emergentes en la Serran\u00eda de Ronda de la mano de nuestros compa\u00f1eros y compa\u00f1eras.\u00a0 En esta ocasi\u00f3n nuestra compa\u00f1era Eli Barroso nos explica c\u00f3mo pone en\u2026","rel":"","context":"En \u00abNoticias\u00bb","block_context":{"text":"Noticias","link":"https:\/\/cepronda.com\/blog\/category\/noticias\/"},"img":{"alt_text":"","src":"https:\/\/i0.wp.com\/cepronda.com\/blog\/wp-content\/uploads\/2022\/04\/ABP-1.png?fit=1080%2C1080&ssl=1&resize=350%2C200","width":350,"height":200,"srcset":"https:\/\/i0.wp.com\/cepronda.com\/blog\/wp-content\/uploads\/2022\/04\/ABP-1.png?fit=1080%2C1080&ssl=1&resize=350%2C200 1x, https:\/\/i0.wp.com\/cepronda.com\/blog\/wp-content\/uploads\/2022\/04\/ABP-1.png?fit=1080%2C1080&ssl=1&resize=525%2C300 1.5x, https:\/\/i0.wp.com\/cepronda.com\/blog\/wp-content\/uploads\/2022\/04\/ABP-1.png?fit=1080%2C1080&ssl=1&resize=700%2C400 2x, https:\/\/i0.wp.com\/cepronda.com\/blog\/wp-content\/uploads\/2022\/04\/ABP-1.png?fit=1080%2C1080&ssl=1&resize=1050%2C600 3x"},"classes":[]}],"jetpack_sharing_enabled":true,"_links":{"self":[{"href":"https:\/\/cepronda.com\/blog\/wp-json\/wp\/v2\/posts\/2410","targetHints":{"allow":["GET"]}}],"collection":[{"href":"https:\/\/cepronda.com\/blog\/wp-json\/wp\/v2\/posts"}],"about":[{"href":"https:\/\/cepronda.com\/blog\/wp-json\/wp\/v2\/types\/post"}],"author":[{"embeddable":true,"href":"https:\/\/cepronda.com\/blog\/wp-json\/wp\/v2\/users\/3"}],"replies":[{"embeddable":true,"href":"https:\/\/cepronda.com\/blog\/wp-json\/wp\/v2\/comments?post=2410"}],"version-history":[{"count":1,"href":"https:\/\/cepronda.com\/blog\/wp-json\/wp\/v2\/posts\/2410\/revisions"}],"predecessor-version":[{"id":2412,"href":"https:\/\/cepronda.com\/blog\/wp-json\/wp\/v2\/posts\/2410\/revisions\/2412"}],"wp:featuredmedia":[{"embeddable":true,"href":"https:\/\/cepronda.com\/blog\/wp-json\/wp\/v2\/media\/2411"}],"wp:attachment":[{"href":"https:\/\/cepronda.com\/blog\/wp-json\/wp\/v2\/media?parent=2410"}],"wp:term":[{"taxonomy":"category","embeddable":true,"href":"https:\/\/cepronda.com\/blog\/wp-json\/wp\/v2\/categories?post=2410"},{"taxonomy":"post_tag","embeddable":true,"href":"https:\/\/cepronda.com\/blog\/wp-json\/wp\/v2\/tags?post=2410"}],"curies":[{"name":"wp","href":"https:\/\/api.w.org\/{rel}","templated":true}]}}