{"id":2408,"date":"2018-10-29T18:13:33","date_gmt":"2018-10-29T17:13:33","guid":{"rendered":"http:\/\/cepronda.com\/blog\/?p=2408"},"modified":"2018-10-29T18:13:41","modified_gmt":"2018-10-29T17:13:41","slug":"cambio-de-fecha-en-el-curso-de-actualizacion-didactica-y-metodologica-en-el-area-de-ingles","status":"publish","type":"post","link":"https:\/\/cepronda.com\/blog\/cambio-de-fecha-en-el-curso-de-actualizacion-didactica-y-metodologica-en-el-area-de-ingles\/","title":{"rendered":"Cambio de fecha en el curso de Actualizaci\u00f3n Did\u00e1ctica y metodol\u00f3gica en el \u00e1rea de Ingl\u00e9s"},"content":{"rendered":"\n<p class=\"wp-block-paragraph\">Por motivos de agenda y para facilitar los desplazamientos previos al puente, el comienzo del CURSO DE ACTUALIZACI\u00d3N DID\u00c1CTICA Y METODOL\u00d3GICA EN EL \u00c1REA DE INGL\u00c9S PARA INFANTIL Y PRIMARIA: DESARROLLO DE LA COMPETENCIA LING\u00dc\u00cdSTICA 192924GE013,\u00a0se aplaza al 7 de noviembre.<br>A su vez, se ampl\u00eda el plazo de inscripci\u00f3n hasta el 5 de noviembre.<br>Para cualquier cuesti\u00f3n estamos a tu disposici\u00f3n.Un saludo.<\/p>\n\n\n\n<figure class=\"wp-block-image\"><img data-recalc-dims=\"1\" loading=\"lazy\" decoding=\"async\" width=\"1170\" height=\"780\" src=\"https:\/\/i0.wp.com\/cepronda.com\/blog\/wp-content\/uploads\/2018\/10\/american-1209605_1920.jpg?resize=1170%2C780\" alt=\"\" class=\"wp-image-2375\" srcset=\"https:\/\/i0.wp.com\/cepronda.com\/blog\/wp-content\/uploads\/2018\/10\/american-1209605_1920.jpg?w=1920&amp;ssl=1 1920w, https:\/\/i0.wp.com\/cepronda.com\/blog\/wp-content\/uploads\/2018\/10\/american-1209605_1920.jpg?resize=300%2C200&amp;ssl=1 300w, https:\/\/i0.wp.com\/cepronda.com\/blog\/wp-content\/uploads\/2018\/10\/american-1209605_1920.jpg?resize=768%2C512&amp;ssl=1 768w, https:\/\/i0.wp.com\/cepronda.com\/blog\/wp-content\/uploads\/2018\/10\/american-1209605_1920.jpg?resize=1024%2C683&amp;ssl=1 1024w\" sizes=\"auto, (max-width: 1170px) 100vw, 1170px\" \/><\/figure>\n","protected":false},"excerpt":{"rendered":"<p>Por motivos de agenda y para facilitar los desplazamientos previos al puente, el comienzo del CURSO DE ACTUALIZACI\u00d3N DID\u00c1CTICA Y METODOL\u00d3GICA EN EL \u00c1REA DE INGL\u00c9S PARA INFANTIL Y PRIMARIA: DESARROLLO DE LA COMPETENCIA LING\u00dc\u00cdSTICA 192924GE013,\u00a0se aplaza al 7 de noviembre.A su vez, se ampl\u00eda el plazo de inscripci\u00f3n hasta el 5 de noviembre.Para cualquier [&hellip;]<\/p>\n","protected":false},"author":3,"featured_media":0,"comment_status":"open","ping_status":"open","sticky":false,"template":"","format":"standard","meta":{"_crdt_document":"","advanced_seo_description":"","jetpack_seo_html_title":"","jetpack_seo_noindex":false,"jetpack_post_was_ever_published":false,"_jetpack_newsletter_access":"","_jetpack_dont_email_post_to_subs":false,"_jetpack_newsletter_tier_id":0,"_jetpack_memberships_contains_paywalled_content":false,"_jetpack_memberships_contains_paid_content":false,"footnotes":"","jetpack_publicize_message":"","jetpack_publicize_feature_enabled":true,"jetpack_social_post_already_shared":true,"jetpack_social_options":{"image_generator_settings":{"template":"highway","default_image_id":0,"font":"","enabled":false},"version":2}},"categories":[3],"tags":[100],"class_list":{"0":"post-2408","1":"post","2":"type-post","3":"status-publish","4":"format-standard","6":"category-formaciones","7":"tag-ingles","8":"czr-hentry"},"jetpack_publicize_connections":[],"jetpack_featured_media_url":"","jetpack_shortlink":"https:\/\/wp.me\/p8M4X7-CQ","jetpack-related-posts":[{"id":2374,"url":"https:\/\/cepronda.com\/blog\/curso-de-actualizacion-didactica-y-metodologica-en-el-area-de-ingles-para-infantil-y-primaria\/","url_meta":{"origin":2408,"position":0},"title":"CURSO DE ACTUALIZACI\u00d3N DID\u00c1CTICA Y METODOL\u00d3GICA EN EL \u00c1REA DE INGL\u00c9S PARA INFANTIL Y PRIMARIA","author":"V\u00edctor Caballero","date":"9 octubre, 2018","format":false,"excerpt":"Hello! How are you? Os anunciamos que acabamos de abrir esta actividad dirigida a las personas especialistas de ingl\u00e9s de Educaci\u00f3n Primaria, y que creemos que os puede resultar de gran inter\u00e9s y ayuda. Contamos con la suerte de tener como ponente a una de las componentes del red de\u2026","rel":"","context":"En \u00abFormaciones\u00bb","block_context":{"text":"Formaciones","link":"https:\/\/cepronda.com\/blog\/category\/formaciones\/"},"img":{"alt_text":"","src":"https:\/\/i0.wp.com\/cepronda.com\/blog\/wp-content\/uploads\/2018\/10\/american-1209605_1920.jpg?fit=1200%2C800&ssl=1&resize=350%2C200","width":350,"height":200,"srcset":"https:\/\/i0.wp.com\/cepronda.com\/blog\/wp-content\/uploads\/2018\/10\/american-1209605_1920.jpg?fit=1200%2C800&ssl=1&resize=350%2C200 1x, https:\/\/i0.wp.com\/cepronda.com\/blog\/wp-content\/uploads\/2018\/10\/american-1209605_1920.jpg?fit=1200%2C800&ssl=1&resize=525%2C300 1.5x, https:\/\/i0.wp.com\/cepronda.com\/blog\/wp-content\/uploads\/2018\/10\/american-1209605_1920.jpg?fit=1200%2C800&ssl=1&resize=700%2C400 2x, https:\/\/i0.wp.com\/cepronda.com\/blog\/wp-content\/uploads\/2018\/10\/american-1209605_1920.jpg?fit=1200%2C800&ssl=1&resize=1050%2C600 3x"},"classes":[]},{"id":7940,"url":"https:\/\/cepronda.com\/blog\/actualizacion-metodologica-en-aicle-con-codigo-252922ge107\/","url_meta":{"origin":2408,"position":1},"title":"\u00abACTUALIZACI\u00d3N METODOL\u00d3GICA EN AICLE \u00ab, con c\u00f3digo 252922GE107.","author":"Inmaculada Garc\u00eda","date":"16 diciembre, 2024","format":false,"excerpt":"Abierta la inscripci\u00f3n del curso provincial \"ACTUALIZACI\u00d3N METODOL\u00d3GICA EN AICLE \", con c\u00f3digo 252922GE107. Inscripci\u00f3n del 16\/12\/2024 AL 9\/01\/2025 Actividad del 20\/01 al 14\/03\/2025 Duraci\u00f3n: 18 horas (12 h presenciales Webex y 6 h en el AVFP) M\u00e1s informaci\u00f3n: https:\/\/www.juntadeandalucia.es\/educacion\/secretariavirtual\/consultaCEP\/actividad\/252922GE107\/","rel":"","context":"En \u00abFormaciones\u00bb","block_context":{"text":"Formaciones","link":"https:\/\/cepronda.com\/blog\/category\/formaciones\/"},"img":{"alt_text":"","src":"https:\/\/i0.wp.com\/cepronda.com\/blog\/wp-content\/uploads\/2024\/12\/Curso-actualizacion-metodologica-aicle.jpeg?fit=1080%2C1080&ssl=1&resize=350%2C200","width":350,"height":200,"srcset":"https:\/\/i0.wp.com\/cepronda.com\/blog\/wp-content\/uploads\/2024\/12\/Curso-actualizacion-metodologica-aicle.jpeg?fit=1080%2C1080&ssl=1&resize=350%2C200 1x, https:\/\/i0.wp.com\/cepronda.com\/blog\/wp-content\/uploads\/2024\/12\/Curso-actualizacion-metodologica-aicle.jpeg?fit=1080%2C1080&ssl=1&resize=525%2C300 1.5x, https:\/\/i0.wp.com\/cepronda.com\/blog\/wp-content\/uploads\/2024\/12\/Curso-actualizacion-metodologica-aicle.jpeg?fit=1080%2C1080&ssl=1&resize=700%2C400 2x, https:\/\/i0.wp.com\/cepronda.com\/blog\/wp-content\/uploads\/2024\/12\/Curso-actualizacion-metodologica-aicle.jpeg?fit=1080%2C1080&ssl=1&resize=1050%2C600 3x"},"classes":[]},{"id":5795,"url":"https:\/\/cepronda.com\/blog\/actualizacion-metodologica-de-la-ensenanza-del-espanol-como-lengua-extranjera\/","url_meta":{"origin":2408,"position":2},"title":"ACTUALIZACI\u00d3N METODOL\u00d3GICA DE LA ENSE\u00d1ANZA DEL ESPA\u00d1OL COMO LENGUA EXTRANJERA","author":"Mamen Moreno","date":"23 febrero, 2023","format":false,"excerpt":"Abierto el plazo de inscripci\u00f3n del curso provincial con videoconferencias en directo: M\u00e1s informaci\u00f3n e inscripci\u00f3n: https:\/\/www.juntadeandalucia.es\/educacion\/secretariavirtual\/consultaCEP\/actividad\/232926GE108\/ Dirigido al profesorado de ATAL. Fechas de inscripci\u00f3n: 23\/02\/2023 hasta 15\/03\/2023. Fechas de realizaci\u00f3n de las sesiones a trav\u00e9s de videoconferencias: 23 y 29 de marzo, 11, 13 y 18 de abril de\u2026","rel":"","context":"En \u00abFormaciones\u00bb","block_context":{"text":"Formaciones","link":"https:\/\/cepronda.com\/blog\/category\/formaciones\/"},"img":{"alt_text":"","src":"https:\/\/i0.wp.com\/cepronda.com\/blog\/wp-content\/uploads\/2023\/02\/WhatsApp-Image-2023-02-23-at-11.16.56.jpeg?fit=848%2C1200&ssl=1&resize=350%2C200","width":350,"height":200,"srcset":"https:\/\/i0.wp.com\/cepronda.com\/blog\/wp-content\/uploads\/2023\/02\/WhatsApp-Image-2023-02-23-at-11.16.56.jpeg?fit=848%2C1200&ssl=1&resize=350%2C200 1x, https:\/\/i0.wp.com\/cepronda.com\/blog\/wp-content\/uploads\/2023\/02\/WhatsApp-Image-2023-02-23-at-11.16.56.jpeg?fit=848%2C1200&ssl=1&resize=525%2C300 1.5x, https:\/\/i0.wp.com\/cepronda.com\/blog\/wp-content\/uploads\/2023\/02\/WhatsApp-Image-2023-02-23-at-11.16.56.jpeg?fit=848%2C1200&ssl=1&resize=700%2C400 2x"},"classes":[]},{"id":1291,"url":"https:\/\/cepronda.com\/blog\/curso-de-actualizacion-en-frances-para-primaria\/","url_meta":{"origin":2408,"position":3},"title":"Curso de actualizaci\u00f3n en franc\u00e9s para primaria","author":"V\u00edctor Caballero","date":"27 septiembre, 2017","format":false,"excerpt":"Muy buenas, Uno de los cursos que el curso pasado tuvo un magn\u00edfico recorrido fu\u00e9 el curso de \"ACTUALIZACI\u00d3N LING\u00dc\u00cdSTICA Y METODOL\u00d3GICA EN LENGUA FRANCESA PARA EL PROFESORADO DE EDUCACI\u00d3N PRIMARIA\". Pues este curso seguimos con continuaci\u00f3n del mismo, as\u00ed que seguiremos aprendiendo y avanzando en nuestra metodolog\u00eda a la\u2026","rel":"","context":"En \u00abFormaciones\u00bb","block_context":{"text":"Formaciones","link":"https:\/\/cepronda.com\/blog\/category\/formaciones\/"},"img":{"alt_text":"","src":"https:\/\/i0.wp.com\/cepronda.com\/blog\/wp-content\/uploads\/2017\/09\/french-flag-2695008_640.jpg?fit=640%2C426&ssl=1&resize=350%2C200","width":350,"height":200,"srcset":"https:\/\/i0.wp.com\/cepronda.com\/blog\/wp-content\/uploads\/2017\/09\/french-flag-2695008_640.jpg?fit=640%2C426&ssl=1&resize=350%2C200 1x, https:\/\/i0.wp.com\/cepronda.com\/blog\/wp-content\/uploads\/2017\/09\/french-flag-2695008_640.jpg?fit=640%2C426&ssl=1&resize=525%2C300 1.5x"},"classes":[]},{"id":7246,"url":"https:\/\/cepronda.com\/blog\/curso-para-el-profesorado-area-no-linguistica-anl-en-ingles\/","url_meta":{"origin":2408,"position":4},"title":"CURSO PARA EL PROFESORADO \u00c1REA NO LING\u00dc\u00cdSTICA (ANL) EN INGL\u00c9S","author":"Mamen Moreno","date":"5 diciembre, 2023","format":false,"excerpt":"Abierto el plazo de inscripci\u00f3n para el curso regional a distancia, dirigido al profesorado de \u00e1reas no ling\u00fc\u00edsticas de centros biling\u00fces ingl\u00e9s: CURSO PARA PROFESORADO DE \u00c1REA NO LING\u00dc\u00cdSTICA EN INGL\u00c9S c\u00f3digo: 24K9926AV156 Plazo de Inscripci\u00f3n: 04\/12\/2023 al 18\/12\/2023 Del 08\/01\/2024 hasta 29\/02\/2024 Enlace de inscripci\u00f3n:\u00a0https:\/\/www.juntadeandalucia.es\/educacion\/secretariavirtual\/consultaCEP\/actividad\/24K9926AV156\/","rel":"","context":"En \u00abFormaciones\u00bb","block_context":{"text":"Formaciones","link":"https:\/\/cepronda.com\/blog\/category\/formaciones\/"},"img":{"alt_text":"","src":"https:\/\/i0.wp.com\/cepronda.com\/blog\/wp-content\/uploads\/2023\/12\/Learn-language-2.png?fit=1080%2C1080&ssl=1&resize=350%2C200","width":350,"height":200,"srcset":"https:\/\/i0.wp.com\/cepronda.com\/blog\/wp-content\/uploads\/2023\/12\/Learn-language-2.png?fit=1080%2C1080&ssl=1&resize=350%2C200 1x, https:\/\/i0.wp.com\/cepronda.com\/blog\/wp-content\/uploads\/2023\/12\/Learn-language-2.png?fit=1080%2C1080&ssl=1&resize=525%2C300 1.5x, https:\/\/i0.wp.com\/cepronda.com\/blog\/wp-content\/uploads\/2023\/12\/Learn-language-2.png?fit=1080%2C1080&ssl=1&resize=700%2C400 2x, https:\/\/i0.wp.com\/cepronda.com\/blog\/wp-content\/uploads\/2023\/12\/Learn-language-2.png?fit=1080%2C1080&ssl=1&resize=1050%2C600 3x"},"classes":[]},{"id":9203,"url":"https:\/\/cepronda.com\/blog\/curso-regional-a-distancia-curso-para-profesorado-de-area-no-linguistica-en-ingles\/","url_meta":{"origin":2408,"position":5},"title":"CURSO REGIONAL A DISTANCIA: CURSO PARA PROFESORADO DE \u00c1REA NO LING\u00dc\u00cdSTICA EN INGL\u00c9S","author":"Encarni Jim\u00e9nez Rosado","date":"13 enero, 2026","format":false,"excerpt":"Abierto plazo de inscripci\u00f3n para curso \u201cREGIONAL A DISTANCIA: CURSO PARA PROFESORADO DE \u00c1REA NO LING\u00dc\u00cdSTICA EN INGL\u00c9S\u201d. C\u00f3digo: 26K9926AV156. Dirigido al profesorado de \u00e1reas no ling\u00fc\u00edsticas de centro biling\u00fces de Andaluc\u00eda. Inscripci\u00f3n: 07\/01\/2026 al 21\/01\/2026. Fecha de realizaci\u00f3n de la actividad 27\/01\/2026 hasta 26\/03\/2026. M\u00e1s informaci\u00f3n e inscripci\u00f3n: https:\/\/secretariavirtual.juntadeandalucia.es\/secretariavirtual\/consultaCEP\/actividad\/26K9926AV156\/","rel":"","context":"En \u00abFormaciones\u00bb","block_context":{"text":"Formaciones","link":"https:\/\/cepronda.com\/blog\/category\/formaciones\/"},"img":{"alt_text":"","src":"","width":0,"height":0},"classes":[]}],"jetpack_sharing_enabled":true,"_links":{"self":[{"href":"https:\/\/cepronda.com\/blog\/wp-json\/wp\/v2\/posts\/2408","targetHints":{"allow":["GET"]}}],"collection":[{"href":"https:\/\/cepronda.com\/blog\/wp-json\/wp\/v2\/posts"}],"about":[{"href":"https:\/\/cepronda.com\/blog\/wp-json\/wp\/v2\/types\/post"}],"author":[{"embeddable":true,"href":"https:\/\/cepronda.com\/blog\/wp-json\/wp\/v2\/users\/3"}],"replies":[{"embeddable":true,"href":"https:\/\/cepronda.com\/blog\/wp-json\/wp\/v2\/comments?post=2408"}],"version-history":[{"count":1,"href":"https:\/\/cepronda.com\/blog\/wp-json\/wp\/v2\/posts\/2408\/revisions"}],"predecessor-version":[{"id":2409,"href":"https:\/\/cepronda.com\/blog\/wp-json\/wp\/v2\/posts\/2408\/revisions\/2409"}],"wp:attachment":[{"href":"https:\/\/cepronda.com\/blog\/wp-json\/wp\/v2\/media?parent=2408"}],"wp:term":[{"taxonomy":"category","embeddable":true,"href":"https:\/\/cepronda.com\/blog\/wp-json\/wp\/v2\/categories?post=2408"},{"taxonomy":"post_tag","embeddable":true,"href":"https:\/\/cepronda.com\/blog\/wp-json\/wp\/v2\/tags?post=2408"}],"curies":[{"name":"wp","href":"https:\/\/api.w.org\/{rel}","templated":true}]}}