{"id":2389,"date":"2018-10-19T10:27:35","date_gmt":"2018-10-19T08:27:35","guid":{"rendered":"http:\/\/cepronda.com\/blog\/?p=2389"},"modified":"2018-10-19T10:27:44","modified_gmt":"2018-10-19T08:27:44","slug":"curso-conoce-tu-ciudad","status":"publish","type":"post","link":"https:\/\/cepronda.com\/blog\/curso-conoce-tu-ciudad\/","title":{"rendered":"Curso \u00abConoce tu ciudad\u00bb"},"content":{"rendered":"\n<p class=\"wp-block-paragraph\">\u00a1Muy buenas!<\/p>\n\n\n\n<p class=\"wp-block-paragraph\">Compartimos este curso que creemos os puede resultar muy interesante ya que nos puede servir para conocer mejor nuestra ciudad y as\u00ed poder transmitir de mejor modo a nuestro alumnado todo lo que tenemos en Ronda.<\/p>\n\n\n\n<p class=\"wp-block-paragraph\">Contamos para ello con dos grandes ponentes, grandes conocedoras de Ronda, y que nos van a servir como magn\u00edficas gu\u00edas.\u00a0<\/p>\n\n\n\n<p class=\"wp-block-paragraph\">Os dejamos con el <a href=\"https:\/\/www.juntadeandalucia.es\/educacion\/secretariavirtual\/consultaCEP\/actividad\/192924FC001\/\" target=\"_blank\" rel=\"noreferrer noopener\">enlace a la actividad<\/a> por si quer\u00e9is inscribiros y conocer m\u00e1s detalles de la misma. Nos vemos familia, un abrazo.\u00a0<\/p>\n\n\n\n<figure class=\"wp-block-image\"><a href=\"https:\/\/www.juntadeandalucia.es\/educacion\/secretariavirtual\/consultaCEP\/actividad\/192924FC001\/\"><img data-recalc-dims=\"1\" loading=\"lazy\" decoding=\"async\" width=\"1170\" height=\"780\" src=\"https:\/\/i0.wp.com\/cepronda.com\/blog\/wp-content\/uploads\/2018\/10\/round-2685747_1920.jpg?resize=1170%2C780\" alt=\"\" class=\"wp-image-2390\" srcset=\"https:\/\/i0.wp.com\/cepronda.com\/blog\/wp-content\/uploads\/2018\/10\/round-2685747_1920.jpg?w=1920&amp;ssl=1 1920w, https:\/\/i0.wp.com\/cepronda.com\/blog\/wp-content\/uploads\/2018\/10\/round-2685747_1920.jpg?resize=300%2C200&amp;ssl=1 300w, https:\/\/i0.wp.com\/cepronda.com\/blog\/wp-content\/uploads\/2018\/10\/round-2685747_1920.jpg?resize=768%2C512&amp;ssl=1 768w, https:\/\/i0.wp.com\/cepronda.com\/blog\/wp-content\/uploads\/2018\/10\/round-2685747_1920.jpg?resize=1024%2C683&amp;ssl=1 1024w\" sizes=\"auto, (max-width: 1170px) 100vw, 1170px\" \/><\/a><\/figure>\n","protected":false},"excerpt":{"rendered":"<p>\u00a1Muy buenas! Compartimos este curso que creemos os puede resultar muy interesante ya que nos puede servir para conocer mejor nuestra ciudad y as\u00ed poder transmitir de mejor modo a nuestro alumnado todo lo que tenemos en Ronda. Contamos para ello con dos grandes ponentes, grandes conocedoras de Ronda, y que nos van a servir [&hellip;]<\/p>\n","protected":false},"author":3,"featured_media":2390,"comment_status":"open","ping_status":"open","sticky":false,"template":"","format":"standard","meta":{"_crdt_document":"","advanced_seo_description":"","jetpack_seo_html_title":"","jetpack_seo_noindex":false,"jetpack_post_was_ever_published":false,"_jetpack_newsletter_access":"","_jetpack_dont_email_post_to_subs":false,"_jetpack_newsletter_tier_id":0,"_jetpack_memberships_contains_paywalled_content":false,"_jetpack_memberships_contains_paid_content":false,"footnotes":"","jetpack_publicize_message":"","jetpack_publicize_feature_enabled":true,"jetpack_social_post_already_shared":true,"jetpack_social_options":{"image_generator_settings":{"template":"highway","default_image_id":0,"font":"","enabled":false},"version":2}},"categories":[3],"tags":[141],"class_list":{"0":"post-2389","1":"post","2":"type-post","3":"status-publish","4":"format-standard","5":"has-post-thumbnail","7":"category-formaciones","8":"tag-patrimonio-cultural","9":"czr-hentry"},"jetpack_publicize_connections":[],"jetpack_featured_media_url":"https:\/\/i0.wp.com\/cepronda.com\/blog\/wp-content\/uploads\/2018\/10\/round-2685747_1920.jpg?fit=1920%2C1280&ssl=1","jetpack_shortlink":"https:\/\/wp.me\/p8M4X7-Cx","jetpack-related-posts":[{"id":2296,"url":"https:\/\/cepronda.com\/blog\/curso-ronda-con-nombre-de-mujer\/","url_meta":{"origin":2389,"position":0},"title":"Curso \u00abRONDA CON NOMBRE DE MUJER\u00bb","author":"V\u00edctor Caballero","date":"10 septiembre, 2018","format":false,"excerpt":"\u00a0Y seguimos trabajando en ofreceros una formaci\u00f3n adecuada a vuestros intereses y necesidades. En este caso nos dirigimos a todas aquellas personas que est\u00e9is interesadas en la coeducaci\u00f3n y el g\u00e9nero, combinada con paseos por Ronda.\u00a0 Se trata de una formaci\u00f3n donde pretendemos visibilizar todas aquellas mujeres de Ronda y\u2026","rel":"","context":"En \u00abFormaciones\u00bb","block_context":{"text":"Formaciones","link":"https:\/\/cepronda.com\/blog\/category\/formaciones\/"},"img":{"alt_text":"","src":"https:\/\/i0.wp.com\/cepronda.com\/blog\/wp-content\/uploads\/2018\/09\/Ronda_con_nombre_de_mujer.png?fit=591%2C835&ssl=1&resize=350%2C200","width":350,"height":200,"srcset":"https:\/\/i0.wp.com\/cepronda.com\/blog\/wp-content\/uploads\/2018\/09\/Ronda_con_nombre_de_mujer.png?fit=591%2C835&ssl=1&resize=350%2C200 1x, https:\/\/i0.wp.com\/cepronda.com\/blog\/wp-content\/uploads\/2018\/09\/Ronda_con_nombre_de_mujer.png?fit=591%2C835&ssl=1&resize=525%2C300 1.5x"},"classes":[]},{"id":3504,"url":"https:\/\/cepronda.com\/blog\/tutorial-para-acceder-al-curso-moodle-en-abierto-no-certificable\/","url_meta":{"origin":2389,"position":1},"title":"Tutorial para acceder al curso Moodle en abierto (no certificable)","author":"V\u00edctor Caballero","date":"23 marzo, 2020","format":false,"excerpt":"Muy buenas familia, Sabemos que muchas y muchos de vosotros hab\u00e9is intentando acceder al curso de Moodle dentro del Aula Virtual, pero la demanda ha sido muy grandes y en algunos casos no hab\u00e9is obtenido plaza. Desde la Junta de Andaluc\u00eda se ha abierto la posibilidad de realizar el curso\u2026","rel":"","context":"En \u00abFormaciones\u00bb","block_context":{"text":"Formaciones","link":"https:\/\/cepronda.com\/blog\/category\/formaciones\/"},"img":{"alt_text":"","src":"https:\/\/i0.wp.com\/cepronda.com\/blog\/wp-content\/uploads\/2020\/02\/Logo_twitter_cep_ronda-INSTITUCIONAL-Transparente.png?fit=546%2C563&ssl=1&resize=350%2C200","width":350,"height":200,"srcset":"https:\/\/i0.wp.com\/cepronda.com\/blog\/wp-content\/uploads\/2020\/02\/Logo_twitter_cep_ronda-INSTITUCIONAL-Transparente.png?fit=546%2C563&ssl=1&resize=350%2C200 1x, https:\/\/i0.wp.com\/cepronda.com\/blog\/wp-content\/uploads\/2020\/02\/Logo_twitter_cep_ronda-INSTITUCIONAL-Transparente.png?fit=546%2C563&ssl=1&resize=525%2C300 1.5x"},"classes":[]},{"id":1530,"url":"https:\/\/cepronda.com\/blog\/actividad-conoce-tu-ciudad\/","url_meta":{"origin":2389,"position":2},"title":"Actividad \u00abConoce tu ciudad\u00bb","author":"V\u00edctor Caballero","date":"12 enero, 2018","format":false,"excerpt":"Muy buenas a todo el mundo, Os informamos que ya se encuentra abierto el plazo de inscripci\u00f3n para el curso \"Conoce tu ciudad\".\u00a0Esta actividad se plantea como un acercamiento para los docentes interesados a la Historia de Ronda y su comarca natural, mediante exposiciones te\u00f3ricas debidamente documentadas y visitas guiadas\u2026","rel":"","context":"En \u00abFormaciones\u00bb","block_context":{"text":"Formaciones","link":"https:\/\/cepronda.com\/blog\/category\/formaciones\/"},"img":{"alt_text":"","src":"https:\/\/i0.wp.com\/cepronda.com\/blog\/wp-content\/uploads\/2018\/01\/ronda-2154601_640.jpg?fit=640%2C426&ssl=1&resize=350%2C200","width":350,"height":200,"srcset":"https:\/\/i0.wp.com\/cepronda.com\/blog\/wp-content\/uploads\/2018\/01\/ronda-2154601_640.jpg?fit=640%2C426&ssl=1&resize=350%2C200 1x, https:\/\/i0.wp.com\/cepronda.com\/blog\/wp-content\/uploads\/2018\/01\/ronda-2154601_640.jpg?fit=640%2C426&ssl=1&resize=525%2C300 1.5x"},"classes":[]},{"id":1759,"url":"https:\/\/cepronda.com\/blog\/formulario-sobre-necesidades-formativas-relacionadas-con-las-tic\/","url_meta":{"origin":2389,"position":3},"title":"Formulario sobre necesidades formativas relacionadas con las TIC","author":"V\u00edctor Caballero","date":"3 mayo, 2018","format":false,"excerpt":"Muy buenas,\u00a0 Como sab\u00e9is este curso escolar hemos hecho una apuesta importante en el CEP sobre el uso de las TIC en nuestras aulas, y por ello preparamos nuestro itinerario TIC con actividades relacionadas con Scratch, rob\u00f3tica, AppInventor e Impresora 3D.\u00a0 El pr\u00f3ximo curso escolar queremos, en principio, preparar alguna\u2026","rel":"","context":"En \u00abNoticias\u00bb","block_context":{"text":"Noticias","link":"https:\/\/cepronda.com\/blog\/category\/noticias\/"},"img":{"alt_text":"","src":"https:\/\/i0.wp.com\/cepronda.com\/blog\/wp-content\/uploads\/2017\/09\/mobile-phone-2398295_640.jpg?fit=640%2C276&ssl=1&resize=350%2C200","width":350,"height":200,"srcset":"https:\/\/i0.wp.com\/cepronda.com\/blog\/wp-content\/uploads\/2017\/09\/mobile-phone-2398295_640.jpg?fit=640%2C276&ssl=1&resize=350%2C200 1x, https:\/\/i0.wp.com\/cepronda.com\/blog\/wp-content\/uploads\/2017\/09\/mobile-phone-2398295_640.jpg?fit=640%2C276&ssl=1&resize=525%2C300 1.5x"},"classes":[]},{"id":5644,"url":"https:\/\/cepronda.com\/blog\/actividades-formativas-del-cep-de-ronda-para-el-curso-22-23\/","url_meta":{"origin":2389,"position":4},"title":"ACTIVIDADES FORMATIVAS DEL CEP DE RONDA para el CURSO 22-23","author":"Inmaculada Garc\u00eda","date":"7 diciembre, 2022","format":false,"excerpt":"Buenos d\u00edas, compa\u00f1eros y compa\u00f1eras. Os compartimos nuestro cartel vivo con las ACTIVIDADES FORMATIVAS DEL CEP DE RONDA para el CURSO 22-23 \u00a0Pincha en el enlace 00-Cartel vivo CEP QR o escanea el c\u00f3digo QR para visualizar la relaci\u00f3n de actividades formativas del CEP de Ronda para este curso.","rel":"","context":"En \u00abNoticias\u00bb","block_context":{"text":"Noticias","link":"https:\/\/cepronda.com\/blog\/category\/noticias\/"},"img":{"alt_text":"","src":"https:\/\/i0.wp.com\/cepronda.com\/blog\/wp-content\/uploads\/2022\/12\/Diseno-sin-titulo.png?fit=848%2C1200&ssl=1&resize=350%2C200","width":350,"height":200,"srcset":"https:\/\/i0.wp.com\/cepronda.com\/blog\/wp-content\/uploads\/2022\/12\/Diseno-sin-titulo.png?fit=848%2C1200&ssl=1&resize=350%2C200 1x, https:\/\/i0.wp.com\/cepronda.com\/blog\/wp-content\/uploads\/2022\/12\/Diseno-sin-titulo.png?fit=848%2C1200&ssl=1&resize=525%2C300 1.5x, https:\/\/i0.wp.com\/cepronda.com\/blog\/wp-content\/uploads\/2022\/12\/Diseno-sin-titulo.png?fit=848%2C1200&ssl=1&resize=700%2C400 2x"},"classes":[]},{"id":2591,"url":"https:\/\/cepronda.com\/blog\/acnur-loco-festival-un-proyecto-educativo-que-cambia-vidas\/","url_meta":{"origin":2389,"position":5},"title":"ACNUR Loco Festival: un proyecto educativo que cambia vidas","author":"V\u00edctor Caballero","date":"17 enero, 2019","format":false,"excerpt":"Muy buenas de nuevo, Queremos compartir con todas y todos vosotros esta propuesta educativa de la ONG Acnur, que creemos puede ser muy interesante. Os invitamos a visitar su web y conocer la propuesta y si decid\u00eds participar nos encantar\u00eda conocer lo que est\u00e1is haciendo. Un saludo y nos seguimos\u2026","rel":"","context":"En \u00abNoticias\u00bb","block_context":{"text":"Noticias","link":"https:\/\/cepronda.com\/blog\/category\/noticias\/"},"img":{"alt_text":"","src":"https:\/\/i0.wp.com\/cepronda.com\/blog\/wp-content\/uploads\/2019\/01\/locoFestival.png?resize=350%2C200","width":350,"height":200},"classes":[]}],"jetpack_sharing_enabled":true,"_links":{"self":[{"href":"https:\/\/cepronda.com\/blog\/wp-json\/wp\/v2\/posts\/2389","targetHints":{"allow":["GET"]}}],"collection":[{"href":"https:\/\/cepronda.com\/blog\/wp-json\/wp\/v2\/posts"}],"about":[{"href":"https:\/\/cepronda.com\/blog\/wp-json\/wp\/v2\/types\/post"}],"author":[{"embeddable":true,"href":"https:\/\/cepronda.com\/blog\/wp-json\/wp\/v2\/users\/3"}],"replies":[{"embeddable":true,"href":"https:\/\/cepronda.com\/blog\/wp-json\/wp\/v2\/comments?post=2389"}],"version-history":[{"count":1,"href":"https:\/\/cepronda.com\/blog\/wp-json\/wp\/v2\/posts\/2389\/revisions"}],"predecessor-version":[{"id":2391,"href":"https:\/\/cepronda.com\/blog\/wp-json\/wp\/v2\/posts\/2389\/revisions\/2391"}],"wp:featuredmedia":[{"embeddable":true,"href":"https:\/\/cepronda.com\/blog\/wp-json\/wp\/v2\/media\/2390"}],"wp:attachment":[{"href":"https:\/\/cepronda.com\/blog\/wp-json\/wp\/v2\/media?parent=2389"}],"wp:term":[{"taxonomy":"category","embeddable":true,"href":"https:\/\/cepronda.com\/blog\/wp-json\/wp\/v2\/categories?post=2389"},{"taxonomy":"post_tag","embeddable":true,"href":"https:\/\/cepronda.com\/blog\/wp-json\/wp\/v2\/tags?post=2389"}],"curies":[{"name":"wp","href":"https:\/\/api.w.org\/{rel}","templated":true}]}}