{"id":2371,"date":"2018-10-08T19:23:38","date_gmt":"2018-10-08T17:23:38","guid":{"rendered":"http:\/\/cepronda.com\/blog\/?p=2371"},"modified":"2018-10-08T19:23:46","modified_gmt":"2018-10-08T17:23:46","slug":"red-de-educacion-especial","status":"publish","type":"post","link":"https:\/\/cepronda.com\/blog\/red-de-educacion-especial\/","title":{"rendered":"Red de Educaci\u00f3n Especial"},"content":{"rendered":"\n<p class=\"wp-block-paragraph\">Y al igual que con Educaci\u00f3n Infantil, tambi\u00e9n tenemos red de Educaci\u00f3n Especial, donde nos reunimos todas aquellas personas que atendemos como especialistas a la diversidad en nuestras aulas.\u00a0<\/p>\n\n\n\n<p class=\"wp-block-paragraph\">La primera sesi\u00f3n tendr\u00e1 lugar el pr\u00f3ximo 25 de octubre a las 16\u00b430 en la biblioteca del CEP. Animamos a todos aquellos docentes que ya form\u00e1is parte de la misma a que nos sig\u00e1is enriqueciendo, as\u00ed como a todas aquellas personas nuevas. para hacerlo s\u00f3lo ten\u00e9is que <a href=\"https:\/\/www.juntadeandalucia.es\/educacion\/secretariavirtual\/consultaCEP\/actividad\/192924GE010\/\" target=\"_blank\">seguir este enlace<\/a>. Un saludo y nos seguimos viendo.\u00a0<\/p>\n\n\n\n<figure class=\"wp-block-image\"><a href=\"https:\/\/www.juntadeandalucia.es\/educacion\/secretariavirtual\/consultaCEP\/actividad\/192924GE010\/\"><img data-recalc-dims=\"1\" loading=\"lazy\" decoding=\"async\" width=\"847\" height=\"1280\" src=\"https:\/\/i0.wp.com\/cepronda.com\/blog\/wp-content\/uploads\/2018\/10\/child-315049_1280.jpg?resize=847%2C1280\" alt=\"\" class=\"wp-image-2372\" srcset=\"https:\/\/i0.wp.com\/cepronda.com\/blog\/wp-content\/uploads\/2018\/10\/child-315049_1280.jpg?w=847&amp;ssl=1 847w, https:\/\/i0.wp.com\/cepronda.com\/blog\/wp-content\/uploads\/2018\/10\/child-315049_1280.jpg?resize=199%2C300&amp;ssl=1 199w, https:\/\/i0.wp.com\/cepronda.com\/blog\/wp-content\/uploads\/2018\/10\/child-315049_1280.jpg?resize=768%2C1161&amp;ssl=1 768w, https:\/\/i0.wp.com\/cepronda.com\/blog\/wp-content\/uploads\/2018\/10\/child-315049_1280.jpg?resize=678%2C1024&amp;ssl=1 678w\" sizes=\"auto, (max-width: 847px) 100vw, 847px\" \/><\/a><\/figure>\n","protected":false},"excerpt":{"rendered":"<p>Y al igual que con Educaci\u00f3n Infantil, tambi\u00e9n tenemos red de Educaci\u00f3n Especial, donde nos reunimos todas aquellas personas que atendemos como especialistas a la diversidad en nuestras aulas.\u00a0 La primera sesi\u00f3n tendr\u00e1 lugar el pr\u00f3ximo 25 de octubre a las 16\u00b430 en la biblioteca del CEP. Animamos a todos aquellos docentes que ya form\u00e1is [&hellip;]<\/p>\n","protected":false},"author":3,"featured_media":2372,"comment_status":"open","ping_status":"open","sticky":false,"template":"","format":"standard","meta":{"_crdt_document":"","advanced_seo_description":"","jetpack_seo_html_title":"","jetpack_seo_noindex":false,"jetpack_post_was_ever_published":false,"_jetpack_newsletter_access":"","_jetpack_dont_email_post_to_subs":false,"_jetpack_newsletter_tier_id":0,"_jetpack_memberships_contains_paywalled_content":false,"_jetpack_memberships_contains_paid_content":false,"footnotes":"","jetpack_publicize_message":"","jetpack_publicize_feature_enabled":true,"jetpack_social_post_already_shared":true,"jetpack_social_options":{"image_generator_settings":{"template":"highway","default_image_id":0,"font":"","enabled":false},"version":2}},"categories":[3],"tags":[87],"class_list":{"0":"post-2371","1":"post","2":"type-post","3":"status-publish","4":"format-standard","5":"has-post-thumbnail","7":"category-formaciones","8":"tag-red-educacion-especial","9":"czr-hentry"},"jetpack_publicize_connections":[],"jetpack_featured_media_url":"https:\/\/i0.wp.com\/cepronda.com\/blog\/wp-content\/uploads\/2018\/10\/child-315049_1280.jpg?fit=847%2C1280&ssl=1","jetpack_shortlink":"https:\/\/wp.me\/p8M4X7-Cf","jetpack-related-posts":[{"id":1294,"url":"https:\/\/cepronda.com\/blog\/reunion-de-la-red-de-educacion-especial\/","url_meta":{"origin":2371,"position":0},"title":"Reuni\u00f3n de la Red de Educaci\u00f3n Especial","author":"V\u00edctor Caballero","date":"29 septiembre, 2017","format":false,"excerpt":"\u00a1Hola! Para el pr\u00f3ximo 5 de octubre hemos programado la primera reuni\u00f3n de la Red Profesional de Educaci\u00f3n Especial de nuestra comarca. As\u00ed que est\u00e1is invitadas todas aquellas personas que trabaj\u00e1is en el \u00e1mbito de la Educaci\u00f3n Especial: especialistas de PT, AL, monitores, orientadores,... No olvid\u00e9is inscribiros, para ello s\u00f3lo\u2026","rel":"","context":"En \u00abFormaciones\u00bb","block_context":{"text":"Formaciones","link":"https:\/\/cepronda.com\/blog\/category\/formaciones\/"},"img":{"alt_text":"","src":"https:\/\/i0.wp.com\/cepronda.com\/blog\/wp-content\/uploads\/2017\/09\/mobile-phone-2398295_640.jpg?fit=640%2C276&ssl=1&resize=350%2C200","width":350,"height":200,"srcset":"https:\/\/i0.wp.com\/cepronda.com\/blog\/wp-content\/uploads\/2017\/09\/mobile-phone-2398295_640.jpg?fit=640%2C276&ssl=1&resize=350%2C200 1x, https:\/\/i0.wp.com\/cepronda.com\/blog\/wp-content\/uploads\/2017\/09\/mobile-phone-2398295_640.jpg?fit=640%2C276&ssl=1&resize=525%2C300 1.5x"},"classes":[]},{"id":7220,"url":"https:\/\/cepronda.com\/blog\/encuentro-red-profesional-de-educacion-especial-cep-de-ronda-242924ge014\/","url_meta":{"origin":2371,"position":1},"title":"ENCUENTRO COMUNIDAD PROFESIONAL DE EDUCACI\u00d3N ESPECIAL. CEP DE RONDA (242924GE014)","author":"Inmaculada Garc\u00eda","date":"22 noviembre, 2023","format":false,"excerpt":"Ya tenemos fecha para nuestro primer encuentro. Nos vemos el 29 de noviembre a las 17:00 en el CEP de Ronda. No olvides inscribirte a trav\u00e9s de S\u00e9neca.\u00a0 Actualizaremos la informaci\u00f3n sobre legislaci\u00f3n, programas, informaci\u00f3n de la Inspecci\u00f3n y otros temas en los que tengamos dudas sobre nuestro trabajo diario.\u2026","rel":"","context":"En \u00abFormaciones\u00bb","block_context":{"text":"Formaciones","link":"https:\/\/cepronda.com\/blog\/category\/formaciones\/"},"img":{"alt_text":"","src":"https:\/\/i0.wp.com\/cepronda.com\/blog\/wp-content\/uploads\/2023\/11\/ENCUENTRO-RED-EE.png?fit=1200%2C1200&ssl=1&resize=350%2C200","width":350,"height":200,"srcset":"https:\/\/i0.wp.com\/cepronda.com\/blog\/wp-content\/uploads\/2023\/11\/ENCUENTRO-RED-EE.png?fit=1200%2C1200&ssl=1&resize=350%2C200 1x, https:\/\/i0.wp.com\/cepronda.com\/blog\/wp-content\/uploads\/2023\/11\/ENCUENTRO-RED-EE.png?fit=1200%2C1200&ssl=1&resize=525%2C300 1.5x, https:\/\/i0.wp.com\/cepronda.com\/blog\/wp-content\/uploads\/2023\/11\/ENCUENTRO-RED-EE.png?fit=1200%2C1200&ssl=1&resize=700%2C400 2x, https:\/\/i0.wp.com\/cepronda.com\/blog\/wp-content\/uploads\/2023\/11\/ENCUENTRO-RED-EE.png?fit=1200%2C1200&ssl=1&resize=1050%2C600 3x"},"classes":[]},{"id":1751,"url":"https:\/\/cepronda.com\/blog\/jornada-de-educacion-ambiental-genatur\/","url_meta":{"origin":2371,"position":2},"title":"Jornada de Educaci\u00f3n Ambiental Genatur","author":"V\u00edctor Caballero","date":"2 mayo, 2018","format":false,"excerpt":"\u00a1Hola! \u00bfQu\u00e9 tal esa vuelta? \u00bfQu\u00e9 tal esa recarga de pilas? Esperamos que todo genial.\u00a0 Hoy queremos compartir con todos y todas vosotras que el pr\u00f3ximo 17 de mayo, jueves, desde la empresa Genatur nos han solicitado nuestro sal\u00f3n de actos para impartir unas jornadas de educaci\u00f3n ambiental. Compartimos la\u2026","rel":"","context":"En \u00abNoticias\u00bb","block_context":{"text":"Noticias","link":"https:\/\/cepronda.com\/blog\/category\/noticias\/"},"img":{"alt_text":"","src":"https:\/\/i0.wp.com\/cepronda.com\/blog\/wp-content\/uploads\/2018\/05\/cartel-jornadas-sobre-educaci%C3%B3n-ambiental.jpg?fit=1200%2C861&ssl=1&resize=350%2C200","width":350,"height":200,"srcset":"https:\/\/i0.wp.com\/cepronda.com\/blog\/wp-content\/uploads\/2018\/05\/cartel-jornadas-sobre-educaci%C3%B3n-ambiental.jpg?fit=1200%2C861&ssl=1&resize=350%2C200 1x, https:\/\/i0.wp.com\/cepronda.com\/blog\/wp-content\/uploads\/2018\/05\/cartel-jornadas-sobre-educaci%C3%B3n-ambiental.jpg?fit=1200%2C861&ssl=1&resize=525%2C300 1.5x, https:\/\/i0.wp.com\/cepronda.com\/blog\/wp-content\/uploads\/2018\/05\/cartel-jornadas-sobre-educaci%C3%B3n-ambiental.jpg?fit=1200%2C861&ssl=1&resize=700%2C400 2x, https:\/\/i0.wp.com\/cepronda.com\/blog\/wp-content\/uploads\/2018\/05\/cartel-jornadas-sobre-educaci%C3%B3n-ambiental.jpg?fit=1200%2C861&ssl=1&resize=1050%2C600 3x"},"classes":[]},{"id":7600,"url":"https:\/\/cepronda.com\/blog\/2o-encuentro-comunidad-de-profesionales-de-educacion-especial-cep-de-ronda-242924ge014\/","url_meta":{"origin":2371,"position":3},"title":"2\u00ba ENCUENTRO COMUNIDAD DE PROFESIONALES DE EDUCACI\u00d3N ESPECIAL. CEP DE RONDA (242924GE014)","author":"Inmaculada Garc\u00eda","date":"3 mayo, 2024","format":false,"excerpt":"Ya tenemos fecha para nuestro segundo encuentro. \u00a0 Nos vemos el 14 de mayo a las 16:30 en el CEP de Ronda. \u00a0 Contaremos con la presencia de Antonio M\u00e1rquez (AulaDesigual) que nos mostrar\u00e1 pr\u00e1cticas innovadoras de c\u00f3mo trabajar la atenci\u00f3n espec\u00edfica dentro del aula ordinaria. Revisaremos, tambi\u00e9n, el portal\u2026","rel":"","context":"En \u00abFormaciones\u00bb","block_context":{"text":"Formaciones","link":"https:\/\/cepronda.com\/blog\/category\/formaciones\/"},"img":{"alt_text":"","src":"https:\/\/i0.wp.com\/cepronda.com\/blog\/wp-content\/uploads\/2024\/05\/COMUNIDAD-EE-POST-INSTAGRAM.png?fit=1080%2C1080&ssl=1&resize=350%2C200","width":350,"height":200,"srcset":"https:\/\/i0.wp.com\/cepronda.com\/blog\/wp-content\/uploads\/2024\/05\/COMUNIDAD-EE-POST-INSTAGRAM.png?fit=1080%2C1080&ssl=1&resize=350%2C200 1x, https:\/\/i0.wp.com\/cepronda.com\/blog\/wp-content\/uploads\/2024\/05\/COMUNIDAD-EE-POST-INSTAGRAM.png?fit=1080%2C1080&ssl=1&resize=525%2C300 1.5x, https:\/\/i0.wp.com\/cepronda.com\/blog\/wp-content\/uploads\/2024\/05\/COMUNIDAD-EE-POST-INSTAGRAM.png?fit=1080%2C1080&ssl=1&resize=700%2C400 2x, https:\/\/i0.wp.com\/cepronda.com\/blog\/wp-content\/uploads\/2024\/05\/COMUNIDAD-EE-POST-INSTAGRAM.png?fit=1080%2C1080&ssl=1&resize=1050%2C600 3x"},"classes":[]},{"id":3074,"url":"https:\/\/cepronda.com\/blog\/red-profesional-de-educacion-especial-del-ambito-del-cep-de-ronda\/","url_meta":{"origin":2371,"position":4},"title":"RED PROFESIONAL DE EDUCACI\u00d3N ESPECIAL DEL \u00c1MBITO DEL CEP DE RONDA","author":"V\u00edctor Caballero","date":"3 octubre, 2019","format":false,"excerpt":"Comienza el curso, y con \u00e9l uno de nuestros cl\u00e1sicos, la rede de Educaci\u00f3n Especial, que tiene como principal objetivo continuar compartiendo un espacio com\u00fan para conocer recursos de la zona, posibles necesidades formativas, puestas en com\u00fan, resoluci\u00f3n de dudas, etc. O dejamos con el enlace a la actividad para\u2026","rel":"","context":"En \u00abFormaciones\u00bb","block_context":{"text":"Formaciones","link":"https:\/\/cepronda.com\/blog\/category\/formaciones\/"},"img":{"alt_text":"","src":"https:\/\/i0.wp.com\/cepronda.com\/blog\/wp-content\/uploads\/2019\/10\/RED-PROFESIONAL-DE-EDUCACI%C3%93N-ESPECIAL-DEL-CEP-DE-RONDA.-2.png?fit=848%2C1200&ssl=1&resize=350%2C200","width":350,"height":200,"srcset":"https:\/\/i0.wp.com\/cepronda.com\/blog\/wp-content\/uploads\/2019\/10\/RED-PROFESIONAL-DE-EDUCACI%C3%93N-ESPECIAL-DEL-CEP-DE-RONDA.-2.png?fit=848%2C1200&ssl=1&resize=350%2C200 1x, https:\/\/i0.wp.com\/cepronda.com\/blog\/wp-content\/uploads\/2019\/10\/RED-PROFESIONAL-DE-EDUCACI%C3%93N-ESPECIAL-DEL-CEP-DE-RONDA.-2.png?fit=848%2C1200&ssl=1&resize=525%2C300 1.5x, https:\/\/i0.wp.com\/cepronda.com\/blog\/wp-content\/uploads\/2019\/10\/RED-PROFESIONAL-DE-EDUCACI%C3%93N-ESPECIAL-DEL-CEP-DE-RONDA.-2.png?fit=848%2C1200&ssl=1&resize=700%2C400 2x"},"classes":[]},{"id":2368,"url":"https:\/\/cepronda.com\/blog\/red-de-educacion-infantil\/","url_meta":{"origin":2371,"position":5},"title":"Red de Educaci\u00f3n Infantil","author":"V\u00edctor Caballero","date":"8 octubre, 2018","format":false,"excerpt":"\u00a1Hola! \u00bfC\u00f3mo estamos? Ya sab\u00e9is que en nuestro CEP hay varias actividades que son ya una instituci\u00f3n, y una de ellas es la red de Educaci\u00f3n Infantil. Como los cursos anteriores, la ponemos en marcha con el objetivo de\u00a0 dinamizar la Red profesional de profesorado de Educaci\u00f3n Infantil perteneciente a\u2026","rel":"","context":"En \u00abFormaciones\u00bb","block_context":{"text":"Formaciones","link":"https:\/\/cepronda.com\/blog\/category\/formaciones\/"},"img":{"alt_text":"","src":"https:\/\/i0.wp.com\/cepronda.com\/blog\/wp-content\/uploads\/2018\/10\/back-to-school-3596261_1920.jpg?fit=798%2C1200&ssl=1&resize=350%2C200","width":350,"height":200,"srcset":"https:\/\/i0.wp.com\/cepronda.com\/blog\/wp-content\/uploads\/2018\/10\/back-to-school-3596261_1920.jpg?fit=798%2C1200&ssl=1&resize=350%2C200 1x, https:\/\/i0.wp.com\/cepronda.com\/blog\/wp-content\/uploads\/2018\/10\/back-to-school-3596261_1920.jpg?fit=798%2C1200&ssl=1&resize=525%2C300 1.5x, https:\/\/i0.wp.com\/cepronda.com\/blog\/wp-content\/uploads\/2018\/10\/back-to-school-3596261_1920.jpg?fit=798%2C1200&ssl=1&resize=700%2C400 2x"},"classes":[]}],"jetpack_sharing_enabled":true,"_links":{"self":[{"href":"https:\/\/cepronda.com\/blog\/wp-json\/wp\/v2\/posts\/2371","targetHints":{"allow":["GET"]}}],"collection":[{"href":"https:\/\/cepronda.com\/blog\/wp-json\/wp\/v2\/posts"}],"about":[{"href":"https:\/\/cepronda.com\/blog\/wp-json\/wp\/v2\/types\/post"}],"author":[{"embeddable":true,"href":"https:\/\/cepronda.com\/blog\/wp-json\/wp\/v2\/users\/3"}],"replies":[{"embeddable":true,"href":"https:\/\/cepronda.com\/blog\/wp-json\/wp\/v2\/comments?post=2371"}],"version-history":[{"count":1,"href":"https:\/\/cepronda.com\/blog\/wp-json\/wp\/v2\/posts\/2371\/revisions"}],"predecessor-version":[{"id":2373,"href":"https:\/\/cepronda.com\/blog\/wp-json\/wp\/v2\/posts\/2371\/revisions\/2373"}],"wp:featuredmedia":[{"embeddable":true,"href":"https:\/\/cepronda.com\/blog\/wp-json\/wp\/v2\/media\/2372"}],"wp:attachment":[{"href":"https:\/\/cepronda.com\/blog\/wp-json\/wp\/v2\/media?parent=2371"}],"wp:term":[{"taxonomy":"category","embeddable":true,"href":"https:\/\/cepronda.com\/blog\/wp-json\/wp\/v2\/categories?post=2371"},{"taxonomy":"post_tag","embeddable":true,"href":"https:\/\/cepronda.com\/blog\/wp-json\/wp\/v2\/tags?post=2371"}],"curies":[{"name":"wp","href":"https:\/\/api.w.org\/{rel}","templated":true}]}}