{"id":2368,"date":"2018-10-08T19:02:52","date_gmt":"2018-10-08T17:02:52","guid":{"rendered":"http:\/\/cepronda.com\/blog\/?p=2368"},"modified":"2018-10-08T19:03:00","modified_gmt":"2018-10-08T17:03:00","slug":"red-de-educacion-infantil","status":"publish","type":"post","link":"https:\/\/cepronda.com\/blog\/red-de-educacion-infantil\/","title":{"rendered":"Red de Educaci\u00f3n Infantil"},"content":{"rendered":"\n<p class=\"wp-block-paragraph\">\u00a1Hola! \u00bfC\u00f3mo estamos?<\/p>\n\n\n\n<p class=\"wp-block-paragraph\">Ya sab\u00e9is que en nuestro CEP hay varias actividades que son ya una instituci\u00f3n, y una de ellas es la red de Educaci\u00f3n Infantil. Como los cursos anteriores, la ponemos en marcha con el objetivo de\u00a0 dinamizar la Red profesional de profesorado de Educaci\u00f3n Infantil perteneciente a los centros del \u00e1mbito de actuaci\u00f3n del CeP de Ronda, con la idea de continuar disponiendo de un espacio de encuentro donde detectar necesidades formativas, resolver dudas, compartir recursos y experiencias, adem\u00e1s de conocer buenas pr\u00e1cticas educativas para trabajar con nuestro alumnado de Educaci\u00f3n Infantil.<\/p>\n\n\n\n<p class=\"wp-block-paragraph\">Se trata de tres sesiones a lo largo de todo el curso, siendo la primera de ellas, el 8 de noviembre a las 16\u00b430 en la biblioteca del CEP. Desde aqu\u00ed animamos a todo aquel profesorado que a\u00fan no conoce la red a que se acerque y nos conozca. Y por supuesto, que a todas aquellas que ya ven\u00eds participando en cursos anteriores os volv\u00e1is a inscribir.\u00a0<\/p>\n\n\n\n<p class=\"wp-block-paragraph\">En ambos casos s\u00f3lo ten\u00e9is que <a href=\"https:\/\/www.juntadeandalucia.es\/educacion\/secretariavirtual\/consultaCEP\/actividad\/192924GE011\/\" target=\"_blank\">seguir este enlace<\/a> e inscribiros en la actividad.\u00a0<\/p>\n\n\n\n<figure class=\"wp-block-image\"><a href=\"https:\/\/www.juntadeandalucia.es\/educacion\/secretariavirtual\/consultaCEP\/actividad\/192924GE011\/\"><img data-recalc-dims=\"1\" loading=\"lazy\" decoding=\"async\" width=\"1170\" height=\"1761\" src=\"https:\/\/i0.wp.com\/cepronda.com\/blog\/wp-content\/uploads\/2018\/10\/back-to-school-3596261_1920.jpg?resize=1170%2C1761\" alt=\"\" class=\"wp-image-2369\" srcset=\"https:\/\/i0.wp.com\/cepronda.com\/blog\/wp-content\/uploads\/2018\/10\/back-to-school-3596261_1920.jpg?w=1276&amp;ssl=1 1276w, https:\/\/i0.wp.com\/cepronda.com\/blog\/wp-content\/uploads\/2018\/10\/back-to-school-3596261_1920.jpg?resize=199%2C300&amp;ssl=1 199w, https:\/\/i0.wp.com\/cepronda.com\/blog\/wp-content\/uploads\/2018\/10\/back-to-school-3596261_1920.jpg?resize=768%2C1156&amp;ssl=1 768w, https:\/\/i0.wp.com\/cepronda.com\/blog\/wp-content\/uploads\/2018\/10\/back-to-school-3596261_1920.jpg?resize=681%2C1024&amp;ssl=1 681w\" sizes=\"auto, (max-width: 1170px) 100vw, 1170px\" \/><\/a><\/figure>\n","protected":false},"excerpt":{"rendered":"<p>\u00a1Hola! \u00bfC\u00f3mo estamos? Ya sab\u00e9is que en nuestro CEP hay varias actividades que son ya una instituci\u00f3n, y una de ellas es la red de Educaci\u00f3n Infantil. Como los cursos anteriores, la ponemos en marcha con el objetivo de\u00a0 dinamizar la Red profesional de profesorado de Educaci\u00f3n Infantil perteneciente a los centros del \u00e1mbito de [&hellip;]<\/p>\n","protected":false},"author":3,"featured_media":2369,"comment_status":"open","ping_status":"open","sticky":false,"template":"","format":"standard","meta":{"_crdt_document":"","advanced_seo_description":"","jetpack_seo_html_title":"","jetpack_seo_noindex":false,"jetpack_post_was_ever_published":false,"_jetpack_newsletter_access":"","_jetpack_dont_email_post_to_subs":false,"_jetpack_newsletter_tier_id":0,"_jetpack_memberships_contains_paywalled_content":false,"_jetpack_memberships_contains_paid_content":false,"footnotes":"","jetpack_publicize_message":"","jetpack_publicize_feature_enabled":true,"jetpack_social_post_already_shared":true,"jetpack_social_options":{"image_generator_settings":{"template":"highway","default_image_id":0,"font":"","enabled":false},"version":2}},"categories":[3],"tags":[23],"class_list":{"0":"post-2368","1":"post","2":"type-post","3":"status-publish","4":"format-standard","5":"has-post-thumbnail","7":"category-formaciones","8":"tag-educacion-infantil","9":"czr-hentry"},"jetpack_publicize_connections":[],"jetpack_featured_media_url":"https:\/\/i0.wp.com\/cepronda.com\/blog\/wp-content\/uploads\/2018\/10\/back-to-school-3596261_1920.jpg?fit=1276%2C1920&ssl=1","jetpack_shortlink":"https:\/\/wp.me\/p8M4X7-Cc","jetpack-related-posts":[{"id":375,"url":"https:\/\/cepronda.com\/blog\/red-profesional-de-educacion-infantil\/","url_meta":{"origin":2368,"position":0},"title":"Red Profesional de Educaci\u00f3n Infantil","author":"V\u00edctor Caballero","date":"23 noviembre, 2016","format":false,"excerpt":"Hola a todo el mundo, y especialmente a las y los docentes de Educaci\u00f3n Infantil, En el CEP de Ronda hemos convocado una actividad formativa dirigida a constituir una Red Profesional de profesorado de Educaci\u00f3n Infantil perteneciente a los centros del \u00e1mbito de actuaci\u00f3n de nuestro CEP, con la idea\u2026","rel":"","context":"En \u00abFormaciones\u00bb","block_context":{"text":"Formaciones","link":"https:\/\/cepronda.com\/blog\/category\/formaciones\/"},"img":{"alt_text":"","src":"","width":0,"height":0},"classes":[]},{"id":8165,"url":"https:\/\/cepronda.com\/blog\/educacion-innovacion-e-infancia-3-6-red-neuroeduca-y-cerebro-infantil\/","url_meta":{"origin":2368,"position":1},"title":"EDUCACI\u00d3N, INNOVACI\u00d3N E INFANCIA 3-6: RED NEUROEDUCA Y CEREBRO INFANTIL","author":"Mamen Moreno","date":"17 febrero, 2025","format":false,"excerpt":"Abierto plazo solicitudes Jornadas Provinciales: \"EDUCACI\u00d3N, INNOVACI\u00d3N E INFANCIA 3-6: RED NEUROEDUCA Y CEREBRO INFANTIL\". Dirigidas al profesorado de Educaci\u00f3n Infantil 3-6. Realizaci\u00f3n y horario: 28 de marzo: de 9:00h a 14:00h y de 16:00h a 19:30h 29 de marzo: de 9:00h a 13:30h Lugar: CEP MARBELLA-CO\u00cdN \u00a0Inscripciones: 17\/02\/2025 -\u2026","rel":"","context":"En \u00abFormaciones\u00bb","block_context":{"text":"Formaciones","link":"https:\/\/cepronda.com\/blog\/category\/formaciones\/"},"img":{"alt_text":"","src":"https:\/\/i0.wp.com\/cepronda.com\/blog\/wp-content\/uploads\/2025\/02\/WhatsApp-Image-2025-02-17-at-08.30.34.jpeg?fit=1011%2C639&ssl=1&resize=350%2C200","width":350,"height":200,"srcset":"https:\/\/i0.wp.com\/cepronda.com\/blog\/wp-content\/uploads\/2025\/02\/WhatsApp-Image-2025-02-17-at-08.30.34.jpeg?fit=1011%2C639&ssl=1&resize=350%2C200 1x, https:\/\/i0.wp.com\/cepronda.com\/blog\/wp-content\/uploads\/2025\/02\/WhatsApp-Image-2025-02-17-at-08.30.34.jpeg?fit=1011%2C639&ssl=1&resize=525%2C300 1.5x, https:\/\/i0.wp.com\/cepronda.com\/blog\/wp-content\/uploads\/2025\/02\/WhatsApp-Image-2025-02-17-at-08.30.34.jpeg?fit=1011%2C639&ssl=1&resize=700%2C400 2x"},"classes":[]},{"id":7679,"url":"https:\/\/cepronda.com\/blog\/desarrollo-del-pensamiento-logico-y-matematico-en-educacion-infantil-matematicas-en-accion-2\/","url_meta":{"origin":2368,"position":2},"title":"DESARROLLO DEL PENSAMIENTO L\u00d3GICO Y MATEM\u00c1TICO EN EDUCACI\u00d3N INFANTIL. MATEM\u00c1TICAS EN ACCI\u00d3N","author":"Mamen Moreno","date":"3 septiembre, 2024","format":false,"excerpt":"Abierto el plazo de inscripciones en la actividad DESARROLLO DEL PENSAMIENTO L\u00d3GICO Y MATEM\u00c1TICO EN EDUCACI\u00d3N INFANTIL. MATEM\u00c1TICAS EN ACCI\u00d3N, a cargo de Jos\u00e9 Antonio Fern\u00e1ndez Bravo. Tipo de Actividad: PROVINCIAL, PRESENCIAL Profesorado destinatario: MAESTROS\/AS INFANTIL. Ubicaci\u00f3n: CEP MARBELLA-CO\u00cdN HORARIO: 12 y 13 de septiembre: de 16:30 a 20:30 horas.\u2026","rel":"","context":"En \u00abFormaciones\u00bb","block_context":{"text":"Formaciones","link":"https:\/\/cepronda.com\/blog\/category\/formaciones\/"},"img":{"alt_text":"","src":"https:\/\/i0.wp.com\/cepronda.com\/blog\/wp-content\/uploads\/2024\/07\/Sin-titulo.jpg?fit=605%2C603&ssl=1&resize=350%2C200","width":350,"height":200,"srcset":"https:\/\/i0.wp.com\/cepronda.com\/blog\/wp-content\/uploads\/2024\/07\/Sin-titulo.jpg?fit=605%2C603&ssl=1&resize=350%2C200 1x, https:\/\/i0.wp.com\/cepronda.com\/blog\/wp-content\/uploads\/2024\/07\/Sin-titulo.jpg?fit=605%2C603&ssl=1&resize=525%2C300 1.5x"},"classes":[]},{"id":7321,"url":"https:\/\/cepronda.com\/blog\/abn-en-infantil-y-educacion-especial-desarrollo-de-la-competencia-matematica-2\/","url_meta":{"origin":2368,"position":3},"title":"ABN EN INFANTIL Y EDUCACI\u00d3N ESPECIAL: DESARROLLO DE LA COMPETENCIA MATEM\u00c1TICA","author":"V\u00edctor Caballero","date":"11 enero, 2024","format":false,"excerpt":"Se encuentra abierto el plazo de inscripci\u00f3n para la formaci\u00f3n \u201cABN EN INFANTIL Y EDUCACI\u00d3N ESPECIAL: DESARROLLO DE LA COMPETENCIA MATEM\u00c1TICA\" C\u00d3DIGO 242924GE011 Ponentes:\u00a0 Basi Guijarro y Fabiola Heredia Duraci\u00f3n de la actividad 10 horas presenciales + 3 horas de tareas. Fecha actividad: X31 ene( 17:00 a 19:30h) CEP Ronda\u2026","rel":"","context":"En \u00abFormaciones\u00bb","block_context":{"text":"Formaciones","link":"https:\/\/cepronda.com\/blog\/category\/formaciones\/"},"img":{"alt_text":"","src":"https:\/\/i0.wp.com\/cepronda.com\/blog\/wp-content\/uploads\/2024\/01\/CARTEL-ABN-MATEMATICAS-ENERO-2024.png?fit=1080%2C1080&ssl=1&resize=350%2C200","width":350,"height":200,"srcset":"https:\/\/i0.wp.com\/cepronda.com\/blog\/wp-content\/uploads\/2024\/01\/CARTEL-ABN-MATEMATICAS-ENERO-2024.png?fit=1080%2C1080&ssl=1&resize=350%2C200 1x, https:\/\/i0.wp.com\/cepronda.com\/blog\/wp-content\/uploads\/2024\/01\/CARTEL-ABN-MATEMATICAS-ENERO-2024.png?fit=1080%2C1080&ssl=1&resize=525%2C300 1.5x, https:\/\/i0.wp.com\/cepronda.com\/blog\/wp-content\/uploads\/2024\/01\/CARTEL-ABN-MATEMATICAS-ENERO-2024.png?fit=1080%2C1080&ssl=1&resize=700%2C400 2x, https:\/\/i0.wp.com\/cepronda.com\/blog\/wp-content\/uploads\/2024\/01\/CARTEL-ABN-MATEMATICAS-ENERO-2024.png?fit=1080%2C1080&ssl=1&resize=1050%2C600 3x"},"classes":[]},{"id":1366,"url":"https:\/\/cepronda.com\/blog\/primera-reunion-de-la-red-profesional-de-educacion-infantil\/","url_meta":{"origin":2368,"position":4},"title":"Primera reuni\u00f3n de la Red Profesional de Educaci\u00f3n Infantil","author":"V\u00edctor Caballero","date":"25 octubre, 2017","format":false,"excerpt":"\u00a1Muy buenas! Ya tenemos fecha para la primera reuni\u00f3n de la Red Profesional de Educaci\u00f3n Infantil... ser\u00e1 el pr\u00f3ximo martes 14 de noviembre, de 16:30 a 19:30. La red se re\u00fane una vez al trimestre, teniendo como idea fundamental que el profesorado de Educaci\u00f3n Infantil se conozca, establezca lazos y\u2026","rel":"","context":"En \u00abFormaciones\u00bb","block_context":{"text":"Formaciones","link":"https:\/\/cepronda.com\/blog\/category\/formaciones\/"},"img":{"alt_text":"","src":"https:\/\/i0.wp.com\/cepronda.com\/blog\/wp-content\/uploads\/2017\/10\/grandstand-330930_640.jpg?fit=640%2C426&ssl=1&resize=350%2C200","width":350,"height":200,"srcset":"https:\/\/i0.wp.com\/cepronda.com\/blog\/wp-content\/uploads\/2017\/10\/grandstand-330930_640.jpg?fit=640%2C426&ssl=1&resize=350%2C200 1x, https:\/\/i0.wp.com\/cepronda.com\/blog\/wp-content\/uploads\/2017\/10\/grandstand-330930_640.jpg?fit=640%2C426&ssl=1&resize=525%2C300 1.5x"},"classes":[]},{"id":3378,"url":"https:\/\/cepronda.com\/blog\/rutinas-en-educacion-infantil-una-perspectiva-innovadora\/","url_meta":{"origin":2368,"position":5},"title":"RUTINAS EN EDUCACI\u00d3N INFANTIL: UNA PERSPECTIVA INNOVADORA.","author":"V\u00edctor Caballero","date":"31 enero, 2020","format":false,"excerpt":"Muy buenas familia de Infantil, Abrimos el plazo de inscripci\u00f3n para esta actividad dirigida a todo el profesorado de Educaci\u00f3n Infantil. Para ver los detalles, las fechas e inscribiros s\u00f3lo ten\u00e9is que seguir este enlace. Os animamos a participar, seguro que seguimos aprendiendo un mont\u00f3n.","rel":"","context":"En \u00abFormaciones\u00bb","block_context":{"text":"Formaciones","link":"https:\/\/cepronda.com\/blog\/category\/formaciones\/"},"img":{"alt_text":"","src":"https:\/\/i0.wp.com\/cepronda.com\/blog\/wp-content\/uploads\/2020\/01\/Ed._Infantil.png?fit=657%2C929&ssl=1&resize=350%2C200","width":350,"height":200,"srcset":"https:\/\/i0.wp.com\/cepronda.com\/blog\/wp-content\/uploads\/2020\/01\/Ed._Infantil.png?fit=657%2C929&ssl=1&resize=350%2C200 1x, https:\/\/i0.wp.com\/cepronda.com\/blog\/wp-content\/uploads\/2020\/01\/Ed._Infantil.png?fit=657%2C929&ssl=1&resize=525%2C300 1.5x"},"classes":[]}],"jetpack_sharing_enabled":true,"_links":{"self":[{"href":"https:\/\/cepronda.com\/blog\/wp-json\/wp\/v2\/posts\/2368","targetHints":{"allow":["GET"]}}],"collection":[{"href":"https:\/\/cepronda.com\/blog\/wp-json\/wp\/v2\/posts"}],"about":[{"href":"https:\/\/cepronda.com\/blog\/wp-json\/wp\/v2\/types\/post"}],"author":[{"embeddable":true,"href":"https:\/\/cepronda.com\/blog\/wp-json\/wp\/v2\/users\/3"}],"replies":[{"embeddable":true,"href":"https:\/\/cepronda.com\/blog\/wp-json\/wp\/v2\/comments?post=2368"}],"version-history":[{"count":1,"href":"https:\/\/cepronda.com\/blog\/wp-json\/wp\/v2\/posts\/2368\/revisions"}],"predecessor-version":[{"id":2370,"href":"https:\/\/cepronda.com\/blog\/wp-json\/wp\/v2\/posts\/2368\/revisions\/2370"}],"wp:featuredmedia":[{"embeddable":true,"href":"https:\/\/cepronda.com\/blog\/wp-json\/wp\/v2\/media\/2369"}],"wp:attachment":[{"href":"https:\/\/cepronda.com\/blog\/wp-json\/wp\/v2\/media?parent=2368"}],"wp:term":[{"taxonomy":"category","embeddable":true,"href":"https:\/\/cepronda.com\/blog\/wp-json\/wp\/v2\/categories?post=2368"},{"taxonomy":"post_tag","embeddable":true,"href":"https:\/\/cepronda.com\/blog\/wp-json\/wp\/v2\/tags?post=2368"}],"curies":[{"name":"wp","href":"https:\/\/api.w.org\/{rel}","templated":true}]}}