{"id":2361,"date":"2018-10-03T16:53:04","date_gmt":"2018-10-03T14:53:04","guid":{"rendered":"http:\/\/cepronda.com\/blog\/?p=2361"},"modified":"2018-10-03T16:53:13","modified_gmt":"2018-10-03T14:53:13","slug":"grupo-de-investigacion-en-innovacion-y-desarrollo-educativo-de-la-uma","status":"publish","type":"post","link":"https:\/\/cepronda.com\/blog\/grupo-de-investigacion-en-innovacion-y-desarrollo-educativo-de-la-uma\/","title":{"rendered":"Grupo de Investigaci\u00f3n en Innovaci\u00f3n y Desarrollo Educativo de la UMA"},"content":{"rendered":"\n<p class=\"wp-block-paragraph\">El Grupo de Investigaci\u00f3n en Innovaci\u00f3n y Desarrollo Educativo Inclusivo (IDEI) de la Universidad de M\u00e1laga se crea en enero de 2018. Pretende dar respuesta a las diferentes inquietudes investigadoras en materia de innovaci\u00f3n educativa para el desarrollo de la inclusi\u00f3n en los contextos\u00a0 formativos. Asumimos la necesidad de construir propuestas educativas pr\u00e1cticas para transferir a las comunidades sociales y educativas, iniciativas y acciones diversas incluyendo las siguientes \u00e1reas de investigaci\u00f3n: Educaci\u00f3n Inclusiva, Interculturalidad, Neuroeducaci\u00f3n, Calidad educativa, Atenci\u00f3n Temprana, Educaci\u00f3n y Vida Saludable, as\u00ed como proyectos educativos relacionados con la atenci\u00f3n a la diversidad y las necesidades personales y comunitarias de aprendizaje.<\/p>\n\n\n\n<p class=\"wp-block-paragraph\">Por si quer\u00e9is tener m\u00e1s informaci\u00f3n s\u00f3lo ten\u00e9is que <a href=\"https:\/\/www.uma.es\/grupo-de-investigacion-innovacion-y-desarrollo-educativo-inclusivo-hum-1009\/\" target=\"_blank\">seguir este enlace<\/a>.<\/p>\n\n\n\n<p class=\"wp-block-paragraph\"><\/p>\n","protected":false},"excerpt":{"rendered":"<p>El Grupo de Investigaci\u00f3n en Innovaci\u00f3n y Desarrollo Educativo Inclusivo (IDEI) de la Universidad de M\u00e1laga se crea en enero de 2018. Pretende dar respuesta a las diferentes inquietudes investigadoras en materia de innovaci\u00f3n educativa para el desarrollo de la inclusi\u00f3n en los contextos\u00a0 formativos. Asumimos la necesidad de construir propuestas educativas pr\u00e1cticas para transferir [&hellip;]<\/p>\n","protected":false},"author":3,"featured_media":2362,"comment_status":"open","ping_status":"open","sticky":false,"template":"","format":"standard","meta":{"_crdt_document":"","advanced_seo_description":"","jetpack_seo_html_title":"","jetpack_seo_noindex":false,"jetpack_post_was_ever_published":false,"_jetpack_newsletter_access":"","_jetpack_dont_email_post_to_subs":false,"_jetpack_newsletter_tier_id":0,"_jetpack_memberships_contains_paywalled_content":false,"_jetpack_memberships_contains_paid_content":false,"footnotes":"","jetpack_publicize_message":"","jetpack_publicize_feature_enabled":true,"jetpack_social_post_already_shared":true,"jetpack_social_options":{"image_generator_settings":{"template":"highway","default_image_id":0,"font":"","enabled":false},"version":2}},"categories":[5],"tags":[140],"class_list":{"0":"post-2361","1":"post","2":"type-post","3":"status-publish","4":"format-standard","5":"has-post-thumbnail","7":"category-noticias","8":"tag-universidad","9":"czr-hentry"},"jetpack_publicize_connections":[],"jetpack_featured_media_url":"https:\/\/i0.wp.com\/cepronda.com\/blog\/wp-content\/uploads\/2018\/10\/UMA_logo.png?fit=460%2C85&ssl=1","jetpack_shortlink":"https:\/\/wp.me\/p8M4X7-C5","jetpack-related-posts":[{"id":5272,"url":"https:\/\/cepronda.com\/blog\/xxxii-edicion-del-concurso-para-el-fomento-de-la-investigacion-e-innovacion-educativa-joaquin-guichot-y-antonio-dominguez-ortiz\/","url_meta":{"origin":2361,"position":0},"title":"XXXII edici\u00f3n del concurso para el fomento de la investigaci\u00f3n e innovaci\u00f3n educativa \u00abJoaqu\u00edn Guichot\u00bb Y \u00abAntonio Dom\u00ednguez Ortiz\u00bb","author":"Inmaculada Garc\u00eda","date":"5 mayo, 2022","format":false,"excerpt":"Convocados los premios \u00abJoaqu\u00edn Guichot\u00bb y \u00abAntonio Dom\u00ednguez Ortiz\u00bb. Resoluci\u00f3n de 1 de abril de 2022, de la Direcci\u00f3n General de Formaci\u00f3n del Profesorado e Innovaci\u00f3n Educativa, por la que se convoca la XXXII edici\u00f3n del concurso para el fomento de la investigaci\u00f3n e innovaci\u00f3n educativa en sus dos modalidades,\u2026","rel":"","context":"En \u00abNoticias\u00bb","block_context":{"text":"Noticias","link":"https:\/\/cepronda.com\/blog\/category\/noticias\/"},"img":{"alt_text":"","src":"https:\/\/i0.wp.com\/cepronda.com\/blog\/wp-content\/uploads\/2022\/05\/ESTANCIAS-FORMATIVAS-EN-EMPRESAS-PARA-EL-PROFESORADO-DE-FORMACION-PROFESIONAL.png?fit=1080%2C1080&ssl=1&resize=350%2C200","width":350,"height":200,"srcset":"https:\/\/i0.wp.com\/cepronda.com\/blog\/wp-content\/uploads\/2022\/05\/ESTANCIAS-FORMATIVAS-EN-EMPRESAS-PARA-EL-PROFESORADO-DE-FORMACION-PROFESIONAL.png?fit=1080%2C1080&ssl=1&resize=350%2C200 1x, https:\/\/i0.wp.com\/cepronda.com\/blog\/wp-content\/uploads\/2022\/05\/ESTANCIAS-FORMATIVAS-EN-EMPRESAS-PARA-EL-PROFESORADO-DE-FORMACION-PROFESIONAL.png?fit=1080%2C1080&ssl=1&resize=525%2C300 1.5x, https:\/\/i0.wp.com\/cepronda.com\/blog\/wp-content\/uploads\/2022\/05\/ESTANCIAS-FORMATIVAS-EN-EMPRESAS-PARA-EL-PROFESORADO-DE-FORMACION-PROFESIONAL.png?fit=1080%2C1080&ssl=1&resize=700%2C400 2x, https:\/\/i0.wp.com\/cepronda.com\/blog\/wp-content\/uploads\/2022\/05\/ESTANCIAS-FORMATIVAS-EN-EMPRESAS-PARA-EL-PROFESORADO-DE-FORMACION-PROFESIONAL.png?fit=1080%2C1080&ssl=1&resize=1050%2C600 3x"},"classes":[]},{"id":4943,"url":"https:\/\/cepronda.com\/blog\/proyectos-de-investigacion-innovacion-y-materiales\/","url_meta":{"origin":2361,"position":1},"title":"PROYECTOS DE INVESTIGACI\u00d3N, INNOVACI\u00d3N Y MATERIALES","author":"Maribel Mu\u00f1oz","date":"11 enero, 2022","format":false,"excerpt":"Buenos d\u00edas compa\u00f1eras y compa\u00f1eros Os informamos que est\u00e1 abierto el plazo para solicitar proyectos de investigaci\u00f3n educativa, innovaci\u00f3n educativa y desarrollo curricular y elaboraci\u00f3n de materiales, tal y como establece la\u00a0Orden de 14 de enero de 2009. Las solicitudes recibidas se bareman de acuerdo a los criterios indicados en\u2026","rel":"","context":"En \u00abFormaciones\u00bb","block_context":{"text":"Formaciones","link":"https:\/\/cepronda.com\/blog\/category\/formaciones\/"},"img":{"alt_text":"","src":"https:\/\/i0.wp.com\/cepronda.com\/blog\/wp-content\/uploads\/2020\/03\/S%C2%B0mbolo-gen%C3%87rico-RRSS-redondo-negativo.png?fit=1200%2C1200&ssl=1&resize=350%2C200","width":350,"height":200,"srcset":"https:\/\/i0.wp.com\/cepronda.com\/blog\/wp-content\/uploads\/2020\/03\/S%C2%B0mbolo-gen%C3%87rico-RRSS-redondo-negativo.png?fit=1200%2C1200&ssl=1&resize=350%2C200 1x, https:\/\/i0.wp.com\/cepronda.com\/blog\/wp-content\/uploads\/2020\/03\/S%C2%B0mbolo-gen%C3%87rico-RRSS-redondo-negativo.png?fit=1200%2C1200&ssl=1&resize=525%2C300 1.5x, https:\/\/i0.wp.com\/cepronda.com\/blog\/wp-content\/uploads\/2020\/03\/S%C2%B0mbolo-gen%C3%87rico-RRSS-redondo-negativo.png?fit=1200%2C1200&ssl=1&resize=700%2C400 2x, https:\/\/i0.wp.com\/cepronda.com\/blog\/wp-content\/uploads\/2020\/03\/S%C2%B0mbolo-gen%C3%87rico-RRSS-redondo-negativo.png?fit=1200%2C1200&ssl=1&resize=1050%2C600 3x"},"classes":[]},{"id":2876,"url":"https:\/\/cepronda.com\/blog\/convocatoria-xxxi-edicion-de-los-premios-joaquin-guichot-y-antonio-dominguez-ortiz\/","url_meta":{"origin":2361,"position":2},"title":"Convocatoria XXXI Edici\u00f3n de los Premios Joaqu\u00edn Guichot y Antonio Dom\u00ednguez Ortiz","author":"V\u00edctor Caballero","date":"12 junio, 2019","format":false,"excerpt":"Convocada la XXXI edici\u00f3n del concurso para el fomento de la investigaci\u00f3n e innovaci\u00f3n educativa en sus dos modalidades, Premio \u00abJoaqu\u00edn Guichot\u00bb y Premio \u00abAntonio Dom\u00ednguez Ortiz\u00bb en centros p\u00fablicos correspondiente al curso 2018\/2019 por la RESOLUCI\u00d3N de 23 de mayo de 2019, de la Direcci\u00f3n General de Formaci\u00f3n del\u2026","rel":"","context":"En \u00abFormaciones\u00bb","block_context":{"text":"Formaciones","link":"https:\/\/cepronda.com\/blog\/category\/formaciones\/"},"img":{"alt_text":"","src":"https:\/\/i0.wp.com\/cepronda.com\/blog\/wp-content\/uploads\/2019\/05\/logo-nuevo.jpg?fit=531%2C342&ssl=1&resize=350%2C200","width":350,"height":200,"srcset":"https:\/\/i0.wp.com\/cepronda.com\/blog\/wp-content\/uploads\/2019\/05\/logo-nuevo.jpg?fit=531%2C342&ssl=1&resize=350%2C200 1x, https:\/\/i0.wp.com\/cepronda.com\/blog\/wp-content\/uploads\/2019\/05\/logo-nuevo.jpg?fit=531%2C342&ssl=1&resize=525%2C300 1.5x"},"classes":[]},{"id":3283,"url":"https:\/\/cepronda.com\/blog\/convocatoria-de-medidas-de-apoyo-aprobacion-y-reconocimiento-al-profesorado-para-la-realizacion-de-proyectos-de-investigacion-e-innovacion-educativa-y-de-elaboracion-de-materiales-para-el-curso-acad\/","url_meta":{"origin":2361,"position":3},"title":"Convocatoria de medidas de apoyo, aprobaci\u00f3n y reconocimiento al profesorado para la realizaci\u00f3n de proyectos de investigaci\u00f3n, e innovaci\u00f3n educativa y de elaboraci\u00f3n de materiales para el curso acad\u00e9mico 2020\/2021","author":"V\u00edctor Caballero","date":"7 enero, 2020","format":false,"excerpt":"Compartimos con todas aquellas personas interesadas esta convocatoria. Para acceder a toda la informaci\u00f3n s\u00f3lo ten\u00e9is que seguir este enlace.","rel":"","context":"En \u00abFormaciones\u00bb","block_context":{"text":"Formaciones","link":"https:\/\/cepronda.com\/blog\/category\/formaciones\/"},"img":{"alt_text":"","src":"https:\/\/i0.wp.com\/cepronda.com\/blog\/wp-content\/uploads\/2019\/05\/logo-nuevo.jpg?fit=531%2C342&ssl=1&resize=350%2C200","width":350,"height":200,"srcset":"https:\/\/i0.wp.com\/cepronda.com\/blog\/wp-content\/uploads\/2019\/05\/logo-nuevo.jpg?fit=531%2C342&ssl=1&resize=350%2C200 1x, https:\/\/i0.wp.com\/cepronda.com\/blog\/wp-content\/uploads\/2019\/05\/logo-nuevo.jpg?fit=531%2C342&ssl=1&resize=525%2C300 1.5x"},"classes":[]},{"id":5425,"url":"https:\/\/cepronda.com\/blog\/programas-para-la-innovacion-educativa-2\/","url_meta":{"origin":2361,"position":4},"title":"PROGRAMAS PARA LA INNOVACI\u00d3N EDUCATIVA.","author":"Inmaculada Garc\u00eda","date":"7 septiembre, 2022","format":false,"excerpt":"Buenos d\u00edas compa\u00f1eras y compa\u00f1eros Os informamos que se ha publicado la convocatoria de Programas para la Innovaci\u00f3n Educativa, regulados por las Instrucciones de 30 de junio de 2014 de la Secretar\u00eda General de Educaci\u00f3n, para el curso acad\u00e9mico 2022\/2023, tal y como establece la 31 DE AGOSTO DE 2022.\u2026","rel":"","context":"En \u00abNoticias\u00bb","block_context":{"text":"Noticias","link":"https:\/\/cepronda.com\/blog\/category\/noticias\/"},"img":{"alt_text":"","src":"https:\/\/i0.wp.com\/cepronda.com\/blog\/wp-content\/uploads\/2022\/09\/Copia-de-ESTANCIAS-FORMATIVAS-EN-EMPRESAS-PARA-EL-PROFESORADO-DE-FORMACION-PROFESIONAL-3.png?fit=1080%2C1080&ssl=1&resize=350%2C200","width":350,"height":200,"srcset":"https:\/\/i0.wp.com\/cepronda.com\/blog\/wp-content\/uploads\/2022\/09\/Copia-de-ESTANCIAS-FORMATIVAS-EN-EMPRESAS-PARA-EL-PROFESORADO-DE-FORMACION-PROFESIONAL-3.png?fit=1080%2C1080&ssl=1&resize=350%2C200 1x, https:\/\/i0.wp.com\/cepronda.com\/blog\/wp-content\/uploads\/2022\/09\/Copia-de-ESTANCIAS-FORMATIVAS-EN-EMPRESAS-PARA-EL-PROFESORADO-DE-FORMACION-PROFESIONAL-3.png?fit=1080%2C1080&ssl=1&resize=525%2C300 1.5x, https:\/\/i0.wp.com\/cepronda.com\/blog\/wp-content\/uploads\/2022\/09\/Copia-de-ESTANCIAS-FORMATIVAS-EN-EMPRESAS-PARA-EL-PROFESORADO-DE-FORMACION-PROFESIONAL-3.png?fit=1080%2C1080&ssl=1&resize=700%2C400 2x, https:\/\/i0.wp.com\/cepronda.com\/blog\/wp-content\/uploads\/2022\/09\/Copia-de-ESTANCIAS-FORMATIVAS-EN-EMPRESAS-PARA-EL-PROFESORADO-DE-FORMACION-PROFESIONAL-3.png?fit=1080%2C1080&ssl=1&resize=1050%2C600 3x"},"classes":[]},{"id":221,"url":"https:\/\/cepronda.com\/blog\/redined-rede-de-informacion-educativa\/","url_meta":{"origin":2361,"position":5},"title":"REDINED. Red de informaci\u00f3n educativa","author":"V\u00edctor Caballero","date":"16 enero, 2015","format":false,"excerpt":"REDINED es una red de informaci\u00f3n educativa que recoge investigaciones, innovaciones y recursos producidos en Espa\u00f1a. Es un proyecto colaborativo del Ministerio de Educaci\u00f3n, Cultura y Deporte y de las comunidades aut\u00f3nomas a trav\u00e9s de sus consejer\u00edas o departamentos de Educaci\u00f3n. Pincha AQU\u00cd para saber m\u00e1s.","rel":"","context":"En \u00abNoticias\u00bb","block_context":{"text":"Noticias","link":"https:\/\/cepronda.com\/blog\/category\/noticias\/"},"img":{"alt_text":"","src":"","width":0,"height":0},"classes":[]}],"jetpack_sharing_enabled":true,"_links":{"self":[{"href":"https:\/\/cepronda.com\/blog\/wp-json\/wp\/v2\/posts\/2361","targetHints":{"allow":["GET"]}}],"collection":[{"href":"https:\/\/cepronda.com\/blog\/wp-json\/wp\/v2\/posts"}],"about":[{"href":"https:\/\/cepronda.com\/blog\/wp-json\/wp\/v2\/types\/post"}],"author":[{"embeddable":true,"href":"https:\/\/cepronda.com\/blog\/wp-json\/wp\/v2\/users\/3"}],"replies":[{"embeddable":true,"href":"https:\/\/cepronda.com\/blog\/wp-json\/wp\/v2\/comments?post=2361"}],"version-history":[{"count":1,"href":"https:\/\/cepronda.com\/blog\/wp-json\/wp\/v2\/posts\/2361\/revisions"}],"predecessor-version":[{"id":2363,"href":"https:\/\/cepronda.com\/blog\/wp-json\/wp\/v2\/posts\/2361\/revisions\/2363"}],"wp:featuredmedia":[{"embeddable":true,"href":"https:\/\/cepronda.com\/blog\/wp-json\/wp\/v2\/media\/2362"}],"wp:attachment":[{"href":"https:\/\/cepronda.com\/blog\/wp-json\/wp\/v2\/media?parent=2361"}],"wp:term":[{"taxonomy":"category","embeddable":true,"href":"https:\/\/cepronda.com\/blog\/wp-json\/wp\/v2\/categories?post=2361"},{"taxonomy":"post_tag","embeddable":true,"href":"https:\/\/cepronda.com\/blog\/wp-json\/wp\/v2\/tags?post=2361"}],"curies":[{"name":"wp","href":"https:\/\/api.w.org\/{rel}","templated":true}]}}