{"id":2357,"date":"2018-10-03T16:47:59","date_gmt":"2018-10-03T14:47:59","guid":{"rendered":"http:\/\/cepronda.com\/blog\/?p=2357"},"modified":"2018-10-03T16:48:09","modified_gmt":"2018-10-03T14:48:09","slug":"concurso-internacional-ciencia-en-accion","status":"publish","type":"post","link":"https:\/\/cepronda.com\/blog\/concurso-internacional-ciencia-en-accion\/","title":{"rendered":"Concurso internacional Ciencia en Acci\u00f3n"},"content":{"rendered":"\n<p class=\"wp-block-paragraph\">Por cuarto a\u00f1o\nconsecutivo, estudios de investigaci\u00f3n realizados por alumnado del\nIES \u201cMart\u00edn Rivero\u201d de Ronda han accedido a la final del\nConcurso internacional Ciencia en Acci\u00f3n. En esta ocasi\u00f3n han sido\n6 los estudios seleccionados que tendr\u00e1n que ser defendidos por el\nalumnado de 1\u00ba y 2\u00ba de bachillerato que los ha desarrollado durante\nel curso escolar anterior el pr\u00f3ximo fin de semana del 5 al 7 de\nOctubre en la localidad barcelonesa de Viladecans. \n<\/p>\n\n\n\n<p class=\"wp-block-paragraph\">Los 6 estudios han sido\nseleccionado para 6 modalidades distintas: \n<\/p>\n\n\n\n<p class=\"wp-block-paragraph\">En la modalidad de\n\u201cDemostraciones de F\u00edsica\u201d los alumnos Diego Mu\u00f1oz, Samuel\nVillalba y Alejandro Garc\u00eda defender\u00e1n su estudio \u201cJuguetes para\ndemostrar leyes: Principio de Arqu\u00edmedes y Ley de la Palanca:<\/p>\n\n\n\n<p class=\"wp-block-paragraph\">En la modalidad\n\u201cSostenibilidad\u201d, se presenta el invento GENELL\u00da: Generador de\nElectricidad por Agua de Lluvia y ser\u00e1 defendido por el alumno Nacho\nGuerrero.<\/p>\n\n\n\n<p class=\"wp-block-paragraph\">Los alumnos que ya est\u00e1n\nen la Universidad, Jorge Zamudio Guti\u00e9rrez y Juan del Pino\npresentar\u00e1n \u201cSmartBin: Papeleras inteligentes para el EcoBasket\u201d\nen la modalidad \u201cCiencia, Ingenier\u00eda y Valores. Estos dos \u00faltimos\ninventos desarrollados en el curso anterior en la materia de 2\u00ba de\nBachillerato denominada \u201cInvestigaci\u00f3n Avanzada\u201d, donde el\nalumnado dise\u00f1a y desarrolla su propia investigaci\u00f3n durante un\ncurso escolar.<\/p>\n\n\n\n<p class=\"wp-block-paragraph\">Por \u00faltimo, se\ndefender\u00e1n 3 estudios del proyecto ScienceIES, desarrollados en las\nUniversidades de M\u00e1laga, C\u00f3rdoba y Sevilla. Se trata de 3\npropuestas sobre higroscopicidad de las tabletas anti-humedad\ndom\u00e9sticas, sobre el uso del Biochar en los cultivos y un\ninteresante trabajo sobre el olor y la simetr\u00eda corporal en relaci\u00f3n\ncon la atracci\u00f3n sexual siendo este \u00faltimo trabajo defendido en la\nmodalidad de \u201cBiomedicina y Salud\u201d por Mar Cruces y Rafaella\nMart\u00edns.<\/p>\n\n\n\n<p class=\"wp-block-paragraph\">Destacar que ya asistir a la final es\nun premio para estos trabajos y estos alumnos y alumnas, por lo que\nla experiencia de mostrar sus trabajos y competir con los centros\neducativos m\u00e1s importantes del pa\u00eds es ya una recompensa\ninolvidable para ellos.<\/p>\n\n\n\n<p class=\"wp-block-paragraph\">Para m\u00e1s informaci\u00f3n pod\u00e9is seguir este <a href=\"http:\/\/profundizaiesmartinrivero.blogspot.com\/2018\/08\/6-investigaciones-finalistas-en-ciencia.html\" target=\"_blank\">enlace<\/a>.\u00a0<\/p>\n\n\n\n<figure class=\"wp-block-image\"><img data-recalc-dims=\"1\" loading=\"lazy\" decoding=\"async\" width=\"1170\" height=\"878\" src=\"https:\/\/i0.wp.com\/cepronda.com\/blog\/wp-content\/uploads\/2018\/10\/IMG_5090.jpg?resize=1170%2C878\" alt=\"\" class=\"wp-image-2359\" srcset=\"https:\/\/i0.wp.com\/cepronda.com\/blog\/wp-content\/uploads\/2018\/10\/IMG_5090.jpg?w=3264&amp;ssl=1 3264w, https:\/\/i0.wp.com\/cepronda.com\/blog\/wp-content\/uploads\/2018\/10\/IMG_5090.jpg?resize=300%2C225&amp;ssl=1 300w, https:\/\/i0.wp.com\/cepronda.com\/blog\/wp-content\/uploads\/2018\/10\/IMG_5090.jpg?resize=768%2C576&amp;ssl=1 768w, https:\/\/i0.wp.com\/cepronda.com\/blog\/wp-content\/uploads\/2018\/10\/IMG_5090.jpg?resize=1024%2C768&amp;ssl=1 1024w, https:\/\/i0.wp.com\/cepronda.com\/blog\/wp-content\/uploads\/2018\/10\/IMG_5090.jpg?w=2340&amp;ssl=1 2340w\" sizes=\"auto, (max-width: 1170px) 100vw, 1170px\" \/><\/figure>\n","protected":false},"excerpt":{"rendered":"<p>Por cuarto a\u00f1o consecutivo, estudios de investigaci\u00f3n realizados por alumnado del IES \u201cMart\u00edn Rivero\u201d de Ronda han accedido a la final del Concurso internacional Ciencia en Acci\u00f3n. En esta ocasi\u00f3n han sido 6 los estudios seleccionados que tendr\u00e1n que ser defendidos por el alumnado de 1\u00ba y 2\u00ba de bachillerato que los ha desarrollado durante [&hellip;]<\/p>\n","protected":false},"author":3,"featured_media":2359,"comment_status":"open","ping_status":"open","sticky":false,"template":"","format":"standard","meta":{"_crdt_document":"","advanced_seo_description":"","jetpack_seo_html_title":"","jetpack_seo_noindex":false,"jetpack_post_was_ever_published":false,"_jetpack_newsletter_access":"","_jetpack_dont_email_post_to_subs":false,"_jetpack_newsletter_tier_id":0,"_jetpack_memberships_contains_paywalled_content":false,"_jetpack_memberships_contains_paid_content":false,"footnotes":"","jetpack_publicize_message":"","jetpack_publicize_feature_enabled":true,"jetpack_social_post_already_shared":true,"jetpack_social_options":{"image_generator_settings":{"template":"highway","default_image_id":0,"font":"","enabled":false},"version":2}},"categories":[5],"tags":[14,79],"class_list":{"0":"post-2357","1":"post","2":"type-post","3":"status-publish","4":"format-standard","5":"has-post-thumbnail","7":"category-noticias","8":"tag-ciencias","9":"tag-educacion-secundaria","10":"czr-hentry"},"jetpack_publicize_connections":[],"jetpack_featured_media_url":"https:\/\/i0.wp.com\/cepronda.com\/blog\/wp-content\/uploads\/2018\/10\/IMG_5090.jpg?fit=3264%2C2448&ssl=1","jetpack_shortlink":"https:\/\/wp.me\/p8M4X7-C1","jetpack-related-posts":[{"id":3639,"url":"https:\/\/cepronda.com\/blog\/resolucion-del-jurado-de-ciencia-en-accion-xxi-opcion-presencial\/","url_meta":{"origin":2357,"position":0},"title":"Resoluci\u00f3n del Jurado de Ciencia en Acci\u00f3n XXI opci\u00f3n Presencial","author":"V\u00edctor Caballero","date":"7 julio, 2020","format":false,"excerpt":"Unos 35 estudiantes del Mart\u00edn Rivero han conseguido premios en 8 categor\u00edas, 6 de ellos a nombre del IES Mart\u00edn Rivero del concurso internacional ciencia en acci\u00f3n. https:\/\/cienciaenaccion.org\/resolucion-del-jurado-de-ciencia-en-accion-xxi-opcion-presencial\/","rel":"","context":"En \u00abNoticias\u00bb","block_context":{"text":"Noticias","link":"https:\/\/cepronda.com\/blog\/category\/noticias\/"},"img":{"alt_text":"","src":"","width":0,"height":0},"classes":[]},{"id":235,"url":"https:\/\/cepronda.com\/blog\/xvii-concurso-hispanoamericano-de-ortografia\/","url_meta":{"origin":2357,"position":1},"title":"XVII Concurso Hispanoamericano de ortografia","author":"V\u00edctor Caballero","date":"19 octubre, 2016","format":false,"excerpt":"Hola de nuevo compis, Os dejamos con este enlace sobre el Concurso Hispanoamericano de ortograf\u00eda para el alumnado de 2\u00ba curso de Bachillerato. Si hac\u00e9is clic en la imagen podr\u00e9is acceder a la normativa y la informaci\u00f3n. \u00a1Animaros a inscribir a vuestro alumnado!","rel":"","context":"En \u00abNoticias\u00bb","block_context":{"text":"Noticias","link":"https:\/\/cepronda.com\/blog\/category\/noticias\/"},"img":{"alt_text":"ortografia","src":"https:\/\/i0.wp.com\/cepronda.com\/blog\/wp-content\/uploads\/2016\/10\/ortografia-300x138.jpg?resize=350%2C200","width":350,"height":200},"classes":[]},{"id":1205,"url":"https:\/\/cepronda.com\/blog\/el-ies-martin-rivero-participa-en-el-certamen-ciencia-en-accion\/","url_meta":{"origin":2357,"position":2},"title":"El IES Mart\u00edn Rivero participa en el Certamen \u00abCiencia en Acci\u00f3n\u00bb","author":"V\u00edctor Caballero","date":"6 septiembre, 2017","format":false,"excerpt":"Un total de seis iniciativas propuestas por centros educativos malague\u00f1os han sido seleccionadas por la Comisi\u00f3n de \u201cCiencia en Acci\u00f3n\u201d para participar en la final de dicho certamen que tendr\u00e1 lugar en la localidad de Ermua el pr\u00f3ximo mes de octubre. En lo que respecta a lo que respecta a\u2026","rel":"","context":"En \u00abNoticias\u00bb","block_context":{"text":"Noticias","link":"https:\/\/cepronda.com\/blog\/category\/noticias\/"},"img":{"alt_text":"","src":"https:\/\/i0.wp.com\/cepronda.com\/blog\/wp-content\/uploads\/2017\/09\/ciencia_en_accion-295x300.jpg?resize=350%2C200","width":350,"height":200},"classes":[]},{"id":2791,"url":"https:\/\/cepronda.com\/blog\/informacion-sobre-la-participacion-de-alumnado-del-ies-martin-rivero-en-diversos-actos-cientificos\/","url_meta":{"origin":2357,"position":3},"title":"Informaci\u00f3n sobre la participaci\u00f3n de alumnado del IES Mart\u00edn Rivero en diversos actos cient\u00edficos","author":"V\u00edctor Caballero","date":"9 mayo, 2019","format":false,"excerpt":"Hola familia, queremos comunicaros que el alumnado del proyecto SCIENCE-IES\u00a0\u00a0ha tenido una participaci\u00f3n destacada en el congreso de C\u00f3rdoba (\u00a0https:\/\/www.eldiadecordoba.es\/cordoba\/Congreso-Proyectos-Science-IES-universidad-cordoba_0_1351365011.html) en el que el IES Mart\u00edn Rivero ha sido uno de los centros organizadores. 53 alumnos y alumnas han presentado m\u00e1s de 23 estudios diferentes, algunos de ellos tutorizados por\u2026","rel":"","context":"En \u00abNoticias\u00bb","block_context":{"text":"Noticias","link":"https:\/\/cepronda.com\/blog\/category\/noticias\/"},"img":{"alt_text":"","src":"https:\/\/i0.wp.com\/cepronda.com\/blog\/wp-content\/uploads\/2017\/05\/team-2044760_640.jpg?fit=640%2C479&ssl=1&resize=350%2C200","width":350,"height":200,"srcset":"https:\/\/i0.wp.com\/cepronda.com\/blog\/wp-content\/uploads\/2017\/05\/team-2044760_640.jpg?fit=640%2C479&ssl=1&resize=350%2C200 1x, https:\/\/i0.wp.com\/cepronda.com\/blog\/wp-content\/uploads\/2017\/05\/team-2044760_640.jpg?fit=640%2C479&ssl=1&resize=525%2C300 1.5x"},"classes":[]},{"id":9210,"url":"https:\/\/cepronda.com\/blog\/9210-2\/","url_meta":{"origin":2357,"position":4},"title":"NOS CONCEDEN EL 3\u00ba PREMIO \u00abJOAQU\u00cdN GUICHOT\u00bb A LA INNOVACI\u00d3N EDUCATIVA.","author":"Encarni Jim\u00e9nez Rosado","date":"15 enero, 2026","format":false,"excerpt":"\u00a1ESTAMOS DE ENHORABUENA! Nos llena de orgullo anunciar que el Show de Inventos y Talentos de Ronda. IT\u00b4s RONDA ha sido galardonado con el 3\u00ba Premio en la modalidad \"Joaqu\u00edn Guichot\". Este reconocimiento llega en el marco de la XXXIV edici\u00f3n del concurso para el fomento de la investigaci\u00f3n e\u2026","rel":"","context":"En \u00abNoticias\u00bb","block_context":{"text":"Noticias","link":"https:\/\/cepronda.com\/blog\/category\/noticias\/"},"img":{"alt_text":"","src":"https:\/\/i0.wp.com\/cepronda.com\/blog\/wp-content\/uploads\/2026\/01\/premio.jpg?fit=960%2C1200&ssl=1&resize=350%2C200","width":350,"height":200,"srcset":"https:\/\/i0.wp.com\/cepronda.com\/blog\/wp-content\/uploads\/2026\/01\/premio.jpg?fit=960%2C1200&ssl=1&resize=350%2C200 1x, https:\/\/i0.wp.com\/cepronda.com\/blog\/wp-content\/uploads\/2026\/01\/premio.jpg?fit=960%2C1200&ssl=1&resize=525%2C300 1.5x, https:\/\/i0.wp.com\/cepronda.com\/blog\/wp-content\/uploads\/2026\/01\/premio.jpg?fit=960%2C1200&ssl=1&resize=700%2C400 2x"},"classes":[]},{"id":5753,"url":"https:\/\/cepronda.com\/blog\/atencion-al-alumnado-neae-a-traves-de-recursos-digitales-232924kpf288\/","url_meta":{"origin":2357,"position":5},"title":"ATENCI\u00d3N AL ALUMNADO NEAE A TRAV\u00c9S DE RECURSOS DIGITALES (232924KPF288)","author":"Inmaculada Garc\u00eda","date":"3 febrero, 2023","format":false,"excerpt":"Buenos\u00a0 d\u00edas. Os informamos de que est\u00e1 abierto el plazo de inscripci\u00f3n en la actividad \u00abATENCI\u00d3N AL ALUMNADO NEAE A TRAV\u00c9S DE RECURSOS DIGITALES.\u00bb C\u00f3digo:\u00a0 232924KPF288 Es una actividad Provincial en modalidad de \u00abCurso a distancia\u00bb, que se desarrollar\u00e1 en el Aula Virtual de Aprendizaje del Profesorado. Duraci\u00f3n de 30\u2026","rel":"","context":"En \u00abFormaciones\u00bb","block_context":{"text":"Formaciones","link":"https:\/\/cepronda.com\/blog\/category\/formaciones\/"},"img":{"alt_text":"","src":"https:\/\/i0.wp.com\/cepronda.com\/blog\/wp-content\/uploads\/2023\/02\/ATENCION-AL-ALUMNADO-NEAE-A-TRAVES-DE-RECURSOS-DIGITALES.png?fit=848%2C1200&ssl=1&resize=350%2C200","width":350,"height":200,"srcset":"https:\/\/i0.wp.com\/cepronda.com\/blog\/wp-content\/uploads\/2023\/02\/ATENCION-AL-ALUMNADO-NEAE-A-TRAVES-DE-RECURSOS-DIGITALES.png?fit=848%2C1200&ssl=1&resize=350%2C200 1x, https:\/\/i0.wp.com\/cepronda.com\/blog\/wp-content\/uploads\/2023\/02\/ATENCION-AL-ALUMNADO-NEAE-A-TRAVES-DE-RECURSOS-DIGITALES.png?fit=848%2C1200&ssl=1&resize=525%2C300 1.5x, https:\/\/i0.wp.com\/cepronda.com\/blog\/wp-content\/uploads\/2023\/02\/ATENCION-AL-ALUMNADO-NEAE-A-TRAVES-DE-RECURSOS-DIGITALES.png?fit=848%2C1200&ssl=1&resize=700%2C400 2x"},"classes":[]}],"jetpack_sharing_enabled":true,"_links":{"self":[{"href":"https:\/\/cepronda.com\/blog\/wp-json\/wp\/v2\/posts\/2357","targetHints":{"allow":["GET"]}}],"collection":[{"href":"https:\/\/cepronda.com\/blog\/wp-json\/wp\/v2\/posts"}],"about":[{"href":"https:\/\/cepronda.com\/blog\/wp-json\/wp\/v2\/types\/post"}],"author":[{"embeddable":true,"href":"https:\/\/cepronda.com\/blog\/wp-json\/wp\/v2\/users\/3"}],"replies":[{"embeddable":true,"href":"https:\/\/cepronda.com\/blog\/wp-json\/wp\/v2\/comments?post=2357"}],"version-history":[{"count":1,"href":"https:\/\/cepronda.com\/blog\/wp-json\/wp\/v2\/posts\/2357\/revisions"}],"predecessor-version":[{"id":2360,"href":"https:\/\/cepronda.com\/blog\/wp-json\/wp\/v2\/posts\/2357\/revisions\/2360"}],"wp:featuredmedia":[{"embeddable":true,"href":"https:\/\/cepronda.com\/blog\/wp-json\/wp\/v2\/media\/2359"}],"wp:attachment":[{"href":"https:\/\/cepronda.com\/blog\/wp-json\/wp\/v2\/media?parent=2357"}],"wp:term":[{"taxonomy":"category","embeddable":true,"href":"https:\/\/cepronda.com\/blog\/wp-json\/wp\/v2\/categories?post=2357"},{"taxonomy":"post_tag","embeddable":true,"href":"https:\/\/cepronda.com\/blog\/wp-json\/wp\/v2\/tags?post=2357"}],"curies":[{"name":"wp","href":"https:\/\/api.w.org\/{rel}","templated":true}]}}