{"id":2353,"date":"2018-10-01T13:47:27","date_gmt":"2018-10-01T11:47:27","guid":{"rendered":"http:\/\/cepronda.com\/blog\/?p=2353"},"modified":"2025-04-28T12:05:53","modified_gmt":"2025-04-28T10:05:53","slug":"jornada-formativa-sobre-la-first-lego-league","status":"publish","type":"post","link":"https:\/\/cepronda.com\/blog\/jornada-formativa-sobre-la-first-lego-league\/","title":{"rendered":"Jornada formativa sobre la First lego League"},"content":{"rendered":"\n<p class=\"wp-block-paragraph\">\u00a1Hola! \u00bfQu\u00e9 tal ha ido ese fin de semana? Seguro que ya con las pilas mas cargadas&#8230;<\/p>\n\n\n\n<p class=\"wp-block-paragraph\">Hoy queremos compartir con todos y todas vosotras esta jornada informativa para el pr\u00f3ximo mi\u00e9rcoles 10 de octubre a las 17 horas. En ella informaremos sobre la <a href=\"https:\/\/www.firstlegoleague.es\/\" target=\"_blank\" rel=\"noopener\">First Lego League<\/a>, una actividad que promueve entre el alumnado el uso del modelo cient\u00edfico para elaborar su propio proyecto, as\u00ed como la rob\u00f3tica y la programaci\u00f3n. El a\u00f1o pasado tuve la gran suerte de poder asistir a la fase provincial en la UMA y pens\u00e9 que ser\u00eda una gran actividad a realizar en nuestros centros, tanto de primaria como de secundaria, ya que tiene distintas modalidades de participaci\u00f3n, y el alumnado es protagonista. Este a\u00f1o la actividad tiene como eje principal la exploraci\u00f3n del espacio.<\/p>\n\n\n\n<p class=\"wp-block-paragraph\">Para informaros sobre la forma de participar y todo el proceso tenemos la suerte de contar con Carlos Canet, coordinador provincial de la actividad.\u00a0<\/p>\n\n\n\n<p class=\"wp-block-paragraph\">Os dejo con un <a href=\"http:\/\/www.rtve.es\/alacarta\/videos\/la-aventura-del-saber\/aventurafll\/3448790\/\" target=\"_blank\">v\u00eddeo<\/a> donde pod\u00e9is ver las posibilidades tan bonitas e infinitas que tiene esta actividad con nuestro alumnado.<\/p>\n\n\n\n<p class=\"wp-block-paragraph\">Asimismo si <a href=\"https:\/\/www.juntadeandalucia.es\/educacion\/secretariavirtual\/consultaCEP\/actividad\/192924GE009\/\" target=\"_blank\">segu\u00eds este enlace<\/a> pod\u00e9is inscribiros en la actividad. Un saludo y nos vemos.\u00a0<\/p>\n\n\n\n<figure class=\"wp-block-image\"><a href=\"https:\/\/www.juntadeandalucia.es\/educacion\/secretariavirtual\/consultaCEP\/actividad\/192924GE009\/\"><img data-recalc-dims=\"1\" loading=\"lazy\" decoding=\"async\" width=\"640\" height=\"426\" src=\"https:\/\/i0.wp.com\/cepronda.com\/blog\/wp-content\/uploads\/2018\/10\/electrician-499799_640.jpg?resize=640%2C426\" alt=\"\" class=\"wp-image-2355\" srcset=\"https:\/\/i0.wp.com\/cepronda.com\/blog\/wp-content\/uploads\/2018\/10\/electrician-499799_640.jpg?w=640&amp;ssl=1 640w, https:\/\/i0.wp.com\/cepronda.com\/blog\/wp-content\/uploads\/2018\/10\/electrician-499799_640.jpg?resize=300%2C200&amp;ssl=1 300w\" sizes=\"auto, (max-width: 640px) 100vw, 640px\" \/><\/a><\/figure>\n","protected":false},"excerpt":{"rendered":"<p>\u00a1Hola! \u00bfQu\u00e9 tal ha ido ese fin de semana? Seguro que ya con las pilas mas cargadas&#8230; Hoy queremos compartir con todos y todas vosotras esta jornada informativa para el pr\u00f3ximo mi\u00e9rcoles 10 de octubre a las 17 horas. En ella informaremos sobre la First Lego League, una actividad que promueve entre el alumnado el [&hellip;]<\/p>\n","protected":false},"author":3,"featured_media":2355,"comment_status":"open","ping_status":"open","sticky":false,"template":"","format":"standard","meta":{"_crdt_document":"","advanced_seo_description":"","jetpack_seo_html_title":"","jetpack_seo_noindex":false,"jetpack_post_was_ever_published":false,"_jetpack_newsletter_access":"","_jetpack_dont_email_post_to_subs":false,"_jetpack_newsletter_tier_id":0,"_jetpack_memberships_contains_paywalled_content":false,"_jetpack_memberships_contains_paid_content":false,"footnotes":"","jetpack_publicize_message":"","jetpack_publicize_feature_enabled":true,"jetpack_social_post_already_shared":true,"jetpack_social_options":{"image_generator_settings":{"template":"highway","default_image_id":0,"font":"","enabled":false},"version":2}},"categories":[5],"tags":[36,174,109],"class_list":{"0":"post-2353","1":"post","2":"type-post","3":"status-publish","4":"format-standard","5":"has-post-thumbnail","7":"category-noticias","8":"tag-herramientas-tic","9":"tag-jornadas","10":"tag-robotica","11":"czr-hentry"},"jetpack_publicize_connections":[],"jetpack_featured_media_url":"https:\/\/i0.wp.com\/cepronda.com\/blog\/wp-content\/uploads\/2018\/10\/electrician-499799_640.jpg?fit=640%2C426&ssl=1","jetpack_shortlink":"https:\/\/wp.me\/p8M4X7-BX","jetpack-related-posts":[{"id":2846,"url":"https:\/\/cepronda.com\/blog\/taller-de-robotica-y-programacion-en-el-ies-perez-de-guzman\/","url_meta":{"origin":2353,"position":0},"title":"Taller de rob\u00f3tica y programaci\u00f3n en el IES P\u00e9rez de Guzm\u00e1n","author":"V\u00edctor Caballero","date":"20 mayo, 2019","format":false,"excerpt":"El pasado viernes, tuvimos la gran oportunidad de asistir a un taller de rob\u00f3tica y programaci\u00f3n organizado por varios profes del IES P\u00e9rez de Guzm\u00e1n, en el marco del grupo de trabajo que est\u00e1n llevando a cabo durante este curso. En el taller el propio alumnado realiz\u00f3 varias demostraciones a\u2026","rel":"","context":"En \u00abNoticias\u00bb","block_context":{"text":"Noticias","link":"https:\/\/cepronda.com\/blog\/category\/noticias\/"},"img":{"alt_text":"","src":"https:\/\/i0.wp.com\/cepronda.com\/blog\/wp-content\/uploads\/2018\/10\/electrician-499799_640.jpg?fit=640%2C426&ssl=1&resize=350%2C200","width":350,"height":200,"srcset":"https:\/\/i0.wp.com\/cepronda.com\/blog\/wp-content\/uploads\/2018\/10\/electrician-499799_640.jpg?fit=640%2C426&ssl=1&resize=350%2C200 1x, https:\/\/i0.wp.com\/cepronda.com\/blog\/wp-content\/uploads\/2018\/10\/electrician-499799_640.jpg?fit=640%2C426&ssl=1&resize=525%2C300 1.5x"},"classes":[]},{"id":1521,"url":"https:\/\/cepronda.com\/blog\/curso-de-robotica-educativa-infantil\/","url_meta":{"origin":2353,"position":1},"title":"Curso de Rob\u00f3tica educativa infantil","author":"V\u00edctor Caballero","date":"8 enero, 2018","format":false,"excerpt":"\u00a1Muy buenas de nuevo! Seguimos con nuestra oferta de actividades formativas dentro del itinerario formativo relacionado con las nuevas tecnolog\u00edas y su aplicaci\u00f3n en el aula. En este caso se trata de una actividad dedicada a la rob\u00f3tica educativa.\u00a0 La rob\u00f3tica educativa se define como un entorno de aprendizaje multidisciplinario\u2026","rel":"","context":"En \u00abFormaciones\u00bb","block_context":{"text":"Formaciones","link":"https:\/\/cepronda.com\/blog\/category\/formaciones\/"},"img":{"alt_text":"","src":"https:\/\/i0.wp.com\/cepronda.com\/blog\/wp-content\/uploads\/2018\/01\/robot-2027195_640-1.png?fit=577%2C640&ssl=1&resize=350%2C200","width":350,"height":200,"srcset":"https:\/\/i0.wp.com\/cepronda.com\/blog\/wp-content\/uploads\/2018\/01\/robot-2027195_640-1.png?fit=577%2C640&ssl=1&resize=350%2C200 1x, https:\/\/i0.wp.com\/cepronda.com\/blog\/wp-content\/uploads\/2018\/01\/robot-2027195_640-1.png?fit=577%2C640&ssl=1&resize=525%2C300 1.5x"},"classes":[]},{"id":3199,"url":"https:\/\/cepronda.com\/blog\/scratch-makey-makey-y-robotica\/","url_meta":{"origin":2353,"position":2},"title":"SCRATCH, MAKEY MAKEY Y ROB\u00d3TICA","author":"V\u00edctor Caballero","date":"28 noviembre, 2019","format":false,"excerpt":"Muy buenas familia, Abrimos el plazo de inscripci\u00f3n para esta actividad que dar\u00e1 comienzo justo a la vuelta de las vacaciones de Navidad, el 8 de enero. En esta actividad intentaremos dar respuesta a todas esas demandas que estamos teniendo en los \u00faltimos a\u00f1os sobre como trabajar en nuestras clases\u2026","rel":"","context":"En \u00abFormaciones\u00bb","block_context":{"text":"Formaciones","link":"https:\/\/cepronda.com\/blog\/category\/formaciones\/"},"img":{"alt_text":"","src":"https:\/\/i0.wp.com\/cepronda.com\/blog\/wp-content\/uploads\/2019\/11\/scratch.png?fit=646%2C912&ssl=1&resize=350%2C200","width":350,"height":200,"srcset":"https:\/\/i0.wp.com\/cepronda.com\/blog\/wp-content\/uploads\/2019\/11\/scratch.png?fit=646%2C912&ssl=1&resize=350%2C200 1x, https:\/\/i0.wp.com\/cepronda.com\/blog\/wp-content\/uploads\/2019\/11\/scratch.png?fit=646%2C912&ssl=1&resize=525%2C300 1.5x"},"classes":[]},{"id":3054,"url":"https:\/\/cepronda.com\/blog\/rondatec\/","url_meta":{"origin":2353,"position":3},"title":"RONDATEC","author":"V\u00edctor Caballero","date":"26 septiembre, 2019","format":false,"excerpt":"Muy buenas familia, Como ya publicamos hace unos d\u00edas ponemos en marcha un nuevo proyecto en nuestro CEP y es la realizaci\u00f3n de una feria donde mostremos y conozcamos lo que estamos trabajando en nuestras aulas en relaci\u00f3n a las nuevas tecnolog\u00edas. Nuestro objetivo no es ambicioso ni pretende pretende\u2026","rel":"","context":"En \u00abFormaciones\u00bb","block_context":{"text":"Formaciones","link":"https:\/\/cepronda.com\/blog\/category\/formaciones\/"},"img":{"alt_text":"","src":"https:\/\/i0.wp.com\/cepronda.com\/blog\/wp-content\/uploads\/2019\/09\/RONDATEC.png?fit=707%2C910&ssl=1&resize=350%2C200","width":350,"height":200,"srcset":"https:\/\/i0.wp.com\/cepronda.com\/blog\/wp-content\/uploads\/2019\/09\/RONDATEC.png?fit=707%2C910&ssl=1&resize=350%2C200 1x, https:\/\/i0.wp.com\/cepronda.com\/blog\/wp-content\/uploads\/2019\/09\/RONDATEC.png?fit=707%2C910&ssl=1&resize=525%2C300 1.5x, https:\/\/i0.wp.com\/cepronda.com\/blog\/wp-content\/uploads\/2019\/09\/RONDATEC.png?fit=707%2C910&ssl=1&resize=700%2C400 2x"},"classes":[]},{"id":3018,"url":"https:\/\/cepronda.com\/blog\/rondatec-primera-feria-de-las-tecnologias-de-ronda-y-su-serrania\/","url_meta":{"origin":2353,"position":4},"title":"RONDATEC: primera feria de las tecnolog\u00edas de Ronda y su Serran\u00eda","author":"V\u00edctor Caballero","date":"23 septiembre, 2019","format":false,"excerpt":"Muy buenas familia, Comienza su andadura uno de los proyectos nuevos de este curso escolar, y que creemos que a muchos y muchas de vosotras os puede interesar e implicar a vuestro alumnado. La idea es participar con vuestro alumnado en RONDATEC, mostrando al resto de participantes y p\u00fablico en\u2026","rel":"","context":"En \u00abFormaciones\u00bb","block_context":{"text":"Formaciones","link":"https:\/\/cepronda.com\/blog\/category\/formaciones\/"},"img":{"alt_text":"","src":"https:\/\/i0.wp.com\/cepronda.com\/blog\/wp-content\/uploads\/2019\/09\/rondatec_cartel.png?fit=644%2C915&ssl=1&resize=350%2C200","width":350,"height":200,"srcset":"https:\/\/i0.wp.com\/cepronda.com\/blog\/wp-content\/uploads\/2019\/09\/rondatec_cartel.png?fit=644%2C915&ssl=1&resize=350%2C200 1x, https:\/\/i0.wp.com\/cepronda.com\/blog\/wp-content\/uploads\/2019\/09\/rondatec_cartel.png?fit=644%2C915&ssl=1&resize=525%2C300 1.5x"},"classes":[]},{"id":7987,"url":"https:\/\/cepronda.com\/blog\/robotica-y-pensamiento-computacional-en-primaria\/","url_meta":{"origin":2353,"position":5},"title":"ROB\u00d3TICA Y PENSAMIENTO COMPUTACIONAL EN PRIMARIA","author":"Mamen Moreno","date":"20 diciembre, 2024","format":false,"excerpt":"Se abre el plazo de inscripci\u00f3n para la actividad provincial ROB\u00d3TICA Y PENSAMIENTO COMPUTACIONAL EN PRIMARIA. Inscripci\u00f3n: Hasta el 31\/12\/24 Dirigido a Educaci\u00f3n Primaria Actividad: del 15\/01\/25 a 05\/02\/25 Duraci\u00f3n:12 h presenciales + 3 en AVFP M\u00e1s en: https:\/www.juntadeandalucia.es\/educacion\/secretariavirtual\/consultaCEP\/actividad\/252922GE073\/","rel":"","context":"En \u00abFormaciones\u00bb","block_context":{"text":"Formaciones","link":"https:\/\/cepronda.com\/blog\/category\/formaciones\/"},"img":{"alt_text":"","src":"https:\/\/i0.wp.com\/cepronda.com\/blog\/wp-content\/uploads\/2024\/12\/WhatsApp-Image-2024-12-20-at-13.06.06-300x300.jpeg?resize=350%2C200&ssl=1","width":350,"height":200},"classes":[]}],"jetpack_sharing_enabled":true,"_links":{"self":[{"href":"https:\/\/cepronda.com\/blog\/wp-json\/wp\/v2\/posts\/2353","targetHints":{"allow":["GET"]}}],"collection":[{"href":"https:\/\/cepronda.com\/blog\/wp-json\/wp\/v2\/posts"}],"about":[{"href":"https:\/\/cepronda.com\/blog\/wp-json\/wp\/v2\/types\/post"}],"author":[{"embeddable":true,"href":"https:\/\/cepronda.com\/blog\/wp-json\/wp\/v2\/users\/3"}],"replies":[{"embeddable":true,"href":"https:\/\/cepronda.com\/blog\/wp-json\/wp\/v2\/comments?post=2353"}],"version-history":[{"count":1,"href":"https:\/\/cepronda.com\/blog\/wp-json\/wp\/v2\/posts\/2353\/revisions"}],"predecessor-version":[{"id":2356,"href":"https:\/\/cepronda.com\/blog\/wp-json\/wp\/v2\/posts\/2353\/revisions\/2356"}],"wp:featuredmedia":[{"embeddable":true,"href":"https:\/\/cepronda.com\/blog\/wp-json\/wp\/v2\/media\/2355"}],"wp:attachment":[{"href":"https:\/\/cepronda.com\/blog\/wp-json\/wp\/v2\/media?parent=2353"}],"wp:term":[{"taxonomy":"category","embeddable":true,"href":"https:\/\/cepronda.com\/blog\/wp-json\/wp\/v2\/categories?post=2353"},{"taxonomy":"post_tag","embeddable":true,"href":"https:\/\/cepronda.com\/blog\/wp-json\/wp\/v2\/tags?post=2353"}],"curies":[{"name":"wp","href":"https:\/\/api.w.org\/{rel}","templated":true}]}}