{"id":2350,"date":"2018-09-28T10:54:05","date_gmt":"2018-09-28T08:54:05","guid":{"rendered":"http:\/\/cepronda.com\/blog\/?p=2350"},"modified":"2025-04-25T12:08:12","modified_gmt":"2025-04-25T10:08:12","slug":"concierto-por-la-paz-picasso-cuadros-sinfonicos","status":"publish","type":"post","link":"https:\/\/cepronda.com\/blog\/concierto-por-la-paz-picasso-cuadros-sinfonicos\/","title":{"rendered":"Concierto por la paz \u00abPicasso  Cuadros Sinf\u00f3nicos\u00bb"},"content":{"rendered":"\n<p class=\"wp-block-paragraph\">Muy buenas,<\/p>\n\n\n\n<p class=\"wp-block-paragraph\">Antes de despedir la semana, y desearos un buen fin de semana, queremos compartir con todos los centros de nuestra comarca esta iniciativa.<\/p>\n\n\n\n<p class=\"wp-block-paragraph\">La Asociaci\u00f3n Orden por la paz propone una actividad a nuestro alumnado, de entre 4 y 16 a\u00f1os. Es la participaci\u00f3n en un concurso de dibujos en el marco del Octubre Picassiano. Esta iniciativa es parte de un magn\u00edfico y gran proyecto que va a tener lugar en el mes de diciembre en el Palacio de Deportes Jos\u00e9 Mar\u00eda Mart\u00edn Carpena. Ser\u00e1 el concierto por la Paz \u00abPicasso Cuadros Sinf\u00f3nicos\u00bb, el cual es ben\u00e9fico, a favor de la Asociaci\u00f3n Autismo M\u00e1laga. El mismo est\u00e1 organizado por la Fundaci\u00f3n Orden de la Paz con el apoyo institucional de la Excelent\u00edsima Diputaci\u00f3n de M\u00e1laga, Ayuntamiento de M\u00e1laga y Junta de Andaluc\u00eda.<br\/>Habr\u00e1 3 categor\u00edas seg\u00fan la edad:<\/p>\n\n\n\n<ol class=\"wp-block-list\"><li>Ni\u00f1os y Ni\u00f1as de 4 a 7 a\u00f1os.<\/li><li>Ni\u00f1os y ni\u00f1as de 8 a 12 a\u00f1os.<\/li><li>Ni\u00f1os y ni\u00f1as de 13 a 16 a\u00f1os.<br\/>\nLos 500 mejores dibujos del concurso se proyectar\u00e1n en pantallas gigantes durante el concierto. Habr\u00e1 diferentes premios para los ganadores. Y los dibujos de los 3 primeros premios se colocar\u00e1n en parte trasera de los autobuses City Tour de M\u00e1laga.<br\/>\nNo quisi\u00e9ramos que su colegio se quedara fuera del concurso. Las bases del mismo se encuentran en la web http:\/\/ordendelapaz.org\/<\/li><\/ol>\n\n\n\n<p class=\"wp-block-paragraph\">Para poder acceder a la informaci\u00f3n s\u00f3lo ten\u00e9is que <a href=\"http:\/\/ordendelapaz.org\/concurso.php\" target=\"_blank\">seguir este enlace<\/a>, o bien clicar en la imagen. \u00a1Animaros a participar!<\/p>\n\n\n\n<div class=\"wp-block-image\"><figure class=\"aligncenter\"><a href=\"http:\/\/ordendelapaz.org\/concurso.php\"><img data-recalc-dims=\"1\" loading=\"lazy\" decoding=\"async\" width=\"426\" height=\"640\" src=\"https:\/\/i0.wp.com\/cepronda.com\/blog\/wp-content\/uploads\/2018\/09\/pablo-mouse-1662574_640.jpg?resize=426%2C640\" alt=\"\" class=\"wp-image-2351\" srcset=\"https:\/\/i0.wp.com\/cepronda.com\/blog\/wp-content\/uploads\/2018\/09\/pablo-mouse-1662574_640.jpg?w=426&amp;ssl=1 426w, https:\/\/i0.wp.com\/cepronda.com\/blog\/wp-content\/uploads\/2018\/09\/pablo-mouse-1662574_640.jpg?resize=200%2C300&amp;ssl=1 200w\" sizes=\"auto, (max-width: 426px) 100vw, 426px\" \/><\/a><figcaption>Pixabay<\/figcaption><\/figure><\/div>\n","protected":false},"excerpt":{"rendered":"<p>Muy buenas, Antes de despedir la semana, y desearos un buen fin de semana, queremos compartir con todos los centros de nuestra comarca esta iniciativa. La Asociaci\u00f3n Orden por la paz propone una actividad a nuestro alumnado, de entre 4 y 16 a\u00f1os. Es la participaci\u00f3n en un concurso de dibujos en el marco del [&hellip;]<\/p>\n","protected":false},"author":3,"featured_media":2351,"comment_status":"open","ping_status":"open","sticky":false,"template":"","format":"standard","meta":{"_crdt_document":"","advanced_seo_description":"","jetpack_seo_html_title":"","jetpack_seo_noindex":false,"jetpack_post_was_ever_published":false,"_jetpack_newsletter_access":"","_jetpack_dont_email_post_to_subs":false,"_jetpack_newsletter_tier_id":0,"_jetpack_memberships_contains_paywalled_content":false,"_jetpack_memberships_contains_paid_content":false,"footnotes":"","jetpack_publicize_message":"","jetpack_publicize_feature_enabled":true,"jetpack_social_post_already_shared":true,"jetpack_social_options":{"image_generator_settings":{"template":"highway","default_image_id":0,"font":"","enabled":false},"version":2}},"categories":[5],"tags":[139,231,122,120],"class_list":{"0":"post-2350","1":"post","2":"type-post","3":"status-publish","4":"format-standard","5":"has-post-thumbnail","7":"category-noticias","8":"tag-autismo","9":"tag-certamen","10":"tag-concurso","11":"tag-dibujo","12":"czr-hentry"},"jetpack_publicize_connections":[],"jetpack_featured_media_url":"https:\/\/i0.wp.com\/cepronda.com\/blog\/wp-content\/uploads\/2018\/09\/pablo-mouse-1662574_640.jpg?fit=426%2C640&ssl=1","jetpack_shortlink":"https:\/\/wp.me\/p8M4X7-BU","jetpack-related-posts":[{"id":2337,"url":"https:\/\/cepronda.com\/blog\/jornadas-provinciales-objetivo-visibilizar-el-autismo\/","url_meta":{"origin":2350,"position":0},"title":"Jornadas Provinciales OBJETIVO: VISIBILIZAR EL AUTISMO","author":"V\u00edctor Caballero","date":"25 septiembre, 2018","format":false,"excerpt":"El pr\u00f3ximo 17 de octubre tendr\u00e1n lugar en la Facultad de Ciencias de la Educaci\u00f3n de M\u00e1laga, en horario de 9 a 14 horas, unas Jornadas Provinciales que tienen como objetivo principal\u00a0 visibilizar el autismo as\u00ed como\u00a0 informar, concienciar y sensibilizar al profesorado sobre el trastornos del espectro autista. Las\u2026","rel":"","context":"En \u00abNoticias\u00bb","block_context":{"text":"Noticias","link":"https:\/\/cepronda.com\/blog\/category\/noticias\/"},"img":{"alt_text":"","src":"https:\/\/i0.wp.com\/cepronda.com\/blog\/wp-content\/uploads\/2018\/09\/445739172_317870.jpg?resize=350%2C200&ssl=1","width":350,"height":200,"srcset":"https:\/\/i0.wp.com\/cepronda.com\/blog\/wp-content\/uploads\/2018\/09\/445739172_317870.jpg?resize=350%2C200&ssl=1 1x, https:\/\/i0.wp.com\/cepronda.com\/blog\/wp-content\/uploads\/2018\/09\/445739172_317870.jpg?resize=525%2C300&ssl=1 1.5x, https:\/\/i0.wp.com\/cepronda.com\/blog\/wp-content\/uploads\/2018\/09\/445739172_317870.jpg?resize=700%2C400&ssl=1 2x"},"classes":[]},{"id":2272,"url":"https:\/\/cepronda.com\/blog\/iii-certamen-de-microrrelatos-sobre-violencia-de-genero-en-la-juventud-malaga-2018\/","url_meta":{"origin":2350,"position":1},"title":"III Certamen de Microrrelatos sobre Violencia de g\u00e9nero en la juventud &#8211; M\u00e1laga 2018","author":"V\u00edctor Caballero","date":"7 septiembre, 2018","format":false,"excerpt":"Muy buenas de nuevo familia.\u00a0 Hoy queremos compartir con todas y todos vosotros una iniciativa que nos ha llegado por medio de Antonio Poleo. Se trata del III Certamen de Microrrelatos sobre violencia de g\u00e9nero en la juventud. Va dirigido a j\u00f3venes hasta 20 a\u00f1os, as\u00ed que pod\u00e9is participar con\u2026","rel":"","context":"En \u00abNoticias\u00bb","block_context":{"text":"Noticias","link":"https:\/\/cepronda.com\/blog\/category\/noticias\/"},"img":{"alt_text":"","src":"https:\/\/i0.wp.com\/cepronda.com\/blog\/wp-content\/uploads\/2018\/09\/Cartel_Microrrelatos.png?fit=608%2C855&ssl=1&resize=350%2C200","width":350,"height":200,"srcset":"https:\/\/i0.wp.com\/cepronda.com\/blog\/wp-content\/uploads\/2018\/09\/Cartel_Microrrelatos.png?fit=608%2C855&ssl=1&resize=350%2C200 1x, https:\/\/i0.wp.com\/cepronda.com\/blog\/wp-content\/uploads\/2018\/09\/Cartel_Microrrelatos.png?fit=608%2C855&ssl=1&resize=525%2C300 1.5x"},"classes":[]},{"id":2547,"url":"https:\/\/cepronda.com\/blog\/2-fotografias-de-nuestros-centros-en-el-calendario-stop-violencia-de-genero\/","url_meta":{"origin":2350,"position":2},"title":"2 fotograf\u00edas de nuestros centros en el calendario STOP Violencia de G\u00e9nero","author":"V\u00edctor Caballero","date":"20 diciembre, 2018","format":false,"excerpt":"Un nuevo calendario recoge los trabajos presentados a la novena edici\u00f3n del Concurso de Fotograf\u00eda \u201c\u00a1Stop! Violencia de g\u00e9nero\u201d. La delegada territorial de Educaci\u00f3n, Patricia Alba, la coordinadora provincial del Instituto Andaluz de la Mujer, Mar\u00eda del Carmen Moreno, y la responsable de la Unidad de Solidaridad Social y Educaci\u00f3n\u2026","rel":"","context":"En \u00abNoticias\u00bb","block_context":{"text":"Noticias","link":"https:\/\/cepronda.com\/blog\/category\/noticias\/"},"img":{"alt_text":"","src":"https:\/\/i0.wp.com\/cepronda.com\/blog\/wp-content\/uploads\/2018\/12\/calendario-2019-final-1-2.jpg?resize=350%2C200&ssl=1","width":350,"height":200,"srcset":"https:\/\/i0.wp.com\/cepronda.com\/blog\/wp-content\/uploads\/2018\/12\/calendario-2019-final-1-2.jpg?resize=350%2C200&ssl=1 1x, https:\/\/i0.wp.com\/cepronda.com\/blog\/wp-content\/uploads\/2018\/12\/calendario-2019-final-1-2.jpg?resize=525%2C300&ssl=1 1.5x, https:\/\/i0.wp.com\/cepronda.com\/blog\/wp-content\/uploads\/2018\/12\/calendario-2019-final-1-2.jpg?resize=700%2C400&ssl=1 2x, https:\/\/i0.wp.com\/cepronda.com\/blog\/wp-content\/uploads\/2018\/12\/calendario-2019-final-1-2.jpg?resize=1050%2C600&ssl=1 3x, https:\/\/i0.wp.com\/cepronda.com\/blog\/wp-content\/uploads\/2018\/12\/calendario-2019-final-1-2.jpg?resize=1400%2C800&ssl=1 4x"},"classes":[]},{"id":1580,"url":"https:\/\/cepronda.com\/blog\/calendario-educativo-stop-violencia-de-genero\/","url_meta":{"origin":2350,"position":3},"title":"Calendario educativo STOP Violencia de g\u00e9nero","author":"V\u00edctor Caballero","date":"2 febrero, 2018","format":false,"excerpt":"\u00a1Hola familia!\u00a0 Queremos compartir con todos los centros de nuestra zona esta gran noticia, y es que tres fotograf\u00edas de centros de nuestro \u00e1mbito han sido elegidas para formar parte del calendario STOP Violencia de g\u00e9nero. Os dejo con la entrada recogida en el blog de valores de la delegaci\u00f3n\u2026","rel":"","context":"En \u00abNoticias\u00bb","block_context":{"text":"Noticias","link":"https:\/\/cepronda.com\/blog\/category\/noticias\/"},"img":{"alt_text":"","src":"https:\/\/i0.wp.com\/cepronda.com\/blog\/wp-content\/uploads\/2018\/02\/40020833951_7fa95a5d37_z.jpg?fit=400%2C640&ssl=1&resize=350%2C200","width":350,"height":200},"classes":[]},{"id":3922,"url":"https:\/\/cepronda.com\/blog\/ii-concurso-fotografia-te-quiero-con-cordura\/","url_meta":{"origin":2350,"position":4},"title":"II Concurso Fotograf\u00eda \u00abTE QUIERO CON CORDURA\u00bb","author":"Maribel Mu\u00f1oz","date":"26 octubre, 2020","format":false,"excerpt":"Buenos d\u00edas compa\u00f1eras y compa\u00f1eros, Os informamos que est\u00e1 abierto el plazo \u00a0de recepci\u00f3n de las fotograf\u00edas\u00a0 para el\u00a0 II Concurso de Fotograf\u00edas \"TE QUIERO CON CORDURA\" organizado por el IES Alfaguar dirigido a toda la provincia de M\u00e1laga. El plazo estar\u00e1 abierto hasta las 23:59 horas del 15 de\u2026","rel":"","context":"En \u00abNoticias\u00bb","block_context":{"text":"Noticias","link":"https:\/\/cepronda.com\/blog\/category\/noticias\/"},"img":{"alt_text":"","src":"https:\/\/i0.wp.com\/cepronda.com\/blog\/wp-content\/uploads\/2020\/10\/cartel-concurso-205x300.png?resize=350%2C200","width":350,"height":200},"classes":[]},{"id":1651,"url":"https:\/\/cepronda.com\/blog\/concurso-de-dibujo-y-microrrelatos-esta-es-mi-familia\/","url_meta":{"origin":2350,"position":5},"title":"Concurso de dibujo y microrrelatos \u00abEsta es mi familia\u00bb","author":"V\u00edctor Caballero","date":"23 marzo, 2018","format":false,"excerpt":"\u00a1Muy buenas familia! Hoy viernes, antes de tomarnos nuestra merecida semana de vacaciones, os dejamos con esta informaci\u00f3n que nos ha llegado desde la Delegaci\u00f3n de Educaci\u00f3n de M\u00e1laga. La FELGTB (Federaci\u00f3n Estatal de Lesbianas, Gais, Transexuales y Bisexuales)\u00a0\u00a0convoca la Segunda Edici\u00f3n del Concurso de dibujo y microrrelatos para ni\u00f1as,\u2026","rel":"","context":"En \u00abNoticias\u00bb","block_context":{"text":"Noticias","link":"https:\/\/cepronda.com\/blog\/category\/noticias\/"},"img":{"alt_text":"","src":"https:\/\/i0.wp.com\/cepronda.com\/blog\/wp-content\/uploads\/2018\/03\/concurso-familias-1.jpg?resize=350%2C200","width":350,"height":200},"classes":[]}],"jetpack_sharing_enabled":true,"_links":{"self":[{"href":"https:\/\/cepronda.com\/blog\/wp-json\/wp\/v2\/posts\/2350","targetHints":{"allow":["GET"]}}],"collection":[{"href":"https:\/\/cepronda.com\/blog\/wp-json\/wp\/v2\/posts"}],"about":[{"href":"https:\/\/cepronda.com\/blog\/wp-json\/wp\/v2\/types\/post"}],"author":[{"embeddable":true,"href":"https:\/\/cepronda.com\/blog\/wp-json\/wp\/v2\/users\/3"}],"replies":[{"embeddable":true,"href":"https:\/\/cepronda.com\/blog\/wp-json\/wp\/v2\/comments?post=2350"}],"version-history":[{"count":1,"href":"https:\/\/cepronda.com\/blog\/wp-json\/wp\/v2\/posts\/2350\/revisions"}],"predecessor-version":[{"id":2352,"href":"https:\/\/cepronda.com\/blog\/wp-json\/wp\/v2\/posts\/2350\/revisions\/2352"}],"wp:featuredmedia":[{"embeddable":true,"href":"https:\/\/cepronda.com\/blog\/wp-json\/wp\/v2\/media\/2351"}],"wp:attachment":[{"href":"https:\/\/cepronda.com\/blog\/wp-json\/wp\/v2\/media?parent=2350"}],"wp:term":[{"taxonomy":"category","embeddable":true,"href":"https:\/\/cepronda.com\/blog\/wp-json\/wp\/v2\/categories?post=2350"},{"taxonomy":"post_tag","embeddable":true,"href":"https:\/\/cepronda.com\/blog\/wp-json\/wp\/v2\/tags?post=2350"}],"curies":[{"name":"wp","href":"https:\/\/api.w.org\/{rel}","templated":true}]}}