{"id":2337,"date":"2018-09-25T10:02:01","date_gmt":"2018-09-25T08:02:01","guid":{"rendered":"http:\/\/cepronda.com\/blog\/?p=2337"},"modified":"2025-04-28T12:05:54","modified_gmt":"2025-04-28T10:05:54","slug":"jornadas-provinciales-objetivo-visibilizar-el-autismo","status":"publish","type":"post","link":"https:\/\/cepronda.com\/blog\/jornadas-provinciales-objetivo-visibilizar-el-autismo\/","title":{"rendered":"Jornadas Provinciales OBJETIVO: VISIBILIZAR EL AUTISMO"},"content":{"rendered":"\n<p class=\"wp-block-paragraph\">El pr\u00f3ximo 17 de octubre tendr\u00e1n lugar en la Facultad de Ciencias de la Educaci\u00f3n de M\u00e1laga, en horario de 9 a 14 horas, unas Jornadas Provinciales que tienen como objetivo principal\u00a0 visibilizar el autismo as\u00ed como\u00a0 informar, concienciar y sensibilizar al profesorado sobre el trastornos del espectro autista.<\/p>\n\n\n\n<p class=\"wp-block-paragraph\"> <br\/>Las jornadas van dirigidas al profesorado tutor tanto de primaria como de secundaria que tengan o pueda tener alumnado integrado TEA en su aula. El autismo es un trastorno del desarrollo, considerado como un trastorno neuro-biol\u00f3gico en el cual existen desviaciones o anormalidades en los muchos aspectos del mismo, conocer algo m\u00e1s sobre el mismo que ayude a comprender a las personas que lo presentan es lo que se pretende con estas jornadas.  <\/p>\n\n\n\n<p class=\"wp-block-paragraph\">Para m\u00e1s detalles de la actividad s\u00f3lo ten\u00e9is que <a href=\"https:\/\/www.juntadeandalucia.es\/educacion\/secretariavirtual\/consultaCEP\/actividad\/192922GE046\/\" target=\"_blank\">seguir este enlace<\/a>. Un saludo y seguimos en contacto familia.\u00a0<\/p>\n\n\n\n<figure class=\"wp-block-image\"><a href=\"https:\/\/www.juntadeandalucia.es\/educacion\/secretariavirtual\/consultaCEP\/actividad\/192922GE046\/\"><img data-recalc-dims=\"1\" loading=\"lazy\" decoding=\"async\" width=\"904\" height=\"1280\" src=\"https:\/\/i0.wp.com\/cepronda.com\/blog\/wp-content\/uploads\/2018\/09\/445739172_317870.jpg?resize=904%2C1280\" alt=\"\" class=\"wp-image-2338\" srcset=\"https:\/\/i0.wp.com\/cepronda.com\/blog\/wp-content\/uploads\/2018\/09\/445739172_317870.jpg?w=904&amp;ssl=1 904w, https:\/\/i0.wp.com\/cepronda.com\/blog\/wp-content\/uploads\/2018\/09\/445739172_317870.jpg?resize=212%2C300&amp;ssl=1 212w, https:\/\/i0.wp.com\/cepronda.com\/blog\/wp-content\/uploads\/2018\/09\/445739172_317870.jpg?resize=768%2C1087&amp;ssl=1 768w, https:\/\/i0.wp.com\/cepronda.com\/blog\/wp-content\/uploads\/2018\/09\/445739172_317870.jpg?resize=723%2C1024&amp;ssl=1 723w\" sizes=\"auto, (max-width: 904px) 100vw, 904px\" \/><\/a><\/figure>\n","protected":false},"excerpt":{"rendered":"<p>El pr\u00f3ximo 17 de octubre tendr\u00e1n lugar en la Facultad de Ciencias de la Educaci\u00f3n de M\u00e1laga, en horario de 9 a 14 horas, unas Jornadas Provinciales que tienen como objetivo principal\u00a0 visibilizar el autismo as\u00ed como\u00a0 informar, concienciar y sensibilizar al profesorado sobre el trastornos del espectro autista. Las jornadas van dirigidas al profesorado [&hellip;]<\/p>\n","protected":false},"author":3,"featured_media":0,"comment_status":"open","ping_status":"open","sticky":false,"template":"","format":"standard","meta":{"_crdt_document":"","advanced_seo_description":"","jetpack_seo_html_title":"","jetpack_seo_noindex":false,"jetpack_post_was_ever_published":false,"_jetpack_newsletter_access":"","_jetpack_dont_email_post_to_subs":false,"_jetpack_newsletter_tier_id":0,"_jetpack_memberships_contains_paywalled_content":false,"_jetpack_memberships_contains_paid_content":false,"footnotes":"","jetpack_publicize_message":"","jetpack_publicize_feature_enabled":true,"jetpack_social_post_already_shared":true,"jetpack_social_options":{"image_generator_settings":{"template":"highway","default_image_id":0,"font":"","enabled":false},"version":2}},"categories":[5],"tags":[126,139,174],"class_list":{"0":"post-2337","1":"post","2":"type-post","3":"status-publish","4":"format-standard","6":"category-noticias","7":"tag-atencion-a-la-diversidad","8":"tag-autismo","9":"tag-jornadas","10":"czr-hentry"},"jetpack_publicize_connections":[],"jetpack_featured_media_url":"","jetpack_shortlink":"https:\/\/wp.me\/p8M4X7-BH","jetpack-related-posts":[{"id":7591,"url":"https:\/\/cepronda.com\/blog\/i-jornadas-provinciales-profesorado-de-educacion-plastica-visual-y-audiovisual\/","url_meta":{"origin":2337,"position":0},"title":"I JORNADAS PROVINCIALES PROFESORADO DE EDUCACI\u00d3N PL\u00c1STICA, VISUAL Y AUDIOVISUAL.","author":"Mamen Moreno","date":"22 abril, 2024","format":false,"excerpt":"Abierto el plazo de solicitudes de las I JORNADAS PROVINCIALES PROFESORADO DE EDUCACI\u00d3N PL\u00c1STICA, VISUAL Y AUDIOVISUAL. 8 horas presenciales (Lugar: Colecci\u00f3n del Museo Ruso de M\u00e1laga). Fecha inscripci\u00f3n: 22\/04\/2024 hasta 06\/05\/2024. Fecha actividad: 16\/05\/2024. M\u00e1s informaci\u00f3n e inscripci\u00f3n: https:\/\/www.juntadeandalucia.es\/educacion\/secretariavirtual\/consultaCEP\/actividad\/242922GE257\/","rel":"","context":"En \u00abNoticias\u00bb","block_context":{"text":"Noticias","link":"https:\/\/cepronda.com\/blog\/category\/noticias\/"},"img":{"alt_text":"","src":"https:\/\/i0.wp.com\/cepronda.com\/blog\/wp-content\/uploads\/2024\/04\/WhatsApp-Image-2024-04-20-at-11.09.52.jpeg?fit=942%2C787&ssl=1&resize=350%2C200","width":350,"height":200,"srcset":"https:\/\/i0.wp.com\/cepronda.com\/blog\/wp-content\/uploads\/2024\/04\/WhatsApp-Image-2024-04-20-at-11.09.52.jpeg?fit=942%2C787&ssl=1&resize=350%2C200 1x, https:\/\/i0.wp.com\/cepronda.com\/blog\/wp-content\/uploads\/2024\/04\/WhatsApp-Image-2024-04-20-at-11.09.52.jpeg?fit=942%2C787&ssl=1&resize=525%2C300 1.5x, https:\/\/i0.wp.com\/cepronda.com\/blog\/wp-content\/uploads\/2024\/04\/WhatsApp-Image-2024-04-20-at-11.09.52.jpeg?fit=942%2C787&ssl=1&resize=700%2C400 2x"},"classes":[]},{"id":7629,"url":"https:\/\/cepronda.com\/blog\/i-jornadas-provinciales-para-el-profesorado-de-educacion-plastica-visual-y-audiovisual-de-malaga\/","url_meta":{"origin":2337,"position":1},"title":"I JORNADAS PROVINCIALES PARA EL PROFESORADO DE EDUCACI\u00d3N PL\u00c1STICA, VISUAL Y AUDIOVISUAL DE M\u00c1LAGA","author":"Inmaculada Garc\u00eda","date":"16 mayo, 2024","format":false,"excerpt":"Nuestra Coordinadora provincial de formaci\u00f3n, Mar\u00eda Jos\u00e9 Bueno, inaugura las I Jornadas provinciales para el profesorado de Educaci\u00f3n Plastica, Visual y audiovisual que se celebran en el Museo Ruso de M\u00e1laga. Un encuentro donde los profesionales podr\u00e1n compartir y conocer \"Experiencias educativas de \u00e9xito de Educaci\u00f3n Pl\u00e1stica, Visual y Audiovisual\",\u2026","rel":"","context":"En \u00abFormaciones\u00bb","block_context":{"text":"Formaciones","link":"https:\/\/cepronda.com\/blog\/category\/formaciones\/"},"img":{"alt_text":"","src":"https:\/\/i0.wp.com\/cepronda.com\/blog\/wp-content\/uploads\/2024\/04\/WhatsApp-Image-2024-04-20-at-11.09.52.jpeg?fit=942%2C787&ssl=1&resize=350%2C200","width":350,"height":200,"srcset":"https:\/\/i0.wp.com\/cepronda.com\/blog\/wp-content\/uploads\/2024\/04\/WhatsApp-Image-2024-04-20-at-11.09.52.jpeg?fit=942%2C787&ssl=1&resize=350%2C200 1x, https:\/\/i0.wp.com\/cepronda.com\/blog\/wp-content\/uploads\/2024\/04\/WhatsApp-Image-2024-04-20-at-11.09.52.jpeg?fit=942%2C787&ssl=1&resize=525%2C300 1.5x, https:\/\/i0.wp.com\/cepronda.com\/blog\/wp-content\/uploads\/2024\/04\/WhatsApp-Image-2024-04-20-at-11.09.52.jpeg?fit=942%2C787&ssl=1&resize=700%2C400 2x"},"classes":[]},{"id":4780,"url":"https:\/\/cepronda.com\/blog\/jornadas-provinciales-red-tde-malaga\/","url_meta":{"origin":2337,"position":2},"title":"JORNADAS PROVINCIALES RED TDE M\u00c1LAGA","author":"Inmaculada Garc\u00eda","date":"18 octubre, 2021","format":false,"excerpt":"Buenas tardes compa\u00f1eras y compa\u00f1eros, Os informamos que est\u00e1 abierto el plazo de inscripci\u00f3n en la actividad JORNADAS PROVINCIALES RED TDE M\u00c1LAGA (222924GE040), dirigida exclusivamente a responsables de la coordinaci\u00f3n TDE de los centros. Es de \u00e1mbito Provincial. Plazo de inscripci\u00f3n: 13\/10\/2021 hasta 22\/10\/2021 Desarrollo de la\u00a0 actividad: 26 de\u2026","rel":"","context":"En \u00abNoticias\u00bb","block_context":{"text":"Noticias","link":"https:\/\/cepronda.com\/blog\/category\/noticias\/"},"img":{"alt_text":"","src":"https:\/\/i0.wp.com\/cepronda.com\/blog\/wp-content\/uploads\/2021\/10\/JORNADAS-PARA-LA-COORDINACION-TDE-EN-LOS-CENTROS-212x300.png?resize=350%2C200","width":350,"height":200},"classes":[]},{"id":9237,"url":"https:\/\/cepronda.com\/blog\/jornadas-trastornos-de-espectro-autista-una-mirada-desde-la-inclusion-provinciales\/","url_meta":{"origin":2337,"position":3},"title":"JORNADAS TRASTORNOS DE ESPECTRO AUTISTA: UNA MIRADA DESDE LA INCLUSI\u00d3N (PROVINCIALES)","author":"Encarni Jim\u00e9nez Rosado","date":"20 enero, 2026","format":false,"excerpt":"Se abre plazo de inscripci\u00f3n para las II JORNADAS TRASTORNOS DE ESPECTRO AUTISTA: UNA MIRADA DESDE LA INCLUSI\u00d3N (PROVINCIALES), con c\u00f3digo: 269922OE001. Fecha actividad: 16\/02\/2026 de 9:00 a 14:00. Lugar: Facultad de Ciencias de la Educaci\u00f3n. Semipresencial: 5h presenciales y 3h de tareas en el AVFP. Fecha inscripci\u00f3n: 20\/01\/2026 hasta\u2026","rel":"","context":"En \u00abFormaciones\u00bb","block_context":{"text":"Formaciones","link":"https:\/\/cepronda.com\/blog\/category\/formaciones\/"},"img":{"alt_text":"","src":"https:\/\/i0.wp.com\/cepronda.com\/blog\/wp-content\/uploads\/2026\/01\/autista.jpg?fit=1200%2C1200&ssl=1&resize=350%2C200","width":350,"height":200,"srcset":"https:\/\/i0.wp.com\/cepronda.com\/blog\/wp-content\/uploads\/2026\/01\/autista.jpg?fit=1200%2C1200&ssl=1&resize=350%2C200 1x, https:\/\/i0.wp.com\/cepronda.com\/blog\/wp-content\/uploads\/2026\/01\/autista.jpg?fit=1200%2C1200&ssl=1&resize=525%2C300 1.5x, https:\/\/i0.wp.com\/cepronda.com\/blog\/wp-content\/uploads\/2026\/01\/autista.jpg?fit=1200%2C1200&ssl=1&resize=700%2C400 2x, https:\/\/i0.wp.com\/cepronda.com\/blog\/wp-content\/uploads\/2026\/01\/autista.jpg?fit=1200%2C1200&ssl=1&resize=1050%2C600 3x"},"classes":[]},{"id":6098,"url":"https:\/\/cepronda.com\/blog\/jornadas-provinciales-para-pt-y-al-construyendo-aulas-inclusivas\/","url_meta":{"origin":2337,"position":4},"title":"JORNADAS PROVINCIALES PARA PT Y AL: CONSTRUYENDO AULAS INCLUSIVAS","author":"Inmaculada Garc\u00eda","date":"9 octubre, 2023","format":false,"excerpt":"\u00a1\u00a1\u00a1\u00a1\u00a1\u00a1Tenemos evento a la vista!!!!!! Ya est\u00e1 disponible la inscripci\u00f3n para asistir a las JORNADAS PROVINCIALES PARA PT Y AL: CONSTRUYENDO AULAS INCLUSIVAS. (C\u00f3digo: 242922GE042)\u00a0 Tendr\u00e1 lugar el d\u00eda 15 de noviembre de 2023, en la Escuela de Ingenier\u00edas Industriales\u00a0de la Universidad de M\u00e1laga. (C\/Arquitecto Francisco Pe\u00f1alosa, 6, M\u00e1laga) El\u2026","rel":"","context":"En \u00abNoticias\u00bb","block_context":{"text":"Noticias","link":"https:\/\/cepronda.com\/blog\/category\/noticias\/"},"img":{"alt_text":"","src":"https:\/\/i0.wp.com\/cepronda.com\/blog\/wp-content\/uploads\/2023\/10\/WhatsApp-Image-2023-10-09-at-17.33.35.jpeg?fit=848%2C1200&ssl=1&resize=350%2C200","width":350,"height":200,"srcset":"https:\/\/i0.wp.com\/cepronda.com\/blog\/wp-content\/uploads\/2023\/10\/WhatsApp-Image-2023-10-09-at-17.33.35.jpeg?fit=848%2C1200&ssl=1&resize=350%2C200 1x, https:\/\/i0.wp.com\/cepronda.com\/blog\/wp-content\/uploads\/2023\/10\/WhatsApp-Image-2023-10-09-at-17.33.35.jpeg?fit=848%2C1200&ssl=1&resize=525%2C300 1.5x, https:\/\/i0.wp.com\/cepronda.com\/blog\/wp-content\/uploads\/2023\/10\/WhatsApp-Image-2023-10-09-at-17.33.35.jpeg?fit=848%2C1200&ssl=1&resize=700%2C400 2x"},"classes":[]},{"id":4323,"url":"https:\/\/cepronda.com\/blog\/jornadas-redes-provinciales-de-bibliotecas-escolares-3\/","url_meta":{"origin":2337,"position":5},"title":"JORNADAS REDES PROVINCIALES DE BIBLIOTECAS ESCOLARES","author":"Maribel Mu\u00f1oz","date":"16 marzo, 2021","format":false,"excerpt":"Buenas tardes\u00a0 compa\u00f1eras y compa\u00f1eros, Os informamos que est\u00e1 abierto el plazo de inscripci\u00f3n de las JORNADAS REDES PROVINCIALES DE BIBLIOTECAS ESCOLARES \u00a0219922BE001,\u00a0\u00a0 que comenzar\u00e1n a desarrollarse el pr\u00f3ximo\u00a0 12\/04\/2021.\u00a0 Adjuntamos\u00a0enlace : https:\/\/www.juntadeandalucia.es\/educacion\/secretariavirtual\/consultaCEP\/actividad\/219922BE001\/ El plazo de inscripci\u00f3n finaliza el pr\u00f3ximo 05\/04\/2021. \u00a0 Deseamos que sea de vuestro inter\u00e9s.\u00a0 Saludos.","rel":"","context":"En \u00abFormaciones\u00bb","block_context":{"text":"Formaciones","link":"https:\/\/cepronda.com\/blog\/category\/formaciones\/"},"img":{"alt_text":"","src":"https:\/\/i0.wp.com\/cepronda.com\/blog\/wp-content\/uploads\/2021\/03\/WhatsApp-Image-2021-03-16-at-12.47.02.jpeg?fit=481%2C674&ssl=1&resize=350%2C200","width":350,"height":200},"classes":[]}],"jetpack_sharing_enabled":true,"_links":{"self":[{"href":"https:\/\/cepronda.com\/blog\/wp-json\/wp\/v2\/posts\/2337","targetHints":{"allow":["GET"]}}],"collection":[{"href":"https:\/\/cepronda.com\/blog\/wp-json\/wp\/v2\/posts"}],"about":[{"href":"https:\/\/cepronda.com\/blog\/wp-json\/wp\/v2\/types\/post"}],"author":[{"embeddable":true,"href":"https:\/\/cepronda.com\/blog\/wp-json\/wp\/v2\/users\/3"}],"replies":[{"embeddable":true,"href":"https:\/\/cepronda.com\/blog\/wp-json\/wp\/v2\/comments?post=2337"}],"version-history":[{"count":1,"href":"https:\/\/cepronda.com\/blog\/wp-json\/wp\/v2\/posts\/2337\/revisions"}],"predecessor-version":[{"id":2339,"href":"https:\/\/cepronda.com\/blog\/wp-json\/wp\/v2\/posts\/2337\/revisions\/2339"}],"wp:attachment":[{"href":"https:\/\/cepronda.com\/blog\/wp-json\/wp\/v2\/media?parent=2337"}],"wp:term":[{"taxonomy":"category","embeddable":true,"href":"https:\/\/cepronda.com\/blog\/wp-json\/wp\/v2\/categories?post=2337"},{"taxonomy":"post_tag","embeddable":true,"href":"https:\/\/cepronda.com\/blog\/wp-json\/wp\/v2\/tags?post=2337"}],"curies":[{"name":"wp","href":"https:\/\/api.w.org\/{rel}","templated":true}]}}